{"id":525243,"date":"2024-11-21T11:00:49","date_gmt":"2024-11-21T15:00:49","guid":{"rendered":"https:\/\/diarioelpopular.com\/?p=525243"},"modified":"2024-11-21T11:00:49","modified_gmt":"2024-11-21T15:00:49","slug":"argentina-milei-carga-contra-su-vicepresidenta-esta-cerca-de-la-casta","status":"publish","type":"post","link":"https:\/\/diarioelpopular.com\/index.php\/2024\/11\/21\/argentina-milei-carga-contra-su-vicepresidenta-esta-cerca-de-la-casta\/","title":{"rendered":"Argentina: Milei carga contra su vicepresidenta: &#8220;est\u00e1 cerca de la casta&#8221;"},"content":{"rendered":"<p><img loading=\"lazy\" decoding=\"async\" class=\"alignnone size-custom-full-size wp-image-525244\" src=\"https:\/\/diarioelpopular.com\/wp-content\/uploads\/2024\/11\/Screen-Shot-2024-11-21-at-10.00.23-AM-636x445.png\" alt=\"\" width=\"636\" height=\"445\" srcset=\"https:\/\/diarioelpopular.com\/wp-content\/uploads\/2024\/11\/Screen-Shot-2024-11-21-at-10.00.23-AM-636x445.png 636w, https:\/\/diarioelpopular.com\/wp-content\/uploads\/2024\/11\/Screen-Shot-2024-11-21-at-10.00.23-AM-300x210.png 300w, https:\/\/diarioelpopular.com\/wp-content\/uploads\/2024\/11\/Screen-Shot-2024-11-21-at-10.00.23-AM-768x537.png 768w, https:\/\/diarioelpopular.com\/wp-content\/uploads\/2024\/11\/Screen-Shot-2024-11-21-at-10.00.23-AM-1200x839.png 1200w, https:\/\/diarioelpopular.com\/wp-content\/uploads\/2024\/11\/Screen-Shot-2024-11-21-at-10.00.23-AM-80x55.png 80w, https:\/\/diarioelpopular.com\/wp-content\/uploads\/2024\/11\/Screen-Shot-2024-11-21-at-10.00.23-AM-104x73.png 104w, https:\/\/diarioelpopular.com\/wp-content\/uploads\/2024\/11\/Screen-Shot-2024-11-21-at-10.00.23-AM.png 1024w\" sizes=\"auto, (max-width: 636px) 100vw, 636px\" \/><\/p>\n<p>&nbsp;<\/p>\n<ul>\n<li><em><strong>Victoria Villarruel &#8220;no tiene injerencia en toma de decisiones&#8221; y el di\u00e1logo entre ellos es solo &#8220;institucional&#8221;, dice el presidente<\/strong><\/em><\/li>\n<\/ul>\n<p>&nbsp;<\/p>\n<p>El presidente argentino, Javier Milei, dijo que su vicepresidente, Victoria Villarruel, est\u00e1 dentro de lo que el gobierno denomina &#8220;casta&#8221;, aclar\u00f3 que &#8220;no tiene ninguna injerencia en la toma de decisiones&#8221; y destac\u00f3 que el di\u00e1logo entre ambos es meramente &#8220;institucional&#8221;.<br \/>\nSus declaraciones tuvieron lugar en el marco de una entrevista con el canal LN+, en la que sostuvo que Villarruel no participa de las reuniones de gabinete porque &#8220;ella decidi\u00f3&#8221; no hacerlo.<br \/>\nEl trato que tienen, dijo, &#8220;es lo que se necesita para cumplir nuestros roles&#8221;.\u00a0\u00a0\u00a0 &#8220;Ella en su visi\u00f3n, en muchas de las cosas que nosotros hacemos, est\u00e1 m\u00e1s cerca del c\u00edrculo rojo, de lo que ella llama la alta pol\u00edtica, y lo que nosotros llamamos la casta&#8221;, expres\u00f3 el libertario.<br \/>\nEn tanto, el presidente del bloque de La Libertad Avanza, Ezequiel Atauche, en la C\u00e1mara de Senadores habl\u00f3 sobre la interna que atraviesa al mandatario con su vice y reconoci\u00f3 &#8220;rispideces&#8221;.<br \/>\n&#8220;El presidente ha sido muy claro en su apreciaci\u00f3n.<\/p>\n<p>Yo no lo voy a discutir.<\/p>\n<p>Es su apreciaci\u00f3n de su relaci\u00f3n con la presidente del Senado. Yo te puedo hablar de lo que yo vivo en el d\u00eda a d\u00eda. Y es que independientemente de ciertas rispideces, que obviamente se notan y hoy mucho m\u00e1s, estamos trabajando justamente en pos del Gobierno, todo el Senado&#8221;, declar\u00f3 Atauche a LN+.<br \/>\nLas fuertes declaraciones del mandatario contra su compa\u00f1era de f\u00f3rmula no sorprenden, ya que la relaci\u00f3n est\u00e1 tensa desde hace varios meses. Sin embargo, desde el gobierno, siempre se han encargado de dejar este cortocircuito fuera de la discusi\u00f3n p\u00fablica.<br \/>\n&#8220;No hay ninguna pelea&#8221;, repite Milei, cada vez que se le pregunta directamente. Es probable que tema que la furia acumulada por las desobediencias de Villarruel se transforme en un boomerang institucional.<br \/>\nEl conflicto comenz\u00f3 incluso antes de su llegada a la Casa Rosada. Tras la deslucida participaci\u00f3n de Milei en el tercer debate presidencial, la candidata a vice empez\u00f3 a jugar su partido: en la previa del balotaje, se encontr\u00f3 a solas con Mauricio Macri, expresidente del pa\u00eds y creador del PRO y Cambiemos en su casa (aunque en el PRO lo desmientan), estren\u00f3 un logo distinto al de La Libertad Avanza y organiz\u00f3 un acto con militantes suyos en Recoleta.<br \/>\nSus altos niveles de exposici\u00f3n y encuentros secretos con Macri generaron los primeros enojos del entonces candidato a presidente y una profunda desconfianza. A partir de ese momento, el v\u00ednculo jam\u00e1s volvi\u00f3 a ser igual.<br \/>\nAdem\u00e1s, el armado de una &#8220;agenda propia&#8221; le valieron ser incorporada a la vasta lista de &#8220;traidores&#8221;.<br \/>\nDesde el entorno de la vice defienden su independencia y responden que para avanzar con las reformas requieren inevitablemente negociar con la oposici\u00f3n, pero que &#8220;el presidente no la ve&#8221;.<br \/>\nVillarruel nunca form\u00f3 parte del c\u00edrculo \u00edntimo del Presidente y nunca lo ser\u00e1. A ese restringido espacio solo acceden su hermana Karina Milei; el jefe de Gabinete, Nicol\u00e1s Posse; y el asesor Santiago Caputo. Y ninguno de los tres conf\u00eda en la vicepresidenta.<br \/>\n&#8220;Le gusta cortarse sola&#8221;, se quejan.<br \/>\nLa discusi\u00f3n de fondo en el oficialismo gira en torno a la conducci\u00f3n pol\u00edtica. Mientras Milei ataca al Congreso -&#8220;nido de ratas&#8221;, lo llama-, Villarruel pretende ocupar un rol de articulaci\u00f3n con los sectores opositores, diferenciarse de la intransigencia del presidente y armar un perfil propio.<\/p>\n","protected":false},"excerpt":{"rendered":"<p>&nbsp; Victoria Villarruel &#8220;no tiene injerencia en toma de decisiones&#8221; y el di\u00e1logo entre ellos es solo &#8220;institucional&#8221;, dice el presidente &nbsp; El presidente argentino,&hellip;<\/p>\n","protected":false},"author":99,"featured_media":525244,"comment_status":"open","ping_status":"open","sticky":false,"template":"","format":"standard","meta":{"footnotes":""},"categories":[23],"tags":[],"class_list":["post-525243","post","type-post","status-publish","format-standard","has-post-thumbnail","hentry","category-latinoamerica"],"_links":{"self":[{"href":"https:\/\/diarioelpopular.com\/index.php\/wp-json\/wp\/v2\/posts\/525243","targetHints":{"allow":["GET"]}}],"collection":[{"href":"https:\/\/diarioelpopular.com\/index.php\/wp-json\/wp\/v2\/posts"}],"about":[{"href":"https:\/\/diarioelpopular.com\/index.php\/wp-json\/wp\/v2\/types\/post"}],"author":[{"embeddable":true,"href":"https:\/\/diarioelpopular.com\/index.php\/wp-json\/wp\/v2\/users\/99"}],"replies":[{"embeddable":true,"href":"https:\/\/diarioelpopular.com\/index.php\/wp-json\/wp\/v2\/comments?post=525243"}],"version-history":[{"count":1,"href":"https:\/\/diarioelpopular.com\/index.php\/wp-json\/wp\/v2\/posts\/525243\/revisions"}],"predecessor-version":[{"id":525245,"href":"https:\/\/diarioelpopular.com\/index.php\/wp-json\/wp\/v2\/posts\/525243\/revisions\/525245"}],"wp:featuredmedia":[{"embeddable":true,"href":"https:\/\/diarioelpopular.com\/index.php\/wp-json\/wp\/v2\/media\/525244"}],"wp:attachment":[{"href":"https:\/\/diarioelpopular.com\/index.php\/wp-json\/wp\/v2\/media?parent=525243"}],"wp:term":[{"taxonomy":"category","embeddable":true,"href":"https:\/\/diarioelpopular.com\/index.php\/wp-json\/wp\/v2\/categories?post=525243"},{"taxonomy":"post_tag","embeddable":true,"href":"https:\/\/diarioelpopular.com\/index.php\/wp-json\/wp\/v2\/tags?post=525243"}],"curies":[{"name":"wp","href":"https:\/\/api.w.org\/{rel}","templated":true}]}}