{"id":525247,"date":"2024-11-21T11:10:15","date_gmt":"2024-11-21T15:10:15","guid":{"rendered":"https:\/\/diarioelpopular.com\/?p=525247"},"modified":"2024-11-21T11:10:15","modified_gmt":"2024-11-21T15:10:15","slug":"antisemita-reacciones-a-la-orden-de-captura-emitida-por-la-cpi-contra-netanyahu","status":"publish","type":"post","link":"https:\/\/diarioelpopular.com\/index.php\/2024\/11\/21\/antisemita-reacciones-a-la-orden-de-captura-emitida-por-la-cpi-contra-netanyahu\/","title":{"rendered":"\u201cAntisemita\u201d: reacciones a la orden de captura emitida por la CPI contra Netanyahu"},"content":{"rendered":"<div id=\"attachment_525248\" style=\"width: 646px\" class=\"wp-caption alignnone\"><img loading=\"lazy\" decoding=\"async\" aria-describedby=\"caption-attachment-525248\" class=\"wp-image-525248 size-custom-full-size\" src=\"https:\/\/diarioelpopular.com\/wp-content\/uploads\/2024\/11\/Screen-Shot-2024-11-21-at-10.09.28-AM-636x423.png\" alt=\"\" width=\"636\" height=\"423\" srcset=\"https:\/\/diarioelpopular.com\/wp-content\/uploads\/2024\/11\/Screen-Shot-2024-11-21-at-10.09.28-AM-636x423.png 636w, https:\/\/diarioelpopular.com\/wp-content\/uploads\/2024\/11\/Screen-Shot-2024-11-21-at-10.09.28-AM-300x200.png 300w, https:\/\/diarioelpopular.com\/wp-content\/uploads\/2024\/11\/Screen-Shot-2024-11-21-at-10.09.28-AM-768x511.png 768w, https:\/\/diarioelpopular.com\/wp-content\/uploads\/2024\/11\/Screen-Shot-2024-11-21-at-10.09.28-AM-1200x799.png 1200w, https:\/\/diarioelpopular.com\/wp-content\/uploads\/2024\/11\/Screen-Shot-2024-11-21-at-10.09.28-AM-110x73.png 110w, https:\/\/diarioelpopular.com\/wp-content\/uploads\/2024\/11\/Screen-Shot-2024-11-21-at-10.09.28-AM.png 1024w\" sizes=\"auto, (max-width: 636px) 100vw, 636px\" \/><p id=\"caption-attachment-525248\" class=\"wp-caption-text\">Vista exterior de la Corte Penal Internacional (CPI) en La Haya, Pa\u00edses Bajos, hoy 21 de noviembre de 2024. Foto: EFE &#8211; REMKO DE WAAL<\/p><\/div>\n<p>&nbsp;<\/p>\n<p>&nbsp;<\/p>\n<ul>\n<li><em><strong>Mientras la decisi\u00f3n de la CPI, que tambi\u00e9n pide la captura de miembros de Ham\u00e1s, fue repudiada en Israel, Ham\u00e1s la celebr\u00f3.<\/strong><\/em><\/li>\n<\/ul>\n<p>&nbsp;<\/p>\n<p>El primer ministro israel\u00ed, Benjam\u00edn Netanyahu, afirm\u00f3 que \u201cno hay nada m\u00e1s justo que la guerra que Israel libra en Gaza\u201d, tras la orden de arresto emitida este jueves por la Corte Penal Internacional contra \u00e9l, su exministro de Defensa y el jefe militar de Ham\u00e1s, Mohamed Deif.<\/p>\n<p>Afirm\u00f3 que \u201cninguna resoluci\u00f3n antiisrael\u00ed impedir\u00e1 que el Estado de Israel proteja a sus ciudadanos\u201d.<\/p>\n<p class=\"font--secondary\">\u201cLa decisi\u00f3n antisemita de la CPI equivale al moderno juicio a Dreyfus, y tambi\u00e9n terminar\u00e1 as\u00ed\u201d, indic\u00f3 el primer ministro en alusi\u00f3n a la sentencia judicial en Francia contra el capit\u00e1n Alfred Dreyfus en 1898, cuestionada por amplios sectores de la sociedad de la \u00e9poca por antisemitismo.<\/p>\n<p class=\"font--secondary\">El primer ministro acus\u00f3 a la corte de La Haya de ser un \u201corganismo pol\u00edtico parcial y discriminatorio\u201d y tild\u00f3 la acusaci\u00f3n contra \u00e9l de \u201cabsurda y falsa\u201d.<\/p>\n<p class=\"font--secondary\">\u201cNinguna resoluci\u00f3n antiisrael\u00ed impedir\u00e1 que el Estado de Israel proteja a sus ciudadanos. No ceder\u00e9 a la presi\u00f3n, no retroceder\u00e9 y no me retirar\u00e9 hasta que se alcancen todos los objetivos b\u00e9licos fijados por Israel al inicio de la campa\u00f1a\u201d, asever\u00f3. \u201cLa decisi\u00f3n fue tomada por un fiscal jefe corrupto que intentaba salvar el pellejo de los graves cargos que se le imputan por acoso sexual, y por jueces parciales motivados por el odio antisemita hacia Israel\u201d, afirm\u00f3 el primer ministro sobre Khan, a quien se le abri\u00f3 la semana pasada una investigaci\u00f3n por \u201cconducta sexual inapropiada\u201d.<\/p>\n<h2 class=\"font--primary\"><b>\u201cLa justicia est\u00e1 con nosotros\u201d: Ham\u00e1s<\/b><\/h2>\n<p class=\"font--secondary\">Ham\u00e1s, que controla la Franja de Gaza desde 2007, responsable de los actos terroristas del 7 de octubre, celebr\u00f3 este jueves la decisi\u00f3n de la Corte Penal Internacional. \u201cLa justicia internacional est\u00e1 con nosotros contra la entidad sionista\u201d, asever\u00f3 Ham\u00e1s en un comunicado.<\/p>\n<p class=\"font--secondary\">El miembro del bur\u00f3 pol\u00edtico de la organizaci\u00f3n, Izzat al Rishq, asegur\u00f3 que esta decisi\u00f3n de la CPI expone \u201cel verdadero rostro terrorista\u201d de Israel en beneficio de los palestinos, as\u00ed como que su causa y objetivo de liberaci\u00f3n \u201cson inevitables\u201d. \u201cEl Estado ocupante (Israel) se enfrenta a la verdad, contradice el concepto de justicia y choca con los valores humanos\u201d, sentenci\u00f3 Al Rishq.<\/p>\n<p class=\"font--secondary\">La CPI tambi\u00e9n orden\u00f3 la detenci\u00f3n de Mohamed Deif, que lideraba el brazo armado de Ham\u00e1s, las Brigadas Al Qasam, si bien Israel le dio por muerto tras un bombardeo contra la zona humanitaria de Mawasi, en el sur de Gaza, el pasado 13 de julio, en el que murieron 90 palestinos. Ham\u00e1s, sin embargo, nunca confirm\u00f3 su muerte.<\/p>\n<p class=\"font--secondary\">En otro comunicado, Ham\u00e1s acus\u00f3 a Estados Unidos de obstruir la decisi\u00f3n de la CPI durante meses \u201caterrorizando al tribunal y sus jueces\u201d.<\/p>\n<p class=\"font--secondary\">\u201cHacemos un llamamiento a la CPI para hacerle rendir cuentas a todos los l\u00edderes criminales de la ocupaci\u00f3n, sus ministros y oficiales\u201d, dijo la organizaci\u00f3n, que gobierna en Gaza.<\/p>\n<p class=\"font--secondary\">Por \u00faltimo, Ham\u00e1s llam\u00f3 a todos los pa\u00edses del mundo a cooperar con la Corte para enjuiciar a ambos pol\u00edticos israel\u00edes y trabajar para poner fin a la ofensiva en Gaza.<\/p>\n<p class=\"font--secondary\">Basem Naim, tambi\u00e9n parte del bur\u00f3 pol\u00edtico de la organizaci\u00f3n, advirti\u00f3 de que la decisi\u00f3n sigue siendo \u201climitada y simb\u00f3lica si no recibe el apoyo con todos los medios posibles por parte de todos los pa\u00edses del mundo\u201d.<\/p>\n<h2 class=\"font--primary\"><b>Reacciones desde la Uni\u00f3n Europea<\/b><\/h2>\n<p class=\"font--secondary\">El alto representante de la Uni\u00f3n Europea para Pol\u00edtica Exterior, Josep Borrell, dijo este jueves que las \u00f3rdenes de arresto de la CPI son \u201cvinculantes\u201d y por lo tanto los Estados miembros de la UE deben garantizar su aplicaci\u00f3n.<\/p>\n<p class=\"font--secondary\">\u201cNo es una decisi\u00f3n pol\u00edtica, es una decisi\u00f3n de un tribunal de justicia internacional y las decisiones de los tribunales tienen que respetarse e implementarse\u201d, dijo el jefe de la diplomacia europea, citado por EuropaPress, seg\u00fan declaraciones desde Jordania, donde se encuentra de gira antes de abandonar el cargo en diciembre pr\u00f3ximo.<\/p>\n<h2 class=\"font--primary\"><b>Otras reacciones desde Israel<\/b><\/h2>\n<p class=\"font--secondary\">El ministro de Exteriores israel\u00ed, Gideon Saar, acus\u00f3 este jueves a la CPI de \u201cperder toda su legitimidad\u201d por lanzar una orden de arresto contra el primer ministro y lo consider\u00f3 \u201cun ataque al derecho de Israel a defenderse\u201d. \u201cDesde el punto de vista pol\u00edtico, dictar \u00f3rdenes (de detenci\u00f3n) contra un pa\u00eds que act\u00faa seg\u00fan el derecho internacional es una recompensa y un est\u00edmulo para el eje del mal, que lo viola de manera flagrante y constante\u201d, afirm\u00f3 el ministro.<\/p>\n<p class=\"font--secondary\">Saar indic\u00f3 que la CPI es una \u201cherramienta pol\u00edtica al servicio de los elementos m\u00e1s extremistas que trabajan para socavar la paz, la seguridad y la estabilidad en Oriente Medio\u201d. Asimismo, el titular de Exteriores pidi\u00f3 la condena contra estas \u00f3rdenes de arresto por parte de todos los pa\u00edses y personas \u201cdecentes del mundo\u201d.<\/p>\n<p class=\"font--secondary\">El titular de Defensa, Israel Katz, tambi\u00e9n tild\u00f3 de \u201cverg\u00fcenza moral totalmente te\u00f1ida de antisemitismo\u201d esta medida, la cual dijo da \u201cun soplo de aire fresco a un fiscal parcial y corrupto, y a quienes se esfuerzan por destruir el Estado de Israel\u201d. \u201cQuien crea que puede disuadirnos de alcanzar todos los objetivos de guerra que nos hemos fijado mediante decisiones rid\u00edculas que sirven a Ir\u00e1n y sus met\u00e1stasis, encontrar\u00e1 ante s\u00ed un Estado fuerte y decidido que actuar\u00e1 con fuerza en todos los \u00e1mbitos contra todas las amenazas: en el \u00e1mbito militar, pol\u00edtico y jur\u00eddico\u201d, a\u00f1adi\u00f3.<\/p>\n<p class=\"font--secondary\">El presidente israel\u00ed, Isaac Herzog, tild\u00f3 de \u201cd\u00eda oscuro para la justicia y para la humanidad\u201d la decisi\u00f3n de la CPI que dijo \u201cconvierte la justicia universal en un hazmerre\u00edr universal\u201d. \u201cEs una burla al sacrificio de todos aquellos que luchan por la justicia, desde la victoria aliada sobre los nazis hasta hoy\u201d, se atrevi\u00f3 a aludir en un comunicado oficial.<\/p>\n<p class=\"font--secondary\">Para el presidente israel\u00ed, esta decisi\u00f3n judicial \u201cignora\u201d la situaci\u00f3n de los 97 rehenes que siguen en manos de Ham\u00e1s en la Franja de Gaza, adem\u00e1s del hecho de que Israel \u201cfue brutalmente atacado\u201d el pasado 7 de octubre.<\/p>\n<p class=\"font--secondary\">\u201cLa decisi\u00f3n ha elegido el lado del terror y el mal en lugar de la democracia y la libertad, y ha convertido al propio sistema de justicia en un escudo humano para los cr\u00edmenes de lesa humanidad de Ham\u00e1s\u201d, sentenci\u00f3, en el mismo d\u00eda en el que las v\u00edctimas mortales por los ataques de Israel en la Franja superaron las 44.000, seg\u00fan las autoridades del enclave controlado por Ham\u00e1s.<\/p>\n","protected":false},"excerpt":{"rendered":"<p>&nbsp; &nbsp; Mientras la decisi\u00f3n de la CPI, que tambi\u00e9n pide la captura de miembros de Ham\u00e1s, fue repudiada en Israel, Ham\u00e1s la celebr\u00f3. &nbsp;&hellip;<\/p>\n","protected":false},"author":99,"featured_media":525248,"comment_status":"open","ping_status":"open","sticky":false,"template":"","format":"standard","meta":{"footnotes":""},"categories":[24],"tags":[],"class_list":["post-525247","post","type-post","status-publish","format-standard","has-post-thumbnail","hentry","category-mundo"],"_links":{"self":[{"href":"https:\/\/diarioelpopular.com\/index.php\/wp-json\/wp\/v2\/posts\/525247","targetHints":{"allow":["GET"]}}],"collection":[{"href":"https:\/\/diarioelpopular.com\/index.php\/wp-json\/wp\/v2\/posts"}],"about":[{"href":"https:\/\/diarioelpopular.com\/index.php\/wp-json\/wp\/v2\/types\/post"}],"author":[{"embeddable":true,"href":"https:\/\/diarioelpopular.com\/index.php\/wp-json\/wp\/v2\/users\/99"}],"replies":[{"embeddable":true,"href":"https:\/\/diarioelpopular.com\/index.php\/wp-json\/wp\/v2\/comments?post=525247"}],"version-history":[{"count":1,"href":"https:\/\/diarioelpopular.com\/index.php\/wp-json\/wp\/v2\/posts\/525247\/revisions"}],"predecessor-version":[{"id":525249,"href":"https:\/\/diarioelpopular.com\/index.php\/wp-json\/wp\/v2\/posts\/525247\/revisions\/525249"}],"wp:featuredmedia":[{"embeddable":true,"href":"https:\/\/diarioelpopular.com\/index.php\/wp-json\/wp\/v2\/media\/525248"}],"wp:attachment":[{"href":"https:\/\/diarioelpopular.com\/index.php\/wp-json\/wp\/v2\/media?parent=525247"}],"wp:term":[{"taxonomy":"category","embeddable":true,"href":"https:\/\/diarioelpopular.com\/index.php\/wp-json\/wp\/v2\/categories?post=525247"},{"taxonomy":"post_tag","embeddable":true,"href":"https:\/\/diarioelpopular.com\/index.php\/wp-json\/wp\/v2\/tags?post=525247"}],"curies":[{"name":"wp","href":"https:\/\/api.w.org\/{rel}","templated":true}]}}