{"id":525274,"date":"2024-11-22T10:08:03","date_gmt":"2024-11-22T14:08:03","guid":{"rendered":"https:\/\/diarioelpopular.com\/?p=525274"},"modified":"2024-11-22T10:08:03","modified_gmt":"2024-11-22T14:08:03","slug":"trudeau-presiona-a-mexico-en-la-negociacion-del-tmec-y-abre-la-puerta-a-otras-opciones","status":"publish","type":"post","link":"https:\/\/diarioelpopular.com\/index.php\/2024\/11\/22\/trudeau-presiona-a-mexico-en-la-negociacion-del-tmec-y-abre-la-puerta-a-otras-opciones\/","title":{"rendered":"Trudeau presiona a M\u00e9xico en la negociaci\u00f3n del TMEC y abre la puerta a \u201cotras opciones\u201d"},"content":{"rendered":"<p><img loading=\"lazy\" decoding=\"async\" class=\"alignnone size-custom-full-size wp-image-525275\" src=\"https:\/\/diarioelpopular.com\/wp-content\/uploads\/2024\/11\/Screen-Shot-2024-11-22-at-9.07.36-AM-636x452.png\" alt=\"\" width=\"636\" height=\"452\" srcset=\"https:\/\/diarioelpopular.com\/wp-content\/uploads\/2024\/11\/Screen-Shot-2024-11-22-at-9.07.36-AM-636x452.png 636w, https:\/\/diarioelpopular.com\/wp-content\/uploads\/2024\/11\/Screen-Shot-2024-11-22-at-9.07.36-AM-300x213.png 300w, https:\/\/diarioelpopular.com\/wp-content\/uploads\/2024\/11\/Screen-Shot-2024-11-22-at-9.07.36-AM-768x546.png 768w, https:\/\/diarioelpopular.com\/wp-content\/uploads\/2024\/11\/Screen-Shot-2024-11-22-at-9.07.36-AM-1200x853.png 1200w, https:\/\/diarioelpopular.com\/wp-content\/uploads\/2024\/11\/Screen-Shot-2024-11-22-at-9.07.36-AM-103x73.png 103w, https:\/\/diarioelpopular.com\/wp-content\/uploads\/2024\/11\/Screen-Shot-2024-11-22-at-9.07.36-AM.png 1024w\" sizes=\"auto, (max-width: 636px) 100vw, 636px\" \/><\/p>\n<p>&nbsp;<\/p>\n<h4 class=\"a_st\"><em>El primer ministro defiende los resultados del actual tratado pero, de cara a la renegociaci\u00f3n del a\u00f1o que viene y en plena precampa\u00f1a electoral, pide medidas a M\u00e9xico en relaci\u00f3n con las exportaciones chinas<\/em><\/h4>\n<p>&nbsp;<\/p>\n<p class=\"\">Justin Trudeau, declar\u00f3 este jueves que, pese a que prefiere que<a href=\"https:\/\/elpais.com\/mexico\/economia\/2024-07-17\/telecomunicaciones-maiz-y-energia-los-nudos-entre-las-reformas-de-lopez-obrador-y-el-tmec.html\" data-link-track-dtm=\"\" data-mrf-link=\"https:\/\/elpais.com\/mexico\/economia\/2024-07-17\/telecomunicaciones-maiz-y-energia-los-nudos-entre-las-reformas-de-lopez-obrador-y-el-tmec.html\">\u00a0M\u00e9xico siga formando parte del T-MEC<\/a>, es posible que Canad\u00e1 \u201ctenga que buscar otras opciones\u201d si las autoridades mexicanas no aplican medidas f\u00e9rreas respecto a China. Trudeau expres\u00f3 que su principal prioridad es defender a los trabajadores y a la econom\u00eda de su pa\u00eds, por lo que su Gobierno \u201cdeja todas las puertas abiertas\u201d.<\/p>\n<p class=\"\">El primer ministro subray\u00f3 en todo caso su conformidad con el actual tratado, pero desliz\u00f3 sus reservas de cara a la renegociaci\u00f3n del a\u00f1o que viene. \u201cTenemos un<a href=\"https:\/\/elpais.com\/mexico\/economia\/2024-07-02\/energia-maiz-y-sindicatos-las-cuentas-pendientes-de-mexico-a-cuatro-anos-del-tmec.html\" data-link-track-dtm=\"\" data-mrf-link=\"https:\/\/elpais.com\/mexico\/economia\/2024-07-02\/energia-maiz-y-sindicatos-las-cuentas-pendientes-de-mexico-a-cuatro-anos-del-tmec.html\">\u00a0acuerdo comercial absolutamente excepcional<\/a>\u00a0en este momento&#8230; es algo que nos gustar\u00eda que continuara. Esa es mi primera opci\u00f3n\u201d. Las declaraciones de Trudeau suceden en plena precampa\u00f1a electoral, donde ha anunciado su candidatura al frente del Partido Liberal, y despu\u00e9s de que varios primeros ministros regionales salieran tambi\u00e9n a la palestra con un discurso duro contra M\u00e9xico.<\/p>\n<p class=\"\">El pasado 12 de noviembre, el premier de Ontario, Doug Ford, se\u00f1al\u00f3 que\u00a0<a href=\"https:\/\/elpais.com\/mexico\/economia\/2024-11-20\/los-empresarios-mexicanos-piden-al-gobierno-un-cambio-en-el-mecanismo-de-quejas-laborales-del-tmec.html\" data-link-track-dtm=\"\" data-mrf-link=\"https:\/\/elpais.com\/mexico\/economia\/2024-11-20\/los-empresarios-mexicanos-piden-al-gobierno-un-cambio-en-el-mecanismo-de-quejas-laborales-del-tmec.html\">si M\u00e9xico no hace algo al respecto<\/a>, Ottawa deber\u00eda iniciar negociaciones con Washington para firmar un acuerdo bilateral que excluya al pa\u00eds hispanohablante.<\/p>\n<p class=\"\">Ontario es la provincia m\u00e1s poblada de Canad\u00e1 y tambi\u00e9n la de mayor empuje econ\u00f3mico. Danielle Smith, premier de Alberta, expres\u00f3 una opini\u00f3n similar cinco d\u00edas despu\u00e9s, se\u00f1alando que \u201cM\u00e9xico ha tomado una direcci\u00f3n distinta\u201d y que estadounidenses y canadienses desean tener \u201cuna relaci\u00f3n comercial justa\u201d. Alberta es el epicentro de la producci\u00f3n de hidrocarburos en Canad\u00e1.<\/p>\n<p class=\"\">\u00a0Trudeau se reuni\u00f3 con la presidente mexicana,\u00a0<a href=\"https:\/\/elpais.com\/mexico\/2024-11-18\/sheinbaum-defiende-en-el-g-20-destinar-el-1-del-gasto-militar-mundial-a-la-reforestacion.html\" data-link-track-dtm=\"\" data-mrf-link=\"https:\/\/elpais.com\/mexico\/2024-11-18\/sheinbaum-defiende-en-el-g-20-destinar-el-1-del-gasto-militar-mundial-a-la-reforestacion.html\">Claudia Sheinbaum, en R\u00edo de Janeiro<\/a>, sede de la cumbre del G20. Trudeau dijo ante los periodistas que hab\u00eda abordado directamente con Sheinbaum la preocupaci\u00f3n por los productos chinos, que son disfrazados para ser introducidos a Canad\u00e1 y Estados Unidos. La presidente mexicana tambi\u00e9n habl\u00f3 del tema durante su conferencia ma\u00f1anera de este jueves y subray\u00f3 que el primer ministro no comparte la postura dura de los pol\u00edticos regionales de su pa\u00eds. \u201c\u00c9l no est\u00e1 de acuerdo con eso; \u00e9l est\u00e1 de acuerdo en mantener el tratado entre los tres pa\u00edses y fortalecer las relaciones. Hablamos de que es importante que haya un documento que hable de los beneficios para Estados Unidos, para M\u00e9xico y para Canad\u00e1 del tratado, que es algo importante para cuando nos sentemos en su momento con el presidente Trump. Hablamos tambi\u00e9n de privilegiar la relaci\u00f3n comercial entre Am\u00e9rica del Norte, con lo cual estamos de acuerdo, y al mismo tiempo, tener relaciones comerciales con otros pa\u00edses del mundo\u201d.<\/p>\n","protected":false},"excerpt":{"rendered":"<p>&nbsp; El primer ministro defiende los resultados del actual tratado pero, de cara a la renegociaci\u00f3n del a\u00f1o que viene y en plena precampa\u00f1a electoral,&hellip;<\/p>\n","protected":false},"author":99,"featured_media":525275,"comment_status":"open","ping_status":"open","sticky":false,"template":"","format":"standard","meta":{"footnotes":""},"categories":[21],"tags":[],"class_list":["post-525274","post","type-post","status-publish","format-standard","has-post-thumbnail","hentry","category-canada"],"_links":{"self":[{"href":"https:\/\/diarioelpopular.com\/index.php\/wp-json\/wp\/v2\/posts\/525274","targetHints":{"allow":["GET"]}}],"collection":[{"href":"https:\/\/diarioelpopular.com\/index.php\/wp-json\/wp\/v2\/posts"}],"about":[{"href":"https:\/\/diarioelpopular.com\/index.php\/wp-json\/wp\/v2\/types\/post"}],"author":[{"embeddable":true,"href":"https:\/\/diarioelpopular.com\/index.php\/wp-json\/wp\/v2\/users\/99"}],"replies":[{"embeddable":true,"href":"https:\/\/diarioelpopular.com\/index.php\/wp-json\/wp\/v2\/comments?post=525274"}],"version-history":[{"count":1,"href":"https:\/\/diarioelpopular.com\/index.php\/wp-json\/wp\/v2\/posts\/525274\/revisions"}],"predecessor-version":[{"id":525276,"href":"https:\/\/diarioelpopular.com\/index.php\/wp-json\/wp\/v2\/posts\/525274\/revisions\/525276"}],"wp:featuredmedia":[{"embeddable":true,"href":"https:\/\/diarioelpopular.com\/index.php\/wp-json\/wp\/v2\/media\/525275"}],"wp:attachment":[{"href":"https:\/\/diarioelpopular.com\/index.php\/wp-json\/wp\/v2\/media?parent=525274"}],"wp:term":[{"taxonomy":"category","embeddable":true,"href":"https:\/\/diarioelpopular.com\/index.php\/wp-json\/wp\/v2\/categories?post=525274"},{"taxonomy":"post_tag","embeddable":true,"href":"https:\/\/diarioelpopular.com\/index.php\/wp-json\/wp\/v2\/tags?post=525274"}],"curies":[{"name":"wp","href":"https:\/\/api.w.org\/{rel}","templated":true}]}}