{"id":525278,"date":"2024-11-22T10:12:08","date_gmt":"2024-11-22T14:12:08","guid":{"rendered":"https:\/\/diarioelpopular.com\/?p=525278"},"modified":"2024-11-22T10:12:08","modified_gmt":"2024-11-22T14:12:08","slug":"el-nuevo-repunte-del-precio-de-los-alimentos-golpea-a-los-paises-con-menos-ingresos","status":"publish","type":"post","link":"https:\/\/diarioelpopular.com\/index.php\/2024\/11\/22\/el-nuevo-repunte-del-precio-de-los-alimentos-golpea-a-los-paises-con-menos-ingresos\/","title":{"rendered":"El nuevo repunte del precio de los alimentos golpea a los pa\u00edses con menos ingresos"},"content":{"rendered":"<div id=\"attachment_525280\" style=\"width: 1210px\" class=\"wp-caption alignnone\"><img loading=\"lazy\" decoding=\"async\" aria-describedby=\"caption-attachment-525280\" class=\"wp-image-525280 size-custom-big-size\" src=\"https:\/\/diarioelpopular.com\/wp-content\/uploads\/2024\/11\/Screen-Shot-2024-11-22-at-9.10.58-AM-1200x801.png\" alt=\"\" width=\"1200\" height=\"801\" srcset=\"https:\/\/diarioelpopular.com\/wp-content\/uploads\/2024\/11\/Screen-Shot-2024-11-22-at-9.10.58-AM-1200x801.png 1200w, https:\/\/diarioelpopular.com\/wp-content\/uploads\/2024\/11\/Screen-Shot-2024-11-22-at-9.10.58-AM-300x200.png 300w, https:\/\/diarioelpopular.com\/wp-content\/uploads\/2024\/11\/Screen-Shot-2024-11-22-at-9.10.58-AM-768x513.png 768w, https:\/\/diarioelpopular.com\/wp-content\/uploads\/2024\/11\/Screen-Shot-2024-11-22-at-9.10.58-AM-636x425.png 636w, https:\/\/diarioelpopular.com\/wp-content\/uploads\/2024\/11\/Screen-Shot-2024-11-22-at-9.10.58-AM-109x73.png 109w, https:\/\/diarioelpopular.com\/wp-content\/uploads\/2024\/11\/Screen-Shot-2024-11-22-at-9.10.58-AM.png 1024w\" sizes=\"auto, (max-width: 1200px) 100vw, 1200px\" \/><p id=\"caption-attachment-525280\" class=\"wp-caption-text\">Agricultores bolivianos venden productos locales en un mercado en La Paz, el 16 de noviembre de 2024\u00a0 \u00a0 \u00a0 \u00a0 \u00a0 \u00a0 \u00a0 \u00a0 \u00a0 \u00a0 \u00a0 \u00a0 \u00a0 \u00a0 \u00a0 \u00a0 GABRIEL MARQUEZ (EFE)<\/p><\/div>\n<p>&nbsp;<\/p>\n<p>&nbsp;<\/p>\n<h4 class=\"a_st\"><em>&#8211; La comida alcanza en octubre su nivel m\u00e1s alto en a\u00f1o y medio, seg\u00fan la FAO, que reclama una \u201cacci\u00f3n urgente\u201d. Los conflictos armados y los fen\u00f3menos clim\u00e1ticos extremos son los responsables del encarecimiento. M\u00e1s de 40 pa\u00edses necesitan ayuda externa para dar de comer a su poblaci\u00f3n<\/em><\/h4>\n<p>&nbsp;<\/p>\n<p>El precio de los alimentos vuelve a golpear los pa\u00edses de renta media y baja, los m\u00e1s expuestos a cualquier subida en la cotizaci\u00f3n de bienes b\u00e1sicos. En octubre escal\u00f3 hasta su nivel m\u00e1s alto en a\u00f1o y medio, seg\u00fan la \u00faltima actualizaci\u00f3n de la\u00a0<a href=\"https:\/\/www.fao.org\/home\/es\" target=\"_blank\" rel=\"noopener\" data-link-track-dtm=\"\" data-mrf-link=\"https:\/\/www.fao.org\/home\/es\">Agencia de Naciones Unidas para la Alimentaci\u00f3n (FAO<\/a>, por sus siglas en ingl\u00e9s). Aunque a a\u00f1os luz del\u00a0<a href=\"https:\/\/elpais.com\/internacional\/2022-05-14\/la-guerra-de-putin-detona-la-bomba-global-del-hambre.html\" target=\"_blank\" rel=\"noopener\" data-link-track-dtm=\"\" data-mrf-link=\"https:\/\/elpais.com\/internacional\/2022-05-14\/la-guerra-de-putin-detona-la-bomba-global-del-hambre.html\">s\u00fabito repunte de hace dos a\u00f1os y medio<\/a>, en los primeros compases de la invasi\u00f3n rusa de Ucrania, supone un nuevo golpe para los pa\u00edses con menos resortes financieros. Naciones en las que, adem\u00e1s, esta variable est\u00e1 estrechamente vinculada con el descontento de la poblaci\u00f3n.<\/p>\n<p><img loading=\"lazy\" decoding=\"async\" class=\"alignnone size-custom-full-size wp-image-525279\" src=\"https:\/\/diarioelpopular.com\/wp-content\/uploads\/2024\/11\/Screen-Shot-2024-11-22-at-9.10.48-AM-636x382.png\" alt=\"\" width=\"636\" height=\"382\" srcset=\"https:\/\/diarioelpopular.com\/wp-content\/uploads\/2024\/11\/Screen-Shot-2024-11-22-at-9.10.48-AM-636x382.png 636w, https:\/\/diarioelpopular.com\/wp-content\/uploads\/2024\/11\/Screen-Shot-2024-11-22-at-9.10.48-AM-300x180.png 300w, https:\/\/diarioelpopular.com\/wp-content\/uploads\/2024\/11\/Screen-Shot-2024-11-22-at-9.10.48-AM-768x461.png 768w, https:\/\/diarioelpopular.com\/wp-content\/uploads\/2024\/11\/Screen-Shot-2024-11-22-at-9.10.48-AM-122x73.png 122w, https:\/\/diarioelpopular.com\/wp-content\/uploads\/2024\/11\/Screen-Shot-2024-11-22-at-9.10.48-AM.png 1016w\" sizes=\"auto, (max-width: 636px) 100vw, 636px\" \/><\/p>\n<p>&nbsp;<\/p>\n<p class=\"\">Una cuarentena larga de pa\u00edses de todo el mundo necesitan hoy ayuda externa para alimentar a su poblaci\u00f3n, seg\u00fan\u00a0<a href=\"https:\/\/openknowledge.fao.org\/server\/api\/core\/bitstreams\/fa04105b-bbe9-4a7a-95c1-8caa7093ea66\/content\" data-link-track-dtm=\"\" data-mrf-link=\"https:\/\/openknowledge.fao.org\/server\/api\/core\/bitstreams\/fa04105b-bbe9-4a7a-95c1-8caa7093ea66\/content\">las \u00faltimas cifras de la FAO<\/a>. 33 de ellos son africanos, nueve son asi\u00e1ticos, dos latinoamericanos (Venezuela y Hait\u00ed) y uno europeo (Ucrania, severamente golpeado por la primera guerra en tres d\u00e9cadas en el Viejo Continente). Una circunstancia que se ve agravada por las tensiones financieras que afectan al Sur Global, que\u00a0<a href=\"https:\/\/elpais.com\/planeta-futuro\/2024-05-25\/el-sur-global-paga-mas-por-su-deuda-que-lo-que-recibe-de-ayuda-al-desarrollo.html\" data-link-track-dtm=\"\" data-mrf-link=\"https:\/\/elpais.com\/planeta-futuro\/2024-05-25\/el-sur-global-paga-mas-por-su-deuda-que-lo-que-recibe-de-ayuda-al-desarrollo.html\">ya paga m\u00e1s por su deuda que lo que recibe en ayuda al desarrollo<\/a>\u00a0y cuyos gobiernos se ven atados de pies y manos a la hora de dar una respuesta a la carest\u00eda alimentaria.<\/p>\n<p class=\"\">En 22 naciones \u2014con Sud\u00e1n, Sud\u00e1n del Sur, Palestina, Hait\u00ed y Mal\u00ed, a la cabeza\u2014, la situaci\u00f3n\u00a0<a href=\"https:\/\/www.fightfoodcrises.net\/sites\/default\/files\/resource\/file\/HH_Nov24-May25_FINAL.pdf\" data-link-track-dtm=\"\" data-mrf-link=\"https:\/\/www.fightfoodcrises.net\/sites\/default\/files\/resource\/file\/HH_Nov24-May25_FINAL.pdf\">es particularmente grave y requiere \u201cacciones urgentes\u201d<\/a>, de acuerdo con la agencia de la ONU. Una acci\u00f3n urgente que, por ahora, no se est\u00e1 dando: hace medio a\u00f1o, la lista de naciones en riesgo severo de hambruna ascend\u00eda a 18, cuatro menos que\u00a0<a href=\"https:\/\/elpais.com\/planeta-futuro\/2024-11-08\/responsable-del-programa-mundial-de-alimentos-cada-dia-perdemos-semillas-plantas-o-animales-que-nos-pueden-ayudar-a-sobrevivir.html\" target=\"_blank\" rel=\"noopener\" data-link-track-dtm=\"\" data-mrf-link=\"https:\/\/elpais.com\/planeta-futuro\/2024-11-08\/responsable-del-programa-mundial-de-alimentos-cada-dia-perdemos-semillas-plantas-o-animales-que-nos-pueden-ayudar-a-sobrevivir.html\">ahora<\/a>.<\/p>\n<p class=\"\">El \u00edndice de precios de la FAO se anot\u00f3 en octubre una subida del 2%, un aumento que ya ronda el 5,5% respecto a un a\u00f1o atr\u00e1s. Pese a todo, este indicador contin\u00faa 20 puntos porcentuales por debajo de su m\u00e1ximo hist\u00f3rico,\u00a0<a href=\"https:\/\/elpais.com\/economia\/negocios\/2022-03-18\/la-guerra-de-ucrania-hace-temblar-las-materias-primas.html\" target=\"_blank\" rel=\"noopener\" data-link-track-dtm=\"\" data-mrf-link=\"https:\/\/elpais.com\/economia\/negocios\/2022-03-18\/la-guerra-de-ucrania-hace-temblar-las-materias-primas.html\">registrado en marzo de 2022<\/a>, semanas despu\u00e9s de que las primeras tropas de Vlad\u00edmir Putin cruzasen la frontera con Ucrania. Por componentes, la mayor subida mensual se registr\u00f3 en los aceites vegetales, en m\u00e1ximos de dos a\u00f1os \u2014impulsados, en parte, por el nuevo encarecimiento de los fertilizantes\u2014, seguidos por el az\u00facar \u2014en gran medida, por\u00a0<a href=\"https:\/\/elpais.com\/america\/2024-09-22\/la-sequia-en-brasil-llega-a-niveles-historicos-en-medio-de-una-oleada-de-fuegos-forestales.html\" target=\"_blank\" rel=\"noopener\" data-link-track-dtm=\"\" data-mrf-link=\"https:\/\/elpais.com\/america\/2024-09-22\/la-sequia-en-brasil-llega-a-niveles-historicos-en-medio-de-una-oleada-de-fuegos-forestales.html\">la sequ\u00eda en Brasil<\/a>\u2014 y los l\u00e1cteos. Los cereales y la carne, en cambio, se mantuvieron pr\u00e1cticamente planos.<\/p>\n<div class=\"a_c clearfix\" data-dtm-region=\"articulo_cuerpo\">\n<p class=\"\">La inflaci\u00f3n alimentaria \u201csigue siendo elevada\u201d en los pa\u00edses en v\u00edas de desarrollo, como constataba la semana pasada el Banco Mundial en la \u00faltima actualizaci\u00f3n de su informe de seguridad alimentaria. El 70% de las naciones m\u00e1s pobres registrar\u00e1n un aumento del 5% en este cap\u00edtulo, una cifra que asciende al 48% en el caso de los de renta media baja y al 36% de los de renta media alta. El organismo multilateral proyecta, con todo, una ca\u00edda del 4% en el precio de las materias primas alimentarias en 2025 \u2014con un descenso especialmente acentuado en los cereales y los aceites vegetales\u2014 para \u201cestabilizarse\u201d en 2026.<\/p>\n<p class=\"\">\u201cEl mundo sigue lejos de lograr el objetivo de cero hambre en 2030\u2033, recalcan los t\u00e9cnicos del Banco Mundial, que ven en los conflictos armados, los\u00a0<i>shocks<\/i>\u00a0econ\u00f3micos y las \u2014cada vez m\u00e1s habituales\u2014\u00a0<a href=\"https:\/\/elpais.com\/planeta-futuro\/2024-11-17\/viaje-a-las-fronteras-del-clima.html\" target=\"_blank\" rel=\"noopener\" data-link-track-dtm=\"\" data-mrf-link=\"https:\/\/elpais.com\/planeta-futuro\/2024-11-17\/viaje-a-las-fronteras-del-clima.html\">condiciones clim\u00e1ticas extremas<\/a>\u00a0como los \u201cprincipales desencadenantes de la inseguridad alimentaria\u201d.<\/p>\n<p class=\"\">En este \u00faltimo flanco, el clim\u00e1tico y climatol\u00f3gico, el organismo con sede en Washington considera que el fen\u00f3meno de La Ni\u00f1a, que continuar\u00e1 hasta marzo del a\u00f1o que viene, afectar\u00e1 \u201csignificativamente\u201d a los patrones de precipitaciones y temperaturas. A saber: mejorar\u00e1n las cosechas en algunas regiones, pero tambi\u00e9n aumentar\u00e1 el riesgo de inundaci\u00f3n en pa\u00edses como Malaui, Mozambique, Nigeria,\u00a0<a href=\"https:\/\/elpais.com\/planeta-futuro\/2024-11-11\/la-huida-de-la-familia-gatgok-para-escapar-de-las-devastadoras-inundaciones-en-sudan-de-sur-mordeduras-de-serpientes-y-dieta-de-nenufares.html\" target=\"_blank\" rel=\"noopener\" data-link-track-dtm=\"\" data-mrf-link=\"https:\/\/elpais.com\/planeta-futuro\/2024-11-11\/la-huida-de-la-familia-gatgok-para-escapar-de-las-devastadoras-inundaciones-en-sudan-de-sur-mordeduras-de-serpientes-y-dieta-de-nenufares.html\">Sud\u00e1n del Sur<\/a>, Zambia y Zimbabue. Y agudizar\u00e1 las sequ\u00edas en Etiop\u00eda, Kenia o Somalia. Pa\u00edses, todos ellos, severamente zarandeados por la subida en el precio de la comida.<\/p>\n<p class=\"\">Y pa\u00edses, tambi\u00e9n, muchos de ellos, siempre en el filo de la navaja en lo que a revueltas sociales se refiere. \u201cLos conflictos nunca tienen una sola causa, pero la inseguridad alimentaria suele ser la gota que colma el vaso o, al menos, un multiplicador\u201d, escriben Chase Sova y Eilish Zembilci, analistas del Centro de Estudios Estrat\u00e9gicos e Internacionales (CSIS, por sus siglas en ingl\u00e9s), en\u00a0<a href=\"https:\/\/www.csis.org\/analysis\/dangerously-hungry-link-between-food-insecurity-and-conflict\" data-link-track-dtm=\"\" data-mrf-link=\"https:\/\/www.csis.org\/analysis\/dangerously-hungry-link-between-food-insecurity-and-conflict\">un reciente art\u00edculo sobre el tema<\/a>. \u201cLa inseguridad alimentaria no suele bastar, por s\u00ed sola, para producir un conflicto: a ella deben a\u00f1adirse motivantes externos que llevan a las personas a recurrir a la violencia, como la desesperaci\u00f3n, el agravio o la [mala gobernanza]\u201d.<\/p>\n<h3 class=\"\">Brasil y M\u00e9xico se mueven<\/h3>\n<p class=\"\">Esta nueva escalada en el sector primario coincide en el tiempo con el movimiento del presidente de Brasil, Luiz In\u00e1cio Lula da Silva, que en las \u00faltimas semanas ha tratado de situar este problema en una posici\u00f3n relevante en la agenda informativa. \u201cEl hambre y la pobreza no son el resultado de la escasez o de fen\u00f3menos naturales\u201d, ha recalcado Lula este lunes, en el cierre de la cumbre del G-20 celebrada en R\u00edo de Janeiro. Recordaba, adem\u00e1s, que el mundo produce 6.000 millones de toneladas de alimentos al a\u00f1o. \u201cEs el producto de decisiones pol\u00edticas que perpet\u00faan la exclusi\u00f3n de una gran parte de la humanidad\u201d.<\/p>\n<p class=\"\">La fragilidad de los pa\u00edses en desarrollo frente al renovado impulso en el precio de los alimentos se ha dejado, tambi\u00e9n, sentir en otro pa\u00eds latinoamericano. La presidenta de M\u00e9xico, Claudia Sheinbaum, acaba de anunciar que se mantiene la pol\u00edtica de control de precios implementada en 2022 por su predecesor, Andr\u00e9s Manuel L\u00f3pez Obrador, para evitar una subida abrupta en el coste de la vida. Un signo m\u00e1s de que, aunque en lo macro la inflaci\u00f3n da evidentes signos de control, los problemas persisten. Sobre todo, en los pa\u00edses en los que parte de la poblaci\u00f3n\u00a0<a href=\"https:\/\/elpais.com\/internacional\/2017\/09\/04\/mexico\/1504478553_013575.html\" data-link-track-dtm=\"\" data-mrf-link=\"https:\/\/elpais.com\/internacional\/2017\/09\/04\/mexico\/1504478553_013575.html\">se las ve y se las desea para sufragar tres comidas al d\u00eda<\/a>.<\/p>\n<\/div>\n<div id=\"me-dis\" class=\"me _pf\">\n<div class=\"me_bg\">\n<div class=\"me-dis _pa _df\">\n<div class=\"me-dis_c\">\n<h2 class=\"me-dis_t\"><\/h2>\n<div class=\"me-dis_l\"><\/div>\n<p><span id=\"capping-arrow\" class=\"arrow\"><\/span><\/div>\n<\/div>\n<\/div>\n<\/div>\n<p>&nbsp;<\/p>\n<p>&nbsp;<\/p>\n","protected":false},"excerpt":{"rendered":"<p>&nbsp; &nbsp; &#8211; La comida alcanza en octubre su nivel m\u00e1s alto en a\u00f1o y medio, seg\u00fan la FAO, que reclama una \u201cacci\u00f3n urgente\u201d. Los&hellip;<\/p>\n","protected":false},"author":99,"featured_media":525280,"comment_status":"open","ping_status":"open","sticky":false,"template":"","format":"standard","meta":{"footnotes":""},"categories":[24],"tags":[],"class_list":["post-525278","post","type-post","status-publish","format-standard","has-post-thumbnail","hentry","category-mundo"],"_links":{"self":[{"href":"https:\/\/diarioelpopular.com\/index.php\/wp-json\/wp\/v2\/posts\/525278","targetHints":{"allow":["GET"]}}],"collection":[{"href":"https:\/\/diarioelpopular.com\/index.php\/wp-json\/wp\/v2\/posts"}],"about":[{"href":"https:\/\/diarioelpopular.com\/index.php\/wp-json\/wp\/v2\/types\/post"}],"author":[{"embeddable":true,"href":"https:\/\/diarioelpopular.com\/index.php\/wp-json\/wp\/v2\/users\/99"}],"replies":[{"embeddable":true,"href":"https:\/\/diarioelpopular.com\/index.php\/wp-json\/wp\/v2\/comments?post=525278"}],"version-history":[{"count":1,"href":"https:\/\/diarioelpopular.com\/index.php\/wp-json\/wp\/v2\/posts\/525278\/revisions"}],"predecessor-version":[{"id":525281,"href":"https:\/\/diarioelpopular.com\/index.php\/wp-json\/wp\/v2\/posts\/525278\/revisions\/525281"}],"wp:featuredmedia":[{"embeddable":true,"href":"https:\/\/diarioelpopular.com\/index.php\/wp-json\/wp\/v2\/media\/525280"}],"wp:attachment":[{"href":"https:\/\/diarioelpopular.com\/index.php\/wp-json\/wp\/v2\/media?parent=525278"}],"wp:term":[{"taxonomy":"category","embeddable":true,"href":"https:\/\/diarioelpopular.com\/index.php\/wp-json\/wp\/v2\/categories?post=525278"},{"taxonomy":"post_tag","embeddable":true,"href":"https:\/\/diarioelpopular.com\/index.php\/wp-json\/wp\/v2\/tags?post=525278"}],"curies":[{"name":"wp","href":"https:\/\/api.w.org\/{rel}","templated":true}]}}