{"id":525284,"date":"2024-11-22T10:17:15","date_gmt":"2024-11-22T14:17:15","guid":{"rendered":"https:\/\/diarioelpopular.com\/?p=525284"},"modified":"2024-11-22T10:17:15","modified_gmt":"2024-11-22T14:17:15","slug":"argentina-alberto-fernandez-es-citado-a-declarar-por-violencia-machista","status":"publish","type":"post","link":"https:\/\/diarioelpopular.com\/index.php\/2024\/11\/22\/argentina-alberto-fernandez-es-citado-a-declarar-por-violencia-machista\/","title":{"rendered":"Argentina: Alberto Fern\u00e1ndez es citado a declarar por violencia machista"},"content":{"rendered":"<div id=\"attachment_525285\" style=\"width: 1210px\" class=\"wp-caption alignnone\"><img loading=\"lazy\" decoding=\"async\" aria-describedby=\"caption-attachment-525285\" class=\"wp-image-525285 size-custom-big-size\" src=\"https:\/\/diarioelpopular.com\/wp-content\/uploads\/2024\/11\/Screen-Shot-2024-11-22-at-9.16.40-AM-1200x756.png\" alt=\"\" width=\"1200\" height=\"756\" srcset=\"https:\/\/diarioelpopular.com\/wp-content\/uploads\/2024\/11\/Screen-Shot-2024-11-22-at-9.16.40-AM-1200x756.png 1200w, https:\/\/diarioelpopular.com\/wp-content\/uploads\/2024\/11\/Screen-Shot-2024-11-22-at-9.16.40-AM-300x189.png 300w, https:\/\/diarioelpopular.com\/wp-content\/uploads\/2024\/11\/Screen-Shot-2024-11-22-at-9.16.40-AM-768x484.png 768w, https:\/\/diarioelpopular.com\/wp-content\/uploads\/2024\/11\/Screen-Shot-2024-11-22-at-9.16.40-AM-85x55.png 85w, https:\/\/diarioelpopular.com\/wp-content\/uploads\/2024\/11\/Screen-Shot-2024-11-22-at-9.16.40-AM-636x401.png 636w, https:\/\/diarioelpopular.com\/wp-content\/uploads\/2024\/11\/Screen-Shot-2024-11-22-at-9.16.40-AM-116x73.png 116w, https:\/\/diarioelpopular.com\/wp-content\/uploads\/2024\/11\/Screen-Shot-2024-11-22-at-9.16.40-AM.png 1024w\" sizes=\"auto, (max-width: 1200px) 100vw, 1200px\" \/><p id=\"caption-attachment-525285\" class=\"wp-caption-text\">Alberto Fern\u00e1ndez en su casa en Buenos Aires, en agosto de 2024. Mariana Eliano<\/p><\/div>\n<p>&nbsp;<\/p>\n<h4 class=\"a_st\"><em>&#8211; El desacreditado y corrupto expresidente argentino deber\u00e1 comparecer ante la Justicia el 11 de diciembre en la causa por lesiones y amenazas contra su expareja<\/em><\/h4>\n<p>&nbsp;<\/p>\n<p class=\"\">El expresidente de Argentina\u00a0<a href=\"https:\/\/elpais.com\/argentina\/2024-08-06\/el-expresidente-argentino-alberto-fernandez-denunciado-por-violencia-de-genero.html\" data-link-track-dtm=\"\" data-mrf-link=\"https:\/\/elpais.com\/argentina\/2024-08-06\/el-expresidente-argentino-alberto-fernandez-denunciado-por-violencia-de-genero.html\">Alberto Fern\u00e1ndez<\/a>\u00a0(2019-2023) fue citado a brindar declaraci\u00f3n indagatoria en la causa judicial que enfrenta por violencia de g\u00e9nero en perjuicio de su expareja\u00a0<a href=\"https:\/\/elpais.com\/argentina\/2024-08-16\/claves-de-la-causa-por-violencia-de-genero-contra-alberto-fernandez-golpes-amenazas-y-un-aborto-bajo-presion.html\" data-link-track-dtm=\"\" data-mrf-link=\"https:\/\/elpais.com\/argentina\/2024-08-16\/claves-de-la-causa-por-violencia-de-genero-contra-alberto-fernandez-golpes-amenazas-y-un-aborto-bajo-presion.html\">Fabiola Ya\u00f1ez<\/a>.<\/p>\n<p class=\"\">A Fern\u00e1ndez se le imputan los delitos de lesiones graves y leves y tambi\u00e9n de amenazas coactivas. La fiscal\u00eda encargada de la acusaci\u00f3n estim\u00f3 que, en caso de ser declarado culpable, podr\u00eda corresponderle una pena de hasta 18 a\u00f1os de prisi\u00f3n.<\/p>\n<p class=\"\">El juez federal a cargo del expediente, Juli\u00e1n Ercolini, cit\u00f3 a Fern\u00e1ndez a declarar y ejercer su derecho a defensa el d\u00eda mi\u00e9rcoles 11 de diciembre. Despu\u00e9s de esa instancia, el magistrado estar\u00e1 en condiciones de resolver si avanza con el procesamiento del acusado.<\/p>\n<p class=\"\">\u201cEn un contexto de\u00a0<a href=\"https:\/\/elpais.com\/argentina\/2024-11-05\/un-fiscal-pide-indagar-a-alberto-fernandez-por-golpes-recurrentes-y-violencia-psicologica-contra-su-expareja.html\" data-link-track-dtm=\"\" data-mrf-link=\"https:\/\/elpais.com\/argentina\/2024-11-05\/un-fiscal-pide-indagar-a-alberto-fernandez-por-golpes-recurrentes-y-violencia-psicologica-contra-su-expareja.html\">violencia de g\u00e9nero<\/a>\u00a0signado por la particular relaci\u00f3n asim\u00e9trica de poder entre Alberto \u00c1ngel Fern\u00e1ndez y Fabiola Andrea Y\u00e1\u00f1ez [&#8230;] el imputado se habr\u00eda aprovechado de la especial situaci\u00f3n de vulnerabilidad preexistente al v\u00ednculo en la que se encontraba inmersa la nombrada y ejercido con habitualidad y de modo continuo violencia psicol\u00f3gica contra Y\u00e1\u00f1ez, bajo las formas de acoso, hostigamientos, controles, indiferencia, insultos, culpabilizaci\u00f3n, destrato, retiro de la palabra, ninguneos y hostilidad\u201d, detall\u00f3 el juez en su resoluci\u00f3n.<\/p>\n<p class=\"\">La imputaci\u00f3n se\u00f1ala que la violencia de g\u00e9nero habr\u00eda comenzado en 2016 y llegado hasta agosto de 2024, cuando, tras la denuncia de Ya\u00f1ez, a Fern\u00e1ndez se le prohibi\u00f3 contactarse con la v\u00edctima. \u201cTras ser electo para ejercer el cargo de Presidente de la Naci\u00f3n, la violencia f\u00edsica habr\u00eda continuado y escalado, m\u00e1s precisamente despu\u00e9s de haber quedado aquella embarazada (2021), en forma de agarrones del cuello, zamarreos, cachetazos a mano abierta y golpes que provocaron lesiones en el cuerpo de la nombrada, mientras convivieron en la Quinta de Olivos\u201d, detall\u00f3.<\/p>\n<p class=\"\">El delito de amenazas responde a que, seg\u00fan el juez, \u201cFern\u00e1ndez en forma directa y a trav\u00e9s de terceras personas le habr\u00eda requerido [a Ya\u00f1ez] en forma insistente y agresiva que no hiciera la denuncia\u201d.<\/p>\n<p class=\"\">La causa contra Fern\u00e1ndez se instruy\u00f3 a partir de un hallazgo realizado en otra investigaci\u00f3n, por corrupci\u00f3n en\u00a0<a href=\"https:\/\/elpais.com\/argentina\/2024-08-19\/quien-es-quien-en-la-causa-por-violencia-de-genero-contra-alberto-fernandez.html\" data-link-track-dtm=\"\" data-mrf-link=\"https:\/\/elpais.com\/argentina\/2024-08-19\/quien-es-quien-en-la-causa-por-violencia-de-genero-contra-alberto-fernandez.html\">irregularidades en la contrataci\u00f3n de p\u00f3lizas de seguros<\/a>\u00a0desde el Estado. Cuando los peritos analizaban el contenido del tel\u00e9fono de la exsecretaria del presidente Mar\u00eda Cantero, hallaron fotos de Fabiola Ya\u00f1ez con lesiones en el rostro y un brazo.<a href=\"https:\/\/elpais.com\/argentina\/2024-08-06\/el-expresidente-argentino-alberto-fernandez-denunciado-por-violencia-de-genero.html\" data-link-track-dtm=\"\" data-mrf-link=\"https:\/\/elpais.com\/argentina\/2024-08-06\/el-expresidente-argentino-alberto-fernandez-denunciado-por-violencia-de-genero.html\">\u00a0<\/a>En el marco de esa segunda causa, el mismo juez Ercolini cit\u00f3 a declarar a Fern\u00e1ndez el pr\u00f3ximo mi\u00e9rcoles 27.<\/p>\n","protected":false},"excerpt":{"rendered":"<p>&nbsp; &#8211; El desacreditado y corrupto expresidente argentino deber\u00e1 comparecer ante la Justicia el 11 de diciembre en la causa por lesiones y amenazas contra&hellip;<\/p>\n","protected":false},"author":99,"featured_media":525285,"comment_status":"open","ping_status":"open","sticky":false,"template":"","format":"standard","meta":{"footnotes":""},"categories":[23],"tags":[],"class_list":["post-525284","post","type-post","status-publish","format-standard","has-post-thumbnail","hentry","category-latinoamerica"],"_links":{"self":[{"href":"https:\/\/diarioelpopular.com\/index.php\/wp-json\/wp\/v2\/posts\/525284","targetHints":{"allow":["GET"]}}],"collection":[{"href":"https:\/\/diarioelpopular.com\/index.php\/wp-json\/wp\/v2\/posts"}],"about":[{"href":"https:\/\/diarioelpopular.com\/index.php\/wp-json\/wp\/v2\/types\/post"}],"author":[{"embeddable":true,"href":"https:\/\/diarioelpopular.com\/index.php\/wp-json\/wp\/v2\/users\/99"}],"replies":[{"embeddable":true,"href":"https:\/\/diarioelpopular.com\/index.php\/wp-json\/wp\/v2\/comments?post=525284"}],"version-history":[{"count":1,"href":"https:\/\/diarioelpopular.com\/index.php\/wp-json\/wp\/v2\/posts\/525284\/revisions"}],"predecessor-version":[{"id":525286,"href":"https:\/\/diarioelpopular.com\/index.php\/wp-json\/wp\/v2\/posts\/525284\/revisions\/525286"}],"wp:featuredmedia":[{"embeddable":true,"href":"https:\/\/diarioelpopular.com\/index.php\/wp-json\/wp\/v2\/media\/525285"}],"wp:attachment":[{"href":"https:\/\/diarioelpopular.com\/index.php\/wp-json\/wp\/v2\/media?parent=525284"}],"wp:term":[{"taxonomy":"category","embeddable":true,"href":"https:\/\/diarioelpopular.com\/index.php\/wp-json\/wp\/v2\/categories?post=525284"},{"taxonomy":"post_tag","embeddable":true,"href":"https:\/\/diarioelpopular.com\/index.php\/wp-json\/wp\/v2\/tags?post=525284"}],"curies":[{"name":"wp","href":"https:\/\/api.w.org\/{rel}","templated":true}]}}