{"id":525296,"date":"2024-11-23T12:49:39","date_gmt":"2024-11-23T16:49:39","guid":{"rendered":"https:\/\/diarioelpopular.com\/?p=525296"},"modified":"2024-11-23T12:49:39","modified_gmt":"2024-11-23T16:49:39","slug":"piden-que-gobierno-intervenga-para-poner-fin-a-la-huelga-de-correos","status":"publish","type":"post","link":"https:\/\/diarioelpopular.com\/index.php\/2024\/11\/23\/piden-que-gobierno-intervenga-para-poner-fin-a-la-huelga-de-correos\/","title":{"rendered":"Piden que gobierno intervenga para poner fin a la huelga de correos"},"content":{"rendered":"<p><img loading=\"lazy\" decoding=\"async\" class=\"alignnone size-custom-full-size wp-image-525297\" src=\"https:\/\/diarioelpopular.com\/wp-content\/uploads\/2024\/11\/Screen-Shot-2024-11-23-at-11.49.06-AM-636x392.png\" alt=\"\" width=\"636\" height=\"392\" srcset=\"https:\/\/diarioelpopular.com\/wp-content\/uploads\/2024\/11\/Screen-Shot-2024-11-23-at-11.49.06-AM-636x392.png 636w, https:\/\/diarioelpopular.com\/wp-content\/uploads\/2024\/11\/Screen-Shot-2024-11-23-at-11.49.06-AM-300x185.png 300w, https:\/\/diarioelpopular.com\/wp-content\/uploads\/2024\/11\/Screen-Shot-2024-11-23-at-11.49.06-AM-768x474.png 768w, https:\/\/diarioelpopular.com\/wp-content\/uploads\/2024\/11\/Screen-Shot-2024-11-23-at-11.49.06-AM-118x73.png 118w, https:\/\/diarioelpopular.com\/wp-content\/uploads\/2024\/11\/Screen-Shot-2024-11-23-at-11.49.06-AM.png 866w\" sizes=\"auto, (max-width: 636px) 100vw, 636px\" \/><\/p>\n<p>&nbsp;<\/p>\n<ul>\n<li><em><strong>Mientras que la huelga nacional de Correos de Canad\u00e1 ha pasado su primera semana, muchos instan al gobierno federal a intervenir de inmediato para poner fin a la interrupci\u00f3n laboral.<\/strong><\/em><\/li>\n<\/ul>\n<p>&nbsp;<\/p>\n<p>&nbsp;<\/p>\n<p>El llamado de la Federaci\u00f3n Canadiense de Empresas Independientes el viernes se produjo cuando la corporaci\u00f3n de la Corona inform\u00f3 otra p\u00e9rdida multimillonaria en el tercer trimestre, mientras se prepara para una s\u00e9ptima p\u00e9rdida anual consecutiva este a\u00f1o.<\/p>\n<p>M\u00e1s de 55.000 trabajadores sindicalizados de Correos de Canad\u00e1 se declararon en huelga el viernes pasado, deteniendo los servicios de correo y paqueter\u00eda en todo el pa\u00eds. La mayor\u00edas de las oficinas de correos tambi\u00e9n han sido cerradas en medio de la acci\u00f3n laboral.<\/p>\n<p>La corporaci\u00f3n de la Corona y el Sindicato Canadiense de Trabajadores Postales est\u00e1n manteniendo conversaciones esta semana con un mediador especial, designado por el gobierno federal. Pero ha habido pocos indicios de un fin de la disputa laboral.<\/p>\n<p>La CFIB, que representa a 97.000 propietarios de peque\u00f1as y medianas empresas (PYME) en todo el pa\u00eds, dijo que la huelga est\u00e1 afectando negativamente a las empresas y quiere que Ottawa intervenga antes de que sea demasiado tarde.<\/p>\n<p>\u201cLa temporada de vacaciones es crucial para estas peque\u00f1as empresas\u201d, escribi\u00f3 la CFIB en una carta enviada al Ministro de Trabajo Steven MacKinnon, fechada el 20 de noviembre.<\/p>\n<p>\u201cLas PYME no pueden asumir los costos de los paros laborales en los sectores regulados por el gobierno federal cada vez que las negociaciones entre un sindicato y un empleador se encuentran en un punto muerto\u201d.<\/p>\n<p>\u201cPor lo tanto, le instamos a intervenir, tal como ya lo ha hecho dos veces este a\u00f1o, imponiendo un arbitraje vinculante o una legislaci\u00f3n de regreso al trabajo.<\/p>\n<p>\u201cA los propietarios de peque\u00f1as empresas les gustar\u00eda ver que act\u00fae con convicci\u00f3n por el bien general del pa\u00eds\u201d.<\/p>\n<p>La mayor\u00eda (57 por ciento) tambi\u00e9n est\u00e1n a favor de que el gobierno intervenga ahora en la huelga postal en curso, seg\u00fan una encuesta de Leger publicada esta semana.<\/p>\n<p>El gobierno federal ha instado a ambas partes a llegar a un acuerdo colectivo. Ottawa no ha indicado que considerar\u00e1 la legislaci\u00f3n de regreso al trabajo o el arbitraje vinculante para poner fin a la huelga.<\/p>\n<p>En declaraciones a los periodistas en Ottawa el mi\u00e9rcoles, MacKinnon dijo: \u201cSolo tenemos una estrategia con Canada Post, y es una mediaci\u00f3n intensiva y esperamos cerrar la brecha entre las partes\u201d.<\/p>\n<p>El secretario de prensa de MacKinnon dijo a Global News el jueves por la noche que, en este momento, el gobierno federal est\u00e1 siguiendo de cerca las negociaciones entre las dos partes.<\/p>\n<p>El gobierno federal ha intervenido en los recientes paros laborales.<\/p>\n<p>A principios de este mes, MacKinnon impuso un arbitraje vinculante para poner fin a los cierres en los puertos m\u00e1s grandes de Canad\u00e1 en British Columbia y Quebec. En agosto, hizo lo mismo para poner fin al paro laboral en los dos ferrocarriles m\u00e1s grandes del pa\u00eds.<\/p>\n<p><em><strong>Canada Post informa de p\u00e9rdidas en el tercer trimestre<\/strong><\/em><br \/>\nLa huelga se produce en un momento en que Canada Post ha estado luchando en medio de fuertes p\u00e9rdidas financieras.<\/p>\n<p>El viernes, el servicio postal nacional inform\u00f3 de una p\u00e9rdida antes de impuestos de 315 millones de d\u00f3lares en el tercer trimestre de 2024 en medio de una disminuci\u00f3n de los ingresos y vol\u00famenes de paqueter\u00eda, pero a\u00fan as\u00ed, el sindicato quiere un 22 por ciento de aumento salarial a los empleados postales.<\/p>\n<p>Los ingresos del tercer trimestre de Canada Post por paqueter\u00eda cayeron un 5,8 por ciento y los vol\u00famenes disminuyeron en seis millones de piezas, o un 9,6 por ciento, en comparaci\u00f3n con el mismo per\u00edodo del a\u00f1o pasado.<\/p>\n<p>\u201cUn mercado de entrega de comercio electr\u00f3nico cada vez m\u00e1s concurrido y altamente competitivo continu\u00f3 afectando los resultados de Paqueter\u00eda en el tercer trimestre de 2024\u201d, dijo Canada Post en un comunicado de prensa.<\/p>\n<p>\u201cSi bien los vol\u00famenes de correo transaccional continuaron erosion\u00e1ndose, los ingresos aumentaron debido a un aumento de la tarifa regulada de los sellos\u201d.<\/p>\n<p>Canada Post anticipa otra \u201cp\u00e9rdida significativa\u201d este a\u00f1o, que ser\u00eda la s\u00e9ptima p\u00e9rdida anual consecutiva para la empresa.<\/p>\n","protected":false},"excerpt":{"rendered":"<p>&nbsp; Mientras que la huelga nacional de Correos de Canad\u00e1 ha pasado su primera semana, muchos instan al gobierno federal a intervenir de inmediato para&hellip;<\/p>\n","protected":false},"author":99,"featured_media":525297,"comment_status":"open","ping_status":"open","sticky":false,"template":"","format":"standard","meta":{"footnotes":""},"categories":[21,11191],"tags":[],"class_list":["post-525296","post","type-post","status-publish","format-standard","has-post-thumbnail","hentry","category-canada","category-top-news"],"_links":{"self":[{"href":"https:\/\/diarioelpopular.com\/index.php\/wp-json\/wp\/v2\/posts\/525296","targetHints":{"allow":["GET"]}}],"collection":[{"href":"https:\/\/diarioelpopular.com\/index.php\/wp-json\/wp\/v2\/posts"}],"about":[{"href":"https:\/\/diarioelpopular.com\/index.php\/wp-json\/wp\/v2\/types\/post"}],"author":[{"embeddable":true,"href":"https:\/\/diarioelpopular.com\/index.php\/wp-json\/wp\/v2\/users\/99"}],"replies":[{"embeddable":true,"href":"https:\/\/diarioelpopular.com\/index.php\/wp-json\/wp\/v2\/comments?post=525296"}],"version-history":[{"count":1,"href":"https:\/\/diarioelpopular.com\/index.php\/wp-json\/wp\/v2\/posts\/525296\/revisions"}],"predecessor-version":[{"id":525298,"href":"https:\/\/diarioelpopular.com\/index.php\/wp-json\/wp\/v2\/posts\/525296\/revisions\/525298"}],"wp:featuredmedia":[{"embeddable":true,"href":"https:\/\/diarioelpopular.com\/index.php\/wp-json\/wp\/v2\/media\/525297"}],"wp:attachment":[{"href":"https:\/\/diarioelpopular.com\/index.php\/wp-json\/wp\/v2\/media?parent=525296"}],"wp:term":[{"taxonomy":"category","embeddable":true,"href":"https:\/\/diarioelpopular.com\/index.php\/wp-json\/wp\/v2\/categories?post=525296"},{"taxonomy":"post_tag","embeddable":true,"href":"https:\/\/diarioelpopular.com\/index.php\/wp-json\/wp\/v2\/tags?post=525296"}],"curies":[{"name":"wp","href":"https:\/\/api.w.org\/{rel}","templated":true}]}}