{"id":525375,"date":"2024-11-25T10:47:32","date_gmt":"2024-11-25T14:47:32","guid":{"rendered":"https:\/\/diarioelpopular.com\/?p=525375"},"modified":"2024-11-25T10:47:32","modified_gmt":"2024-11-25T14:47:32","slug":"la-historia-del-interdom-el-internado-sovietico-que-acogio-a-los-hijos-de-revolucionarios-en-el-mundo","status":"publish","type":"post","link":"https:\/\/diarioelpopular.com\/index.php\/2024\/11\/25\/la-historia-del-interdom-el-internado-sovietico-que-acogio-a-los-hijos-de-revolucionarios-en-el-mundo\/","title":{"rendered":"La historia del Interdom, el internado sovi\u00e9tico que acogi\u00f3 a los hijos de revolucionarios en el mundo"},"content":{"rendered":"<div id=\"attachment_525376\" style=\"width: 646px\" class=\"wp-caption alignnone\"><img loading=\"lazy\" decoding=\"async\" aria-describedby=\"caption-attachment-525376\" class=\"wp-image-525376 size-custom-full-size\" src=\"https:\/\/diarioelpopular.com\/wp-content\/uploads\/2024\/11\/Screen-Shot-2024-11-25-at-9.45.55-AM-636x359.png\" alt=\"\" width=\"636\" height=\"359\" srcset=\"https:\/\/diarioelpopular.com\/wp-content\/uploads\/2024\/11\/Screen-Shot-2024-11-25-at-9.45.55-AM-636x359.png 636w, https:\/\/diarioelpopular.com\/wp-content\/uploads\/2024\/11\/Screen-Shot-2024-11-25-at-9.45.55-AM-300x170.png 300w, https:\/\/diarioelpopular.com\/wp-content\/uploads\/2024\/11\/Screen-Shot-2024-11-25-at-9.45.55-AM-768x434.png 768w, https:\/\/diarioelpopular.com\/wp-content\/uploads\/2024\/11\/Screen-Shot-2024-11-25-at-9.45.55-AM-129x73.png 129w, https:\/\/diarioelpopular.com\/wp-content\/uploads\/2024\/11\/Screen-Shot-2024-11-25-at-9.45.55-AM.png 1024w\" sizes=\"auto, (max-width: 636px) 100vw, 636px\" \/><p id=\"caption-attachment-525376\" class=\"wp-caption-text\">Viola Carrillo (a la izquierda) junto a una compa\u00f1era en el patio del Interdom.<\/p><\/div>\n<p>&nbsp;<\/p>\n<p>&nbsp;<\/p>\n<div class=\"bbc-19j92fr ebmt73l0\" dir=\"ltr\">\n<ul>\n<li class=\"bbc-hhl7in e17g058b0\" dir=\"ltr\"><em><b>Viola Carrillo ten\u00eda apenas 7 a\u00f1os cuando tuvo que huir de Chile en agosto de 1974.<\/b><\/em><\/li>\n<\/ul>\n<\/div>\n<div class=\"bbc-19j92fr ebmt73l0\" dir=\"ltr\">\n<p dir=\"ltr\">\n<p dir=\"ltr\">\n<p class=\"bbc-hhl7in e17g058b0\" dir=\"ltr\">Pocos meses antes, el r\u00e9gimen de\u00a0Augusto Pinochet\u00a0hab\u00eda ejecutado a su padre, Isidoro Carrillo, un conocido dirigente sindical de los mineros del carb\u00f3n y miembro del partido comunista chileno.<\/p>\n<\/div>\n<div class=\"bbc-19j92fr ebmt73l0\" dir=\"ltr\">\n<p class=\"bbc-hhl7in e17g058b0\" dir=\"ltr\">En medio de la persecuci\u00f3n, y apoyada por la Cruz Roja, la madre de Viola, Isabel Nova, logr\u00f3 abordar un avi\u00f3n junto a sus hijos con destino a Mosc\u00fa, capital de la entonces Uni\u00f3n Sovi\u00e9tica.<\/p>\n<\/div>\n<div class=\"bbc-19j92fr ebmt73l0\" dir=\"ltr\">\n<p class=\"bbc-hhl7in e17g058b0\" dir=\"ltr\">Desde all\u00ed, Viola y sus hermanos fueron enviados a un lugar muy particular: el internado internacional de Iv\u00e1novo, m\u00e1s conocido como\u00a0Interdom, ubicado a casi 300 kil\u00f3metros al noreste de Mosc\u00fa.<\/p>\n<\/div>\n<div class=\"bbc-19j92fr ebmt73l0\" dir=\"ltr\">\n<p class=\"bbc-hhl7in e17g058b0\" dir=\"ltr\">Fundado en 1933, este establecimiento educacional recibi\u00f3 por d\u00e9cadas a los hijos de revolucionarios de todo el mundo que necesitaban protecci\u00f3n. Entre sus pupilos estuvieron los hijos del chino\u00a0Mao Zedong, el militar yugoslavo comunista\u00a0\u201cTito\u201d\u00a0(Josip Broz) y la espa\u00f1ola Dolores Ib\u00e1rruri,\u00a0\u201cLa Pasionaria\u201d.<\/p>\n<\/div>\n<div class=\"bbc-19j92fr ebmt73l0\" dir=\"ltr\">\n<p class=\"bbc-hhl7in e17g058b0\" dir=\"ltr\">Y tambi\u00e9n Viola.<\/p>\n<\/div>\n<div class=\"bbc-19j92fr ebmt73l0\" dir=\"ltr\">\n<p class=\"bbc-hhl7in e17g058b0\" dir=\"ltr\">\u201cLlegu\u00e9 muy fr\u00e1gil. Hab\u00eda perdido a mi padre y estaba consciente de que lo hab\u00edan ejecutado.\u00a0Lloraba en las noches porque extra\u00f1aba a mi mam\u00e1, no pod\u00eda conciliar el sue\u00f1o\u201d, recuerda de sus primeros d\u00edas en el internado, que termin\u00f3 siendo su hogar por los siguientes 10 a\u00f1os.<\/p>\n<\/div>\n<div class=\"bbc-19j92fr ebmt73l0\" dir=\"ltr\">\n<p class=\"bbc-hhl7in e17g058b0\" dir=\"ltr\">\u201cPero r\u00e1pidamente me fui integrando -agrega-, en parte gracias a la fraternidad que recib\u00ed de mis compa\u00f1eros latinoamericanos con quienes compart\u00edamos una historia en com\u00fan\u201d.<\/p>\n<\/div>\n<div class=\"bbc-19j92fr ebmt73l0\" dir=\"ltr\">\n<h2 id=\"Cu\u00e1ndo-y-por-qu\u00e9-se-cre\u00f3-el-internado\" class=\"bbc-1lgzob2 eglt09e0\" tabindex=\"-1\">\u00bfCu\u00e1ndo y por qu\u00e9 se cre\u00f3 el internado?<\/h2>\n<\/div>\n<div class=\"bbc-19j92fr ebmt73l0\" dir=\"ltr\">\n<p class=\"bbc-hhl7in e17g058b0\" dir=\"ltr\">La idea de un internado para hijos de revolucionarios vino de una militante comunista suiza,\u00a0Mentona Moser, cuya acaudalada familia fund\u00f3 la empresa relojera Moser, en San Petesburgo.<\/p>\n<\/div>\n<div class=\"bbc-19j92fr ebmt73l0\" dir=\"ltr\">\n<p class=\"bbc-hhl7in e17g058b0\" dir=\"ltr\">Cuando viaj\u00f3 a Rusia en 1926, Moser se sinti\u00f3 tan inspirada por el Estado comunista que decidi\u00f3 donar parte de su herencia a la creaci\u00f3n de la escuela.<\/p>\n<p dir=\"ltr\">\n<\/div>\n<figure class=\"bbc-1qn0xuy\">\n<div class=\"bbc-18ywsw9\">\n<div style=\"width: 730px\" class=\"wp-caption alignnone\"><img loading=\"lazy\" decoding=\"async\" class=\"bbc-139onq\" src=\"https:\/\/ichef.bbci.co.uk\/ace\/ws\/640\/cpsprodpb\/b40c\/live\/55e16f90-979a-11ef-b528-4b06c6d9859d.jpg.webp\" alt=\"Fachada del Interdom\" width=\"720\" height=\"405\" \/><p class=\"wp-caption-text\">Fuente de la imagen,Gentileza de Viola Carrillo.\u00a0\u00a0Fundado en 1933, el Interdom recibi\u00f3 por d\u00e9cadas a los hijos de revolucionarios que necesitaban protecci\u00f3n.<\/p><\/div>\n<\/div>\n<\/figure>\n<div class=\"bbc-19j92fr ebmt73l0\" dir=\"ltr\">\n<p dir=\"ltr\">\n<p dir=\"ltr\">\n<p class=\"bbc-hhl7in e17g058b0\" dir=\"ltr\">La ayud\u00f3\u00a0Fritz Platten, uno de los fundadores de la Internacional Comunista, tambi\u00e9n conocido por organizar el regreso de Vladimir Lenin a Rusia desde Suiza, en 1917.<\/p>\n<\/div>\n<div class=\"bbc-19j92fr ebmt73l0\" dir=\"ltr\">\n<p class=\"bbc-hhl7in e17g058b0\" dir=\"ltr\">Eligieron la\u00a0ciudad de Iv\u00e1novo\u00a0-a la que tradicionalmente se le ha llamado la \u201ccapital textil\u201d de Rusia- para levantar el establecimiento, que desde sus inicios cont\u00f3 con una infraestructura sobresaliente para la \u00e9poca.<\/p>\n<\/div>\n<div class=\"bbc-19j92fr ebmt73l0\" dir=\"ltr\">\n<p class=\"bbc-hhl7in e17g058b0\" dir=\"ltr\">Los primeros en llegar al internado fueron los hijos de los antifascistas de\u00a0Bulgaria y Alemania, pero con el tiempo diversos activistas pol\u00edticos de todo el mundo, incluyendo pa\u00edses como\u00a0Grecia, Austria, Italia, Espa\u00f1a, Ir\u00e1n, Angola, Etiop\u00eda y Somalia, enviaron a sus ni\u00f1os a Iv\u00e1novo.<\/p>\n<\/div>\n<div class=\"bbc-19j92fr ebmt73l0\" dir=\"ltr\">\n<p class=\"bbc-hhl7in e17g058b0\" dir=\"ltr\">Tambi\u00e9n fue refugio para ni\u00f1os durante el bloqueo de Leningrado en la Segunda Guerra Mundial y despu\u00e9s del accidente nuclear de\u00a0Chernobyl, en 1986.<\/p>\n<\/div>\n<div class=\"bbc-19j92fr ebmt73l0\" dir=\"ltr\">\n<p class=\"bbc-hhl7in e17g058b0\" dir=\"ltr\">En total, 5.000 ni\u00f1os de 85 pa\u00edses pasaron por las puertas de Interdom.<\/p>\n<\/div>\n<div class=\"bbc-19j92fr ebmt73l0\" dir=\"ltr\">\n<h2 id=\"La-presencia-latinoamericana\" class=\"bbc-1lgzob2 eglt09e0\" tabindex=\"-1\">La presencia latinoamericana<\/h2>\n<\/div>\n<div class=\"bbc-19j92fr ebmt73l0\" dir=\"ltr\">\n<p class=\"bbc-hhl7in e17g058b0\" dir=\"ltr\">Y Am\u00e9rica Latina no fue la excepci\u00f3n.<\/p>\n<\/div>\n<div class=\"bbc-19j92fr ebmt73l0\" dir=\"ltr\">\n<p class=\"bbc-hhl7in e17g058b0\" dir=\"ltr\">\u201cDesde los a\u00f1os 30 comenzaron a llegar muchos ni\u00f1os latinoamericanos debido a las distintas dictaduras que asolaron a la regi\u00f3n\u201d, explica\u00a0Cristi\u00e1n P\u00e9rez, autor del libro &#8220;Los Ni\u00f1os del Interdom&#8221; (2024, editorial Catalonia) y acad\u00e9mico de la universidad de Playa Ancha, en Chile.<\/p>\n<\/div>\n<div class=\"bbc-19j92fr ebmt73l0\" dir=\"ltr\">\n<p class=\"bbc-hhl7in e17g058b0\" dir=\"ltr\">P\u00e9rez precisa que la primera oleada vino desde\u00a0Cuba en los a\u00f1os 30\u2019,\u00a0luego de que la isla quedara bajo el mandato de\u00a0Gerardo Machado. Luego, vinieron los\u00a0guatemaltecos, hijos de familias vinculadas al Partido Guatemalteco del Trabajo que se exiliaron a partir de 1954.<\/p>\n<\/div>\n<div class=\"bbc-19j92fr ebmt73l0\" dir=\"ltr\">\n<p class=\"bbc-hhl7in e17g058b0\" dir=\"ltr\">A fines de los 60\u2019 llegaron j\u00f3venes desde\u00a0Paraguay y Ecuador, y m\u00e1s tarde desde\u00a0Colombia, despu\u00e9s de que los militares tomaran el poder, liderados por Gustavo Rojas Pinilla.<\/p>\n<p dir=\"ltr\">\n<\/div>\n<figure class=\"bbc-1qn0xuy\">\n<div class=\"bbc-18ywsw9\">\n<div style=\"width: 634px\" class=\"wp-caption alignnone\"><img loading=\"lazy\" decoding=\"async\" class=\"bbc-139onq\" src=\"https:\/\/ichef.bbci.co.uk\/ace\/ws\/640\/cpsprodpb\/da01\/live\/54b90a40-979c-11ef-8884-db1c3079ff40.jpg.webp\" alt=\"Estudiantes protestan en contra de Machado, en Cuba.\" width=\"624\" height=\"351\" \/><p class=\"wp-caption-text\">Fuente de la imagen,Getty Images.\u00a0\u00a0Estudiantes protestan en contra de la represi\u00f3n en Cuba bajo el r\u00e9gimen de Machado.<\/p><\/div>\n<\/div>\n<\/figure>\n<div class=\"bbc-19j92fr ebmt73l0\" dir=\"ltr\">\n<p dir=\"ltr\">\n<p dir=\"ltr\">\n<p class=\"bbc-hhl7in e17g058b0\" dir=\"ltr\">Desde los 70, se sumaron los hijos de revolucionarios de\u00a0Chile\u00a0y otros pa\u00edses de la regi\u00f3n que se vieron enfrentados a escenarios complejos.<\/p>\n<\/div>\n<div class=\"bbc-19j92fr ebmt73l0\" dir=\"ltr\">\n<p class=\"bbc-hhl7in e17g058b0\" dir=\"ltr\">\u201cLa mayor\u00eda de estos ni\u00f1os hab\u00edan sufrido persecuci\u00f3n o la p\u00e9rdida de sus familiares, muchos desaparecidos o fusilados.\u00a0Son sobrevivientes de una tragedia y, por lo tanto, llevan en sus espaldas los dolores, el trauma y la angustia de esa sobrevivencia\u201d, explica Cristi\u00e1n P\u00e9rez.<\/p>\n<\/div>\n<div class=\"bbc-19j92fr ebmt73l0\" dir=\"ltr\">\n<p class=\"bbc-hhl7in e17g058b0\" dir=\"ltr\">Entre los latinoamericanos, esta historia com\u00fan los hizo acercarse y apoyarse mutuamente, afirma el investigador.<\/p>\n<\/div>\n<div class=\"bbc-19j92fr ebmt73l0\" dir=\"ltr\">\n<p class=\"bbc-hhl7in e17g058b0\" dir=\"ltr\">\u201cEntre colombianos, ecuatorianos, chilenos, paraguayos, etc, fueron realmente hermanos\u201d, dice P\u00e9rez.<\/p>\n<\/div>\n<div class=\"bbc-19j92fr ebmt73l0\" dir=\"ltr\">\n<p class=\"bbc-hhl7in e17g058b0\" dir=\"ltr\">La chilena Viola Carrillo coincide.<\/p>\n<\/div>\n<div class=\"bbc-19j92fr ebmt73l0\" dir=\"ltr\">\n<p class=\"bbc-hhl7in e17g058b0\" dir=\"ltr\">\u201cEntre nosotros sent\u00edamos calor humano,\u00a0una fraternidad muy especial. Hasta el d\u00eda de hoy seguimos en contacto\u201d, dice.<\/p>\n<\/div>\n<div class=\"bbc-19j92fr ebmt73l0\" dir=\"ltr\">\n<p class=\"bbc-hhl7in e17g058b0\" dir=\"ltr\">Hacia fines de los 70\u2019, los latinoamericanos ocuparon un lugar especial en el Interdom al convertirse en el grupo m\u00e1s numeroso y mejor organizado, explica Cristi\u00e1n P\u00e9rez.<\/p>\n<\/div>\n<div class=\"bbc-19j92fr ebmt73l0\" dir=\"ltr\">\n<p class=\"bbc-hhl7in e17g058b0\" dir=\"ltr\">Los estudiantes de estos pa\u00edses llevaron su cultura al establecimiento, formando incluso un emblem\u00e1tico grupo musical -llamado\u00a0Los Ponchos Rojos- que lleg\u00f3 a popularizarse m\u00e1s all\u00e1 de las fronteras del internado.<\/p>\n<\/div>\n<div class=\"bbc-19j92fr ebmt73l0\" dir=\"ltr\">\n<p class=\"bbc-hhl7in e17g058b0\" dir=\"ltr\">La banda -que asisti\u00f3 a festivales en distintas ciudades de la Uni\u00f3n Sovi\u00e9tica- tocaba al ritmo del folclor altipl\u00e1nico, con el charango, zampo\u00f1as y bombo, repertorios de\u00a0V\u00edctor Jara o de Violeta Parra\u00a0y otros referentes sudamericanos. Tambi\u00e9n interpretaban canciones de protesta.<\/p>\n<\/div>\n<div class=\"bbc-19j92fr ebmt73l0\" dir=\"ltr\">\n<p class=\"bbc-hhl7in e17g058b0\" dir=\"ltr\">\u201cCon los latinos nunca dejamos de cantar nuestras canciones. Tambi\u00e9n hac\u00edamos obras de teatro, le\u00edamos poes\u00eda\u201d, recuerda Viola Carrillo.<\/p>\n<\/div>\n<div class=\"bbc-19j92fr ebmt73l0\" dir=\"ltr\">\n<h2 id=\"Adaptaci\u00f3n\" class=\"bbc-1lgzob2 eglt09e0\" tabindex=\"-1\">Adaptaci\u00f3n<\/h2>\n<\/div>\n<div class=\"bbc-19j92fr ebmt73l0\" dir=\"ltr\">\n<p class=\"bbc-hhl7in e17g058b0\" dir=\"ltr\">Aunque esa hermandad los ayud\u00f3 a que al principio la adaptaci\u00f3n no fuera tan dif\u00edcil, las circunstancias eran adversas. Partiendo porque en el lugar se hablaba el\u00a090% del tiempo s\u00f3lo en ruso, un idioma que la gran mayor\u00eda de los ni\u00f1os no hablaba al llegar.<\/p>\n<\/div>\n<div class=\"bbc-19j92fr ebmt73l0\" dir=\"ltr\">\n<p class=\"bbc-hhl7in e17g058b0\" dir=\"ltr\">As\u00ed lo recuerda\u00a0\u00d3scar Villagra, quien tuvo que escapar de Paraguay en medio del gobierno militar de Alfredo Stroessner (que lider\u00f3 el pa\u00eds entre 1954 y 1989) y a los 15 a\u00f1os se integr\u00f3 al internado.<\/p>\n<\/div>\n<div class=\"bbc-19j92fr ebmt73l0\" dir=\"ltr\">\n<p class=\"bbc-hhl7in e17g058b0\" dir=\"ltr\">\u201cCuando llegu\u00e9 sent\u00ed un choque bastante fuerte porque yo no ten\u00eda idea de que ten\u00eda que aprender otro idioma y el ruso no es f\u00e1cil\u201d, dice.<\/p>\n<\/div>\n<div class=\"bbc-19j92fr ebmt73l0\" dir=\"ltr\">\n<p class=\"bbc-hhl7in e17g058b0\" dir=\"ltr\">\u201cPero tuve que aprenderlo r\u00e1pidamente por necesidad, tambi\u00e9n tuve que acostumbrarme a una nueva cultura, a una nueva comida y a un nuevo c\u00edrculo\u201d, agrega.<\/p>\n<\/div>\n<div class=\"bbc-19j92fr ebmt73l0\" dir=\"ltr\">\n<p class=\"bbc-hhl7in e17g058b0\" dir=\"ltr\">Adem\u00e1s de ense\u00f1arles ruso, la escuela se asegur\u00f3 de que los ni\u00f1os aprendieran su propia lengua materna, historia y cultura, por lo que se esforz\u00f3 por encontrar profesores de hasta los idiomas menos hablados.<\/p>\n<\/div>\n<div class=\"bbc-19j92fr ebmt73l0\" dir=\"ltr\">\n<p class=\"bbc-hhl7in e17g058b0\" dir=\"ltr\">Esto era parte de su curr\u00edculo acad\u00e9mico que, seg\u00fan el investigador Cristi\u00e1n P\u00e9rez, era de \u201cprimer nivel\u201d.<\/p>\n<\/div>\n<div class=\"bbc-19j92fr ebmt73l0\" dir=\"ltr\">\n<p class=\"bbc-hhl7in e17g058b0\" dir=\"ltr\">\u201cHay que entender que este era un internado de \u00e9lite.\u00a0Ten\u00edan todos los adelantos t\u00e9cnicos, bibliotecas impresionantes, salas de mapas, recintos deportivos de primer nivel y una alimentaci\u00f3n que probablemente no hab\u00eda en ning\u00fan otro lugar de la Rusia de esa \u00e9poca\u201d, indica.<\/p>\n<p dir=\"ltr\">\n<\/div>\n<figure class=\"bbc-1qn0xuy\">\n<div class=\"bbc-18ywsw9\">\n<div style=\"width: 1029px\" class=\"wp-caption alignnone\"><img loading=\"lazy\" decoding=\"async\" class=\"bbc-139onq\" src=\"https:\/\/ichef.bbci.co.uk\/ace\/ws\/640\/cpsprodpb\/802e\/live\/52c470c0-979d-11ef-8884-db1c3079ff40.jpg.webp\" alt=\"Pinochet tras el golpe\" width=\"1019\" height=\"573\" \/><p class=\"wp-caption-text\">Fuente de la imagen,Getty Images.\u00a0\u00a0Tras el golpe militar de Pinochet, en 1973, muchos chilenos partieron al exilio.<\/p><\/div>\n<\/div>\n<\/figure>\n<div class=\"bbc-19j92fr ebmt73l0\" dir=\"ltr\">\n<p dir=\"ltr\">\n<p dir=\"ltr\">\n<p class=\"bbc-hhl7in e17g058b0\" dir=\"ltr\">Los estudiantes deb\u00edan usar un uniforme. Uno para la ma\u00f1ana y otro para la tarde. Pantalones azules para los hombres, faldas tableadas y zapatos de charol para las mujeres. El s\u00e1bado era el \u00fanico d\u00eda en que se pod\u00edan vestir como quer\u00edan (ocasi\u00f3n ideal para intercambiarse ropa entre los alumnos).<\/p>\n<\/div>\n<div class=\"bbc-19j92fr ebmt73l0\" dir=\"ltr\">\n<p class=\"bbc-hhl7in e17g058b0\" dir=\"ltr\">La jornada comenzaba temprano:\u00a0a las 6 de la ma\u00f1ana los despertaban a todos.<\/p>\n<\/div>\n<div class=\"bbc-19j92fr ebmt73l0\" dir=\"ltr\">\n<p class=\"bbc-hhl7in e17g058b0\" dir=\"ltr\">Despu\u00e9s, la rutina consist\u00eda en hacer ejercicio y, m\u00e1s tarde, tomar desayuno: huevos, pan con mantequilla, yogur.<\/p>\n<\/div>\n<div class=\"bbc-19j92fr ebmt73l0\" dir=\"ltr\">\n<p class=\"bbc-hhl7in e17g058b0\" dir=\"ltr\">En el libro &#8220;Los Ni\u00f1os del Interdom&#8221;, Cristi\u00e1n P\u00e9rez afirma que el resto del d\u00eda se divid\u00eda m\u00e1s o menos as\u00ed: clases por la ma\u00f1ana, almuerzo -que pod\u00eda incluir la famosa sopa rusa borsch-, siesta, hacer tareas y algunas horas libres para jugar.<\/p>\n<\/div>\n<div class=\"bbc-19j92fr ebmt73l0\" dir=\"ltr\">\n<p class=\"bbc-hhl7in e17g058b0\" dir=\"ltr\">Antes de dormir, hab\u00eda algo de espacio para la vida social hasta que a las 8 se apagaba la luz.<\/p>\n<\/div>\n<div class=\"bbc-19j92fr ebmt73l0\" dir=\"ltr\">\n<h2 id=\"Pioneros\" class=\"bbc-1lgzob2 eglt09e0\" tabindex=\"-1\">Pioneros<\/h2>\n<\/div>\n<div class=\"bbc-19j92fr ebmt73l0\" dir=\"ltr\">\n<p class=\"bbc-hhl7in e17g058b0\" dir=\"ltr\">Siempre, sin embargo, hab\u00eda momentos en que los estudiantes a\u00f1oraban a sus padres.<\/p>\n<\/div>\n<div class=\"bbc-19j92fr ebmt73l0\" dir=\"ltr\">\n<p class=\"bbc-hhl7in e17g058b0\" dir=\"ltr\">Con la voz entrecortada, Viola Carrillo recuerda que de los 10 a\u00f1os que estuvo en la escuela, visit\u00f3 a su madre s\u00f3lo en contadas ocasiones.<\/p>\n<\/div>\n<div class=\"bbc-19j92fr ebmt73l0\" dir=\"ltr\">\n<p class=\"bbc-hhl7in e17g058b0\" dir=\"ltr\">\u201cHoy, a mis 50 a\u00f1os, puedo decirlo:\u00a0a m\u00ed me falt\u00f3 mi familia, mi madre\u2026\u00a0porque aunque el Interdom me lo dio todo, nunca dej\u00f3 de ser un internado\u201d, dice.<\/p>\n<\/div>\n<div class=\"bbc-19j92fr ebmt73l0\" dir=\"ltr\">\n<p class=\"bbc-hhl7in e17g058b0\" dir=\"ltr\">De alguna forma, esa tristeza se balanceaba con el orgullo que sent\u00edan por lo que sus padres hab\u00edan hecho o segu\u00edan haciendo en sus pa\u00edses de origen.<\/p>\n<\/div>\n<div class=\"bbc-19j92fr ebmt73l0\" dir=\"ltr\">\n<p class=\"bbc-hhl7in e17g058b0\" dir=\"ltr\">Tambi\u00e9n los movilizaba la esperanza de volver.<\/p>\n<\/div>\n<div class=\"bbc-19j92fr ebmt73l0\" dir=\"ltr\">\n<p class=\"bbc-hhl7in e17g058b0\" dir=\"ltr\">\u201cTodo el tiempo habl\u00e1bamos de lo que estaba pasando en nuestros pa\u00edses,\u00a0ve\u00edamos la televisi\u00f3n esperando que las cosas cambiaran\u2026 fantase\u00e1bamos con que volv\u00edamos y que nos iban a estar esperando con banderas\u201d, cuenta Patricia Salgado, una chilena que tuvo que salir del pa\u00eds en 1974 tras el golpe de Pinochet. Su padre, Jorge Salgado, trabajaba en el Ministerio de Educaci\u00f3n de Salvador Allende.<\/p>\n<\/div>\n<div class=\"bbc-19j92fr ebmt73l0\" dir=\"ltr\">\n<p class=\"bbc-hhl7in e17g058b0\" dir=\"ltr\">\u201cCuando en Chile hubo un atentado en contra de Pinochet, pensamos: \u00a1\u00a1nos vamos!!\u201d.<\/p>\n<\/div>\n<div class=\"bbc-19j92fr ebmt73l0\" dir=\"ltr\">\n<p class=\"bbc-hhl7in e17g058b0\" dir=\"ltr\">\u201cSin ese est\u00edmulo, sin ese sue\u00f1o,\u00a0no hubi\u00e9semos podido sobrevivir.\u00a0Era lo que nos movilizaba\u201d, a\u00f1ade.<\/p>\n<p dir=\"ltr\">\n<\/div>\n<figure class=\"bbc-1qn0xuy\">\n<div class=\"bbc-18ywsw9\">\n<div style=\"width: 730px\" class=\"wp-caption alignnone\"><img loading=\"lazy\" decoding=\"async\" class=\"bbc-139onq\" src=\"https:\/\/ichef.bbci.co.uk\/ace\/ws\/640\/cpsprodpb\/ca48\/live\/d52a7090-979e-11ef-8884-db1c3079ff40.jpg.webp\" alt=\"Patricia Salgado a los 17 a\u00f1os en el Interdom.\" width=\"720\" height=\"405\" \/><p class=\"wp-caption-text\">Fuente de la imagen,Patricia Salgado.\u00a0\u00a0Patricia Salgado a los 17 a\u00f1os en el Interdom.<\/p><\/div>\n<\/div>\n<\/figure>\n<div class=\"bbc-19j92fr ebmt73l0\" dir=\"ltr\">\n<p dir=\"ltr\">\n<p dir=\"ltr\">\n<p class=\"bbc-hhl7in e17g058b0\" dir=\"ltr\">Un recuerdo similar comparte la ecuatoriana\u00a0Aida Le\u00f3n,\u00a0hija de un activista del partido comunista de Ecuador, que lleg\u00f3 al internado en 1973, con 14 a\u00f1os.<\/p>\n<\/div>\n<div class=\"bbc-19j92fr ebmt73l0\" dir=\"ltr\">\n<p class=\"bbc-hhl7in e17g058b0\" dir=\"ltr\">\u201cCelebramos tanto cuando cay\u00f3 (Anastasio) Somoza\u00a0(que ejerci\u00f3 el poder dictatorial de Nicaragua desde 1937 hasta 1979) o cuando fue la liberaci\u00f3n de Guinea-Bis\u00e1u (en septiembre de 1974). Todos est\u00e1bamos felices\u201d, indica.<\/p>\n<\/div>\n<div class=\"bbc-19j92fr ebmt73l0\" dir=\"ltr\">\n<p class=\"bbc-hhl7in e17g058b0\" dir=\"ltr\">Y es que la pol\u00edtica se pod\u00eda respirar en cada rinc\u00f3n del internado.<\/p>\n<\/div>\n<div class=\"bbc-19j92fr ebmt73l0\" dir=\"ltr\">\n<p class=\"bbc-hhl7in e17g058b0\" dir=\"ltr\">\u201cEl Interdom no era un lugar para los hijos de la burgues\u00eda,\u00a0sino para los revolucionarios. Entonces, desde su fundaci\u00f3n, tiene una fuerte presencia pol\u00edtica e ideol\u00f3gica. All\u00ed preparaban a ni\u00f1os que despu\u00e9s iban a volver al campo de lucha\u201d, explica Cristi\u00e1n P\u00e9rez.<\/p>\n<\/div>\n<div class=\"bbc-19j92fr ebmt73l0\" dir=\"ltr\">\n<p class=\"bbc-hhl7in e17g058b0\" dir=\"ltr\">\u201cToda la educaci\u00f3n ten\u00eda el sentido liberador del marxismo de aquella \u00e9poca. De formar gente comprometida con los procesos de cambio, con las luchas sociales\u201d, a\u00f1ade.<\/p>\n<\/div>\n<div class=\"bbc-19j92fr ebmt73l0\" dir=\"ltr\">\n<p class=\"bbc-hhl7in e17g058b0\" dir=\"ltr\">Incluso, algunos estudiantes recuerdan que jugaban a la \u201cguerrilla\u201d en el bosque colindante al establecimiento.<\/p>\n<\/div>\n<div class=\"bbc-19j92fr ebmt73l0\" dir=\"ltr\">\n<p class=\"bbc-hhl7in e17g058b0\" dir=\"ltr\">\u201cCada vez que pod\u00edamos nos escap\u00e1bamos al bosque y arm\u00e1bamos fortalezas y jug\u00e1bamos a la guerra\u201d, rememora Viola Carrillo.<\/p>\n<\/div>\n<div class=\"bbc-19j92fr ebmt73l0\" dir=\"ltr\">\n<p class=\"bbc-hhl7in e17g058b0\" dir=\"ltr\">Para quienes ten\u00edan un particular inter\u00e9s en la pol\u00edtica, estaba la opci\u00f3n de integrarse a la\u00a0organizaci\u00f3n Pioneros, una estructura creada en 1922 para hacer participar a los ni\u00f1os entre 10 y 14 a\u00f1os en actividades partidarias y formarlos con valores comunistas.<\/p>\n<p dir=\"ltr\">\n<\/div>\n<figure class=\"bbc-1qn0xuy\">\n<div class=\"bbc-18ywsw9\">\n<div style=\"width: 1034px\" class=\"wp-caption alignnone\"><img loading=\"lazy\" decoding=\"async\" class=\"bbc-139onq\" src=\"https:\/\/ichef.bbci.co.uk\/ace\/ws\/640\/cpsprodpb\/617d\/live\/3be2f010-979e-11ef-8884-db1c3079ff40.jpg.webp\" alt=\"Ni\u00f1os pioneros en Rusia\" width=\"1024\" height=\"576\" \/><p class=\"wp-caption-text\">Fuente de la imagen,Getty Images.\u00a0\u00a0Los ni\u00f1os que pertenec\u00edan a Pioneros deb\u00edan usar pa\u00f1uelos rojos.<\/p><\/div>\n<\/div>\n<\/figure>\n<div class=\"bbc-19j92fr ebmt73l0\" dir=\"ltr\">\n<p dir=\"ltr\">\n<p dir=\"ltr\">\n<p class=\"bbc-hhl7in e17g058b0\" dir=\"ltr\">A quienes formaban parte de este grupo se les reconoc\u00eda f\u00e1cilmente pues deb\u00edan lucir un pa\u00f1uelo rojo.<\/p>\n<\/div>\n<div class=\"bbc-19j92fr ebmt73l0\" dir=\"ltr\">\n<p class=\"bbc-hhl7in e17g058b0\" dir=\"ltr\">Una vez al a\u00f1o, asist\u00edan a los campamentos de verano, donde se encontraban con los otros miles de ni\u00f1os de la Uni\u00f3n Sovi\u00e9tica que formaban parte de la organizaci\u00f3n.<\/p>\n<\/div>\n<div class=\"bbc-19j92fr ebmt73l0\" dir=\"ltr\">\n<h2 id=\"Regresar\" class=\"bbc-1lgzob2 eglt09e0\" tabindex=\"-1\">Regresar<\/h2>\n<\/div>\n<div class=\"bbc-19j92fr ebmt73l0\" dir=\"ltr\">\n<p class=\"bbc-hhl7in e17g058b0\" dir=\"ltr\">Pero los ni\u00f1os que formaron parte del Interdom sab\u00edan que su paso por el lugar ten\u00eda\u00a0fecha de t\u00e9rmino.<\/p>\n<\/div>\n<div class=\"bbc-19j92fr ebmt73l0\" dir=\"ltr\">\n<p class=\"bbc-hhl7in e17g058b0\" dir=\"ltr\">Cuando cumpl\u00edan con su educaci\u00f3n media, les tocaba salir y enfrentarse con la vida real. Muchas veces, volver a sus pa\u00edses no era una opci\u00f3n.<\/p>\n<\/div>\n<div class=\"bbc-19j92fr ebmt73l0\" dir=\"ltr\">\n<p class=\"bbc-hhl7in e17g058b0\" dir=\"ltr\">\u201cEra dif\u00edcil, sobre todo por un tema econ\u00f3mico.\u00a0Los rublos no val\u00edan en ning\u00fan lugar\u201d, explica el acad\u00e9mico Cristi\u00e1n P\u00e9rez.<\/p>\n<\/div>\n<div class=\"bbc-19j92fr ebmt73l0\" dir=\"ltr\">\n<p class=\"bbc-hhl7in e17g058b0\" dir=\"ltr\">\u201cEsto gener\u00f3 que muchos j\u00f3venes se quedaran en la Uni\u00f3n Sovi\u00e9tica o en otros lugares de Europa como Suecia\u201d, agrega.<\/p>\n<\/div>\n<div class=\"bbc-19j92fr ebmt73l0\" dir=\"ltr\">\n<p class=\"bbc-hhl7in e17g058b0\" dir=\"ltr\">No obstante, algunos latinoamericanos s\u00ed lograron regresar.<\/p>\n<\/div>\n<div class=\"bbc-19j92fr ebmt73l0\" dir=\"ltr\">\n<p class=\"bbc-hhl7in e17g058b0\" dir=\"ltr\">Es el caso de Viola Carrillo y Patricia Salgado, quienes luego de cursar sus carreras profesionales en Rusia,\u00a0volvieron a Chile en la primera mitad de la d\u00e9cada de los 90\u2019,\u00a0tras el fin del r\u00e9gimen de Pinochet.<\/p>\n<\/div>\n<div class=\"bbc-19j92fr ebmt73l0\" dir=\"ltr\">\n<p class=\"bbc-hhl7in e17g058b0\" dir=\"ltr\">\u00d3scar Villagra y Aida Le\u00f3n tambi\u00e9n regresaron a Paraguay y Ecuador, respectivamente, en los 80\u2019.<\/p>\n<\/div>\n<div class=\"bbc-19j92fr ebmt73l0\" dir=\"ltr\">\n<p class=\"bbc-hhl7in e17g058b0\" dir=\"ltr\">A pesar de la alegr\u00eda que significaba regresar a sus hogares despu\u00e9s de tantos a\u00f1os, para algunos el proceso no fue f\u00e1cil.<\/p>\n<\/div>\n<div class=\"bbc-19j92fr ebmt73l0\" dir=\"ltr\">\n<p class=\"bbc-hhl7in e17g058b0\" dir=\"ltr\">\u201cFui la \u00fanica de mi familia que volv\u00ed y estuve muy sola. Dir\u00eda, incluso, que\u00a0el segundo exilio fue peor que el primero\u00a0porque llegu\u00e9 a una idiosincrasia totalmente diferente, muy individualista\u201d, recuerda Salgado.<\/p>\n<p dir=\"ltr\">\n<\/div>\n<figure class=\"bbc-1qn0xuy\">\n<div class=\"bbc-18ywsw9\">\n<div style=\"width: 783px\" class=\"wp-caption alignnone\"><img loading=\"lazy\" decoding=\"async\" class=\"bbc-139onq\" src=\"https:\/\/ichef.bbci.co.uk\/ace\/ws\/640\/cpsprodpb\/66a4\/live\/2ee7eb80-979f-11ef-8884-db1c3079ff40.jpg.webp\" alt=\"Mao Zedong\" width=\"773\" height=\"435\" \/><p class=\"wp-caption-text\">Fuente de la imagen,Getty Images.\u00a0\u00a0El hijo mayor del chino Mao Zedong asisti\u00f3 al internado, donde era conocido como Sergei Yun Fu para protegerlo.<\/p><\/div>\n<\/div>\n<\/figure>\n<div class=\"bbc-19j92fr ebmt73l0\" dir=\"ltr\">\n<p dir=\"ltr\">\n<p dir=\"ltr\">\n<p class=\"bbc-hhl7in e17g058b0\" dir=\"ltr\">Actualmente, el Interdom -que lleva el nombre de\u00a0Elena Stasova,\u00a0una l\u00edder del Partido Comunista de la Uni\u00f3n Sovi\u00e9tica- sigue existiendo aunque de manera muy diferente.<\/p>\n<\/div>\n<div class=\"bbc-19j92fr ebmt73l0\" dir=\"ltr\">\n<p class=\"bbc-hhl7in e17g058b0\" dir=\"ltr\">Aunque sobrevivi\u00f3 a la disoluci\u00f3n de la URSS, en 1991, la presencia de ni\u00f1os extranjeros de todo el mundo -y especialmente de Am\u00e9rica Latina- ha disminuido.<\/p>\n<\/div>\n<div class=\"bbc-19j92fr ebmt73l0\" dir=\"ltr\">\n<p class=\"bbc-hhl7in e17g058b0\" dir=\"ltr\">A principios de los 2000,\u00a0se impuls\u00f3 la idea de convertirlo en una academia militar.\u00a0El plan se fren\u00f3 despu\u00e9s de que los estudiantes le escribieran al presidente\u00a0Vladimir Putin\u00a0e hicieran una huelga de hambre.<\/p>\n<\/div>\n<div class=\"bbc-19j92fr ebmt73l0\" dir=\"ltr\">\n<p class=\"bbc-hhl7in e17g058b0\" dir=\"ltr\">En los a\u00f1os siguientes, el Interdom se dedic\u00f3 principalmente a recibir j\u00f3venes de Rusia y de las ex rep\u00fablicas sovi\u00e9ticas.<\/p>\n<\/div>\n<div class=\"bbc-19j92fr ebmt73l0\" dir=\"ltr\">\n<p class=\"bbc-hhl7in e17g058b0\" dir=\"ltr\">Hoy, el internado -que cuenta con 10 edificios y una capacidad para m\u00e1s de 500 alumnos- realiza s\u00f3lo\u00a0programas educativos de corta duraci\u00f3n\u00a0(m\u00e1ximo de 90 d\u00edas) para ni\u00f1os extranjeros.<\/p>\n<\/div>\n<div class=\"bbc-19j92fr ebmt73l0\" dir=\"ltr\">\n<p class=\"bbc-hhl7in e17g058b0\" dir=\"ltr\">Pero el recuerdo nost\u00e1lgico de muchos de los que estudiaron all\u00ed sigue intacto.<\/p>\n<\/div>\n<div class=\"bbc-19j92fr ebmt73l0\" dir=\"ltr\">\n<p class=\"bbc-hhl7in e17g058b0\" dir=\"ltr\">Los latinoamericanos que dieron su testimonio, afirmaron que siguen manteniendo decoraciones rusas en sus casas. Tambi\u00e9n contin\u00faan preparando los platos t\u00edpicos de la \u00e9poca sovi\u00e9tica, mientras que la m\u00fasica y las series las prefieren en ruso.<\/p>\n<\/div>\n<div class=\"bbc-19j92fr ebmt73l0\" dir=\"ltr\">\n<p class=\"bbc-hhl7in e17g058b0\" dir=\"ltr\">\u201cEs una cultura tan fuerte que es imposible dejar atr\u00e1s\u201d, dice Viola Carrillo. Lo que se traduce en adoctrinaci\u00f3n.<\/p>\n<\/div>\n","protected":false},"excerpt":{"rendered":"<p>&nbsp; &nbsp; Viola Carrillo ten\u00eda apenas 7 a\u00f1os cuando tuvo que huir de Chile en agosto de 1974. Pocos meses antes, el r\u00e9gimen de\u00a0Augusto Pinochet\u00a0hab\u00eda&hellip;<\/p>\n","protected":false},"author":99,"featured_media":525376,"comment_status":"open","ping_status":"open","sticky":false,"template":"","format":"standard","meta":{"footnotes":""},"categories":[23],"tags":[],"class_list":["post-525375","post","type-post","status-publish","format-standard","has-post-thumbnail","hentry","category-latinoamerica"],"_links":{"self":[{"href":"https:\/\/diarioelpopular.com\/index.php\/wp-json\/wp\/v2\/posts\/525375","targetHints":{"allow":["GET"]}}],"collection":[{"href":"https:\/\/diarioelpopular.com\/index.php\/wp-json\/wp\/v2\/posts"}],"about":[{"href":"https:\/\/diarioelpopular.com\/index.php\/wp-json\/wp\/v2\/types\/post"}],"author":[{"embeddable":true,"href":"https:\/\/diarioelpopular.com\/index.php\/wp-json\/wp\/v2\/users\/99"}],"replies":[{"embeddable":true,"href":"https:\/\/diarioelpopular.com\/index.php\/wp-json\/wp\/v2\/comments?post=525375"}],"version-history":[{"count":1,"href":"https:\/\/diarioelpopular.com\/index.php\/wp-json\/wp\/v2\/posts\/525375\/revisions"}],"predecessor-version":[{"id":525377,"href":"https:\/\/diarioelpopular.com\/index.php\/wp-json\/wp\/v2\/posts\/525375\/revisions\/525377"}],"wp:featuredmedia":[{"embeddable":true,"href":"https:\/\/diarioelpopular.com\/index.php\/wp-json\/wp\/v2\/media\/525376"}],"wp:attachment":[{"href":"https:\/\/diarioelpopular.com\/index.php\/wp-json\/wp\/v2\/media?parent=525375"}],"wp:term":[{"taxonomy":"category","embeddable":true,"href":"https:\/\/diarioelpopular.com\/index.php\/wp-json\/wp\/v2\/categories?post=525375"},{"taxonomy":"post_tag","embeddable":true,"href":"https:\/\/diarioelpopular.com\/index.php\/wp-json\/wp\/v2\/tags?post=525375"}],"curies":[{"name":"wp","href":"https:\/\/api.w.org\/{rel}","templated":true}]}}