{"id":525409,"date":"2024-11-25T19:54:12","date_gmt":"2024-11-25T23:54:12","guid":{"rendered":"https:\/\/diarioelpopular.com\/?p=525409"},"modified":"2024-11-25T19:54:12","modified_gmt":"2024-11-25T23:54:12","slug":"activista-antiisraeli-pro-hamas-detenida-tras-protesta-en-ottawa-es-funcionaria-del-gobierno-federal","status":"publish","type":"post","link":"https:\/\/diarioelpopular.com\/index.php\/2024\/11\/25\/activista-antiisraeli-pro-hamas-detenida-tras-protesta-en-ottawa-es-funcionaria-del-gobierno-federal\/","title":{"rendered":"Activista antiisrael\u00ed pro Ham\u00e1s detenida tras protesta en Ottawa es funcionaria del gobierno federal"},"content":{"rendered":"<div id=\"attachment_525410\" style=\"width: 646px\" class=\"wp-caption alignnone\"><img loading=\"lazy\" decoding=\"async\" aria-describedby=\"caption-attachment-525410\" class=\"wp-image-525410 size-custom-full-size\" src=\"https:\/\/diarioelpopular.com\/wp-content\/uploads\/2024\/11\/Screen-Shot-2024-11-25-at-6.51.19-PM-636x479.png\" alt=\"\" width=\"636\" height=\"479\" srcset=\"https:\/\/diarioelpopular.com\/wp-content\/uploads\/2024\/11\/Screen-Shot-2024-11-25-at-6.51.19-PM-636x479.png 636w, https:\/\/diarioelpopular.com\/wp-content\/uploads\/2024\/11\/Screen-Shot-2024-11-25-at-6.51.19-PM-300x226.png 300w, https:\/\/diarioelpopular.com\/wp-content\/uploads\/2024\/11\/Screen-Shot-2024-11-25-at-6.51.19-PM-768x578.png 768w, https:\/\/diarioelpopular.com\/wp-content\/uploads\/2024\/11\/Screen-Shot-2024-11-25-at-6.51.19-PM-97x73.png 97w, https:\/\/diarioelpopular.com\/wp-content\/uploads\/2024\/11\/Screen-Shot-2024-11-25-at-6.51.19-PM.png 1024w\" sizes=\"auto, (max-width: 636px) 100vw, 636px\" \/><p id=\"caption-attachment-525410\" class=\"wp-caption-text\">Sarah Wazzi Moukahal, simpatizantes del grupo Ham\u00e1s, sus l\u00edderes y de los actos terroristas cometidos contra Israel.<\/p><\/div>\n<p>&nbsp;<\/p>\n<p>&nbsp;<\/p>\n<ul>\n<li><em><strong>Sarah Wazzi-Moukahal, simpatizante del grupo terrorista Ham\u00e1s fue detenida por alentar a la protesta antiisrael\u00ed a tomar las calles del centro de la capital<\/strong><\/em><\/li>\n<\/ul>\n<p>&nbsp;<\/p>\n<p>La mujer detenida el fin de semana en relaci\u00f3n con un incidente ocurrido en una protesta antiisrael\u00ed en el centro de Ottawa la semana pasada se descubri\u00f3 que es una funcionaria p\u00fablica de larga trayectoria con experiencia en varias agencias gubernamentales.<\/p>\n<p>Sarah Wazzi-Moukahal, de 29 a\u00f1os, fue detenida el domingo en relaci\u00f3n con la protesta del 18 de noviembre en la que, seg\u00fan la polic\u00eda, activistas antiisrael\u00edes intentaron tomar la calle Elgin cerca del Ayuntamiento de Ottawa alrededor de las 5 p.m.<\/p>\n<p>Seg\u00fan la polic\u00eda de Ottawa, los manifestantes tomaron la intersecci\u00f3n frente al palacio de justicia de Ottawa a pesar de que la polic\u00eda les advirti\u00f3 varias veces que no lo hicieran.<\/p>\n<p>\u201cTras un retraso de 20 minutos, en el que los manifestantes ocuparon una parte de la intersecci\u00f3n de Elgin St. y Nepean St., bloqueando el estacionamiento de la ciudad de Ottawa, los agitados manifestantes comenzaron la protesta a pie en la acera de Laurier Ave. W. Luego, r\u00e1pidamente giraron hacia el norte por Metcalfe St. y tomaron la calle cortando el tr\u00e1nsito vehicular\u201d, dec\u00eda un comunicado de prensa de la polic\u00eda.<\/p>\n<p>Durante la primera comparecencia de Wazzi-Moukahal este lunes por la ma\u00f1ana, el fiscal de la Corona, Moiz Karimjee, dijo al tribunal que Wazzi-Moukahal fue una de las principales impulsoras de la decisi\u00f3n de la protesta de desobedecer las \u00f3rdenes policiales de no salir a la calle.<\/p>\n<p>\u201cLas acciones de Sarah Wazzi-Moukahal excedieron los l\u00edmites de la protesta local cuando, como l\u00edder de la protesta palestina, alent\u00f3 a los manifestantes a desobedecer las instrucciones policiales de no estar en las calles y obstruy\u00f3 f\u00edsicamente a la polic\u00eda\u201d, dijo Karimjee al tribunal.<\/p>\n<p>\u201cEl nivel de ruido que gener\u00f3 al usar el meg\u00e1fono con el que gritaba interfiri\u00f3 en el uso y disfrute local de la propiedad\u201d.<\/p>\n<p>La protesta hizo que los residentes de la zona se sintieran inseguros, a\u00f1adi\u00f3 Karimjee, y dijo que al menos un residente est\u00e1 buscando un nuevo lugar para vivir.<\/p>\n<p>\u201cLa Corona no se opone a las protestas legales, lo que se est\u00e1 abordando aqu\u00ed son las actividades ilegales durante la protesta\u201d, dijo.<\/p>\n<p>\u201cWazzi-Moukahal es empleada del Gobierno Federal de Canad\u00e1\u201d.<\/p>\n<p>Wazzi-Moukahal fue puesta en libertad tras pagar una fianza de 1.000 d\u00f3lares y con \u00f3rdenes de no asociarse con varias personas (muchas de las cuales fueron detenidas durante la protesta del 18 de noviembre), de no participar, apoyar u organizar protestas relacionadas con Oriente Medio, de no poseer dispositivos de amplificaci\u00f3n de sonido y de llevar mascarillas en p\u00fablico para ocultar su identidad sin tener una raz\u00f3n m\u00e9dica v\u00e1lida y documentada.<\/p>\n<p>Su pr\u00f3xima comparecencia ante el tribunal est\u00e1 prevista para el 20 de diciembre.<\/p>\n<p>La p\u00e1gina de LinkedIn de Wazzi-Moukahal, ahora eliminada, enumeraba empleos que se remontan a 2016 con el Gobierno de Canad\u00e1, donde trabaj\u00f3 nueve meses como especialista en verificaci\u00f3n de seguridad del personal con Servicios P\u00fablicos y Adquisiciones de Canad\u00e1.<\/p>\n<p>Tambi\u00e9n trabaj\u00f3 como asistente administrativa con Asuntos Globales de Canad\u00e1, cuatro meses como analista de pol\u00edticas con Seguridad P\u00fablica de Canad\u00e1, cuatro meses como funcionaria de asuntos p\u00fablicos con la embajada canadiense en Laos y como analista de pol\u00edticas para &#8220;mujeres, paz y seguridad&#8221; con Asuntos Globales de Canad\u00e1.<\/p>\n<p>Los registros gubernamentales en l\u00ednea enumeran que Wazzi-Moukahal trabaj\u00f3 como funcionaria de pol\u00edticas con Inmigraci\u00f3n, Refugiados y Ciudadan\u00eda de Canad\u00e1.<\/p>\n<p>&#8220;El Gobierno de Canad\u00e1 apoya el derecho a protestar pac\u00edficamente. Inmigraci\u00f3n, Refugiados y Ciudadan\u00eda de Canad\u00e1 (IRCC) proporciona a todos los empleados pautas sobre c\u00f3mo participar en protestas o activismo. \u201cLos empleados deben respetar la ley y defender el C\u00f3digo de Valores y \u00c9tica del Sector P\u00fablico\u201d, se lee en un comunicado de la portavoz del IRCC, Michelle Carbert.<\/p>\n<p>\u201cSomos conscientes de esta delicada situaci\u00f3n. Nos la tomamos muy en serio y estamos investigando activamente estas acusaciones\u201d, que un empleado del gobierno sea partidario y simpatizantes de un movimiento terrorista, como lo es Ham\u00e1s<\/p>\n<p>Wazzi-Moukahal es una figura destacada del movimiento antiisrael\u00ed de Ottawa, pro Ham\u00e1s con un historial de publicaciones en las redes sociales en defensa de Ham\u00e1s, sus l\u00edderes y de los actos terroristas cometidos contra Israel.<\/p>\n","protected":false},"excerpt":{"rendered":"<p>&nbsp; &nbsp; Sarah Wazzi-Moukahal, simpatizante del grupo terrorista Ham\u00e1s fue detenida por alentar a la protesta antiisrael\u00ed a tomar las calles del centro de la&hellip;<\/p>\n","protected":false},"author":99,"featured_media":525410,"comment_status":"open","ping_status":"open","sticky":false,"template":"","format":"standard","meta":{"footnotes":""},"categories":[21],"tags":[],"class_list":["post-525409","post","type-post","status-publish","format-standard","has-post-thumbnail","hentry","category-canada"],"_links":{"self":[{"href":"https:\/\/diarioelpopular.com\/index.php\/wp-json\/wp\/v2\/posts\/525409","targetHints":{"allow":["GET"]}}],"collection":[{"href":"https:\/\/diarioelpopular.com\/index.php\/wp-json\/wp\/v2\/posts"}],"about":[{"href":"https:\/\/diarioelpopular.com\/index.php\/wp-json\/wp\/v2\/types\/post"}],"author":[{"embeddable":true,"href":"https:\/\/diarioelpopular.com\/index.php\/wp-json\/wp\/v2\/users\/99"}],"replies":[{"embeddable":true,"href":"https:\/\/diarioelpopular.com\/index.php\/wp-json\/wp\/v2\/comments?post=525409"}],"version-history":[{"count":1,"href":"https:\/\/diarioelpopular.com\/index.php\/wp-json\/wp\/v2\/posts\/525409\/revisions"}],"predecessor-version":[{"id":525411,"href":"https:\/\/diarioelpopular.com\/index.php\/wp-json\/wp\/v2\/posts\/525409\/revisions\/525411"}],"wp:featuredmedia":[{"embeddable":true,"href":"https:\/\/diarioelpopular.com\/index.php\/wp-json\/wp\/v2\/media\/525410"}],"wp:attachment":[{"href":"https:\/\/diarioelpopular.com\/index.php\/wp-json\/wp\/v2\/media?parent=525409"}],"wp:term":[{"taxonomy":"category","embeddable":true,"href":"https:\/\/diarioelpopular.com\/index.php\/wp-json\/wp\/v2\/categories?post=525409"},{"taxonomy":"post_tag","embeddable":true,"href":"https:\/\/diarioelpopular.com\/index.php\/wp-json\/wp\/v2\/tags?post=525409"}],"curies":[{"name":"wp","href":"https:\/\/api.w.org\/{rel}","templated":true}]}}