{"id":525429,"date":"2024-11-26T10:25:36","date_gmt":"2024-11-26T14:25:36","guid":{"rendered":"https:\/\/diarioelpopular.com\/?p=525429"},"modified":"2024-11-26T10:25:36","modified_gmt":"2024-11-26T14:25:36","slug":"cronicas-ecuador-un-ano-obscuro","status":"publish","type":"post","link":"https:\/\/diarioelpopular.com\/index.php\/2024\/11\/26\/cronicas-ecuador-un-ano-obscuro\/","title":{"rendered":"CR\u00d3NICAS: Ecuador, Un A\u00f1o Obscuro"},"content":{"rendered":"<p><img loading=\"lazy\" decoding=\"async\" class=\"alignnone size-custom-full-size wp-image-525431\" src=\"https:\/\/diarioelpopular.com\/wp-content\/uploads\/2024\/11\/Screen-Shot-2024-11-26-at-9.24.54-AM-636x393.png\" alt=\"\" width=\"636\" height=\"393\" srcset=\"https:\/\/diarioelpopular.com\/wp-content\/uploads\/2024\/11\/Screen-Shot-2024-11-26-at-9.24.54-AM-636x393.png 636w, https:\/\/diarioelpopular.com\/wp-content\/uploads\/2024\/11\/Screen-Shot-2024-11-26-at-9.24.54-AM-300x185.png 300w, https:\/\/diarioelpopular.com\/wp-content\/uploads\/2024\/11\/Screen-Shot-2024-11-26-at-9.24.54-AM-768x475.png 768w, https:\/\/diarioelpopular.com\/wp-content\/uploads\/2024\/11\/Screen-Shot-2024-11-26-at-9.24.54-AM-118x73.png 118w, https:\/\/diarioelpopular.com\/wp-content\/uploads\/2024\/11\/Screen-Shot-2024-11-26-at-9.24.54-AM.png 864w\" sizes=\"auto, (max-width: 636px) 100vw, 636px\" \/><\/p>\n<p>&nbsp;<\/p>\n<p class=\"p1\"><em><strong>Por: Luc\u00eda P. de Garc\u00eda<\/strong><\/em><\/p>\n<p>&nbsp;<\/p>\n<p class=\"p1\"><em><strong>Toronto.-<\/strong><\/em> Derrochando belleza, se\u00f1or\u00edo, amabilidad, la ciudad de Cuenca, situada en la Provincia del Azuay al sur de Ecuador, entre el 14 y el 15 de noviembre acogi\u00f3 a la XXIX Cumbre Iberoamericana de Jefes de Estado y de Gobierno. Las reuniones que empezaron en 1991 se efect\u00faan cada cuatro a\u00f1os con la asistencia de 22 mandatarios. Esta vez s\u00f3lo cont\u00f3 con el presidente de Portugal, de Rep\u00fablica Dominicana, el jefe de Gobierno de Andorra, el rey de Espa\u00f1a y el presidente ecuatoriano, Daniel Noboa, quien sell\u00f3 el evento con un discurso en el que se alaba a s\u00ed mismo y a su familia, encabezada por el exportador de banano y m\u00e1ximo millonario del pa\u00eds, su padre. No se firm\u00f3 el usual Acuerdo, ni la Declaraci\u00f3n de Cuenca. El total fracaso avergonz\u00f3 a la rep\u00fablica.<span class=\"Apple-converted-space\">\u00a0<\/span><\/p>\n<p class=\"p1\">\u00bfQu\u00e9 hab\u00eda sucedido? Ecuador palpaba las consecuencias de la invasi\u00f3n a la Embajada de M\u00e9xico y secuestro a su asilado pol\u00edtico, el ex vicepresidente Jorge Glas, ocurrida en abril por orden de Noboa. Tambi\u00e9n experimentaba la reacci\u00f3n iberoamericana ante el atentado contra la democracia efectuado por el mandatario d\u00edas antes, al suspender a la vicepresidente Ver\u00f3nica Abad y reemplazarla por Sariha Moya, cuando es la Asamblea Nacional la \u00fanica que puede investir o destituir presidente y vicepresidente electos por voto popular, y s\u00f3lo bajo causales espec\u00edficas.<\/p>\n<p class=\"p1\">En contraste, la Cumbre Empresarial que se dio paralelamente tuvo gran concurrencia, aunque termin\u00f3 en forma desafortunada: en la cena de despedida Noboa orden\u00f3 se impida el ingreso de la presidenta del Comit\u00e9 Empresarial Ecuatoriano. Estaba resentido con ella, le hab\u00eda denunciado ante la Corte Constitucional por asuntos gremiales.<span class=\"Apple-converted-space\">\u00a0<\/span><\/p>\n<p class=\"p1\">Todo esto ocurr\u00eda mientras la Marcha de los Pueblos en Resistencia recorr\u00eda las calles de la urbe con pancartas y consignas contra Noboa, el extractivismo, las graves crisis social, econ\u00f3mica, inseguridad, de energ\u00eda. Esta \u00faltima causante de los apagones de 12 horas en el pa\u00eds, a veces acompa\u00f1ados de falta de agua y fallas en el servicio celular.<span class=\"Apple-converted-space\">\u00a0<\/span><\/p>\n<p class=\"p1\">A m\u00e1s de estas circunstancias, la Cumbre estuvo enmarcada por un humo obscuro. Se trataba de un incendio que hab\u00eda iniciado el 13 en el Parque Nacional Cajas. Pese al tit\u00e1nico esfuerzo de los bomberos quedaba en cenizas el magn\u00edfico pajonal donde nacen las fuentes de agua que abastecen a la provincia. La ayuda gubernamental lleg\u00f3 el domingo 17, para entonces las llamas hab\u00edan avanzado hasta la Provincia de Loja que limita con Per\u00fa, pa\u00eds que estaba prestando su contingente para apagar el fuego.<\/p>\n<p class=\"p1\">Tambi\u00e9n Colombia reanud\u00f3 la venta de energ\u00eda el\u00e9ctrica ese domingo, permitiendo reducir los apagones a 8 horas. No obstante, nadie sabe cu\u00e1ndo terminar\u00e1 esta crisis que se vuelve desesperante ya que afecta el desempe\u00f1o de las actividades diarias, la conservaci\u00f3n de alimentos, la atenci\u00f3n hospitalaria, las tareas educativas, el comercio, la industria y m\u00e1s. Cada hora de apagones le cuestan al Ecuador USD 12 millones.<span class=\"Apple-converted-space\">\u00a0 \u00a0<\/span><\/p>\n<p class=\"p1\">As\u00ed, entre incendios y obscuridad la campa\u00f1a electoral para elegir en febrero a las m\u00e1ximas autoridades del Ejecutivo y del Legislativo para el per\u00edodo 2025-2029 se perfila. Noboa la empez\u00f3 pr\u00e1cticamente desde su asunci\u00f3n presidencial hace un a\u00f1o, el 23 de noviembre 2023, cuando anunci\u00f3 su deseo de ser reelecto.<\/p>\n<p class=\"p1\">Con esa meta y ante el desplome de su popularidad, ha contratado empresas especializadas para mejorar su imagen, pag\u00e1ndoles hasta el momento USD 12 millones. Adem\u00e1s, conforme su advertencia \u201csoy p\u00e9simo, p\u00e9simo enemigo a tener\u201d, ha arremetido contra quienes podr\u00edan darle fuertes dolores de cabeza pol\u00edticos:<span class=\"Apple-converted-space\">\u00a0<\/span><\/p>\n<p class=\"p1\">A su vicepresidente, Ver\u00f3nica Abad, la envi\u00f3 en diciembre a Israel como embajadora extraordinaria para lograr la paz en la regi\u00f3n. Luego Canciller\u00eda la traslad\u00f3 a Turqu\u00eda y le orden\u00f3 estar all\u00ed en determinada fecha, por llegar tres d\u00edas despu\u00e9s la Ministra de Trabajo le interpuso un sumario administrativo que se concret\u00f3 a mediados del presente mes, con suspensi\u00f3n de funciones y 150 d\u00edas sin sueldo. Abad regres\u00f3 a Quito la semana anterior para recuperar su cargo, estar con su familia y apoyar a su hijo mayor, quien est\u00e1 acusado de tr\u00e1fico de influencias y de tener dinero en para\u00edsos fiscales, supuestos que le hicieron permanecer detenido por un mes en la peor c\u00e1rcel del pa\u00eds. Por orden de una jueza hoy puede defenderse en libertad<\/p>\n<p class=\"p1\">A su Ministra de Energ\u00eda, Andrea Arrobo, luego del primer apag\u00f3n masivo en abril la acus\u00f3 de supuesto sabotaje y traici\u00f3n a la Patria. Ella indic\u00f3 que a tiempo alert\u00f3 al mandatario de la agudizaci\u00f3n de la crisis energ\u00e9tica, pero Noboa no le dio importancia.<span class=\"Apple-converted-space\">\u00a0<\/span><\/p>\n<p class=\"p1\">En julio, Aquiles \u00c1lvarez, alcalde de Guayaquil, tras denunciar al gobierno por negar la entrega de garant\u00edas soberanas de un cr\u00e9dito para la urbe, \u00e9l y sus hermanos fueron acusados ante Fiscal\u00eda de comerciar combustibles en forma irregular en sus gasolineras. \u00c1lvarez respondi\u00f3 \u201cfarsa sin sustento, elemento distractor\u201d.<span class=\"Apple-converted-space\">\u00a0<\/span><\/p>\n<p class=\"p1\">Este mes, Jan Topic, candidato presidencial 2025-2029 fue descalificado por impugnaciones. Topic se\u00f1al\u00f3 a Noboa como el causante de tal rev\u00e9s y de arriesgar que el pa\u00eds se quede sin internet ya que el negocio de su familia, Telconet, hab\u00eda sido notificado de la extinci\u00f3n del t\u00edtulo habilitante de su filial Cable Andino S.A. por irregularidades en su adjudicaci\u00f3n. El fundador de dicha empresa, su padre, lo neg\u00f3.<span class=\"Apple-converted-space\">\u00a0<\/span><\/p>\n<p class=\"p1\">El casi permanente Estado de Excepci\u00f3n decretado por Noboa a principios de 2024 ha sido cuestionado por la Corte Constitucional: no cumple los aspectos indispensables para que se configure la causal de conflicto armado interno. Las medidas contra el crimen organizado debieron darse en r\u00e9gimen ordinario.<\/p>\n<p class=\"p1\">Como fuere, lo cierto es que la inseguridad campea. A pesar de que el gobierno subi\u00f3 el IVA del 12 al 15% para combatirla, aduce que no hay dinero. Los economistas afirman que s\u00ed hay, est\u00e1n depositados en las Reservas Internacionales que garantizan los pr\u00e9stamos del FMI, endeudamiento que se sigue incrementando en cifras que asustan.<span class=\"Apple-converted-space\">\u00a0<\/span><\/p>\n<p class=\"p1\">El neoliberalismo se ha instalado en el pa\u00eds favoreciendo a las m\u00e1s altas esferas, que multiplican sus fortunas sin tener ni idea de lo que siente quien tiene hambre, ha perdido su empleo, ve morir a un ser querido por no poder comprar una medicina.<span class=\"Apple-converted-space\">\u00a0<\/span><\/p>\n<p class=\"p1\">CID Gallup indica que en su \u00faltima encuesta realizada entre septiembre y octubre, el 45% de los habitantes de Ecuador no tiene dinero para adquirir comida, lo que le sit\u00faa en octavo lugar en la lista de pa\u00edses en crisis alimentaria regional.<span class=\"Apple-converted-space\">\u00a0<\/span><\/p>\n<p class=\"p1\">En contraste, s\u00ed tienen dinero quienes est\u00e1n interesados en conseguir que los pobladores de Palo Quemado, que ya en marzo sufrieron la represi\u00f3n militar y policial para forzarlos a aprobar en consulta ambiental el proyecto minero \u201cLa Plata\u201d de la transnacional canadiense Atico Mining, esta vez lo acepten. Con ese objetivo volvieron los militares a fines de octubre, por lo que los habitantes, representantes de organizaciones y movimientos sociales dirigieron una carta abierta al presidente Noboa, a la empresa canadiense y a la Embajada de Canad\u00e1 en Ecuador, explicando los antecedentes e indicando que las actividades mineras afectar\u00edan las fuentes de agua, el aire, el medioambiente, el tejido social de sus comunidades y la exportaci\u00f3n a Europa<span class=\"Apple-converted-space\">\u00a0 <\/span>de la panela que producen. Tambi\u00e9n solicitando acabar con el hostigamiento y la criminalizaci\u00f3n de los defensores de los derechos de la Naturaleza, anular el proceso de consulta ambiental, cancelar el Acuerdo entre los ministerios de Recursos no Renovables y de Defensa Nacional para crear \u00e1reas de reservas de seguridad y proyectos mineros en la zona. Esperan prontas respuestas.<\/p>\n<p class=\"p1\">Consciente de que la forma de existir en medio de crisis no es vida, el pueblo ha empezado a salir a las calles a protestar pac\u00edficamente. La Polic\u00eda ha respondido con gases lacrim\u00f3genos, bombas de sonido aturdidor, toletes, empujones, arrastres de personas por las calles. El jueves 22, en varias ciudades se protest\u00f3 contra el gobierno.<span class=\"Apple-converted-space\">\u00a0<\/span><\/p>\n<p class=\"p1\">En Quito, m\u00faltiples vallas formaron un cerco a dos kil\u00f3metros de la sede de gobierno, el Palacio de Carondelet, en tanto 2.000 polic\u00edas se aprestaban a impedir el ingreso al centro hist\u00f3rico. Portaban escudos, armas, los que estaban en motos recorr\u00edan el sector amedrentando a los manifestantes, algunos de los cuales les ped\u00edan unirse al pueblo env\u00e9s de maltratarlo, la respuesta de los gendarmes eran risas y m\u00e1s agresi\u00f3n. Hubo 12 detenidos, entre ellos una funcionaria legislativa que fue llevada a la Unidad de Flagrancia, menores de edad, alguien que gritaba \u201cProtestar no es desestabilizar\u201d, y dos observadores de la defensora de Derechos Humanos INREDH, a quienes luego de<span class=\"Apple-converted-space\">\u00a0 <\/span>permanecer incomunicados los liberaron con signos de maltrato f\u00edsico y psicol\u00f3gico.<span class=\"Apple-converted-space\">\u00a0<\/span><\/p>\n<p class=\"p1\">Los informes de diversas entidades Defensoras de Derechos Humanos coinciden con el presentado por Amnist\u00eda Internacional este fin de semana, resumo: \u201cla condici\u00f3n de los derechos humanos se deterioraron en Ecuador durante el gobierno actual\u201d. Preocupan las miles denuncias de detenciones sin garant\u00edas procesales; la falta de agua, alimentos, y desatenci\u00f3n m\u00e9dica, en las c\u00e1rceles; la tortura, ejecuciones extrajudiciales y desapariciones forzadas durante los operativos de seguridad; la estigmatizaci\u00f3n a quienes las denuncian. \u201cLas medidas excepcionales que restringen los derechos humanos han pasado de ser temporales a convertirse en la norma en Ecuador, y las repercusiones negativas son claras. La poblaci\u00f3n de Ecuador merece vivir en condiciones de seguridad sin tener que renunciar a sus derechos\u201d. \u201cLa comunidad internacional tiene un papel fundamental en llamar a las autoridades ecuatorianas a actuar con transparencia y rendir cuentas, y ha llegado el momento de que lo haga\u201d.<\/p>\n<p class=\"p1\">Quiz\u00e1s por esa raz\u00f3n, el viernes 22 el peri\u00f3dico brit\u00e1nico The Economist public\u00f3 un duro y detallado reportaje sobre Ecuador, en el que denuncia que el lugar donde hace pocos a\u00f1os reinaban paz, tranquilidad y progreso, hoy es exportador de droga en cajas de banano. Como la fruta madura pronto, \u00e9stas pasan r\u00e1pidamente por la aduana y los muelles de Guayaquil y Dur\u00e1n. Afirma que el narcotr\u00e1fico ha crecido porque el gobierno se ha negado a invertir en esc\u00e1neres portuarios que detecten la coca\u00edna camuflada en las cajas. Se\u00f1ala que Am\u00e9rica Latina tiene un nuevo narcoestado: Ecuador.<span class=\"Apple-converted-space\">\u00a0<\/span><\/p>\n<p class=\"p1\">Sin ninguna duda, el 2024 ha sido muy obscuro para mi amada Patria\u2026<span class=\"Apple-converted-space\">\u00a0 \u00a0<\/span><\/p>\n<p class=\"p3\"><span class=\"Apple-converted-space\">\u00a0<\/span><\/p>\n<p class=\"p5\">\n<p class=\"p7\">\n","protected":false},"excerpt":{"rendered":"<p>&nbsp; Por: Luc\u00eda P. de Garc\u00eda &nbsp; Toronto.- Derrochando belleza, se\u00f1or\u00edo, amabilidad, la ciudad de Cuenca, situada en la Provincia del Azuay al sur de&hellip;<\/p>\n","protected":false},"author":99,"featured_media":525431,"comment_status":"open","ping_status":"open","sticky":false,"template":"","format":"standard","meta":{"footnotes":""},"categories":[81,11362,23],"tags":[],"class_list":["post-525429","post","type-post","status-publish","format-standard","has-post-thumbnail","hentry","category-columnistas","category-cronicas","category-latinoamerica"],"_links":{"self":[{"href":"https:\/\/diarioelpopular.com\/index.php\/wp-json\/wp\/v2\/posts\/525429","targetHints":{"allow":["GET"]}}],"collection":[{"href":"https:\/\/diarioelpopular.com\/index.php\/wp-json\/wp\/v2\/posts"}],"about":[{"href":"https:\/\/diarioelpopular.com\/index.php\/wp-json\/wp\/v2\/types\/post"}],"author":[{"embeddable":true,"href":"https:\/\/diarioelpopular.com\/index.php\/wp-json\/wp\/v2\/users\/99"}],"replies":[{"embeddable":true,"href":"https:\/\/diarioelpopular.com\/index.php\/wp-json\/wp\/v2\/comments?post=525429"}],"version-history":[{"count":1,"href":"https:\/\/diarioelpopular.com\/index.php\/wp-json\/wp\/v2\/posts\/525429\/revisions"}],"predecessor-version":[{"id":525432,"href":"https:\/\/diarioelpopular.com\/index.php\/wp-json\/wp\/v2\/posts\/525429\/revisions\/525432"}],"wp:featuredmedia":[{"embeddable":true,"href":"https:\/\/diarioelpopular.com\/index.php\/wp-json\/wp\/v2\/media\/525431"}],"wp:attachment":[{"href":"https:\/\/diarioelpopular.com\/index.php\/wp-json\/wp\/v2\/media?parent=525429"}],"wp:term":[{"taxonomy":"category","embeddable":true,"href":"https:\/\/diarioelpopular.com\/index.php\/wp-json\/wp\/v2\/categories?post=525429"},{"taxonomy":"post_tag","embeddable":true,"href":"https:\/\/diarioelpopular.com\/index.php\/wp-json\/wp\/v2\/tags?post=525429"}],"curies":[{"name":"wp","href":"https:\/\/api.w.org\/{rel}","templated":true}]}}