{"id":525434,"date":"2024-11-26T10:40:01","date_gmt":"2024-11-26T14:40:01","guid":{"rendered":"https:\/\/diarioelpopular.com\/?p=525434"},"modified":"2024-11-26T10:40:01","modified_gmt":"2024-11-26T14:40:01","slug":"canada-prepara-su-frontera-con-estados-unidos-ante-el-regreso-de-donald-trump","status":"publish","type":"post","link":"https:\/\/diarioelpopular.com\/index.php\/2024\/11\/26\/canada-prepara-su-frontera-con-estados-unidos-ante-el-regreso-de-donald-trump\/","title":{"rendered":"Canad\u00e1 prepara su frontera con Estados Unidos ante el regreso de Donald Trump"},"content":{"rendered":"<div id=\"attachment_525435\" style=\"width: 1210px\" class=\"wp-caption alignnone\"><img loading=\"lazy\" decoding=\"async\" aria-describedby=\"caption-attachment-525435\" class=\"wp-image-525435 size-custom-big-size\" src=\"https:\/\/diarioelpopular.com\/wp-content\/uploads\/2024\/11\/Screen-Shot-2024-11-26-at-9.39.02-AM-1200x744.png\" alt=\"\" width=\"1200\" height=\"744\" srcset=\"https:\/\/diarioelpopular.com\/wp-content\/uploads\/2024\/11\/Screen-Shot-2024-11-26-at-9.39.02-AM-1200x744.png 1200w, https:\/\/diarioelpopular.com\/wp-content\/uploads\/2024\/11\/Screen-Shot-2024-11-26-at-9.39.02-AM-300x185.png 300w, https:\/\/diarioelpopular.com\/wp-content\/uploads\/2024\/11\/Screen-Shot-2024-11-26-at-9.39.02-AM-768x476.png 768w, https:\/\/diarioelpopular.com\/wp-content\/uploads\/2024\/11\/Screen-Shot-2024-11-26-at-9.39.02-AM-636x394.png 636w, https:\/\/diarioelpopular.com\/wp-content\/uploads\/2024\/11\/Screen-Shot-2024-11-26-at-9.39.02-AM-118x73.png 118w, https:\/\/diarioelpopular.com\/wp-content\/uploads\/2024\/11\/Screen-Shot-2024-11-26-at-9.39.02-AM.png 1024w\" sizes=\"auto, (max-width: 1200px) 100vw, 1200px\" \/><p id=\"caption-attachment-525435\" class=\"wp-caption-text\">Vista de la frontera internacional entre Canad\u00e1 y Estados Unidos en Saint-Bernard-de-Lacolle, Quebec.\u00a0 \u00a0 \u00a0 \u00a0 \u00a0 \u00a0 \u00a0 \u00a0 \u00a0 \u00a0 \u00a0 \u00a0 \u00a0 \u00a0 \u00a0 \u00a0 GRAHAM HUGHES (EFE)<\/p><\/div>\n<p>&nbsp;<\/p>\n<p>&nbsp;<\/p>\n<h4 class=\"a_st\"><em>&#8211; El vecino al norte, que ha reforzado la vigilancia y est\u00e1 reduciendo los cupos a inmigrantes, promete cooperar con la entrante Administraci\u00f3n estadounidense<\/em><\/h4>\n<p>&nbsp;<\/p>\n<p class=\"\">No es solo M\u00e9xico. Estados Unidos tiene otro vecino al norte que\u00a0<a href=\"https:\/\/elpais.com\/america\/2024-11-24\/la-frontera-de-ee-uu-se-prepara-para-cuatro-anos-de-crueldad-si-nos-agarran-que-va-a-pasar-con-la-nina.html\" data-link-track-dtm=\"\" data-mrf-link=\"https:\/\/elpais.com\/america\/2024-11-24\/la-frontera-de-ee-uu-se-prepara-para-cuatro-anos-de-crueldad-si-nos-agarran-que-va-a-pasar-con-la-nina.html\">tambi\u00e9n se alista para hacer frente a las pol\u00edticas migratorias<\/a>\u00a0que Donald Trump ha prometido implementar nada m\u00e1s arrancar su mandato. Entre ellas est\u00e1n las deportaciones masivas de millones de personas, algo que Canad\u00e1 teme que podr\u00eda acabar empujando a los inmigrantes hacia el norte para cruzar la frontera de casi 9.000 kil\u00f3metros que separa a los dos pa\u00edses.<\/p>\n<p class=\"\">Esta frontera, la l\u00ednea divisoria entre naciones no militarizada m\u00e1s extensa del mundo, no suele estar en el centro del debate pol\u00edtico estadounidense sobre inmigraci\u00f3n, pero todo apunta a que s\u00ed lo estar\u00e1 bajo la segunda presidencia del republicano: el propio presidente electo lo dej\u00f3 claro este lunes al anunciar que someter\u00e1 a sus dos vecinos norteamericanos\u00a0<a href=\"https:\/\/elpais.com\/internacional\/elecciones-usa\/2024-11-26\/trump-anuncia-que-impondra-aranceles-extra-a-mexico-canada-y-china-el-primer-dia.html\" target=\"_blank\" rel=\"noopener\" data-link-track-dtm=\"\" data-mrf-link=\"https:\/\/elpais.com\/internacional\/elecciones-usa\/2024-11-26\/trump-anuncia-que-impondra-aranceles-extra-a-mexico-canada-y-china-el-primer-dia.html\">a aranceles del 25% desde su primer d\u00eda de vuelta<\/a>\u00a0en el poder, mientras no frenen la inmigraci\u00f3n irregular hacia Estados Unidos, entre otras razones.<\/p>\n<p class=\"\">\u201cEl 20 de enero, como una de mis muchas primeras \u00d3rdenes Ejecutivas, firmar\u00e9 todos los documentos necesarios para cobrar a M\u00e9xico y Canad\u00e1 un Arancel del 25% sobre TODOS los productos que entren a Estados Unidos, y sus rid\u00edculas Fronteras Abiertas. \u00a1Este Arancel permanecer\u00e1 en efecto hasta que las Drogas, en particular el Fentanilo, y todos los Extranjeros Ilegales detengan esta Invasi\u00f3n a nuestro Pa\u00eds! Tanto M\u00e9xico como Canad\u00e1 tienen el derecho absoluto y el poder para resolver f\u00e1cilmente este problema latente desde hace mucho tiempo\u201d, escribi\u00f3 Trump en su red social Truth la noche del lunes.<\/p>\n<p class=\"\">El Gobierno canadiense, por su parte, no ha respondido a esta \u00faltima amenaza del republicano, pero Ottawa lleva semanas prepar\u00e1ndose para el regreso de Trump a la presidencia. No queriendo lidiar con sorpresas por el cambio de tim\u00f3n en la Casa Blanca, como ya ocurri\u00f3 en 2016, los contactos de las autoridades canadienses con el equipo del republicano comenzaron incluso antes de las elecciones del pasado 5 de noviembre, seg\u00fan informan medios del pa\u00eds.\u00a0<a href=\"https:\/\/elpais.com\/mexico\/2024-11-25\/canada-presiona-a-mexico-en-las-negociaciones-del-tmec-acusandole-de-ser-la-puerta-trasera-de-las-exportaciones-chinas.html\" data-link-track-dtm=\"\" data-mrf-link=\"https:\/\/elpais.com\/mexico\/2024-11-25\/canada-presiona-a-mexico-en-las-negociaciones-del-tmec-acusandole-de-ser-la-puerta-trasera-de-las-exportaciones-chinas.html\">Asuntos como el comercio<\/a>\u00a0y las tareas de la OTAN est\u00e1n sobre la mesa, pero el foco tambi\u00e9n est\u00e1 puesto en la inmigraci\u00f3n, ya que la situaci\u00f3n en este tema entre ambos pa\u00edses ha cambiado de forma significativa en los \u00faltimos ocho a\u00f1os.<\/p>\n<aside class=\"a_ei\"><\/aside>\n<p class=\"\">En enero de 2017, luego de que Trump firmara a inicios de su primer mandato una orden ejecutiva para suspender la entrada a Estados Unidos de refugiados y ciudadanos de ciertos pa\u00edses musulmanes,<a href=\"https:\/\/elpais.com\/internacional\/2020-10-16\/canada-sigue-con-ansias-la-campana-presidencial-al-otro-lado-de-la-frontera.html\" data-link-track-dtm=\"\" data-mrf-link=\"https:\/\/elpais.com\/internacional\/2020-10-16\/canada-sigue-con-ansias-la-campana-presidencial-al-otro-lado-de-la-frontera.html\">\u00a0el primer ministro Justin Trudeau,\u00a0<\/a>public\u00f3 en redes sociales: \u201cA aquellos que\u202fhuyen de la persecuci\u00f3n, el terror y la guerra, los canadienses les\u202fdamos la\u202fbienvenida, independientemente de su fe. La diversidad es nuestra fuerza\u201d. Sin embargo, el mensaje ha cambiado desde entonces. El pasado 12 de noviembre, Marc Miller, ministro federal de Inmigraci\u00f3n, Refugiados y Ciudadan\u00eda, declar\u00f3: \u201cLa realidad es que no todos son bienvenidos aqu\u00ed\u201d.<\/p>\n<p class=\"\">En esa l\u00ednea, Ottawa ha efectuado en meses recientes\u00a0<a href=\"https:\/\/elpais.com\/internacional\/2024-09-08\/trudeau-rebaja-el-tradicional-aperturismo-de-canada-hacia-la-inmigracion-y-refuerza-los-controles.html\" data-link-track-dtm=\"\" data-mrf-link=\"https:\/\/elpais.com\/internacional\/2024-09-08\/trudeau-rebaja-el-tradicional-aperturismo-de-canada-hacia-la-inmigracion-y-refuerza-los-controles.html\">distintos cambios en sus pol\u00edticas de inmigraci\u00f3n<\/a>\u00a0tras las presiones que sufre el pa\u00eds en materia econ\u00f3mica y en infraestructuras. El pa\u00eds redujo considerablemente el n\u00famero de trabajadores extranjeros temporales y de visas de estudiantes for\u00e1neos, as\u00ed como el cupo para residentes permanentes. Ahora, el Gobierno tambi\u00e9n est\u00e1 elaborando planes para destinar nuevos recursos a la frontera antes de la llegada de Trump.<\/p>\n<p>&nbsp;<\/p>\n<figure class=\"a_m a_m-h \">\n<p><div style=\"width: 424px\" class=\"wp-caption alignnone\"><img loading=\"lazy\" decoding=\"async\" class=\"_re lazyload a_m-h\" src=\"https:\/\/imagenes.elpais.com\/resizer\/v2\/F3SZKMKTOZADNHCIN6IE76I7JE?auth=7deb150867b29f28751045d92cc2e60fb55121c0d04482905dc989b5b4a7a8db&amp;width=414\" sizes=\"auto, (min-width:1199px) 1155px,(min-width:1001px) calc(100vw - 44px),(min-width:768px) 767px, 100vw\" srcset=\"https:\/\/imagenes.elpais.com\/resizer\/v2\/F3SZKMKTOZADNHCIN6IE76I7JE?auth=7deb150867b29f28751045d92cc2e60fb55121c0d04482905dc989b5b4a7a8db&amp;width=414 414w,https:\/\/imagenes.elpais.com\/resizer\/v2\/F3SZKMKTOZADNHCIN6IE76I7JE?auth=7deb150867b29f28751045d92cc2e60fb55121c0d04482905dc989b5b4a7a8db&amp;width=828 640w,https:\/\/imagenes.elpais.com\/resizer\/v2\/F3SZKMKTOZADNHCIN6IE76I7JE?auth=7deb150867b29f28751045d92cc2e60fb55121c0d04482905dc989b5b4a7a8db&amp;width=980 1000w,https:\/\/imagenes.elpais.com\/resizer\/v2\/F3SZKMKTOZADNHCIN6IE76I7JE?auth=7deb150867b29f28751045d92cc2e60fb55121c0d04482905dc989b5b4a7a8db&amp;width=1960 1960w\" alt=\"Donald Trump\" width=\"414\" height=\"233\" \/><p class=\"wp-caption-text\">Donald Trump asiste a un evento de campa\u00f1a en Allentown, Pensilvania, EE. UU., el 29 de octubre de 2024.Brendan McDermid (REUTERS)<\/p><\/div><figcaption class=\"a_m_p\"><\/figcaption><\/figure>\n<p>&nbsp;<\/p>\n<p class=\"\">La Real Polic\u00eda Montada de Canad\u00e1 (RCMP), que vigila la frontera, ha indicado estar en \u201cestado de alerta\u201d frente a las promesas de deportaciones masivas se\u00f1aladas por el presidente electo,\u00a0<a href=\"https:\/\/elpais.com\/us\/2024-11-24\/los-inhumanos-centros-de-detencion-de-inmigrantes-claves-para-la-deportacion-masiva-de-trump.html\" data-link-track-dtm=\"\" data-mrf-link=\"https:\/\/elpais.com\/us\/2024-11-24\/los-inhumanos-centros-de-detencion-de-inmigrantes-claves-para-la-deportacion-masiva-de-trump.html\">contemplando un aumento tanto en personal como en recursos materiales<\/a>.<\/p>\n<p class=\"\">Dominic LeBlanc, ministro de Seguridad P\u00fablica, ha reiterado que las agencias trabajan desde hace tiempo de cara a diversos escenarios. LeBlanc ha indicado que las labores de vigilancia en la frontera han mejorado gracias a crecientes inversiones, especialmente en tecnolog\u00eda, pero que Ottawa podr\u00eda inyectar recursos adicionales en caso de ser necesario. Adem\u00e1s, M\u00e9lanie Joly, ministra de Asuntos Exteriores de Canad\u00e1, apunt\u00f3 el pasado 7 de noviembre que se mantendr\u00e1 firme en el plan relacionado con la reducci\u00f3n de\u00a0<a href=\"https:\/\/elpais.com\/america\/2024-10-25\/canada-recortara-un-21-el-cupo-para-los-residentes-permanentes.html\" data-link-track-dtm=\"\" data-mrf-link=\"https:\/\/elpais.com\/america\/2024-10-25\/canada-recortara-un-21-el-cupo-para-los-residentes-permanentes.html\">sus cupos en inmigraci\u00f3n<\/a>. En este ambiente de negociaciones y probables escenarios, el Nuevo Partido Democr\u00e1tico (NDP) pide que el Gobierno prepare una hoja de ruta con una visi\u00f3n humanitaria ante la posible llegada de miles de personas.<\/p>\n<p class=\"\">No obstante, el discurso oficial desde Ottawa est\u00e1 buscando transmitir cada vez m\u00e1s un mensaje de calma, al subrayar que la cooperaci\u00f3n con las autoridades estadounidenses seguir\u00e1 existiendo. \u201cHay una alineaci\u00f3n de intereses para garantizar que la frontera sea segura\u201d, manifest\u00f3 el ministro Miller.<\/p>\n<p class=\"\">Por su parte, miembros de la futura Administraci\u00f3n Trump ya han comenzado a sonar la alarma sobre lo que llaman \u201cuna invasi\u00f3n\u201d de inmigrantes indocumentados que cruzan desde Canad\u00e1 a Estados Unidos, una cifra que se ha multiplicado por seis en los \u00faltimos cuatro a\u00f1os. Aunque el presidente electo no ha esbozado sus planes para reducir la inmigraci\u00f3n ilegal procedente de Canad\u00e1,\u00a0<a href=\"https:\/\/elpais.com\/us\/2024-11-16\/trump-deja-la-politica-migratoria-en-manos-de-tres-halcones-antiinmigracion-miller-homan-y-noem.html\" data-link-track-dtm=\"\" data-mrf-link=\"https:\/\/elpais.com\/us\/2024-11-16\/trump-deja-la-politica-migratoria-en-manos-de-tres-halcones-antiinmigracion-miller-homan-y-noem.html\">su pr\u00f3ximo \u201czar de la frontera\u201d, Tom Homan<\/a>, ya ha dejado claro que controlar esta v\u00eda ser\u00e1 una prioridad del Gobierno republicano.<\/p>\n<p class=\"\">En una entrevista reciente con una cadena de televisi\u00f3n local de Nueva York, el antiguo encargado del Servicio de Inmigraci\u00f3n y Control de Aduanas (ICE) bajo el primer mandato de Trump sostuvo que la frontera norte constituye \u201cun enorme problema de seguridad nacional\u201d para Estados Unidos. Homan a\u00f1adi\u00f3 que los \u201cextranjeros de inter\u00e9s especial\u201d \u2014t\u00e9rmino que el Departamento de Seguridad Nacional usa para referirse a inmigrantes con posibles v\u00ednculos delictivos, incluido el terrorismo\u2014 utilizan a Canad\u00e1 como puerta de entrada a Estados Unidos porque la frontera est\u00e1 mucho menos vigilada que la sure\u00f1a. \u201cEs una de las cuestiones que abordar\u00e9 cuando est\u00e9 en la Casa Blanca\u201d, afirm\u00f3.<\/p>\n<p class=\"\">Homan es originario de una peque\u00f1a ciudad cerca de la frontera canadiense con Nueva York, el Estado del norte con mayor n\u00famero de cruces fronterizos ilegales con diferencia, por lo que tiene un inter\u00e9s personal en la regi\u00f3n. \u201cEs mi hogar, no voy a ignorar mi hogar\u201d, asegur\u00f3 en la misma entrevista.<\/p>\n<h3 class=\"\">Se disparan los cruces fronterizos hacia suelo estadounidense<\/h3>\n<p class=\"\">Durante varios a\u00f1os, la preocupaci\u00f3n por el flujo irregular en la frontera entre Estados Unidos y Canad\u00e1 estuvo enfocada principalmente hacia las personas que cruzaban a suelo canadiense para solicitar refugio por cambios en la pol\u00edtica estadounidense. La ruta m\u00e1s significativa fue el llamado camino Roxham, una zanja poco profunda que divide Mooers (Nueva York) de Hemmingford (Quebec).\u00a0<a href=\"https:\/\/elpais.com\/internacional\/2023-03-24\/estados-unidos-y-canada-cierran-un-acuerdo-migratorio.html\" data-link-track-dtm=\"\" data-mrf-link=\"https:\/\/elpais.com\/internacional\/2023-03-24\/estados-unidos-y-canada-cierran-un-acuerdo-migratorio.html\">El Gobierno canadiense cerr\u00f3 esta v\u00eda en 2023<\/a>, despu\u00e9s de que en un solo a\u00f1o unos 40.000 migrantes \u2014en su mayor\u00eda procedentes de Am\u00e9rica Latina\u2014 cruzaran de Estados Unidos usando este camino, lo que ha causado enormes problemas a las entidades de Quebec.<\/p>\n<p class=\"\">Sin embargo, esa tendencia se ha invertido: las cifras indican que la mayor\u00eda de cruces se efect\u00faan desde Canad\u00e1 a Estados Unidos. En el a\u00f1o fiscal de 2024, que acab\u00f3 en octubre, las autoridades estadounidenses detuvieron a 198.929 inmigrantes ilegales en la frontera canadiense, frente a los 32.376 que apresaron en 2020, seg\u00fan datos de la Agencia de Protecci\u00f3n de Fronteras y Aduanas (CBP, por sus siglas en ingl\u00e9s). Trump y los suyos culpan al Gobierno de Joe Biden por ello, ya que las cifras eran mucho menores durante la primera presidencia del republicano.<\/p>\n<p class=\"\">Ahora, con las deportaciones masivas que Trump pretende llevar a cabo,\u00a0<a href=\"https:\/\/elpais.com\/us\/2024-11-24\/la-migracion-en-el-primer-dia-de-trump-una-incognita-entre-promesas-ambiciosas-de-mano-dura.html\" data-link-track-dtm=\"\" data-mrf-link=\"https:\/\/elpais.com\/us\/2024-11-24\/la-migracion-en-el-primer-dia-de-trump-una-incognita-entre-promesas-ambiciosas-de-mano-dura.html\">adem\u00e1s de acabar con los programas que protegen<\/a>\u00a0a ciertos grupos de migrantes que ya est\u00e1n en Estados Unidos de forma legal,<a href=\"https:\/\/elpais.com\/us\/migracion\/2024-10-05\/el-fin-del-parole-humanitario-tps-y-daca-dejara-a-tres-millones-de-inmigrantes-a-las-puertas-de-la-deportacion-en-los-proximos-dos-anos.html\" data-link-track-dtm=\"\" data-mrf-link=\"https:\/\/elpais.com\/us\/migracion\/2024-10-05\/el-fin-del-parole-humanitario-tps-y-daca-dejara-a-tres-millones-de-inmigrantes-a-las-puertas-de-la-deportacion-en-los-proximos-dos-anos.html\">\u00a0como TPS,\u00a0<i>parole\u00a0<\/i>o DACA<\/a>, la realidad sobre el terreno puede volver a cambiar: m\u00e1s cruces hacia Canad\u00e1 y menos hacia Estados Unidos.<\/p>\n<p>&nbsp;<\/p>\n<figure class=\"a_m a_m-h \">\n<p><div style=\"width: 424px\" class=\"wp-caption alignnone\"><img loading=\"lazy\" decoding=\"async\" class=\"_re lazyload a_m-h\" src=\"https:\/\/imagenes.elpais.com\/resizer\/v2\/DA2JHM4LISE574SULCQZDZDQQQ.jpg?auth=fe477a4cefdf2a21122158e3ffee99b3a09982eda0a16af63bdc13b6d1fb8bf6&amp;width=414\" sizes=\"auto, (min-width:1199px) 1155px,(min-width:1001px) calc(100vw - 44px),(min-width:768px) 767px, 100vw\" srcset=\"https:\/\/imagenes.elpais.com\/resizer\/v2\/DA2JHM4LISE574SULCQZDZDQQQ.jpg?auth=fe477a4cefdf2a21122158e3ffee99b3a09982eda0a16af63bdc13b6d1fb8bf6&amp;width=414 414w,https:\/\/imagenes.elpais.com\/resizer\/v2\/DA2JHM4LISE574SULCQZDZDQQQ.jpg?auth=fe477a4cefdf2a21122158e3ffee99b3a09982eda0a16af63bdc13b6d1fb8bf6&amp;width=828 640w,https:\/\/imagenes.elpais.com\/resizer\/v2\/DA2JHM4LISE574SULCQZDZDQQQ.jpg?auth=fe477a4cefdf2a21122158e3ffee99b3a09982eda0a16af63bdc13b6d1fb8bf6&amp;width=980 1000w,https:\/\/imagenes.elpais.com\/resizer\/v2\/DA2JHM4LISE574SULCQZDZDQQQ.jpg?auth=fe477a4cefdf2a21122158e3ffee99b3a09982eda0a16af63bdc13b6d1fb8bf6&amp;width=1960 1960w\" alt=\"El Paso, Texas\" width=\"414\" height=\"277\" \/><p class=\"wp-caption-text\">La Guardia Nacional del Ej\u00e9rcito impide a un grupo de migrantes de Venezuela entregarse a los funcionarios de inmigraci\u00f3n en Texas, EE.UU., el 24 de marzo de 2024.Adrees Latif (REUTERS)<\/p><\/div><figcaption class=\"a_m_p\"><\/figcaption><\/figure>\n<p>&nbsp;<\/p>\n<p class=\"\">Los cruces a Estados Unidos se llevan a cabo principalmente desde Quebec. A su vez, dicha provincia ha recibido al mayor n\u00famero de solicitantes de refugio desde Estados Unidos por los caminos irregulares. Fran\u00e7ois Legault, premier quebequ\u00e9s, declar\u00f3 el pasado 19 de noviembre: \u201dNo nos podemos permitir un camino Roxham 2.0\u2033. Legault inform\u00f3 que la Polic\u00eda Provincial de Quebec est\u00e1 tambi\u00e9n efectuando labores de vigilancia en la frontera, en colaboraci\u00f3n con la Real Polic\u00eda Montada de Canad\u00e1.<\/p>\n<p class=\"\">Aunque los cruces irregulares a lo largo de la frontera norte son solo una peque\u00f1a fracci\u00f3n con respecto a los registrados en el sur del pa\u00eds, la actividad de contrabando de personas desde Canad\u00e1 ha aumentado considerablemente en los \u00faltimos a\u00f1os, sobre todo a lo largo de la frontera entre el este de Ontario, Quebec, Nueva York y Vermont.<\/p>\n<p class=\"\">Adem\u00e1s, las autoridades encuentran muchos m\u00e1s sospechosos de terrorismo en la frontera norte que en la del sur. Una realidad a la que Homan hizo referencia en la entrevista televisiva: \u201cCanad\u00e1 debe entender que no puede ser una puerta de entrada de terroristas en Estados Unidos\u201d.<\/p>\n<p class=\"\">Homan ha adelantado que tiene la intenci\u00f3n de desplegar m\u00e1s agentes de inmigraci\u00f3n en la frontera norte y animar\u00e1 a Trump a negociar con Trudeau para aumentar la aplicaci\u00f3n de la ley en el lado canadiense. Ottawa y Washington tienen desde hace dos d\u00e9cadas un acuerdo llamado \u201ctercer pa\u00eds seguro\u201d, un tratado bajo el cual se obliga a los solicitantes de asilo a presentar su solicitud en el primer pa\u00eds al que lleguen, ya sea Canad\u00e1 o Estados Unidos. Por lo que cuando los solicitantes de asilo viajan de un pa\u00eds a otro, pueden ser devueltos, con pocas excepciones.<\/p>\n","protected":false},"excerpt":{"rendered":"<p>&nbsp; &nbsp; &#8211; El vecino al norte, que ha reforzado la vigilancia y est\u00e1 reduciendo los cupos a inmigrantes, promete cooperar con la entrante Administraci\u00f3n&hellip;<\/p>\n","protected":false},"author":99,"featured_media":525435,"comment_status":"open","ping_status":"open","sticky":false,"template":"","format":"standard","meta":{"footnotes":""},"categories":[21],"tags":[],"class_list":["post-525434","post","type-post","status-publish","format-standard","has-post-thumbnail","hentry","category-canada"],"_links":{"self":[{"href":"https:\/\/diarioelpopular.com\/index.php\/wp-json\/wp\/v2\/posts\/525434","targetHints":{"allow":["GET"]}}],"collection":[{"href":"https:\/\/diarioelpopular.com\/index.php\/wp-json\/wp\/v2\/posts"}],"about":[{"href":"https:\/\/diarioelpopular.com\/index.php\/wp-json\/wp\/v2\/types\/post"}],"author":[{"embeddable":true,"href":"https:\/\/diarioelpopular.com\/index.php\/wp-json\/wp\/v2\/users\/99"}],"replies":[{"embeddable":true,"href":"https:\/\/diarioelpopular.com\/index.php\/wp-json\/wp\/v2\/comments?post=525434"}],"version-history":[{"count":1,"href":"https:\/\/diarioelpopular.com\/index.php\/wp-json\/wp\/v2\/posts\/525434\/revisions"}],"predecessor-version":[{"id":525436,"href":"https:\/\/diarioelpopular.com\/index.php\/wp-json\/wp\/v2\/posts\/525434\/revisions\/525436"}],"wp:featuredmedia":[{"embeddable":true,"href":"https:\/\/diarioelpopular.com\/index.php\/wp-json\/wp\/v2\/media\/525435"}],"wp:attachment":[{"href":"https:\/\/diarioelpopular.com\/index.php\/wp-json\/wp\/v2\/media?parent=525434"}],"wp:term":[{"taxonomy":"category","embeddable":true,"href":"https:\/\/diarioelpopular.com\/index.php\/wp-json\/wp\/v2\/categories?post=525434"},{"taxonomy":"post_tag","embeddable":true,"href":"https:\/\/diarioelpopular.com\/index.php\/wp-json\/wp\/v2\/tags?post=525434"}],"curies":[{"name":"wp","href":"https:\/\/api.w.org\/{rel}","templated":true}]}}