{"id":525460,"date":"2024-11-27T10:30:25","date_gmt":"2024-11-27T14:30:25","guid":{"rendered":"https:\/\/diarioelpopular.com\/?p=525460"},"modified":"2024-11-27T10:30:25","modified_gmt":"2024-11-27T14:30:25","slug":"la-neumonia-atipica-contagiosa-esta-aumentando-en-canada","status":"publish","type":"post","link":"https:\/\/diarioelpopular.com\/index.php\/2024\/11\/27\/la-neumonia-atipica-contagiosa-esta-aumentando-en-canada\/","title":{"rendered":"La neumon\u00eda at\u00edpica contagiosa, est\u00e1 aumentando en Canad\u00e1"},"content":{"rendered":"<p><img loading=\"lazy\" decoding=\"async\" class=\"alignnone size-custom-full-size wp-image-525461\" src=\"https:\/\/diarioelpopular.com\/wp-content\/uploads\/2024\/11\/Screen-Shot-2024-11-27-at-9.30.01-AM-636x408.png\" alt=\"\" width=\"636\" height=\"408\" srcset=\"https:\/\/diarioelpopular.com\/wp-content\/uploads\/2024\/11\/Screen-Shot-2024-11-27-at-9.30.01-AM-636x408.png 636w, https:\/\/diarioelpopular.com\/wp-content\/uploads\/2024\/11\/Screen-Shot-2024-11-27-at-9.30.01-AM-300x192.png 300w, https:\/\/diarioelpopular.com\/wp-content\/uploads\/2024\/11\/Screen-Shot-2024-11-27-at-9.30.01-AM-768x492.png 768w, https:\/\/diarioelpopular.com\/wp-content\/uploads\/2024\/11\/Screen-Shot-2024-11-27-at-9.30.01-AM-85x55.png 85w, https:\/\/diarioelpopular.com\/wp-content\/uploads\/2024\/11\/Screen-Shot-2024-11-27-at-9.30.01-AM-114x73.png 114w, https:\/\/diarioelpopular.com\/wp-content\/uploads\/2024\/11\/Screen-Shot-2024-11-27-at-9.30.01-AM.png 836w\" sizes=\"auto, (max-width: 636px) 100vw, 636px\" \/><\/p>\n<p>&nbsp;<\/p>\n<p>&nbsp;<\/p>\n<ul>\n<li><em><strong>Los hospitales informan que las infecciones por neumon\u00eda at\u00edpica principalmente en ni\u00f1os est\u00e1n aumentando en todo el pa\u00eds, lo que plantea preguntas sobre si est\u00e1n alcanzando su punto m\u00e1ximo y si la tendencia es inusual este a\u00f1o<\/strong><\/em><\/li>\n<\/ul>\n<p>&nbsp;<\/p>\n<p>la estaci\u00f3n televisiva, CTVNews.ca habl\u00f3 con varios expertos m\u00e9dicos para conocer la situaci\u00f3n m\u00e1s reciente con la neumon\u00eda at\u00edpica, que suele ser leve, en su \u00e1rea y si los padres deber\u00edan estar preocupados.<\/p>\n<p>La Agencia de Salud P\u00fablica de Canad\u00e1 (PHAC) no monitorea oficialmente la neumon\u00eda por micoplasma, cuyo t\u00e9rmino no m\u00e9dico es neumon\u00eda at\u00edpica, pero dijo que la Red Canadiense de Laboratorios de Salud P\u00fablica est\u00e1 atenta a cualquier actividad &#8220;inusual&#8221; relacionada con la enfermedad. La neumon\u00eda contagiosa causada por la bacteria Mycoplasma pneumoniae es com\u00fan en adultos j\u00f3venes y ni\u00f1os en edad escolar, aunque puede afectar a cualquier persona, dijo.<\/p>\n<p>Se han reportado m\u00e1s casos en el \u00e1rea de Hamilton de Ontario este a\u00f1o en comparaci\u00f3n con a\u00f1os anteriores, incluso antes de la pandemia, aunque la mayor\u00eda de las infecciones son leves, seg\u00fan la Dra. Sarah Khan, especialista en enfermedades infecciosas del Hospital Infantil McMaster.<\/p>\n<p>Khan dijo que en el pasado ha habido oleadas de neumon\u00eda at\u00edpica. El n\u00famero de casos tiende a ser mayor en oto\u00f1o y las infecciones est\u00e1n empezando a disminuir a medida que se acerca el invierno, dijo, y se\u00f1al\u00f3 que puede ser demasiado pronto para decir si los casos han alcanzado su punto m\u00e1ximo.<\/p>\n<p>&#8220;Vimos que b\u00e1sicamente alcanz\u00f3 su punto m\u00e1ximo hacia fines de octubre&#8221;, dijo Khan. &#8220;Y las \u00faltimas dos semanas aqu\u00ed en noviembre, hemos comenzado a ver un descenso, por lo que eso puede ser tranquilizador&#8221;.<\/p>\n<p>En septiembre, m\u00e1s de 400 hisopos dieron positivo para neumon\u00eda at\u00edpica, mientras que el n\u00famero se redujo a alrededor de 200 a 250 hisopos positivos en lo que va de mes, dijo.<\/p>\n<p>Las razones del aumento no est\u00e1n claras, dice Khan.<\/p>\n<p>&#8220;Creo que esa es la pregunta del mill\u00f3n en t\u00e9rminos de por qu\u00e9 este pico ahora&#8221;, dijo, y se\u00f1al\u00f3 que algunos piensan que puede deberse a que los ni\u00f1os no estaban expuestos hoy a los mismos pat\u00f3genos que antes de la pandemia.<\/p>\n<p>El Centro de Salud IWK, un importante hospital de mujeres y ni\u00f1os en Halifax, ha visto un aumento en los casos de neumon\u00eda at\u00edpica. Este a\u00f1o se registraron 147 casos de neumon\u00eda debido a Mycoplasma pneumoniae en lo que va de a\u00f1o, un aumento significativo respecto de los 11 casos que el hospital trat\u00f3 en 2023.<\/p>\n<p>El n\u00famero de casos de este a\u00f1o es el m\u00e1s alto hasta ahora, con 47 en septiembre. Los datos de octubre est\u00e1n incompletos.<\/p>\n<p>El Hospital Infantil de BC tambi\u00e9n ha registrado un aumento de casos desde agosto. El Centro para el Control de Enfermedades de BC est\u00e1 viendo un mayor n\u00famero de casos que en a\u00f1os anteriores, particularmente entre personas menores de 20 a\u00f1os.<\/p>\n<p>&#8220;El BCCDC contin\u00faa monitoreando la situaci\u00f3n de cerca, pero no ha observado un aumento notable en las infecciones desde octubre&#8221;, dijeron el Centro para el Control de Enfermedades de BC y el Hospital Infantil de BC en una declaraci\u00f3n a CTV News.<\/p>\n<p>El Hospital Infantil HSC en Winnipeg dice que est\u00e1 viendo un patr\u00f3n similar con la neumon\u00eda en general.<\/p>\n<p>&#8220;El n\u00famero de pacientes pedi\u00e1tricos que se presentan al departamento de emergencias con neumon\u00eda este oto\u00f1o es mayor que el a\u00f1o pasado, pero no muy diferente al n\u00famero observado en algunos a\u00f1os anteriores&#8221;, dijo un portavoz de Shared Health en una declaraci\u00f3n a CTVNews.ca.<\/p>\n<p>Shared Health, una autoridad sanitaria de Manitoba, dijo que no tiene informaci\u00f3n sobre cu\u00e1ntos casos son neumon\u00eda at\u00edpica causada por la bacteria Mycoplasma pneumoniae.<\/p>\n<p>&#8220;Las razones por las que estamos viendo un mayor n\u00famero de casos de neumon\u00eda bacteriana no est\u00e1n claras, pero estas cifras var\u00edan de un a\u00f1o a otro, y ciertamente hemos visto diferentes patrones en enfermedades respiratorias y otras enfermedades infecciosas desde la pandemia de COVID-19&#8221;, dijo.<\/p>\n<p>Los funcionarios de salud est\u00e1n monitoreando la situaci\u00f3n, ya que han recibido informes de &#8220;mayor circulaci\u00f3n&#8221; de la enfermedad en Quebec y en otros pa\u00edses, dijo Marie-Christine Patry, portavoz del Ministerio de Salud y Servicios Sociales de la provincia, en un correo electr\u00f3nico traducido del franc\u00e9s a CTVNews.ca.<\/p>\n<p>Ella dijo que los brotes tienden a ocurrir a fines del verano y principios del oto\u00f1o, con brotes c\u00edclicos que pueden ocurrir cada tres a cinco a\u00f1os.<\/p>\n<p><em><strong>\u00bfEs inusual el aumento?<\/strong><\/em><br \/>\nEl Dr. Earl Rubin, del Hospital Infantil de Montreal, dijo a CTV News que a\u00fan no hay cifras claras, ya que Canad\u00e1 no rastrea esta enfermedad. Dijo que \u00e9l y sus colegas en hospitales de todo el pa\u00eds han observado un aumento inusual en casos graves y m\u00e1s complejos de neumon\u00eda at\u00edpica que afecta a pacientes mucho m\u00e1s j\u00f3venes desde el verano.<\/p>\n<p>Con los ni\u00f1os de regreso a la escuela, sugiri\u00f3 que no es sorprendente que los casos vuelvan a aumentar, y se\u00f1al\u00f3 que puede llevar hasta un mes antes de que aparezcan los s\u00edntomas.<\/p>\n<p>No se sabe con certeza por qu\u00e9 est\u00e1 sucediendo esta tendencia, dijo Rubin, y se\u00f1al\u00f3 que los hospitales infantiles est\u00e1n viendo s\u00edntomas raros de la enfermedad, como erupciones y problemas cerebrales.<\/p>\n<p>Los picos de neumon\u00eda at\u00edpica ocurren de vez en cuando, dijo Khan.<\/p>\n<p>&#8220;Pueden producirse picos, pero normalmente son transitorios y tienden a disminuir&#8221;, dijo. &#8220;Por lo tanto, esto no es algo inaudito en cierto sentido, pero es definitivamente m\u00e1s alto de lo que dir\u00edamos que es t\u00edpico para nosotros&#8221;.<\/p>\n<p>Seg\u00fan Khan, los ni\u00f1os mucho m\u00e1s peque\u00f1os, de entre dos y cuatro a\u00f1os, est\u00e1n contrayendo neumon\u00eda at\u00edpica.<\/p>\n<p>&#8220;Las cifras han sido mucho m\u00e1s altas y tambi\u00e9n lo estamos viendo en poblaciones m\u00e1s j\u00f3venes de las que estamos acostumbrados a ver&#8221;, dijo Khan, tambi\u00e9n profesora asociada en el Departamento de Pediatr\u00eda de la Universidad McMaster, en una entrevista en video con CTVNews.ca. Cit\u00f3 datos del Programa de Medicina de Laboratorio Regional de Hamilton que cubren la mayor parte de la regi\u00f3n de Hamilton. Calcula que el laboratorio tuvo cientos de resultados positivos de pruebas de neumon\u00eda at\u00edpica.<\/p>\n<p><em><strong>Consejos para los padres<\/strong><\/em><br \/>\nLos m\u00e9dicos dicen que los padres no tienen por qu\u00e9 entrar en p\u00e1nico, ya que la neumon\u00eda at\u00edpica suele ser leve y, por lo general, se puede tratar en casa con medicamentos de venta libre como acetaminofeno o ibuprofeno.<\/p>\n<p>&#8220;No significa necesariamente que todos los que desarrollan tos deban apresurarse a hacerse la prueba o a buscar antibi\u00f3ticos para esta infecci\u00f3n&#8221;, dijo Khan.<\/p>\n<p>Si bien no existe una vacuna preventiva para la neumon\u00eda at\u00edpica, dijo la PHAC, la mayor\u00eda de las personas se recuperan sin ning\u00fan tratamiento y solo los casos graves pueden requerir antibi\u00f3ticos.<\/p>\n<p>Los m\u00e9dicos recomiendan que quienes est\u00e9n enfermos con tos y fiebre se queden en casa hasta que se recuperen.<\/p>\n<p>Las personas inmunodeprimidas son m\u00e1s vulnerables a contraer neumon\u00eda at\u00edpica grave, incluidas aquellas que reciben tratamiento contra el c\u00e1ncer y tienen problemas pulmonares como la fibrosis qu\u00edstica.<\/p>\n<p>Aconsejan a quienes puedan tener s\u00edntomas graves que consulten a sus m\u00e9dicos de atenci\u00f3n primaria. Estos incluyen fiebre y tos que empeora o dura m\u00e1s de siete d\u00edas. Problemas respiratorios, v\u00f3mitos frecuentes debido a la tos o fiebre que no desaparece durante m\u00e1s de tres d\u00edas despu\u00e9s de tomar antibi\u00f3ticos para la neumon\u00eda, seg\u00fan Shared Health.<\/p>\n<p>Los j\u00f3venes que tienen dificultad para respirar, desarrollan labios p\u00e1lidos o azules, vomitan dosis de antibi\u00f3ticos, no toman l\u00edquidos o parecen muy enfermos deben ir a urgencias, agreg\u00f3.<\/p>\n<p>Seg\u00fan la PHAC, los brotes de neumon\u00eda at\u00edpica se producen principalmente en lugares concurridos, como escuelas, residencias universitarias, centros de entrenamiento militar, centros de atenci\u00f3n a largo plazo y hospitales.<\/p>\n<p>Los pacientes menores de cinco a\u00f1os pueden presentar s\u00edntomas diferentes, como secreci\u00f3n nasal, sibilancia, diarrea y v\u00f3mitos sin neumon\u00eda ni fiebre, a\u00f1adi\u00f3 la PHAC.<\/p>\n","protected":false},"excerpt":{"rendered":"<p>&nbsp; &nbsp; Los hospitales informan que las infecciones por neumon\u00eda at\u00edpica principalmente en ni\u00f1os est\u00e1n aumentando en todo el pa\u00eds, lo que plantea preguntas sobre&hellip;<\/p>\n","protected":false},"author":99,"featured_media":525461,"comment_status":"open","ping_status":"open","sticky":false,"template":"","format":"standard","meta":{"footnotes":""},"categories":[21],"tags":[],"class_list":["post-525460","post","type-post","status-publish","format-standard","has-post-thumbnail","hentry","category-canada"],"_links":{"self":[{"href":"https:\/\/diarioelpopular.com\/index.php\/wp-json\/wp\/v2\/posts\/525460","targetHints":{"allow":["GET"]}}],"collection":[{"href":"https:\/\/diarioelpopular.com\/index.php\/wp-json\/wp\/v2\/posts"}],"about":[{"href":"https:\/\/diarioelpopular.com\/index.php\/wp-json\/wp\/v2\/types\/post"}],"author":[{"embeddable":true,"href":"https:\/\/diarioelpopular.com\/index.php\/wp-json\/wp\/v2\/users\/99"}],"replies":[{"embeddable":true,"href":"https:\/\/diarioelpopular.com\/index.php\/wp-json\/wp\/v2\/comments?post=525460"}],"version-history":[{"count":1,"href":"https:\/\/diarioelpopular.com\/index.php\/wp-json\/wp\/v2\/posts\/525460\/revisions"}],"predecessor-version":[{"id":525462,"href":"https:\/\/diarioelpopular.com\/index.php\/wp-json\/wp\/v2\/posts\/525460\/revisions\/525462"}],"wp:featuredmedia":[{"embeddable":true,"href":"https:\/\/diarioelpopular.com\/index.php\/wp-json\/wp\/v2\/media\/525461"}],"wp:attachment":[{"href":"https:\/\/diarioelpopular.com\/index.php\/wp-json\/wp\/v2\/media?parent=525460"}],"wp:term":[{"taxonomy":"category","embeddable":true,"href":"https:\/\/diarioelpopular.com\/index.php\/wp-json\/wp\/v2\/categories?post=525460"},{"taxonomy":"post_tag","embeddable":true,"href":"https:\/\/diarioelpopular.com\/index.php\/wp-json\/wp\/v2\/tags?post=525460"}],"curies":[{"name":"wp","href":"https:\/\/api.w.org\/{rel}","templated":true}]}}