{"id":525464,"date":"2024-11-27T10:36:23","date_gmt":"2024-11-27T14:36:23","guid":{"rendered":"https:\/\/diarioelpopular.com\/?p=525464"},"modified":"2024-11-27T10:36:23","modified_gmt":"2024-11-27T14:36:23","slug":"ecuador-nemonte-nenquimo-y-un-pueblo-que-resiste-no-queremos-ser-salvados-sino-que-nos-respeten","status":"publish","type":"post","link":"https:\/\/diarioelpopular.com\/index.php\/2024\/11\/27\/ecuador-nemonte-nenquimo-y-un-pueblo-que-resiste-no-queremos-ser-salvados-sino-que-nos-respeten\/","title":{"rendered":"Ecuador: Nemonte Nenquimo y un pueblo que resiste: \u201cNo queremos ser salvados, sino que nos respeten\u201d"},"content":{"rendered":"<div id=\"attachment_525465\" style=\"width: 1210px\" class=\"wp-caption alignnone\"><img loading=\"lazy\" decoding=\"async\" aria-describedby=\"caption-attachment-525465\" class=\"wp-image-525465 size-custom-big-size\" src=\"https:\/\/diarioelpopular.com\/wp-content\/uploads\/2024\/11\/Screen-Shot-2024-11-27-at-9.35.35-AM-1200x800.png\" alt=\"\" width=\"1200\" height=\"800\" srcset=\"https:\/\/diarioelpopular.com\/wp-content\/uploads\/2024\/11\/Screen-Shot-2024-11-27-at-9.35.35-AM-1200x800.png 1200w, https:\/\/diarioelpopular.com\/wp-content\/uploads\/2024\/11\/Screen-Shot-2024-11-27-at-9.35.35-AM-300x200.png 300w, https:\/\/diarioelpopular.com\/wp-content\/uploads\/2024\/11\/Screen-Shot-2024-11-27-at-9.35.35-AM-768x512.png 768w, https:\/\/diarioelpopular.com\/wp-content\/uploads\/2024\/11\/Screen-Shot-2024-11-27-at-9.35.35-AM-636x424.png 636w, https:\/\/diarioelpopular.com\/wp-content\/uploads\/2024\/11\/Screen-Shot-2024-11-27-at-9.35.35-AM-109x73.png 109w, https:\/\/diarioelpopular.com\/wp-content\/uploads\/2024\/11\/Screen-Shot-2024-11-27-at-9.35.35-AM.png 1024w\" sizes=\"auto, (max-width: 1200px) 100vw, 1200px\" \/><p id=\"caption-attachment-525465\" class=\"wp-caption-text\">Nemonte Nenquimo, la mujer Waorani que lider\u00f3 el proceso legal para suspender la explotaci\u00f3n petrolera que amenazaba a su comunidad. Amazon Frontlines<\/p><\/div>\n<p>&nbsp;<\/p>\n<p>&nbsp;<\/p>\n<h4 class=\"a_st\"><em>&#8211; El libro \u2018Seremos Jaguares\u2019 narra los a\u00f1os de activismo de la lideresa ecuatoriana que hizo respetar el derecho a una consulta libre, previa e informada en los territorios ind\u00edgenas<\/em><\/h4>\n<p>&nbsp;<\/p>\n<p class=\"\">La voz de Nemonte Nenquimo ha dado la vuelta al mundo con un mensaje contundente: la selva no est\u00e1 en venta. Creci\u00f3 en el coraz\u00f3n de la Amazonia y fue la primera mujer en liderar la Nacionalidad Waorani de la provincia de Pastaza, una de las 14 nacionalidades ind\u00edgenas en Ecuador.<\/p>\n<p class=\"\">En 2020\u00a0<a href=\"https:\/\/www.goldmanprize.org\/recipient\/nemonte-nenquimo\/\" target=\"_blank\" rel=\"noopener\" data-link-track-dtm=\"\" data-mrf-link=\"https:\/\/www.goldmanprize.org\/recipient\/nemonte-nenquimo\/\">recibi\u00f3 el Premio Goldman\u00a0<\/a>de Medio Ambiente luego de encabezar la demanda legal en que\u00a0<a href=\"https:\/\/amazonfrontlines.org\/es\/chronicles\/victoria-waorani\/\" target=\"_blank\" rel=\"noopener\" data-link-track-dtm=\"\" data-mrf-link=\"https:\/\/amazonfrontlines.org\/es\/chronicles\/victoria-waorani\/\">los Waorani recuperaron 200.000 hect\u00e1reas de selva<\/a>\u00a0que el Estado hab\u00eda puesto en venta a las empresas petroleras. La lideresa ha hecho de las historias estrategias centrales para la defensa de su territorio: primero en formas de mapas comunitarios y ahora con el libro\u00a0<i>Seremos Jaguares, Vida y resistencia en la Amazonia,<\/i>\u00a0que publica este mes con un llamado al mundo a tomar acci\u00f3n.<\/p>\n<p class=\"\">Para Nenquimo y los Waorani, las historias son seres vivos. Hay que contarlas para mantenerlas vivas, y cuidarlas porque son seres poderosos. Cuando decidi\u00f3 escribir su historia y hacerlo en coautor\u00eda con su pareja Mitch Anderson, comenzaron un proceso de tres a\u00f1os que ella define como espiritual. Tomaron ayahuasca e hicieron del fuego y la noche un espacio para la memoria, como hacen los Waorani. Ella y su familia narraron desde la tradici\u00f3n oral, y Mitch documentaba entre libretas y grabaciones para despu\u00e9s escribir el libro que es ahora un tejido de recuerdos personales, familiares y colectivos, enlazados en lo profundo como las ra\u00edces de los \u00e1rboles.<\/p>\n<p class=\"\">\u201cDurante muchas d\u00e9cadas, mis ancestros no quisieron contar su historia, era un lugar secreto y sagrado que manten\u00edan en conexi\u00f3n con la tierra y todo lo que vive dentro de la selva. Yo ten\u00eda mucho miedo, pero decid\u00ed hacerlo\u201d, explica Nenquimo en entrevista con Am\u00e9rica Futura, con el libro en sus manos, luego de aterrizar en Londres para presentarlo al mundo por primera vez. \u201cNo es la historia Waorani como una historia terminada, es mi historia y de qui\u00e9nes somos. Los antrop\u00f3logos narran desde su mirada, pero esta es la m\u00eda\u201d.<\/p>\n<p class=\"\"><i>Seremos jaguares<\/i>\u00a0es un ejemplo claro de aquello que ha defendido la segunda ola del feminismo: lo personal es pol\u00edtico. Es una historia que se entreteje alrededor del momento en que Nenquimo, hoy un s\u00edmbolo de la justicia socioambiental, mir\u00f3 de frente a las c\u00e1maras con su mirada profunda y vestida de achiote, para insistirle al mundo que el camino frente a la crisis clim\u00e1tica comienza por escuchar y respetar a los pueblos ind\u00edgenas como\u00a0<a href=\"https:\/\/elpais.com\/america-futura\/2023-11-23\/los-pueblos-indigenas-son-esenciales-para-enfrentar-la-crisis-climatica.html\" data-link-track-dtm=\"\" data-mrf-link=\"https:\/\/elpais.com\/america-futura\/2023-11-23\/los-pueblos-indigenas-son-esenciales-para-enfrentar-la-crisis-climatica.html\">guardianes de los lugares m\u00e1s biodiversos del planeta.<\/a><\/p>\n<p class=\"\">\u201cEspero que la gente entienda m\u00e1s profundamente qu\u00e9 significa el mundo de la selva. Por falta de conocimiento solo quieren destruirla, creen que est\u00e1 vac\u00eda y se la quieren devorar. Quiero que este libro eduque a las empresas que invierten en el petr\u00f3leo, la miner\u00eda y la deforestaci\u00f3n; tambi\u00e9n a los ni\u00f1os, j\u00f3venes, ambientalistas, antrop\u00f3logos. Que sepan que la selva sostiene la vida en el planeta, no solo a los pueblos ind\u00edgenas\u201d, explica.<\/p>\n<p>&nbsp;<\/p>\n<figure class=\"a_m a_m-h \">\n<p><div style=\"width: 424px\" class=\"wp-caption alignnone\"><img loading=\"lazy\" decoding=\"async\" class=\"_re lazyload a_m-h\" src=\"https:\/\/imagenes.elpais.com\/resizer\/v2\/3LNM2WMU7BAUXOUBRNB2Y5OQ3M.jpg?auth=049c54c4a4f5cee917851884517afcbc2dc3db65f49b1156df627566ed6dda54&amp;width=414\" sizes=\"auto, (min-width:1199px) 1155px,(min-width:1001px) calc(100vw - 44px),(min-width:768px) 767px, 100vw\" srcset=\"https:\/\/imagenes.elpais.com\/resizer\/v2\/3LNM2WMU7BAUXOUBRNB2Y5OQ3M.jpg?auth=049c54c4a4f5cee917851884517afcbc2dc3db65f49b1156df627566ed6dda54&amp;width=414 414w,https:\/\/imagenes.elpais.com\/resizer\/v2\/3LNM2WMU7BAUXOUBRNB2Y5OQ3M.jpg?auth=049c54c4a4f5cee917851884517afcbc2dc3db65f49b1156df627566ed6dda54&amp;width=828 640w,https:\/\/imagenes.elpais.com\/resizer\/v2\/3LNM2WMU7BAUXOUBRNB2Y5OQ3M.jpg?auth=049c54c4a4f5cee917851884517afcbc2dc3db65f49b1156df627566ed6dda54&amp;width=980 1000w,https:\/\/imagenes.elpais.com\/resizer\/v2\/3LNM2WMU7BAUXOUBRNB2Y5OQ3M.jpg?auth=049c54c4a4f5cee917851884517afcbc2dc3db65f49b1156df627566ed6dda54&amp;width=1960 1960w\" alt=\"Nemonte Nenquimo\" width=\"414\" height=\"276\" \/><p class=\"wp-caption-text\">Los Waorani recuperaron 200.000 hect\u00e1reas de selva que el Estado hab\u00eda puesto en venta a las empresas petroleras.Cortes\u00eda<\/p><\/div><figcaption class=\"a_m_p\"><\/figcaption><\/figure>\n<h3><\/h3>\n<h3 class=\"\">El mundo Waorani y el mundo cowori<\/h3>\n<p class=\"\">El libro comienza con sus primeros recuerdos en To\u00f1ampare, la comunidad Waorani donde creci\u00f3, dentro de la Amazonia que se extiende hacia el este de Ecuador. Con su madre, Manuela, aprendi\u00f3 a preparar la bebida de la\u00a0<i>chicha<\/i>\u00a0y a cuidar de las plantas y frutos que curan y alimentan en la selva; con su padre, Tiri, a caminar sin dejar rastro, reconociendo el paso de los jaguares y los pecar\u00edes. Al grito de\u00a0<i>\u00a1ebo, ebo!<\/i>\u00a0jugaba con sus hermanos V\u00edctor y Opi, a ver qui\u00e9n encontraba primero los aviones que atravesaban el cielo y significaban la llegada de\u00a0<i>coworis,<\/i>\u00a0o<i>\u00a0<\/i>personas blancas.<\/p>\n<p class=\"\">Su padre es de la primera generaci\u00f3n Waorani en establecer contacto con los\u00a0<i>cowori<\/i>, cuando aterrizaron las primeras misiones cristianas de la mano de la industria petrolera en los 60. Con ellas lleg\u00f3 el polio que se extendi\u00f3 entre la selva y palabras nuevas como pozos, petr\u00f3leo y contaminaci\u00f3n. Una generaci\u00f3n despu\u00e9s, Nenquimo recuerda su propio contacto, personificado en la mujer misionera<i>\u00a0<\/i>que ya viv\u00eda en su comunidad: la llamaba In\u00e9s en lugar de Nemonte, y le hablaba de un Dios que la salvar\u00eda cuando dejara de ser lo que ella era: Waorani. Tambi\u00e9n les convocaba para hablarles del petr\u00f3leo que exist\u00eda bajo sus pies y de la importancia de \u201ccooperar\u201d con los hombres que vendr\u00edan pronto para extraerlo.<\/p>\n<p class=\"\">Desde ni\u00f1a entendi\u00f3 que exist\u00edan dos mundos: el Waorani, y el cowori. \u201cEra una ni\u00f1a muy curiosa y quer\u00eda descubrir de d\u00f3nde ven\u00edan los blancos, c\u00f3mo tienen casas, por qu\u00e9 tienen ojos azules, por qu\u00e9 son tan blancos y altos\u201d, recuerda. Guiada por la curiosidad, a los 14 a\u00f1os decidi\u00f3 seguirles y al poco tiempo, en un internado evag\u00e9lico en Quito, record\u00f3 las palabras de su abuelo: \u201cPara nosotros en la selva, el mundo del hombre blanco es como la lengua de una boa. Nos hace perder los sentidos y es capaz de atrapar hasta a un jaguar\u201d.<\/p>\n<p class=\"\">Volvi\u00f3 entonces a la selva, aunque no a su comunidad. Sinti\u00f3 con todo el cuerpo el impacto de las petroleras que separaban el territorio entre caminos y pozos, con m\u00e1quinas que reemplazaron el silencio de la noche con estruendos subterr\u00e1neos. Atestigu\u00f3 c\u00f3mo los\u00a0<i>cowori<\/i>\u00a0sembraron un conflicto para enfrentar a los Waorani con los Tag\u00ebiri y Taromenane, los pueblos en aislamiento voluntario que ellos llaman sus \u201cparientes\u201d, pues comparten con ellos la selva desde que recuerdan sus abuelos. Sin contacto, pero en paz.<\/p>\n<p class=\"\">Conoci\u00f3 entonces a Mitch, director de\u00a0<a href=\"https:\/\/amazonfrontlines.org\/es\/\" target=\"_blank\" rel=\"noopener\" data-link-track-dtm=\"\" data-mrf-link=\"https:\/\/amazonfrontlines.org\/es\/\"><i>Amazon Frontlines<\/i><\/a>, instalando sistemas de agua con las familias afectadas por la contaminaci\u00f3n de los r\u00edos, y se reencontr\u00f3 con su hermano Opi, quien ya documentaba las historias de los abuelos y las abuelas seguro de que es ah\u00ed donde se encuentra el cuidado de la vida y de la selva. Juntos recorrieron territorios de las nacionalidades vecinas A\u2019i Cof\u00e1n, Siekopai y Siona.<\/p>\n<p class=\"\">Miraron los efectos de la industria petrolera en el agua, en la selva, y las personas. Escucharon de madres y padres que perdieron a sus hijos por la contaminaci\u00f3n del agua y recibieron dos latas de at\u00fan como mecanismo de reparaci\u00f3n por cada derrame de petr\u00f3leo en los r\u00edos de su territorio. \u201cLos hombres sal\u00edan a trabajar en los pozos y volv\u00edan con otras formas de pensamiento, hablando de petr\u00f3leo, desarrollo, de la escuela. Me di cuenta de que eso trataban de hacernos a los Waorani. Era violencia, no una salvaci\u00f3n\u201d, explica Nenquimo.<\/p>\n<p class=\"\">Fue entonces que el Estado de Ecuador puso en marcha la Ronda Petrolera, una subasta que pon\u00eda a su territorio en oferta a las empresas internacionales, dentro de la concesi\u00f3n llamada Bloque 22. Nenquimo supo que ten\u00eda que liderar a su gente en la lucha contra las empresas petroleras, y que el camino para hacerlo era en alianza con diferentes nacionalidades. \u201cVoy a hablar como un jaguar, y hacer temblar a las compa\u00f1\u00edas\u201d, advirti\u00f3 al mundo desde la Amazoniia.<\/p>\n<p class=\"\">As\u00ed fund\u00f3\u00a0<a href=\"https:\/\/www.alianzaceibo.org\/\" data-link-track-dtm=\"\" data-mrf-link=\"https:\/\/www.alianzaceibo.org\/\">Alianza Ceibo<\/a>. Con su hija Daime en brazos, lider\u00f3 el camino para demandar al Estado ecuatoriano a trav\u00e9s de decisiones tomadas en asamblea, con la gu\u00eda de de tres generaciones de mujeres Waorani y diferentes\u00a0<i>pikenani,<\/i>\u00a0o<i>\u00a0<\/i>l\u00edderes tradicionales. \u201cComo l\u00edder, les voy a escuchar. Y como madre, ser\u00e9 feroz como un jaguar defendiendo a su cr\u00eda\u201d, dej\u00f3 claro en una de varias asambleas.<\/p>\n<p>&nbsp;<\/p>\n<figure class=\"a_m a_m-h \">\n<p><div style=\"width: 424px\" class=\"wp-caption alignnone\"><img loading=\"lazy\" decoding=\"async\" class=\"_re lazyload a_m-h\" src=\"https:\/\/imagenes.elpais.com\/resizer\/v2\/WH5YZWOZNNBIFEVPYZQIBPD5VA.jpg?auth=77e290a8ddb3a11f1181d68c0c9886529f3685c9801b2c56ce74a97de602bcbc&amp;width=414\" sizes=\"auto, (min-width:1199px) 1155px,(min-width:1001px) calc(100vw - 44px),(min-width:768px) 767px, 100vw\" srcset=\"https:\/\/imagenes.elpais.com\/resizer\/v2\/WH5YZWOZNNBIFEVPYZQIBPD5VA.jpg?auth=77e290a8ddb3a11f1181d68c0c9886529f3685c9801b2c56ce74a97de602bcbc&amp;width=414 414w,https:\/\/imagenes.elpais.com\/resizer\/v2\/WH5YZWOZNNBIFEVPYZQIBPD5VA.jpg?auth=77e290a8ddb3a11f1181d68c0c9886529f3685c9801b2c56ce74a97de602bcbc&amp;width=828 640w,https:\/\/imagenes.elpais.com\/resizer\/v2\/WH5YZWOZNNBIFEVPYZQIBPD5VA.jpg?auth=77e290a8ddb3a11f1181d68c0c9886529f3685c9801b2c56ce74a97de602bcbc&amp;width=980 1000w,https:\/\/imagenes.elpais.com\/resizer\/v2\/WH5YZWOZNNBIFEVPYZQIBPD5VA.jpg?auth=77e290a8ddb3a11f1181d68c0c9886529f3685c9801b2c56ce74a97de602bcbc&amp;width=1960 1960w\" alt=\"Nemonte Nenquimo\" width=\"414\" height=\"276\" \/><p class=\"wp-caption-text\">Alianza Ceibo es conformada por personas ind\u00edgenas de cuatro etnias: A\u2019i Kofan, Siekopai, Siona y Waorani, todas de la Amazon\u00eda ecuatoriana.Amazon Frontlines<\/p><\/div><figcaption class=\"a_m_p\"><\/figcaption><\/figure>\n<h3><\/h3>\n<h3 class=\"\">Mapas como punta de lanza<\/h3>\n<p class=\"\">Hicieron suyas dos herramientas de los\u00a0<i>cowori<\/i>\u00a0que hab\u00edan sido utilizadas en su contra: las leyes y los mapas. Desde una conocida pr\u00e1ctica colonial, el Estado hab\u00eda trazado sobre un mapa las l\u00edneas rectas que delimitaban el Bloque 22. \u201cLos mapas del Gobierno sobre nuestro territorio estaban vac\u00edos. \u00bfQu\u00e9 tal que hacemos nuestros propios mapas de nuestro territorio y lo llenamos de nuestra historia, nuestras historias y nuestro conocimiento? As\u00ed cuando el Gobierno trate de vender nuestra tierra como un espacio vac\u00edo, le haremos ver que est\u00e1 lleno de vida y que no hay lugar para los pozos y los ductos\u201d, narra Nemonte en el libro.<\/p>\n<p class=\"\">La Alianza dedic\u00f3 dos a\u00f1os a recorrer sus territorios. Dibujaron, usaron drones y\u00a0<a href=\"https:\/\/www.earthdefenderstoolkit.com\/community\/mapping-waorani-ancestral-lands-in-ecuador\/\" target=\"_blank\" rel=\"noopener\" data-link-track-dtm=\"\" data-mrf-link=\"https:\/\/www.earthdefenderstoolkit.com\/community\/mapping-waorani-ancestral-lands-in-ecuador\/\">herramientas de mapeo colaborativo<\/a>\u00a0para crear\u00a0<a href=\"https:\/\/waoresist.amazonfrontlines.org\/es\/explora\/\" target=\"_blank\" rel=\"noopener\" data-link-track-dtm=\"\" data-mrf-link=\"https:\/\/waoresist.amazonfrontlines.org\/es\/explora\/\">sus propios mapas\u00a0<\/a>que hablan de r\u00edos, plantas medicinales, comunidades, caminos, espacios sagrados, pasos de jaguares, y las muchas formas en que se sostiene la vida en la selva. En abril de 2019, presentaron los mapas en el juicio\u00a0<a href=\"https:\/\/awana.digital\/blog\/maps-in-court-and-the-waorani-victory\" target=\"_blank\" rel=\"noopener\" data-link-track-dtm=\"\" data-mrf-link=\"https:\/\/awana.digital\/blog\/maps-in-court-and-the-waorani-victory\">como evidencia legal de su relaci\u00f3n ancestral\u00a0<\/a>y junto con cantos, danzas y ceremonias, encontraron la manera de llevar la selva a la Corte, y la Corte a los ojos del mundo.<\/p>\n<p class=\"\">En la demanda vincularon el derecho a la libre determinaci\u00f3n con el derecho a una consulta libre, previa e informada, y dejaron claro que el Estado no hab\u00eda respetado ninguno de los dos antes de anunciar la subasta de su territorio.\u00a0<a href=\"https:\/\/amazonfrontlines.org\/es\/chronicles\/8-razones-victoria-waorani\/\" data-link-track-dtm=\"\" data-mrf-link=\"https:\/\/amazonfrontlines.org\/es\/chronicles\/8-razones-victoria-waorani\/\">Ga<\/a><a href=\"https:\/\/amazonfrontlines.org\/es\/chronicles\/8-razones-victoria-waorani\/\" target=\"_blank\" rel=\"noopener\" data-link-track-dtm=\"\" data-mrf-link=\"https:\/\/amazonfrontlines.org\/es\/chronicles\/8-razones-victoria-waorani\/\">naron as\u00ed, una batalla legal y narrativa<\/a>\u00a0que cre\u00f3 un precedente hist\u00f3rico para los pueblos ind\u00edgenas en Ecuador y en el mundo.<\/p>\n<p>&nbsp;<\/p>\n<figure class=\"a_m a_m-h \">\n<p><div style=\"width: 424px\" class=\"wp-caption alignnone\"><img loading=\"lazy\" decoding=\"async\" class=\"_re lazyload a_m-h\" src=\"https:\/\/imagenes.elpais.com\/resizer\/v2\/OUGLJHNCWVGGLEIHZKAL3SBXYY.jpg?auth=ead1ad0d8a1755455f668b159640cfb759a978db4658181d4f3a3222e8cdaf0e&amp;width=414\" sizes=\"auto, (min-width:1199px) 1155px,(min-width:1001px) calc(100vw - 44px),(min-width:768px) 767px, 100vw\" srcset=\"https:\/\/imagenes.elpais.com\/resizer\/v2\/OUGLJHNCWVGGLEIHZKAL3SBXYY.jpg?auth=ead1ad0d8a1755455f668b159640cfb759a978db4658181d4f3a3222e8cdaf0e&amp;width=414 414w,https:\/\/imagenes.elpais.com\/resizer\/v2\/OUGLJHNCWVGGLEIHZKAL3SBXYY.jpg?auth=ead1ad0d8a1755455f668b159640cfb759a978db4658181d4f3a3222e8cdaf0e&amp;width=828 640w,https:\/\/imagenes.elpais.com\/resizer\/v2\/OUGLJHNCWVGGLEIHZKAL3SBXYY.jpg?auth=ead1ad0d8a1755455f668b159640cfb759a978db4658181d4f3a3222e8cdaf0e&amp;width=980 1000w,https:\/\/imagenes.elpais.com\/resizer\/v2\/OUGLJHNCWVGGLEIHZKAL3SBXYY.jpg?auth=ead1ad0d8a1755455f668b159640cfb759a978db4658181d4f3a3222e8cdaf0e&amp;width=1960 1960w\" alt=\"Nemonte Nenquimo\" width=\"414\" height=\"276\" \/><p class=\"wp-caption-text\">En julio de 2019, un tribunal de Ecuador emiti\u00f3 un fallo con profundas implicaciones para la lucha urgente por salvar la selva amaz\u00f3nica que se encontraba en peligro.Amazon Frontlines<\/p><\/div><figcaption class=\"a_m_p\"><\/figcaption><\/figure>\n<p>&nbsp;<\/p>\n<p class=\"\">El uso de mapas como evidencia fue tambi\u00e9n un precedente importante para procesos m\u00e1s recientes como el de\u00a0<a href=\"https:\/\/news.mongabay.com\/2024\/01\/historic-land-win-for-ecuadors-siekopai-sets-precedent-for-other-indigenous-groups\/\" target=\"_blank\" rel=\"noopener\" data-link-track-dtm=\"\" data-mrf-link=\"https:\/\/news.mongabay.com\/2024\/01\/historic-land-win-for-ecuadors-siekopai-sets-precedent-for-other-indigenous-groups\/\">la naci\u00f3n Siekopai<\/a>, que en 2023 result\u00f3 en la devoluci\u00f3n de 42.360 hect\u00e1reas de su territorio ancestral despu\u00e9s de 80 a\u00f1os de desplazamiento forzado. Actualmente, Alianza Ceibo contin\u00faa la lucha desde la organizaci\u00f3n comunitaria, el mapeo y monitoreo comunitario y estrategias de comunicaci\u00f3n propias. En 2023, contribuyeron con\u00a0<i>Amazon Frontlines<\/i>\u00a0a la campa\u00f1a\u00a0<a href=\"https:\/\/sialyasuni.com\/en\/home\/\" target=\"_blank\" rel=\"noopener\" data-link-track-dtm=\"\" data-mrf-link=\"https:\/\/sialyasuni.com\/en\/home\/\">#S\u00edalYasun\u00ed<\/a>\u00a0que fue central para la victoria del referendo en el que Ecuador decidi\u00f3 democr\u00e1ticamente\u00a0<a href=\"https:\/\/elpais.com\/america-futura\/2023-08-21\/una-consulta-popular-le-dice-si-a-proteger-el-yasuni.html\" data-link-track-dtm=\"\" data-mrf-link=\"https:\/\/elpais.com\/america-futura\/2023-08-21\/una-consulta-popular-le-dice-si-a-proteger-el-yasuni.html\">defender al Parque Nacional Yasun\u00ed<\/a>\u00a0de la extracci\u00f3n petrolera.<\/p>\n<p class=\"\">La Nacionalidad Waorani logr\u00f3 lo que para muchos parec\u00eda imposible y su victoria es ahora una historia que plantea un futuro posible. Y al frente de ese futuro posible, que beneficia al mundo entero, est\u00e1n los pueblos y nacionalidades ind\u00edgenas.<i>\u00a0<\/i>\u201cNo queremos ser salvados, queremos que nos respeten\u201d, insiste Nemonte con su voz y con su historia en un libro que tiende un puente para escuchar a quienes habitan y defienden la Amazonia.<\/p>\n","protected":false},"excerpt":{"rendered":"<p>&nbsp; &nbsp; &#8211; El libro \u2018Seremos Jaguares\u2019 narra los a\u00f1os de activismo de la lideresa ecuatoriana que hizo respetar el derecho a una consulta libre,&hellip;<\/p>\n","protected":false},"author":99,"featured_media":525465,"comment_status":"open","ping_status":"open","sticky":false,"template":"","format":"standard","meta":{"footnotes":""},"categories":[23],"tags":[],"class_list":["post-525464","post","type-post","status-publish","format-standard","has-post-thumbnail","hentry","category-latinoamerica"],"_links":{"self":[{"href":"https:\/\/diarioelpopular.com\/index.php\/wp-json\/wp\/v2\/posts\/525464","targetHints":{"allow":["GET"]}}],"collection":[{"href":"https:\/\/diarioelpopular.com\/index.php\/wp-json\/wp\/v2\/posts"}],"about":[{"href":"https:\/\/diarioelpopular.com\/index.php\/wp-json\/wp\/v2\/types\/post"}],"author":[{"embeddable":true,"href":"https:\/\/diarioelpopular.com\/index.php\/wp-json\/wp\/v2\/users\/99"}],"replies":[{"embeddable":true,"href":"https:\/\/diarioelpopular.com\/index.php\/wp-json\/wp\/v2\/comments?post=525464"}],"version-history":[{"count":1,"href":"https:\/\/diarioelpopular.com\/index.php\/wp-json\/wp\/v2\/posts\/525464\/revisions"}],"predecessor-version":[{"id":525466,"href":"https:\/\/diarioelpopular.com\/index.php\/wp-json\/wp\/v2\/posts\/525464\/revisions\/525466"}],"wp:featuredmedia":[{"embeddable":true,"href":"https:\/\/diarioelpopular.com\/index.php\/wp-json\/wp\/v2\/media\/525465"}],"wp:attachment":[{"href":"https:\/\/diarioelpopular.com\/index.php\/wp-json\/wp\/v2\/media?parent=525464"}],"wp:term":[{"taxonomy":"category","embeddable":true,"href":"https:\/\/diarioelpopular.com\/index.php\/wp-json\/wp\/v2\/categories?post=525464"},{"taxonomy":"post_tag","embeddable":true,"href":"https:\/\/diarioelpopular.com\/index.php\/wp-json\/wp\/v2\/tags?post=525464"}],"curies":[{"name":"wp","href":"https:\/\/api.w.org\/{rel}","templated":true}]}}