{"id":525468,"date":"2024-11-27T10:44:10","date_gmt":"2024-11-27T14:44:10","guid":{"rendered":"https:\/\/diarioelpopular.com\/?p=525468"},"modified":"2024-11-27T10:44:10","modified_gmt":"2024-11-27T14:44:10","slug":"por-que-depositar-ropa-usada-en-un-contenedor-de-reciclaje-no-permite-tener-la-conciencia-tranquila","status":"publish","type":"post","link":"https:\/\/diarioelpopular.com\/index.php\/2024\/11\/27\/por-que-depositar-ropa-usada-en-un-contenedor-de-reciclaje-no-permite-tener-la-conciencia-tranquila\/","title":{"rendered":"Por qu\u00e9 depositar ropa usada en un contenedor de reciclaje no permite tener la conciencia tranquila"},"content":{"rendered":"<div id=\"attachment_525469\" style=\"width: 646px\" class=\"wp-caption alignnone\"><img loading=\"lazy\" decoding=\"async\" aria-describedby=\"caption-attachment-525469\" class=\"wp-image-525469 size-custom-full-size\" src=\"https:\/\/diarioelpopular.com\/wp-content\/uploads\/2024\/11\/Screen-Shot-2024-11-27-at-9.43.31-AM-636x356.png\" alt=\"\" width=\"636\" height=\"356\" srcset=\"https:\/\/diarioelpopular.com\/wp-content\/uploads\/2024\/11\/Screen-Shot-2024-11-27-at-9.43.31-AM-636x356.png 636w, https:\/\/diarioelpopular.com\/wp-content\/uploads\/2024\/11\/Screen-Shot-2024-11-27-at-9.43.31-AM-300x168.png 300w, https:\/\/diarioelpopular.com\/wp-content\/uploads\/2024\/11\/Screen-Shot-2024-11-27-at-9.43.31-AM-768x430.png 768w, https:\/\/diarioelpopular.com\/wp-content\/uploads\/2024\/11\/Screen-Shot-2024-11-27-at-9.43.31-AM-130x73.png 130w, https:\/\/diarioelpopular.com\/wp-content\/uploads\/2024\/11\/Screen-Shot-2024-11-27-at-9.43.31-AM.png 1024w\" sizes=\"auto, (max-width: 636px) 100vw, 636px\" \/><p id=\"caption-attachment-525469\" class=\"wp-caption-text\">Varias personas buscan en el vertedero de residuos textiles de Weija, a las afueras de Acra, en Ghana, el 9 de octubre de 2023. Kevin McElvaney (\u00a9 Kevin McElvaney \/ Greenpeace)<\/p><\/div>\n<p>&nbsp;<\/p>\n<p>&nbsp;<\/p>\n<h4 class=\"a_st\"><em>&#8211; Greenpeace advierte en una investigaci\u00f3n coincidiendo con el Viernes Negro que el consumo de moda r\u00e1pida es \u201cuna bomba de relojer\u00eda ambiental\u201d. El sistema se mantiene gracias a los pa\u00edses del Sur Global, donde acaban las prendas que no queremos. En \u00c1frica, el 40% de la ropa usada termina en vertederos o quemada<\/em><\/h4>\n<p>&nbsp;<\/p>\n<p class=\"\">Un pantal\u00f3n pasa mucho menos tiempo en nuestro armario que en el vertedero de\u00a0<a href=\"https:\/\/elpais.com\/noticias\/africa\/\" target=\"_blank\" rel=\"noopener\" data-link-track-dtm=\"\" data-mrf-link=\"https:\/\/elpais.com\/noticias\/africa\/\">\u00c1frica<\/a>\u00a0donde puede terminar despu\u00e9s de que lo dejemos en un contenedor, reconfortados por la idea de estar d\u00e1ndole una segunda vida.<\/p>\n<p class=\"\">Muy probablemente, la prenda recorrer\u00e1 miles de kil\u00f3metros, con la huella de carbono que ese viaje supone, y, debido a un sistema colapsado y descontrolado y a la mala calidad de sus materiales, tal vez nunca vuelva a usarse. Su \u2018segunda vida\u2019 ser\u00e1 finalmente una monta\u00f1a de basura en pa\u00edses del Sur Global o una contaminante hoguera al aire libre, donde acaba por ejemplo el 40% de la ropa que enviamos a \u00c1frica. Es la alarmante fotograf\u00eda que traza\u00a0<a href=\"https:\/\/elpais.com\/noticias\/greenpeace\/\" target=\"_blank\" rel=\"noopener\" data-link-track-dtm=\"\" data-mrf-link=\"https:\/\/elpais.com\/noticias\/greenpeace\/\">Greenpeace<\/a>\u00a0coincidiendo con el Viernes Negro, en\u00a0<a href=\"https:\/\/es.greenpeace.org\/es\/en-profundidad\/una-segunda-vida-para-tu-ropa\/\" target=\"_blank\" rel=\"noopener\" data-link-track-dtm=\"\" data-mrf-link=\"https:\/\/es.greenpeace.org\/es\/en-profundidad\/una-segunda-vida-para-tu-ropa\/\">una investigaci\u00f3n publicada este mi\u00e9rcoles.<\/a><\/p>\n<p class=\"\">\u201cLa econom\u00eda circular\u00a0<a href=\"https:\/\/es.greenpeace.org\/es\/sala-de-prensa\/informes\/poison-gifts\/\" target=\"_blank\" rel=\"noopener\" data-link-track-dtm=\"\" data-mrf-link=\"https:\/\/es.greenpeace.org\/es\/sala-de-prensa\/informes\/poison-gifts\/\">no es compatible con el modelo de producci\u00f3n<\/a>\u00a0y consumo desbocados que tenemos. En estos momentos, la fabricaci\u00f3n y adquisici\u00f3n de ropa est\u00e1n muy por encima de lo que el sistema es capaz de gestionar con vistas a reciclar y de lo que el planeta puede asumir como volumen de residuos\u201d, explica Sara del R\u00edo, coordinadora de la investigaci\u00f3n de Greenpeace, en una entrevista con este peri\u00f3dico.<\/p>\n<p class=\"\">Un \u201cs\u00edmbolo de este modelo perverso\u201d es el Viernes Negro, donde las compras se disparan atra\u00eddas por precios m\u00e1s bajos, alerta Greenpeace. La ONG recalca que este patr\u00f3n de consumo de ropa es \u201cuna bomba de relojer\u00eda medioambiental\u201d que no se puede sostener sin los pa\u00edses del Sur Global para, \u201cprimero, producir ropa, y, segundo, gestionar los residuos que generan las prendas que desechamos\u201d.<\/p>\n<blockquote class=\"a_q\">\n<div>La fabricaci\u00f3n y adquisici\u00f3n de ropa en estos momentos est\u00e1n muy por encima de lo que el sistema es capaz de gestionar con vistas a reciclar y de lo que el planeta puede asumir como volumen de residuos<\/div>\n<p><cite class=\"_db\">Sara del R\u00edo, Greenpeace<\/cite><\/p><\/blockquote>\n<p class=\"\">Un<a href=\"https:\/\/www.eionet.europa.eu\/etcs\/etc-ce\/products\/etc-ce-report-2024-5-textile-waste-management-in-europes-circular-economy\" target=\"_blank\" rel=\"noopener\" data-link-track-dtm=\"\" data-mrf-link=\"https:\/\/www.eionet.europa.eu\/etcs\/etc-ce\/products\/etc-ce-report-2024-5-textile-waste-management-in-europes-circular-economy\">\u00a0informe de 2024<\/a>\u00a0de la Agencia Europea del Medioambiente (EEA), que utiliza datos de 2020, concluye que en ese a\u00f1o la Uni\u00f3n Europea gener\u00f3 6,95 millones de toneladas de residuos textiles, unos 16 kg por persona. De estos, solo 4,4 kg se recogieron por separado para su potencial reutilizaci\u00f3n y reciclaje, y 11,6 kg acabaron en la basura junto a otros residuos dom\u00e9sticos.<\/p>\n<p class=\"\">Pero Espa\u00f1a est\u00e1 por encima de la media europea y supera los 20 kg por persona y a\u00f1o, de los que solo se recogen selectivamente 2,1 kg. Y de este volumen, solo el 4% (0,8 kg) es ropa y calzado que depositamos en los contenedores, despu\u00e9s de haberlos utilizado. Espa\u00f1a env\u00eda esas prendas usadas a m\u00e1s de un centenar de pa\u00edses, en su mayor\u00eda africanos y asi\u00e1ticos. Los tres destinos que mayor cantidad de ropa usada importan desde nuestro pa\u00eds son Emiratos \u00c1rabes Unidos, Marruecos y Pakist\u00e1n, que a menudo no son su destino final.<\/p>\n<h3 class=\"\">Residuos disfrazados de ropa<\/h3>\n<p class=\"\">La ONG, que recuerda que la industria textil es responsable del 10% de las\u00a0<a href=\"https:\/\/elpais.com\/noticias\/cambio-climatico\/\" target=\"_blank\" rel=\"noopener\" data-link-track-dtm=\"\" data-mrf-link=\"https:\/\/elpais.com\/noticias\/cambio-climatico\/\">emisiones mundiales de gases de efecto invernadero<\/a>, insiste en que esta situaci\u00f3n se ha exacerbado en pocos a\u00f1os. La exportaci\u00f3n de ropa usada desde la Uni\u00f3n Europea (UE) se triplic\u00f3 y pas\u00f3 de 550.000 toneladas en 2000 hasta casi 1,7 millones en 2019.<\/p>\n<p class=\"\">En Espa\u00f1a, seg\u00fan datos oficiales recabados por Greenpeace, el 92% (129.705 toneladas) de los residuos textiles vendidos a otros pa\u00edses en 2023 fueron ropa usada. \u00bfRopa usada o residuos disfrazados?, se pregunta la ONG. \u201cLa cantidad de residuos textiles ha aumentado y al mismo tiempo ha cambiado la composici\u00f3n de la ropa, porque se han incorporado materiales sint\u00e9ticos, como el poli\u00e9ster o el nil\u00f3n, m\u00e1s contaminantes y de peor calidad. Estamos exportando te\u00f3ricamente prendas de segunda mano, pero en muchos casos no podr\u00e1n volver a usarse\u201d, explica Del Rio, agregando que tambi\u00e9n se han detectado en la ropa sustancias peligrosas para la salud, como cadmio o mercurio.<\/p>\n<blockquote class=\"a_q\">\n<div>Cada prenda ha recorrido una media de 9.000 kil\u00f3metros, y en total, las 23 han recorrido 205.121 km, lo que equivale a dar cinco veces la vuelta a la Tierra.<\/div>\n<\/blockquote>\n<p class=\"\">Para sustentar estos datos, Greenpeace ha seguido durante un a\u00f1o y gracias a rastreadores camuflados en los tejidos, el viaje de\u00a0<a href=\"https:\/\/elpais.com\/planeta-futuro\/2023-11-23\/la-huella-kilometrica-de-la-ropa-usada-de-madrid-a-togo-en-una-camiseta-geolocalizada.html\" target=\"_blank\" rel=\"noopener\" data-link-track-dtm=\"\" data-mrf-link=\"https:\/\/elpais.com\/planeta-futuro\/2023-11-23\/la-huella-kilometrica-de-la-ropa-usada-de-madrid-a-togo-en-una-camiseta-geolocalizada.html\">23 prendas de ropa<\/a>\u00a0que fueron depositadas por la ONG entre agosto y septiembre de 2023 en contenedores de tiendas de Mango y\u00a0<a href=\"https:\/\/elpais.com\/economia\/2023-12-12\/zara-lanza-su-servicio-de-segunda-mano-en-espana-en-que-consiste.html\" target=\"_blank\" rel=\"noopener\" data-link-track-dtm=\"\" data-mrf-link=\"https:\/\/elpais.com\/economia\/2023-12-12\/zara-lanza-su-servicio-de-segunda-mano-en-espana-en-que-consiste.html\">Zara\u00a0<\/a>de varias ciudades espa\u00f1olas. Cada una ha recorrido una media de 9.000 kil\u00f3metros, y en total, las 23 han sumado 205.121 km, lo que equivale a dar cinco veces la vuelta a la Tierra, hasta aterrizar en 11 pa\u00edses diferentes, la mayor\u00eda del Sur Global, principalmente en Asia y \u00c1frica. Entre las prendas geolocalizadas, cinco llegaron a Togo, Camer\u00fan y Costa de Marfil. Un pantal\u00f3n viaj\u00f3, por ejemplo, 22.000 kil\u00f3metros en 215 d\u00edas, desde Madrid hasta Abiy\u00e1n, pasando por Emiratos \u00c1rabes Unidos, hasta que su pista se perdi\u00f3. \u201cUna prueba de este sistema insostenible\u201d, afirman los investigadores de Greenpeace.<\/p>\n<p class=\"\">Seg\u00fan datos de la EEA, alrededor del 46% de los textiles desechados por los pa\u00edses europeos termina en \u00c1frica, y el 41 %, en Asia. En \u00c1frica, se intenta que puedan ser reutilizados, ya que existe una demanda de ropa usada y barata procedente de Europa. Pero, seg\u00fan Greenpeace, un 40% de la ropa que llega al continente no se vende y termina quemada o en un vertedero. En Kenia, por ejemplo, seg\u00fan la organizaci\u00f3n de reciclaje\u00a0<a href=\"https:\/\/www.instagram.com\/africa.collect.textiles\/reel\/C9Jt59GIgo9\/\" target=\"_blank\" rel=\"noopener\" data-link-track-dtm=\"\" data-mrf-link=\"https:\/\/www.instagram.com\/africa.collect.textiles\/reel\/C9Jt59GIgo9\/\">Afrika Collect Textiles<\/a>, el 40 % de la ropa usada que reciben es de tan mala calidad que ya no la puede usar nadie.<\/p>\n<p class=\"\">Las toneladas de basura textil en Kenia, Ghana o Tanzania tambi\u00e9n tienen un impacto en el desarrollo y salud de sus habitantes, porque la gesti\u00f3n de estos desechos no es la adecuada. \u201cSon destinos que emergen de repente como zonas receptoras en las que el medio ambiente se destroza tambi\u00e9n muy r\u00e1pidamente\u201d, lamenta Del R\u00edo. Adem\u00e1s, varios pa\u00edses africanos se plantean limitar las importaciones de textiles usados, con el fin de proteger la producci\u00f3n textil local.<\/p>\n<p>&nbsp;<\/p>\n<figure class=\"a_m a_m-h \">\n<p><div style=\"width: 424px\" class=\"wp-caption alignnone\"><img loading=\"lazy\" decoding=\"async\" class=\"_re lazyload a_m-h\" src=\"https:\/\/imagenes.elpais.com\/resizer\/v2\/FRUVFNIYV5HGRKXUA6I27WXVJU.jpg?auth=e3889bfa083f970dee19db88e40f3138b0c9a6e9a0598efe241beb7f9b841eaa&amp;width=414\" sizes=\"auto, (min-width: 1199px) 760px,(min-width: 1001px) cal(100vw - 62vw),(min-width: 768px) 767px, 100vw\" srcset=\"https:\/\/imagenes.elpais.com\/resizer\/v2\/FRUVFNIYV5HGRKXUA6I27WXVJU.jpg?auth=e3889bfa083f970dee19db88e40f3138b0c9a6e9a0598efe241beb7f9b841eaa&amp;width=414 414w,https:\/\/imagenes.elpais.com\/resizer\/v2\/FRUVFNIYV5HGRKXUA6I27WXVJU.jpg?auth=e3889bfa083f970dee19db88e40f3138b0c9a6e9a0598efe241beb7f9b841eaa&amp;width=828 640w,https:\/\/imagenes.elpais.com\/resizer\/v2\/FRUVFNIYV5HGRKXUA6I27WXVJU.jpg?auth=e3889bfa083f970dee19db88e40f3138b0c9a6e9a0598efe241beb7f9b841eaa&amp;width=980 1000w,https:\/\/imagenes.elpais.com\/resizer\/v2\/FRUVFNIYV5HGRKXUA6I27WXVJU.jpg?auth=e3889bfa083f970dee19db88e40f3138b0c9a6e9a0598efe241beb7f9b841eaa&amp;width=1960 1960w\" alt=\"Varias personas hurgan entre residuos textiles y pl\u00e1sticos en un vertedero en Nakuru, en Kenia, en febrero de 2023.\" width=\"414\" height=\"277\" \/><p class=\"wp-caption-text\">Varias personas hurgan entre residuos textiles y pl\u00e1sticos en un vertedero en Nakuru, en Kenia, en febrero de 2023.James Wakibia (SOPA\/LightRocket\/Getty)<\/p><\/div><figcaption class=\"a_m_p\"><\/figcaption><\/figure>\n<p>&nbsp;<\/p>\n<p class=\"\">En Asia, parad\u00f3jicamente, la regi\u00f3n del mundo donde m\u00e1s ropa nueva se fabrica, la mayor\u00eda de los textiles usados llegan a lugares ubicados en zonas francas cercanas a puertos o aeropuertos, donde se clasifican y se reexportan a pa\u00edses africanos o asi\u00e1ticos, donde potencialmente pueden convertirse en trapos o rellenos industriales, o ser desechados en vertederos o incinerados por su escaso valor.<\/p>\n<p class=\"\">Greenpeace tambi\u00e9n recuerda<a href=\"https:\/\/elpais.com\/elpais\/2017\/01\/20\/planeta_futuro\/1484926288_570570.html\" target=\"_blank\" rel=\"noopener\" data-link-track-dtm=\"\" data-mrf-link=\"https:\/\/elpais.com\/elpais\/2017\/01\/20\/planeta_futuro\/1484926288_570570.html\">\u00a0el caso de Banglad\u00e9s<\/a>, donde la industria textil, utilizada por algunas marcas europeas, genera el 20 % del PIB y m\u00e1s del 80 % de los ingresos por exportaciones, al tiempo que emplea a 4,5 millones de personas, en su mayor\u00eda mujeres. Sin embargo, nueve de cada diez trabajadores no pueden permitirse comprar alimentos suficientes para ellos y sus familias con el salario que reciben.<\/p>\n<h3 class=\"\">Una nueva ley en 2025<\/h3>\n<p class=\"\">Los contenedores en tiendas son por ahora voluntarios, pero a partir de 2025 y en virtud de<a href=\"https:\/\/www.boe.es\/buscar\/pdf\/2022\/BOE-A-2022-5809-consolidado.pdf\" target=\"_blank\" rel=\"noopener\" data-link-track-dtm=\"\" data-mrf-link=\"https:\/\/www.boe.es\/buscar\/pdf\/2022\/BOE-A-2022-5809-consolidado.pdf\">\u00a0la ley de residuos y suelos contaminados, de 2022,\u00a0<\/a>los ayuntamientos tendr\u00e1n que instalar muchos m\u00e1s para recoger residuos textiles de forma separada y las tiendas tambi\u00e9n tendr\u00e1n la obligaci\u00f3n de colocarlos, para que se depositen ah\u00ed las prendas usadas. Al mismo tiempo, los comercios no podr\u00e1n tirar los excedentes no vendidos, que deber\u00e1n destinar \u201cen primer lugar a canales de reutilizaci\u00f3n\u201d. Es decir, ser\u00e1n m\u00e1s responsables de los residuos que generan.<\/p>\n<blockquote class=\"a_q\">\n<div>Nos da la sensaci\u00f3n de que esta nueva norma tambi\u00e9n puede provocar que los desechos se lancen lo m\u00e1s lejos posible con el fin de no verlos<\/div>\n<p><cite class=\"_db\">Sara del R\u00edo<\/cite><\/p><\/blockquote>\n<p class=\"\">\u201cPuede que se recoja selectivamente m\u00e1s ropa gracias a la ley, pero tambi\u00e9n puede que haya m\u00e1s prendas con un destino \ufb01nal indeseado, porque habr\u00e1 m\u00e1s residuos que gestionar y la misma capacidad. \u00bfC\u00f3mo se les va a dar salida? Muy probablemente export\u00e1ndolos fuera de la UE\u201d, prev\u00e9 Del R\u00edo. \u201cNos da la sensaci\u00f3n de que esta nueva norma tambi\u00e9n puede provocar que los desechos se lancen lo m\u00e1s lejos posible con el fin de no verlos\u201d, agrega.<\/p>\n<p class=\"\">Greenpeace insiste en que esta ley se centra \u201cen el \u00faltimo eslab\u00f3n de la cadena\u201d y no en la manera de producir, que es el origen del problema, y considera que \u201cperpet\u00faa la mentalidad neocolonialista que subyace tras este\u00a0<a href=\"https:\/\/elpais.com\/proyecto-tendencias\/2024-09-11\/las-grandes-marcas-y-el-reciclaje-de-ropa-cambio-de-paradigma-o-estrategia-de-marketing.html\" target=\"_blank\" rel=\"noopener\" data-link-track-dtm=\"\" data-mrf-link=\"https:\/\/elpais.com\/proyecto-tendencias\/2024-09-11\/las-grandes-marcas-y-el-reciclaje-de-ropa-cambio-de-paradigma-o-estrategia-de-marketing.html\">modelo impulsado por parte de las marcas de moda<\/a>\u00a0y su evasi\u00f3n de responsabilidades\u201d.<\/p>\n<p class=\"\">\u201cSe necesitan cambios legislativos mucho m\u00e1s dr\u00e1sticos. Si una empresa es totalmente responsable del impacto que generan sus residuos, tambi\u00e9n se tiene que responsabilizar de que no acaben en un pa\u00eds africano, quemados o en un vertedero, y, por tanto, tiene que apostar por fabricar menos prendas y de m\u00e1s calidad. Pero esto no es lo que las marcas propugnan\u201d, insiste Del R\u00edo, subrayando que Greenpeace considera que volver a los niveles de producci\u00f3n de ropa de hace 25 a\u00f1os ya representar\u00eda un cambio sustancial en la buena direcci\u00f3n.<\/p>\n<p class=\"\">\u00bfQu\u00e9 poder tiene un consumidor para cambiar este gigantesco esquema desolador? \u201cPeque\u00f1o, pero importante\u201d, responde Del R\u00edo. \u201cEn primer lugar, tenemos que ser conscientes de lo que implica este modelo de consumo que nos imponen las marcas. Por ejemplo, los bajos precios del Viernes Negro se compensan por otro lado, comenzando por la contaminaci\u00f3n en pa\u00edses donde se produce la ropa o donde llegan los residuos\u201d, concluye.<\/p>\n","protected":false},"excerpt":{"rendered":"<p>&nbsp; &nbsp; &#8211; Greenpeace advierte en una investigaci\u00f3n coincidiendo con el Viernes Negro que el consumo de moda r\u00e1pida es \u201cuna bomba de relojer\u00eda ambiental\u201d.&hellip;<\/p>\n","protected":false},"author":99,"featured_media":525469,"comment_status":"open","ping_status":"open","sticky":false,"template":"","format":"standard","meta":{"footnotes":""},"categories":[24],"tags":[],"class_list":["post-525468","post","type-post","status-publish","format-standard","has-post-thumbnail","hentry","category-mundo"],"_links":{"self":[{"href":"https:\/\/diarioelpopular.com\/index.php\/wp-json\/wp\/v2\/posts\/525468","targetHints":{"allow":["GET"]}}],"collection":[{"href":"https:\/\/diarioelpopular.com\/index.php\/wp-json\/wp\/v2\/posts"}],"about":[{"href":"https:\/\/diarioelpopular.com\/index.php\/wp-json\/wp\/v2\/types\/post"}],"author":[{"embeddable":true,"href":"https:\/\/diarioelpopular.com\/index.php\/wp-json\/wp\/v2\/users\/99"}],"replies":[{"embeddable":true,"href":"https:\/\/diarioelpopular.com\/index.php\/wp-json\/wp\/v2\/comments?post=525468"}],"version-history":[{"count":1,"href":"https:\/\/diarioelpopular.com\/index.php\/wp-json\/wp\/v2\/posts\/525468\/revisions"}],"predecessor-version":[{"id":525470,"href":"https:\/\/diarioelpopular.com\/index.php\/wp-json\/wp\/v2\/posts\/525468\/revisions\/525470"}],"wp:featuredmedia":[{"embeddable":true,"href":"https:\/\/diarioelpopular.com\/index.php\/wp-json\/wp\/v2\/media\/525469"}],"wp:attachment":[{"href":"https:\/\/diarioelpopular.com\/index.php\/wp-json\/wp\/v2\/media?parent=525468"}],"wp:term":[{"taxonomy":"category","embeddable":true,"href":"https:\/\/diarioelpopular.com\/index.php\/wp-json\/wp\/v2\/categories?post=525468"},{"taxonomy":"post_tag","embeddable":true,"href":"https:\/\/diarioelpopular.com\/index.php\/wp-json\/wp\/v2\/tags?post=525468"}],"curies":[{"name":"wp","href":"https:\/\/api.w.org\/{rel}","templated":true}]}}