{"id":525476,"date":"2024-11-27T11:08:19","date_gmt":"2024-11-27T15:08:19","guid":{"rendered":"https:\/\/diarioelpopular.com\/?p=525476"},"modified":"2024-11-27T11:08:19","modified_gmt":"2024-11-27T15:08:19","slug":"la-amenaza-de-los-aranceles-de-trump-no-es-creible-lo-que-quiere-es-empezar-una-negociacion-con-ventaja","status":"publish","type":"post","link":"https:\/\/diarioelpopular.com\/index.php\/2024\/11\/27\/la-amenaza-de-los-aranceles-de-trump-no-es-creible-lo-que-quiere-es-empezar-una-negociacion-con-ventaja\/","title":{"rendered":"&#8220;La amenaza de los aranceles de Trump no es cre\u00edble\u2026 lo que quiere es empezar una negociaci\u00f3n con ventaja&#8221;"},"content":{"rendered":"<div id=\"attachment_525477\" style=\"width: 646px\" class=\"wp-caption alignnone\"><img loading=\"lazy\" decoding=\"async\" aria-describedby=\"caption-attachment-525477\" class=\"wp-image-525477 size-custom-full-size\" src=\"https:\/\/diarioelpopular.com\/wp-content\/uploads\/2024\/11\/Screen-Shot-2024-11-27-at-10.07.41-AM-636x358.png\" alt=\"\" width=\"636\" height=\"358\" srcset=\"https:\/\/diarioelpopular.com\/wp-content\/uploads\/2024\/11\/Screen-Shot-2024-11-27-at-10.07.41-AM-636x358.png 636w, https:\/\/diarioelpopular.com\/wp-content\/uploads\/2024\/11\/Screen-Shot-2024-11-27-at-10.07.41-AM-300x169.png 300w, https:\/\/diarioelpopular.com\/wp-content\/uploads\/2024\/11\/Screen-Shot-2024-11-27-at-10.07.41-AM-768x432.png 768w, https:\/\/diarioelpopular.com\/wp-content\/uploads\/2024\/11\/Screen-Shot-2024-11-27-at-10.07.41-AM-130x73.png 130w, https:\/\/diarioelpopular.com\/wp-content\/uploads\/2024\/11\/Screen-Shot-2024-11-27-at-10.07.41-AM.png 1024w\" sizes=\"auto, (max-width: 636px) 100vw, 636px\" \/><p id=\"caption-attachment-525477\" class=\"wp-caption-text\">Trump us\u00f3 la amenaza de aplicar aranceles al tomar decisiones pol\u00edticas en el pasado.<\/p><\/div>\n<p>&nbsp;<\/p>\n<p>&nbsp;<\/p>\n<div class=\"bbc-19j92fr ebmt73l0\" dir=\"ltr\">\n<ul>\n<li class=\"bbc-hhl7in e17g058b0\" dir=\"ltr\"><em><b>Donald Trump asegura que el primer d\u00eda de su gobierno, el 20 de enero pr\u00f3ximo, se estrenar\u00e1 con una ronda de nuevos aranceles a productos importados de M\u00e9xico, Canad\u00e1 y China.<\/b><\/em><\/li>\n<\/ul>\n<\/div>\n<div class=\"bbc-19j92fr ebmt73l0\" dir=\"ltr\">\n<p dir=\"ltr\">\n<p dir=\"ltr\">\n<p class=\"bbc-hhl7in e17g058b0\" dir=\"ltr\">En un comunicado, el presidente electo de EE.UU. dijo que el gravamen ser\u00e1 del 25% a las importaciones\u00a0que lleguen a su pa\u00eds desde Canad\u00e1 y M\u00e9xico. Y que impondr\u00e1 un arancel adicional\u00a0del 10%\u00a0a los productos que tengan China como origen.<\/p>\n<\/div>\n<div class=\"bbc-19j92fr ebmt73l0\" dir=\"ltr\">\n<p class=\"bbc-hhl7in e17g058b0\" dir=\"ltr\">La inesperada medida, expuso, ser\u00e1 parte de su plan para\u00a0combatir la migraci\u00f3n indocumentada y el tr\u00e1fico de drogas, en especial el fentanilo, dos de los temas en que bas\u00f3 buena parte de su campa\u00f1a para volver a la Casa Blanca.<\/p>\n<\/div>\n<div class=\"bbc-19j92fr ebmt73l0\" dir=\"ltr\">\n<p class=\"bbc-hhl7in e17g058b0\" dir=\"ltr\">&#8220;Tanto M\u00e9xico como Canad\u00e1 tienen el derecho absoluto y el poder para resolver f\u00e1cilmente este problema que ha estado latente durante mucho tiempo. Por este medio exigimos que usen este poder (\u2026) y hasta que lo hagan, es hora de que paguen un precio muy alto&#8221;, sentenci\u00f3.<\/p>\n<\/div>\n<div class=\"bbc-19j92fr ebmt73l0\" dir=\"ltr\">\n<p class=\"bbc-hhl7in e17g058b0\" dir=\"ltr\">La respuesta de los dos pa\u00edses norteamericanos vino enseguida.<\/p>\n<\/div>\n<div class=\"bbc-19j92fr ebmt73l0\" dir=\"ltr\">\n<p class=\"bbc-hhl7in e17g058b0\" dir=\"ltr\">La presidente de M\u00e9xico,\u00a0Claudia Sheinbaum,\u00a0dijo que para resolver problemas se requiere cooperaci\u00f3n y no &#8220;intimidaciones&#8221;.<\/p>\n<\/div>\n<div class=\"bbc-19j92fr ebmt73l0\" dir=\"ltr\">\n<p class=\"bbc-hhl7in e17g058b0\" dir=\"ltr\">Desde Canad\u00e1, el gobierno de\u00a0Justin Trudeau\u00a0dijo que est\u00e1 abierto a negociar.<\/p>\n<\/div>\n<div class=\"bbc-19j92fr ebmt73l0\" dir=\"ltr\">\n<p class=\"bbc-hhl7in e17g058b0\" dir=\"ltr\">Y China advirti\u00f3 que &#8220;nadie ganar\u00e1 en una guerra comercial o arancelaria&#8221;.<\/p>\n<p dir=\"ltr\">\n<\/div>\n<figure class=\"bbc-1qn0xuy\">\n<div class=\"bbc-18ywsw9\">\n<div style=\"width: 4566px\" class=\"wp-caption alignnone\"><img loading=\"lazy\" decoding=\"async\" class=\"bbc-139onq\" src=\"https:\/\/ichef.bbci.co.uk\/ace\/ws\/640\/cpsprodpb\/95c5\/live\/994d2930-ac40-11ef-a4fe-a3e9a6c5d640.jpg.webp\" alt=\"Gerardo Esquivel\" width=\"4556\" height=\"3038\" \/><p class=\"wp-caption-text\">Fuente de la imagen,Gerardo Esquivel.\u00a0\u00a0Gerardo Esquivel es economista y profesor de la UNAM y doctorado en la Universidad de Harvard.<\/p><\/div>\n<\/div>\n<\/figure>\n<div class=\"bbc-19j92fr ebmt73l0\" dir=\"ltr\">\n<p dir=\"ltr\">\n<p dir=\"ltr\">\n<p class=\"bbc-hhl7in e17g058b0\" dir=\"ltr\">Para el economista mexicano Gerardo Esquivel, el anuncio de Trump corresponde a su conocido estilo de negociaci\u00f3n, con miras a iniciar su gobierno con un acuerdo bajo el brazo.<\/p>\n<\/div>\n<div class=\"bbc-19j92fr ebmt73l0\" dir=\"ltr\">\n<p class=\"bbc-hhl7in e17g058b0\" dir=\"ltr\">Considera poco probable que Trump se atreva a iniciar una guerra de aranceles en\u00a0una econom\u00eda tan interdependiente como la norteamericana: M\u00e9xico y Canad\u00e1 son los dos mayores socios comerciales de EE.UU.<\/p>\n<\/div>\n<div class=\"bbc-19j92fr ebmt73l0\" dir=\"ltr\">\n<p class=\"bbc-hhl7in e17g058b0\" dir=\"ltr\">&#8220;Es un llamado a iniciar una negociaci\u00f3n con ventaja. Pero me parece que en el fondo debemos entender que es muy dif\u00edcil que ocurra. Porque tendr\u00eda efectos muy negativos para todas las econom\u00edas involucradas\u201d, dice el profesor de la Universidad Nacional Aut\u00f3noma de M\u00e9xico y doctor en Econom\u00eda por la Universidad de Harvard (EE.UU.).<\/p>\n<\/div>\n<div class=\"bbc-19j92fr ebmt73l0\" dir=\"ltr\">\n<p class=\"bbc-hhl7in e17g058b0\" dir=\"ltr\">Esquivel habl\u00f3 sobre las implicaciones del anuncio arancelario de Trump y qu\u00e9 efectos podr\u00eda tener en el extremo caso de que ocurriera.<\/p>\n<\/div>\n<figure class=\"bbc-1qn0xuy\">\n<div class=\"bbc-18ywsw9\"><img loading=\"lazy\" decoding=\"async\" class=\"bbc-139onq\" src=\"https:\/\/ichef.bbci.co.uk\/ace\/ws\/640\/cpsprodpb\/6a05\/live\/b0a73570-ac64-11ef-bdf5-b7cb2fa86e10.png.webp\" sizes=\"auto, (min-width: 1008px) 760px, 100vw\" srcset=\"https:\/\/ichef.bbci.co.uk\/ace\/ws\/240\/cpsprodpb\/6a05\/live\/b0a73570-ac64-11ef-bdf5-b7cb2fa86e10.png.webp 240w, https:\/\/ichef.bbci.co.uk\/ace\/ws\/320\/cpsprodpb\/6a05\/live\/b0a73570-ac64-11ef-bdf5-b7cb2fa86e10.png.webp 320w, https:\/\/ichef.bbci.co.uk\/ace\/ws\/480\/cpsprodpb\/6a05\/live\/b0a73570-ac64-11ef-bdf5-b7cb2fa86e10.png.webp 480w, https:\/\/ichef.bbci.co.uk\/ace\/ws\/624\/cpsprodpb\/6a05\/live\/b0a73570-ac64-11ef-bdf5-b7cb2fa86e10.png.webp 624w, https:\/\/ichef.bbci.co.uk\/ace\/ws\/800\/cpsprodpb\/6a05\/live\/b0a73570-ac64-11ef-bdf5-b7cb2fa86e10.png.webp 800w\" alt=\"L\u00ednea gris\" width=\"800\" height=\"100\" \/><\/div>\n<\/figure>\n<div class=\"bbc-19j92fr ebmt73l0\" dir=\"ltr\">\n<p class=\"bbc-hhl7in e17g058b0\" dir=\"ltr\"><b>\u00bfPor qu\u00e9 Trump eligi\u00f3 este momento para hacer este anuncio?<\/b><\/p>\n<\/div>\n<div class=\"bbc-19j92fr ebmt73l0\" dir=\"ltr\">\n<p class=\"bbc-hhl7in e17g058b0\" dir=\"ltr\">De entrada es un instrumento de negociaci\u00f3n que est\u00e1 poniendo sobre la mesa para hacer un llamado a los pa\u00edses a los que est\u00e1 amenazando con imponerles la tarifa.<\/p>\n<\/div>\n<div class=\"bbc-19j92fr ebmt73l0\" dir=\"ltr\">\n<p class=\"bbc-hhl7in e17g058b0\" dir=\"ltr\">La negociaci\u00f3n es m\u00e1s bien con M\u00e9xico y Canad\u00e1 que con China. Con los chinos de cualquier manera iniciar\u00e1 un conflicto comercial. El mensaje es m\u00e1s bien para intentar encontrar espacios a su favor de negociaci\u00f3n.<\/p>\n<\/div>\n<div class=\"bbc-19j92fr ebmt73l0\" dir=\"ltr\">\n<p class=\"bbc-hhl7in e17g058b0\" dir=\"ltr\">Mi lectura es que es una amenaza no cre\u00edble en el sentido de que dif\u00edcilmente un presidente impondr\u00eda aranceles tan generalizados, a todo un grupo de productos, sabiendo el impacto negativo que tendr\u00eda en su econom\u00eda, con aumento de precios e impacto de toda la actividad econ\u00f3mica.<\/p>\n<\/div>\n<div class=\"bbc-19j92fr ebmt73l0\" dir=\"ltr\">\n<p class=\"bbc-hhl7in e17g058b0\" dir=\"ltr\">Es m\u00e1s bien un planteamiento que \u00e9l hace, con su estilo fanfarr\u00f3n conocido, a un inicio de negociaciones. Para que al inicio de su administraci\u00f3n pueda dar a conocer alg\u00fan tipo de acuerdo entre los pa\u00edses involucrados y que \u00e9l se declare triunfador.<\/p>\n<\/div>\n<div class=\"bbc-19j92fr ebmt73l0\" dir=\"ltr\">\n<p class=\"bbc-hhl7in e17g058b0\" dir=\"ltr\">Es un llamado a iniciar una negociaci\u00f3n con ventaja. Pero me parece que en el fondo debemos entender que es muy dif\u00edcil que ocurra. Porque tendr\u00eda efectos muy negativos para todas las econom\u00edas involucradas.<\/p>\n<p dir=\"ltr\">\n<\/div>\n<figure class=\"bbc-1qn0xuy\">\n<div class=\"bbc-18ywsw9\">\n<div style=\"width: 1034px\" class=\"wp-caption alignnone\"><img loading=\"lazy\" decoding=\"async\" class=\"bbc-139onq\" src=\"https:\/\/ichef.bbci.co.uk\/ace\/ws\/640\/cpsprodpb\/c227\/live\/f82722d0-ac45-11ef-bdf5-b7cb2fa86e10.jpg.webp\" alt=\"Camiones cruzan la frontera de M\u00e9xico y EE.UU.\" width=\"1024\" height=\"599\" \/><p class=\"wp-caption-text\">Fuente de la imagen,Getty Images.\u00a0\u00a0En a\u00f1os recientes, M\u00e9xico ha reemplazado a China como el mayor socio comercial de EE.UU.<\/p><\/div>\n<p class=\"bbc-by8ykd\" role=\"text\">\n<\/div>\n<\/figure>\n<div class=\"bbc-19j92fr ebmt73l0\" dir=\"ltr\">\n<p dir=\"ltr\">\n<p dir=\"ltr\">\n<p class=\"bbc-hhl7in e17g058b0\" dir=\"ltr\"><b>Trump ya us\u00f3 esta estrategia en 2018 y obtuvo un acuerdo migratorio con M\u00e9xico, \u00bfes un nuevo intento para obtener otro con Claudia Sheinbaum?<\/b><\/p>\n<\/div>\n<div class=\"bbc-19j92fr ebmt73l0\" dir=\"ltr\">\n<p class=\"bbc-hhl7in e17g058b0\" dir=\"ltr\">Recordemos que el flujo de migrantes que est\u00e1 llegando a EE.UU. ya no es de migrantes mexicanos. Es un flujo de terceros pa\u00edses que usan a M\u00e9xico como pa\u00eds de tr\u00e1nsito.<\/p>\n<\/div>\n<div class=\"bbc-19j92fr ebmt73l0\" dir=\"ltr\">\n<p class=\"bbc-hhl7in e17g058b0\" dir=\"ltr\">M\u00e9xico puede contribuir a detener el flujo con un acuerdo. Ya lo hizo en la administraci\u00f3n pasada de Trump, tambi\u00e9n con una amenaza de aranceles, y hubo un acuerdo de colaboraci\u00f3n.<\/p>\n<\/div>\n<div class=\"bbc-19j92fr ebmt73l0\" dir=\"ltr\">\n<p class=\"bbc-hhl7in e17g058b0\" dir=\"ltr\">Eso es lo que busca Trump, acuerdos de esta naturaleza en los que \u00e9l cree que EE.UU. ejerce su supremac\u00eda econ\u00f3mica y puede alcanzarlos en negociaciones que \u00e9l considere favorables.<\/p>\n<\/div>\n<div class=\"bbc-19j92fr ebmt73l0\" dir=\"ltr\">\n<p class=\"bbc-hhl7in e17g058b0\" dir=\"ltr\">No se podr\u00e1 detener uno u otro en la medida en que los factores estructurales sigan estando ah\u00ed. En el tema de las drogas es la demanda de EE.UU. y en el tema migratorio son las desigualdades econ\u00f3micas y los problemas de diversas regiones del mundo, en Centro y Sudam\u00e9rica e incluso de otras regiones, que buscan entrar a EE.UU. para mejorar sus condiciones.<\/p>\n<\/div>\n<div class=\"bbc-19j92fr ebmt73l0\" dir=\"ltr\">\n<p class=\"bbc-hhl7in e17g058b0\" dir=\"ltr\">Seguramente Trump pedir\u00e1 una colaboraci\u00f3n m\u00e1s estrecha en esta materia. Y en eso se puede llegar a un acuerdo. No es imposible que se resuelva, de la misma manera en que lo anunci\u00f3 hace cinco a\u00f1os. M\u00e9xico se comprometi\u00f3 a hacer ciertas tareas en las fronteras sur y norte para atender el tema de los migrantes. Eso es lo que est\u00e1 sujeto a la negociaci\u00f3n.<\/p>\n<\/div>\n<div class=\"bbc-19j92fr ebmt73l0\" dir=\"ltr\">\n<p class=\"bbc-hhl7in e17g058b0\" dir=\"ltr\">Se puede llegar a acuerdos sin alcanzar una situaci\u00f3n tan dram\u00e1tica como la que pareciera ser que es una guerra comercial. A ninguno de los pa\u00edses involucrados le convendr\u00eda un conflicto de esa naturaleza.<\/p>\n<p dir=\"ltr\">\n<\/div>\n<figure class=\"bbc-1qn0xuy\">\n<div class=\"bbc-18ywsw9\">\n<div style=\"width: 1034px\" class=\"wp-caption alignnone\"><img loading=\"lazy\" decoding=\"async\" class=\"bbc-139onq\" src=\"https:\/\/ichef.bbci.co.uk\/ace\/ws\/640\/cpsprodpb\/dd52\/live\/60d05950-ac46-11ef-a4fe-a3e9a6c5d640.jpg.webp\" alt=\"L\u00f3pez Obrador y Donald Trump\" width=\"1024\" height=\"683\" \/><p class=\"wp-caption-text\">Fuente de la imagen,Getty Images.\u00a0\u00a0En su primer gobierno, Trump negoci\u00f3 con el entonces presidente Andr\u00e9s Manuel L\u00f3pez Obrador un acuerdo sobre migraci\u00f3n.<\/p><\/div>\n<\/div>\n<\/figure>\n<div class=\"bbc-19j92fr ebmt73l0\" dir=\"ltr\">\n<p dir=\"ltr\">\n<p dir=\"ltr\">\n<p class=\"bbc-hhl7in e17g058b0\" dir=\"ltr\"><b>\u00bfC\u00f3mo golpear\u00eda a la econom\u00eda un plan de alza de aranceles si entrara en vigor?<\/b><\/p>\n<\/div>\n<div class=\"bbc-19j92fr ebmt73l0\" dir=\"ltr\">\n<p class=\"bbc-hhl7in e17g058b0\" dir=\"ltr\">Imponer aranceles, de las magnitudes que est\u00e1 hablando, a todos los productos, que es un 40% de todos los productos que importa EE.UU. implicar\u00eda un aumento inmediato de precios de muchas cosas y tendr\u00eda repercusiones econ\u00f3micas y sociales en todo EE.UU. y tambi\u00e9n posiblemente pol\u00edticas.<\/p>\n<\/div>\n<div class=\"bbc-19j92fr ebmt73l0\" dir=\"ltr\">\n<p class=\"bbc-hhl7in e17g058b0\" dir=\"ltr\">Hay cosas que no se pueden sustituir f\u00e1cilmente. Por ejemplo, la venta de productos agropecuarios entre M\u00e9xico y EE.UU. no se puede sustituir f\u00e1cilmente y eso implicar\u00eda un aumento en el costo de vida para los estadounidenses.<\/p>\n<\/div>\n<div class=\"bbc-19j92fr ebmt73l0\" dir=\"ltr\">\n<p class=\"bbc-hhl7in e17g058b0\" dir=\"ltr\">En el caso de insumos, los aumentos encercar\u00edan la producci\u00f3n de bienes intermedios y bienes finales en EE.UU. Los autom\u00f3viles se encarecer\u00edan de entrada.<\/p>\n<\/div>\n<div class=\"bbc-19j92fr ebmt73l0\" dir=\"ltr\">\n<p class=\"bbc-hhl7in e17g058b0\" dir=\"ltr\">Habr\u00eda una secuencia de aumento de precios importante en todos los productos importados de EE.UU. y eso tendr\u00eda un impacto en la calidad de vida de los estadounidenses.<\/p>\n<\/div>\n<div class=\"bbc-19j92fr ebmt73l0\" dir=\"ltr\">\n<p class=\"bbc-hhl7in e17g058b0\" dir=\"ltr\">No creo que el presidente Trump lo est\u00e9 anunciando en serio, ser\u00eda darse un disparo al pie.<\/p>\n<\/div>\n<div class=\"bbc-19j92fr ebmt73l0\" dir=\"ltr\">\n<p class=\"bbc-hhl7in e17g058b0\" dir=\"ltr\">M\u00e1s bien busca una negociaci\u00f3n y no necesariamente est\u00e1 mal. La regi\u00f3n puede llegar a un acuerdo conveniente para todos, que sea hacia adelante una regi\u00f3n econ\u00f3mica m\u00e1s integrada.<\/p>\n<p dir=\"ltr\">\n<\/div>\n<figure class=\"bbc-1qn0xuy\">\n<div class=\"bbc-18ywsw9\">\n<div style=\"width: 1034px\" class=\"wp-caption alignnone\"><img loading=\"lazy\" decoding=\"async\" class=\"bbc-139onq\" src=\"https:\/\/ichef.bbci.co.uk\/ace\/ws\/640\/cpsprodpb\/62a4\/live\/ebc8fa80-ac46-11ef-bdf5-b7cb2fa86e10.jpg.webp\" alt=\"Vegetales en un supermercado de EE.UU.\" width=\"1024\" height=\"640\" \/><p class=\"wp-caption-text\">Fuente de la imagen,Getty Images.\u00a0\u00a0Los estadounidenses ver\u00edan un encarecimiento de precios en productos importados, como los comestibles.<\/p><\/div>\n<\/div>\n<\/figure>\n<div class=\"bbc-19j92fr ebmt73l0\" dir=\"ltr\">\n<p dir=\"ltr\">\n<p dir=\"ltr\">\n<p class=\"bbc-hhl7in e17g058b0\" dir=\"ltr\"><b>\u00bfY qu\u00e9 consecuencias tendr\u00eda para M\u00e9xico?<\/b><\/p>\n<\/div>\n<div class=\"bbc-19j92fr ebmt73l0\" dir=\"ltr\">\n<p class=\"bbc-hhl7in e17g058b0\" dir=\"ltr\">Para M\u00e9xico, y Canad\u00e1 tambi\u00e9n, tendr\u00eda impacto porque parte del efecto de cuando suben los costos es que una parte se traslada a los precios, pero otra es que disminuye la demanda de productos.<\/p>\n<\/div>\n<div class=\"bbc-19j92fr ebmt73l0\" dir=\"ltr\">\n<p class=\"bbc-hhl7in e17g058b0\" dir=\"ltr\">Los productores agropecuarios ya no podr\u00edan vender a EE.UU. y sufrir\u00edan porque tendr\u00edan que colocarlos en otros mercados de M\u00e9xico a precios m\u00e1s baratos.<\/p>\n<\/div>\n<div class=\"bbc-19j92fr ebmt73l0\" dir=\"ltr\">\n<p class=\"bbc-hhl7in e17g058b0\" dir=\"ltr\">Todos perdemos: productores y consumidores perder\u00edamos por un cambio de esta naturaleza, al menos en el corto plazo. Son sufrimientos distintos para distintos sectores.<\/p>\n<\/div>\n<div class=\"bbc-19j92fr ebmt73l0\" dir=\"ltr\">\n<p class=\"bbc-hhl7in e17g058b0\" dir=\"ltr\">En M\u00e9xico los que m\u00e1s sufrir\u00edan ser\u00edan los sectores exportadores, pero luego se afectar\u00eda a todas las cadenas de valor. Todo ser\u00eda una generaci\u00f3n de da\u00f1o autoinfligido para la regi\u00f3n que no necesitamos.<\/p>\n<\/div>\n<div class=\"bbc-19j92fr ebmt73l0\" dir=\"ltr\">\n<p class=\"bbc-hhl7in e17g058b0\" dir=\"ltr\"><b>\u00bfC\u00f3mo puede responder M\u00e9xico a este tipo de amenazas?<\/b><\/p>\n<\/div>\n<div class=\"bbc-19j92fr ebmt73l0\" dir=\"ltr\">\n<p class=\"bbc-hhl7in e17g058b0\" dir=\"ltr\">Lo que es importante para los pa\u00edses involucrados, como M\u00e9xico y Canad\u00e1, es mantener la cabeza fr\u00eda para poder llegar a acuerdos con un presidente como Donald Trump, que bien sabemos que esa es su forma de negociar. Pero en el fondo se puede llegar a acuerdos, como ocurri\u00f3 en el pasado.<\/p>\n<\/div>\n<div class=\"bbc-19j92fr ebmt73l0\" dir=\"ltr\">\n<p class=\"bbc-hhl7in e17g058b0\" dir=\"ltr\">M\u00e9xico ya lidi\u00f3 con Donald Trump, ya negoci\u00f3 con Trump, lleg\u00f3 a acuerdos con Donald Trump, tiene un tratado de libre comercio firmado con Donald Trump\u2026 tampoco el escenario es tan catastr\u00f3fico como pudiera parecer en una primera instancia.<\/p>\n<\/div>\n<div class=\"bbc-19j92fr ebmt73l0\" dir=\"ltr\">\n<p class=\"bbc-hhl7in e17g058b0\" dir=\"ltr\">No quiere decir que debamos minimizarlo. Quiere decir que consideremos que es una postura inicial sujeta a negociaci\u00f3n. En ese proceso hay que tener la visi\u00f3n de mediano y largo plazo de que podemos llegar a un acuerdo sin alcanzar una guerra comercial en la que nadie ganar\u00eda.<\/p>\n<p dir=\"ltr\">\n<\/div>\n<figure class=\"bbc-1qn0xuy\">\n<div class=\"bbc-18ywsw9\">\n<div style=\"width: 2570px\" class=\"wp-caption alignnone\"><img loading=\"lazy\" decoding=\"async\" class=\"bbc-139onq\" src=\"https:\/\/ichef.bbci.co.uk\/ace\/ws\/640\/cpsprodpb\/8099\/live\/1719b170-ac47-11ef-a4fe-a3e9a6c5d640.jpg.webp\" alt=\"Claudia Sheinbaum\" width=\"2560\" height=\"1726\" \/><p class=\"wp-caption-text\">Fuente de la imagen,Presidencia de M\u00e9xico.\u00a0\u00a0La presidente Claudia Sheinbaum difundi\u00f3 una carta enviada a Donald Trump en respuesta a su anuncio de aranceles.<\/p><\/div>\n<\/div>\n<\/figure>\n<div class=\"bbc-19j92fr ebmt73l0\" dir=\"ltr\">\n<p dir=\"ltr\">\n<p dir=\"ltr\">\n<p class=\"bbc-hhl7in e17g058b0\" dir=\"ltr\"><b>\u00bfLa presidente Sheinbaum est\u00e1 en una buena posici\u00f3n para enfrentar a Trump?<\/b><\/p>\n<\/div>\n<div class=\"bbc-19j92fr ebmt73l0\" dir=\"ltr\">\n<p class=\"bbc-hhl7in e17g058b0\" dir=\"ltr\">Est\u00e1 en una mejor posici\u00f3n en el sentido de que ya ocurri\u00f3 una negociaci\u00f3n. Ya tuvimos un acuerdo de libre comercio firmado y establecido por el presidente Trump.<\/p>\n<\/div>\n<div class=\"bbc-19j92fr ebmt73l0\" dir=\"ltr\">\n<p class=\"bbc-hhl7in e17g058b0\" dir=\"ltr\">L\u00f3pez Obrador lleg\u00f3 al gobierno en medio de un proceso de negociaci\u00f3n. Estaba en una posici\u00f3n m\u00e1s dif\u00edcil y Trump buscaba su reelecci\u00f3n. Hab\u00eda unas circunstancias distintas.<\/p>\n<\/div>\n<div class=\"bbc-19j92fr ebmt73l0\" dir=\"ltr\">\n<p class=\"bbc-hhl7in e17g058b0\" dir=\"ltr\">Hoy M\u00e9xico est\u00e1 en una posici\u00f3n un poco m\u00e1s favorable en el sentido de que ya conoce c\u00f3mo es el presidente Trump, cu\u00e1les son sus intereses, ya lidi\u00f3 una vez con \u00e9l\u2026 entonces hay instrumentos para pensar que se est\u00e1 en una mejor posici\u00f3n que antes.<\/p>\n<\/div>\n<div class=\"bbc-19j92fr ebmt73l0\" dir=\"ltr\">\n<p class=\"bbc-hhl7in e17g058b0\" dir=\"ltr\">Pero claramente Trump quiere llegar a una negociaci\u00f3n adicional a la obtenida en el pasado. Hay que hacer todo el trabajo previo para llegar a una negociaci\u00f3n.<\/p>\n<p dir=\"ltr\">\n<\/div>\n<figure class=\"bbc-1qn0xuy\">\n<div class=\"bbc-18ywsw9\">\n<div style=\"width: 1034px\" class=\"wp-caption alignnone\"><img loading=\"lazy\" decoding=\"async\" class=\"bbc-139onq\" src=\"https:\/\/ichef.bbci.co.uk\/ace\/ws\/640\/cpsprodpb\/0ec8\/live\/80e065e0-ac47-11ef-bdf5-b7cb2fa86e10.jpg.webp\" alt=\"Un buque con contenedores de China\" width=\"1024\" height=\"683\" \/><p class=\"wp-caption-text\">Fuente de la imagen,Getty Images.\u00a0\u00a0Pol\u00edticos en Canad\u00e1 y EE.UU. han se\u00f1alado que M\u00e9xico est\u00e1 siendo intermediario en la entrada de productos chinos a Norteam\u00e9rica, lo cual Sheinbaum niega.<\/p><\/div>\n<\/div>\n<\/figure>\n<div class=\"bbc-19j92fr ebmt73l0\" dir=\"ltr\">\n<p dir=\"ltr\">\n<p dir=\"ltr\">\n<p class=\"bbc-hhl7in e17g058b0\" dir=\"ltr\"><b>En el contexto actual se habla de que M\u00e9xico est\u00e1 siendo usado como &#8220;puerta trasera&#8221; por China para exportar a EE.UU. indirectamente, \u00bfhay evidencias de esto?<\/b><\/p>\n<\/div>\n<div class=\"bbc-19j92fr ebmt73l0\" dir=\"ltr\">\n<p class=\"bbc-hhl7in e17g058b0\" dir=\"ltr\">M\u00e9xico no est\u00e1 siendo usado como puerta trasera. Es una preocupaci\u00f3n que existe, el presidente Trump y otros lo han mencionado, pero no hay evidencia de que eso sea cierto.<\/p>\n<\/div>\n<div class=\"bbc-19j92fr ebmt73l0\" dir=\"ltr\">\n<p class=\"bbc-hhl7in e17g058b0\" dir=\"ltr\">Los productos chinos, los autom\u00f3viles, podr\u00edan entrar a EE.UU. bajo las reglas del Tratado M\u00e9xico-EE.UU.-Canad\u00e1. Pero eso ni siquiera est\u00e1 pasando porque no hay producci\u00f3n de origen chino que est\u00e9 vendi\u00e9ndose en EE.UU. No hay plantas de inversi\u00f3n china en M\u00e9xico.<\/p>\n<\/div>\n<div class=\"bbc-19j92fr ebmt73l0\" dir=\"ltr\">\n<p class=\"bbc-hhl7in e17g058b0\" dir=\"ltr\">Esa acusaci\u00f3n carece de sustento y es simplemente parte de esta discusi\u00f3n pol\u00edtica que hay en Canad\u00e1, donde recordemos que tambi\u00e9n est\u00e1n en un proceso electoral y hay acusaciones. Pero es parte de la vida pol\u00edtica de los pa\u00edses.<\/p>\n<\/div>\n<div class=\"bbc-19j92fr ebmt73l0\" dir=\"ltr\">\n<p class=\"bbc-hhl7in e17g058b0\" dir=\"ltr\">Ya ante la amenaza, Canad\u00e1 y M\u00e9xico est\u00e1n en el mismo barco. Esto demuestra que deben unir fuerzas para esta negociaci\u00f3n.<\/p>\n<\/div>\n","protected":false},"excerpt":{"rendered":"<p>&nbsp; &nbsp; Donald Trump asegura que el primer d\u00eda de su gobierno, el 20 de enero pr\u00f3ximo, se estrenar\u00e1 con una ronda de nuevos aranceles&hellip;<\/p>\n","protected":false},"author":99,"featured_media":525477,"comment_status":"open","ping_status":"open","sticky":false,"template":"","format":"standard","meta":{"footnotes":""},"categories":[24],"tags":[],"class_list":["post-525476","post","type-post","status-publish","format-standard","has-post-thumbnail","hentry","category-mundo"],"_links":{"self":[{"href":"https:\/\/diarioelpopular.com\/index.php\/wp-json\/wp\/v2\/posts\/525476","targetHints":{"allow":["GET"]}}],"collection":[{"href":"https:\/\/diarioelpopular.com\/index.php\/wp-json\/wp\/v2\/posts"}],"about":[{"href":"https:\/\/diarioelpopular.com\/index.php\/wp-json\/wp\/v2\/types\/post"}],"author":[{"embeddable":true,"href":"https:\/\/diarioelpopular.com\/index.php\/wp-json\/wp\/v2\/users\/99"}],"replies":[{"embeddable":true,"href":"https:\/\/diarioelpopular.com\/index.php\/wp-json\/wp\/v2\/comments?post=525476"}],"version-history":[{"count":1,"href":"https:\/\/diarioelpopular.com\/index.php\/wp-json\/wp\/v2\/posts\/525476\/revisions"}],"predecessor-version":[{"id":525478,"href":"https:\/\/diarioelpopular.com\/index.php\/wp-json\/wp\/v2\/posts\/525476\/revisions\/525478"}],"wp:featuredmedia":[{"embeddable":true,"href":"https:\/\/diarioelpopular.com\/index.php\/wp-json\/wp\/v2\/media\/525477"}],"wp:attachment":[{"href":"https:\/\/diarioelpopular.com\/index.php\/wp-json\/wp\/v2\/media?parent=525476"}],"wp:term":[{"taxonomy":"category","embeddable":true,"href":"https:\/\/diarioelpopular.com\/index.php\/wp-json\/wp\/v2\/categories?post=525476"},{"taxonomy":"post_tag","embeddable":true,"href":"https:\/\/diarioelpopular.com\/index.php\/wp-json\/wp\/v2\/tags?post=525476"}],"curies":[{"name":"wp","href":"https:\/\/api.w.org\/{rel}","templated":true}]}}