{"id":525500,"date":"2024-11-28T13:02:46","date_gmt":"2024-11-28T17:02:46","guid":{"rendered":"https:\/\/diarioelpopular.com\/?p=525500"},"modified":"2024-11-28T13:02:46","modified_gmt":"2024-11-28T17:02:46","slug":"se-espera-que-5-millones-de-personas-con-visas-a-punto-de-expirar-abandonen-voluntariamente-el-pais-el-ano-proximo","status":"publish","type":"post","link":"https:\/\/diarioelpopular.com\/index.php\/2024\/11\/28\/se-espera-que-5-millones-de-personas-con-visas-a-punto-de-expirar-abandonen-voluntariamente-el-pais-el-ano-proximo\/","title":{"rendered":"Se espera que 5 millones de personas con visas a punto de expirar abandonen voluntariamente el pa\u00eds el a\u00f1o pr\u00f3ximo"},"content":{"rendered":"<p><img loading=\"lazy\" decoding=\"async\" class=\"alignnone size-custom-big-size wp-image-525501\" src=\"https:\/\/diarioelpopular.com\/wp-content\/uploads\/2024\/11\/Screen-Shot-2024-11-28-at-12.01.27-PM-1200x709.png\" alt=\"\" width=\"1200\" height=\"709\" srcset=\"https:\/\/diarioelpopular.com\/wp-content\/uploads\/2024\/11\/Screen-Shot-2024-11-28-at-12.01.27-PM-1200x709.png 1200w, https:\/\/diarioelpopular.com\/wp-content\/uploads\/2024\/11\/Screen-Shot-2024-11-28-at-12.01.27-PM-300x177.png 300w, https:\/\/diarioelpopular.com\/wp-content\/uploads\/2024\/11\/Screen-Shot-2024-11-28-at-12.01.27-PM-768x454.png 768w, https:\/\/diarioelpopular.com\/wp-content\/uploads\/2024\/11\/Screen-Shot-2024-11-28-at-12.01.27-PM-636x376.png 636w, https:\/\/diarioelpopular.com\/wp-content\/uploads\/2024\/11\/Screen-Shot-2024-11-28-at-12.01.27-PM-124x73.png 124w, https:\/\/diarioelpopular.com\/wp-content\/uploads\/2024\/11\/Screen-Shot-2024-11-28-at-12.01.27-PM.png 1024w\" sizes=\"auto, (max-width: 1200px) 100vw, 1200px\" \/><\/p>\n<p>&nbsp;<\/p>\n<p>&nbsp;<\/p>\n<ul>\n<li><em><strong>El ministro de Inmigraci\u00f3n, Marc Miller, dijo que espera que unos cinco millones de residentes temporales con visas a punto de expirar abandonen Canad\u00e1 el a\u00f1o pr\u00f3ximo<\/strong><\/em><\/li>\n<\/ul>\n<p>&nbsp;<\/p>\n<p>&nbsp;<\/p>\n<p>Miller hizo estos comentarios durante una reuni\u00f3n del Comit\u00e9 de Ciudadan\u00eda e Inmigraci\u00f3n de la C\u00e1mara de los Comunes.<\/p>\n<p>El diputado conservador Tom Kmiec pregunt\u00f3 al ministro sobre los 4,9 millones de titulares de visas temporales cuyas visas y permisos est\u00e1n a punto de expirar y c\u00f3mo sabr\u00eda el gobierno cu\u00e1ntos abandonar\u00e1n el pa\u00eds.<\/p>\n<p>&#8220;Habr\u00e1 algunas visas que son temporales por naturaleza y que no se renovar\u00e1n. Se espera que esas personas, cuando hicieron el juramento de venir aqu\u00ed, se vayan&#8221;, respondi\u00f3 Miller.<\/p>\n<p>Kmiec insisti\u00f3 m\u00e1s.<\/p>\n<p>&#8220;Ministro, no estaba preguntando si se ir\u00e1n o no. Le estoy preguntando c\u00f3mo se asegurar\u00e1 de que una persona cuyo visado ha expirado se vaya. Sabemos que solo en cuanto a permisos de estudio, hay 766.000 que expirar\u00e1n a fines de diciembre de 2025. \u00bfC\u00f3mo garantizar\u00e1 su departamento que, al final de esos permisos de estudio, esas personas se vayan?&#8221;, pregunt\u00f3.<\/p>\n<p>Miller dijo que espera que estos titulares de permisos se vayan &#8220;voluntariamente&#8221; y que los federales trabajar\u00e1n con la Agencia Canadiense de Servicios Fronterizos (CBSA, por sus siglas en ingl\u00e9s) para &#8220;investigar y procesar a quienes violen la ley de inmigraci\u00f3n&#8221;.<\/p>\n<p><em><strong>\u00bfQu\u00e9 pasa con los estudiantes internacionales en Canad\u00e1?<\/strong><\/em><br \/>\nKmiec tambi\u00e9n le pregunt\u00f3 a Miller cu\u00e1ntos estudiantes internacionales se prev\u00e9 que abandonen Canad\u00e1.<\/p>\n<p>&#8220;\u00bfVa a enviar a la CBSA a perseguir a todos estos 766.000 [estudiantes]?&#8221;, dijo Kmiec.<\/p>\n<p>El ministro aclar\u00f3 que ese no es el \u00fanico camino a seguir para los estudiantes con permisos de estudio que expiran. Algunos estudiantes obtienen renovaciones, mientras que otros pueden obtener permisos de trabajo de posgrado, lo que les permite permanecer en Canad\u00e1 por m\u00e1s tiempo.<\/p>\n<p>&#8220;Trabajamos con la CBSA para monitorear estas cosas&#8221;, afirm\u00f3 Miller.<\/p>\n<p>Agreg\u00f3 que m\u00e1s estudiantes internacionales est\u00e1n presentando solicitudes de asilo &#8220;con muy pocas esperanzas&#8221;, y el gobierno federal propondr\u00e1 modificaciones a los sistemas de inmigraci\u00f3n y asilo en las pr\u00f3ximas semanas.<\/p>\n<p>Los comentarios de Miller se producen despu\u00e9s de que el gobierno federal anunciara que reducir\u00eda sus objetivos de inmigraci\u00f3n en al menos un 20 por ciento para el pr\u00f3ximo a\u00f1o.<\/p>\n<p>Anteriormente, los objetivos de residentes permanentes del gobierno para los pr\u00f3ximos dos a\u00f1os se situaban en 500.000 por a\u00f1o. Ahora, frente a la falta de planificaci\u00f3n e infraestructura del gobierno, el objetivo para el pr\u00f3ximo a\u00f1o est\u00e1 fijado en 395.000 y se reducir\u00e1 a\u00fan m\u00e1s en 2026 (380.000) y 2027 (365.000).<\/p>\n<p>Los federales tambi\u00e9n planean reducir la cantidad de residentes temporales en un 5 por ciento de la poblaci\u00f3n para fines de 2026, y agregaron que la poblaci\u00f3n &#8220;disminuir\u00e1 en los pr\u00f3ximos a\u00f1os a medida que un n\u00famero significativamente mayor de residentes temporales se conviertan en residentes permanentes o abandonen Canad\u00e1 en comparaci\u00f3n con los nuevos que lleguen&#8221;.<\/p>\n<p>El gobierno dice que la poblaci\u00f3n de residentes temporales de Canad\u00e1 disminuir\u00e1 en 445,901 en 2025 y 445,662 en 2026 en comparaci\u00f3n con cada a\u00f1o anterior. Se espera un aumento modesto de 17,439 en 2027.<\/p>\n","protected":false},"excerpt":{"rendered":"<p>&nbsp; &nbsp; El ministro de Inmigraci\u00f3n, Marc Miller, dijo que espera que unos cinco millones de residentes temporales con visas a punto de expirar abandonen&hellip;<\/p>\n","protected":false},"author":99,"featured_media":525501,"comment_status":"open","ping_status":"open","sticky":false,"template":"","format":"standard","meta":{"footnotes":""},"categories":[21],"tags":[],"class_list":["post-525500","post","type-post","status-publish","format-standard","has-post-thumbnail","hentry","category-canada"],"_links":{"self":[{"href":"https:\/\/diarioelpopular.com\/index.php\/wp-json\/wp\/v2\/posts\/525500","targetHints":{"allow":["GET"]}}],"collection":[{"href":"https:\/\/diarioelpopular.com\/index.php\/wp-json\/wp\/v2\/posts"}],"about":[{"href":"https:\/\/diarioelpopular.com\/index.php\/wp-json\/wp\/v2\/types\/post"}],"author":[{"embeddable":true,"href":"https:\/\/diarioelpopular.com\/index.php\/wp-json\/wp\/v2\/users\/99"}],"replies":[{"embeddable":true,"href":"https:\/\/diarioelpopular.com\/index.php\/wp-json\/wp\/v2\/comments?post=525500"}],"version-history":[{"count":1,"href":"https:\/\/diarioelpopular.com\/index.php\/wp-json\/wp\/v2\/posts\/525500\/revisions"}],"predecessor-version":[{"id":525502,"href":"https:\/\/diarioelpopular.com\/index.php\/wp-json\/wp\/v2\/posts\/525500\/revisions\/525502"}],"wp:featuredmedia":[{"embeddable":true,"href":"https:\/\/diarioelpopular.com\/index.php\/wp-json\/wp\/v2\/media\/525501"}],"wp:attachment":[{"href":"https:\/\/diarioelpopular.com\/index.php\/wp-json\/wp\/v2\/media?parent=525500"}],"wp:term":[{"taxonomy":"category","embeddable":true,"href":"https:\/\/diarioelpopular.com\/index.php\/wp-json\/wp\/v2\/categories?post=525500"},{"taxonomy":"post_tag","embeddable":true,"href":"https:\/\/diarioelpopular.com\/index.php\/wp-json\/wp\/v2\/tags?post=525500"}],"curies":[{"name":"wp","href":"https:\/\/api.w.org\/{rel}","templated":true}]}}