{"id":525512,"date":"2024-11-28T13:28:21","date_gmt":"2024-11-28T17:28:21","guid":{"rendered":"https:\/\/diarioelpopular.com\/?p=525512"},"modified":"2024-11-28T13:28:21","modified_gmt":"2024-11-28T17:28:21","slug":"los-10-productos-que-mexico-exporta-mas-a-ee-uu-y-que-serian-los-mas-afectados-por-los-aranceles-que-considera-trump","status":"publish","type":"post","link":"https:\/\/diarioelpopular.com\/index.php\/2024\/11\/28\/los-10-productos-que-mexico-exporta-mas-a-ee-uu-y-que-serian-los-mas-afectados-por-los-aranceles-que-considera-trump\/","title":{"rendered":"Los 10 productos que M\u00e9xico exporta m\u00e1s a EE.UU. (y que ser\u00edan los m\u00e1s afectados por los aranceles que considera Trump)"},"content":{"rendered":"<div id=\"attachment_525513\" style=\"width: 646px\" class=\"wp-caption alignnone\"><img loading=\"lazy\" decoding=\"async\" aria-describedby=\"caption-attachment-525513\" class=\"wp-image-525513 size-custom-full-size\" src=\"https:\/\/diarioelpopular.com\/wp-content\/uploads\/2024\/11\/Screen-Shot-2024-11-28-at-12.27.43-PM-636x352.png\" alt=\"\" width=\"636\" height=\"352\" srcset=\"https:\/\/diarioelpopular.com\/wp-content\/uploads\/2024\/11\/Screen-Shot-2024-11-28-at-12.27.43-PM-636x352.png 636w, https:\/\/diarioelpopular.com\/wp-content\/uploads\/2024\/11\/Screen-Shot-2024-11-28-at-12.27.43-PM-300x166.png 300w, https:\/\/diarioelpopular.com\/wp-content\/uploads\/2024\/11\/Screen-Shot-2024-11-28-at-12.27.43-PM-768x425.png 768w, https:\/\/diarioelpopular.com\/wp-content\/uploads\/2024\/11\/Screen-Shot-2024-11-28-at-12.27.43-PM-132x73.png 132w, https:\/\/diarioelpopular.com\/wp-content\/uploads\/2024\/11\/Screen-Shot-2024-11-28-at-12.27.43-PM.png 1024w\" sizes=\"auto, (max-width: 636px) 100vw, 636px\" \/><p id=\"caption-attachment-525513\" class=\"wp-caption-text\">La industria automotriz tiene las mayores exportaciones de M\u00e9xico a EE.UU.<\/p><\/div>\n<p>&nbsp;<\/p>\n<p>&nbsp;<\/p>\n<div class=\"bbc-19j92fr ebmt73l0\" dir=\"ltr\">\n<p class=\"bbc-hhl7in e17g058b0\" dir=\"ltr\"><b>M\u00e9xico se situ\u00f3 este a\u00f1o como el mayor exportador de productos a Estados Unidos, una posici\u00f3n que hoy est\u00e1 en riesgo.<\/b><\/p>\n<\/div>\n<div class=\"bbc-19j92fr ebmt73l0\" dir=\"ltr\">\n<p dir=\"ltr\">\n<p dir=\"ltr\">\n<p class=\"bbc-hhl7in e17g058b0\" dir=\"ltr\">Luego de muchos a\u00f1os en los que China fue el gran proveedor del pa\u00eds norteamericano, la industria mexicana reemplaz\u00f3 a la del gigante asi\u00e1tico con cifras r\u00e9cord de comercio que se acumularon en los meses previos.<\/p>\n<\/div>\n<div class=\"bbc-19j92fr ebmt73l0\" dir=\"ltr\">\n<p class=\"bbc-hhl7in e17g058b0\" dir=\"ltr\">Por eso, si se concreta la amenaza, para sacar ventaja, que acaba de hacer el presidente electo de EE.UU., Donald Trump, de imponer aranceles del 25% a las importaciones de M\u00e9xico y Canad\u00e1 (as\u00ed como un 10% a las de China), el golpe ser\u00eda muy significativo.<\/p>\n<\/div>\n<div class=\"bbc-19j92fr ebmt73l0\" dir=\"ltr\">\n<p class=\"bbc-hhl7in e17g058b0\" dir=\"ltr\">Y para evitarlo, el republicano ha dicho que espera que los tres pa\u00edses combatan la migraci\u00f3n indocumentada y el narcotr\u00e1fico, en especial el fentanilo.<\/p>\n<\/div>\n<div class=\"bbc-19j92fr ebmt73l0\" dir=\"ltr\">\n<p class=\"bbc-hhl7in e17g058b0\" dir=\"ltr\">&#8220;Tanto M\u00e9xico como Canad\u00e1 tienen el derecho absoluto y el poder para resolver f\u00e1cilmente este problema que ha estado latente durante mucho tiempo. Por este medio exigimos que usen este poder (\u2026), y hasta que lo hagan, es hora de que paguen un precio muy alto&#8221;, dijo Trump.<\/p>\n<\/div>\n<div class=\"bbc-19j92fr ebmt73l0\" dir=\"ltr\">\n<p class=\"bbc-hhl7in e17g058b0\" dir=\"ltr\">Aunque todav\u00eda es incierto si el presidente electo de EE.UU. pondr\u00e1 en marcha su plan, pues antes podr\u00eda llegar a un acuerdo con los pa\u00edses involucrados, lo cierto es que hay varias industrias mexicanas que ser\u00edan las m\u00e1s afectadas.<\/p>\n<\/div>\n<div class=\"bbc-19j92fr ebmt73l0\" dir=\"ltr\">\n<p class=\"bbc-hhl7in e17g058b0\" dir=\"ltr\">En especial dos:la automotriz y la de los electr\u00f3nicos.<\/p>\n<\/div>\n<div class=\"bbc-19j92fr ebmt73l0\" dir=\"ltr\">\n<h2 id=\"Las-10-exportaciones-m\u00e1s-importantes\" class=\"bbc-1lgzob2 eglt09e0\" tabindex=\"-1\">Las 10 exportaciones m\u00e1s importantes<\/h2>\n<\/div>\n<div class=\"bbc-19j92fr ebmt73l0\" dir=\"ltr\">\n<p class=\"bbc-hhl7in e17g058b0\" dir=\"ltr\">La manufactura automotriz y la electr\u00f3nica<b>\u00a0ocupan los 10 primeros lugares\u00a0<\/b>en las exportaciones con mayor valor comercial que hizo M\u00e9xico a Estados Unidos en 2023, seg\u00fan cifras de la Secretar\u00eda de Econom\u00eda de M\u00e9xico (SE).<\/p>\n<\/div>\n<div class=\"bbc-19j92fr ebmt73l0\" dir=\"ltr\">\n<p class=\"bbc-hhl7in e17g058b0\" dir=\"ltr\">El monto de esas exportaciones asciende a unos\u00a0<b>US$200.000 millones<\/b>. Eso es casi la mitad (46%) del valor de todo lo que vendi\u00f3 M\u00e9xico a Estados Unidos.<\/p>\n<p dir=\"ltr\">\n<\/div>\n<div class=\"bbc-1oz17mt\" data-e2e=\"embed-image\">\n<div class=\"bbc-j1srjl\"><img loading=\"lazy\" decoding=\"async\" class=\"bbc-139onq\" src=\"https:\/\/ichef.bbci.co.uk\/news\/1632\/idt2\/idt2\/f04caf65-4bde-4b22-974c-9090ebcf3ee6\/image\/816\" alt=\"\u00bfQu\u00e9 exporta M\u00e9xico a EE.UU.?. Los 10 productos con mayor valor en 2023..  Miles de millones de US$.\" width=\"1632\" height=\"1152\" \/><\/div>\n<\/div>\n<div class=\"bbc-19j92fr ebmt73l0\" dir=\"ltr\">\n<p dir=\"ltr\">\n<p class=\"bbc-hhl7in e17g058b0\" dir=\"ltr\">Sustituir el mercado estadounidense ser\u00eda muy dif\u00edcil, pues 8 de cada 10 productos que se fabrican en M\u00e9xico son enviados a ese pa\u00eds.<\/p>\n<\/div>\n<div class=\"bbc-19j92fr ebmt73l0\" dir=\"ltr\">\n<p class=\"bbc-hhl7in e17g058b0\" dir=\"ltr\">M\u00e1s all\u00e1 de los productos que ocupan los 10 primeros lugares en cuanto a valor comercial, hay otros sectores que tambi\u00e9n contribuyen al enorme volumen de productos y mercanc\u00edas que env\u00eda M\u00e9xico a su vecino del norte.<\/p>\n<\/div>\n<div class=\"bbc-19j92fr ebmt73l0\" dir=\"ltr\">\n<p class=\"bbc-hhl7in e17g058b0\" dir=\"ltr\">La manufactura de\u00a0muebles\u00a0tiene una aportaci\u00f3n a la balanza de US$9.400 millones.<\/p>\n<\/div>\n<div class=\"bbc-19j92fr ebmt73l0\" dir=\"ltr\">\n<p class=\"bbc-hhl7in e17g058b0\" dir=\"ltr\">En la industria alimentaria, las\u00a0frutas y vegetales\u00a0tuvieron exportaciones por US$12.000 millones el a\u00f1o pasado. Las\u00a0panificadoras\u00a0enviaron productos por US$2.360 millones.<\/p>\n<\/div>\n<div class=\"bbc-19j92fr ebmt73l0\" dir=\"ltr\">\n<p class=\"bbc-hhl7in e17g058b0\" dir=\"ltr\">La industria de las\u00a0bebidas alcoh\u00f3licas, como la cerveza y el tequila, sum\u00f3 ventas por casi US$3.500 millones, seg\u00fan las cifras de la SE.<\/p>\n<p dir=\"ltr\">\n<\/div>\n<figure class=\"bbc-1qn0xuy\">\n<div class=\"bbc-18ywsw9\">\n<div style=\"width: 1034px\" class=\"wp-caption alignnone\"><img loading=\"lazy\" decoding=\"async\" class=\"bbc-139onq\" src=\"https:\/\/ichef.bbci.co.uk\/ace\/ws\/640\/cpsprodpb\/ebd7\/live\/0014d190-ad09-11ef-a4fe-a3e9a6c5d640.jpg.webp\" alt=\"Vegetales en un supermercado de EE.UU.\" width=\"1024\" height=\"683\" \/><p class=\"wp-caption-text\">Fuente de la imagen,Getty Images.\u00a0\u00a0La industria alimenticia tiene una de las mayores participaciones en las exportaciones a EE.UU. desde M\u00e9xico.<\/p><\/div>\n<\/div>\n<\/figure>\n<div class=\"bbc-19j92fr ebmt73l0\" dir=\"ltr\">\n<h2 tabindex=\"-1\"><\/h2>\n<h2 tabindex=\"-1\"><\/h2>\n<h2 id=\"Hay-dos-alternativas\" class=\"bbc-1lgzob2 eglt09e0\" tabindex=\"-1\">&#8220;Hay dos alternativas&#8221;<\/h2>\n<\/div>\n<div class=\"bbc-19j92fr ebmt73l0\" dir=\"ltr\">\n<p class=\"bbc-hhl7in e17g058b0\" dir=\"ltr\">Ante el planteamiento de Trump, este mi\u00e9rcoles el secretario de Econom\u00eda mexicano, Marcelo Ebrard, advirti\u00f3 que la imposici\u00f3n de aranceles golpear\u00eda principalmente a las compa\u00f1\u00edas estadounidenses que est\u00e1n instaladas en M\u00e9xico.<\/p>\n<\/div>\n<div class=\"bbc-19j92fr ebmt73l0\" dir=\"ltr\">\n<p class=\"bbc-hhl7in e17g058b0\" dir=\"ltr\">Dijo que para EE.UU. ser\u00eda como darse &#8220;un tiro al pie&#8221; y se\u00f1al\u00f3 en particular a Ford, General Motors y Stellantis como las firmas estadounidenses m\u00e1s afectadas.<\/p>\n<\/div>\n<div class=\"bbc-19j92fr ebmt73l0\" dir=\"ltr\">\n<p class=\"bbc-hhl7in e17g058b0\" dir=\"ltr\">&#8220;Cuando dice el presidente Trump &#8216;voy a ponerle a M\u00e9xico un 25% porque exporta demasiado a Estados Unidos&#8217;, lo que est\u00e1 diciendo es\u2026 &#8216;vamos a ponerles un impuesto a las empresas norteamericanas m\u00e1s importantes del mundo del 25%&#8217;, porque producen en M\u00e9xico y exportan a Estados Unidos&#8221;, se\u00f1al\u00f3 Ebrard.<\/p>\n<\/div>\n<div class=\"bbc-19j92fr ebmt73l0\" dir=\"ltr\">\n<p class=\"bbc-hhl7in e17g058b0\" dir=\"ltr\">En una conferencia de prensa encabezada por la presidente Claudia Sheinbaum y con representantes de varias industrias, la mandataria dijo que M\u00e9xico\u00a0est\u00e1 abierto a negociar antes de abrir una ronda de aranceles rec\u00edproca.<\/p>\n<\/div>\n<div class=\"bbc-19j92fr ebmt73l0\" dir=\"ltr\">\n<p class=\"bbc-hhl7in e17g058b0\" dir=\"ltr\">&#8220;En la mesa hay como dos alternativas: nos podemos fragmentar y dividir con acusaciones y tarifas, podemos hacer eso si queremos; porque si nos ponen una tarifa, nosotros ponemos otra, y Canad\u00e1 pone otra, pues va a ser una divisi\u00f3n de nunca acabar&#8221;, expuso.<\/p>\n<\/div>\n<div class=\"bbc-19j92fr ebmt73l0\" dir=\"ltr\">\n<p class=\"bbc-hhl7in e17g058b0\" dir=\"ltr\">&#8220;O construimos juntos una regi\u00f3n fuerte, competitiva y preparada para liderar el futuro y competir con otras regiones&#8221;.<\/p>\n<p dir=\"ltr\">\n<\/div>\n<figure class=\"bbc-1qn0xuy\">\n<div class=\"bbc-18ywsw9\">\n<div style=\"width: 2570px\" class=\"wp-caption alignnone\"><img loading=\"lazy\" decoding=\"async\" class=\"bbc-139onq\" src=\"https:\/\/ichef.bbci.co.uk\/ace\/ws\/640\/cpsprodpb\/1093\/live\/bde6a380-ad07-11ef-a4fe-a3e9a6c5d640.jpg.webp\" alt=\"Marcelo Ebrard en una conferencia de prensa\" width=\"2560\" height=\"1706\" \/><p class=\"wp-caption-text\">Fuente de la imagen,Presidencia de M\u00e9xico.\u00a0El secretario de Econom\u00eda de M\u00e9xico, Marcelo Ebrard, asegur\u00f3 que las firmas estadounidenses ser\u00edan las m\u00e1s afectadas.<\/p><\/div>\n<\/div>\n<\/figure>\n<div class=\"bbc-19j92fr ebmt73l0\" dir=\"ltr\">\n<p dir=\"ltr\">\n<p dir=\"ltr\">\n<p class=\"bbc-hhl7in e17g058b0\" dir=\"ltr\">M\u00e1s tarde este mi\u00e9rcoles, Sheinbaum inform\u00f3 que sostuvo una llamada telef\u00f3nica con Trump en compa\u00f1\u00eda del canciller mexicano, Juan Ram\u00f3n de la Fuente.<\/p>\n<\/div>\n<div class=\"bbc-19j92fr ebmt73l0\" dir=\"ltr\">\n<p class=\"bbc-hhl7in e17g058b0\" dir=\"ltr\">&#8220;Tuve una excelente conversaci\u00f3n con el presidente Donald Trump. Abordamos la estrategia mexicana sobre el fen\u00f3meno de la migraci\u00f3n y compart\u00ed que no est\u00e1n llegando caravanas a la frontera norte porque son atendidas en M\u00e9xico&#8221;, se\u00f1al\u00f3 en X.<\/p>\n<\/div>\n<div class=\"bbc-19j92fr ebmt73l0\" dir=\"ltr\">\n<p class=\"bbc-hhl7in e17g058b0\" dir=\"ltr\">&#8220;Tambi\u00e9n hablamos de reforzar la colaboraci\u00f3n en temas de seguridad en el marco de nuestra soberan\u00eda y de la campa\u00f1a que estamos realizando en el pa\u00eds para prevenir el consumo de fentanilo&#8221;.<\/p>\n<\/div>\n","protected":false},"excerpt":{"rendered":"<p>&nbsp; &nbsp; M\u00e9xico se situ\u00f3 este a\u00f1o como el mayor exportador de productos a Estados Unidos, una posici\u00f3n que hoy est\u00e1 en riesgo. Luego de&hellip;<\/p>\n","protected":false},"author":99,"featured_media":525513,"comment_status":"open","ping_status":"open","sticky":false,"template":"","format":"standard","meta":{"footnotes":""},"categories":[23],"tags":[],"class_list":["post-525512","post","type-post","status-publish","format-standard","has-post-thumbnail","hentry","category-latinoamerica"],"_links":{"self":[{"href":"https:\/\/diarioelpopular.com\/index.php\/wp-json\/wp\/v2\/posts\/525512","targetHints":{"allow":["GET"]}}],"collection":[{"href":"https:\/\/diarioelpopular.com\/index.php\/wp-json\/wp\/v2\/posts"}],"about":[{"href":"https:\/\/diarioelpopular.com\/index.php\/wp-json\/wp\/v2\/types\/post"}],"author":[{"embeddable":true,"href":"https:\/\/diarioelpopular.com\/index.php\/wp-json\/wp\/v2\/users\/99"}],"replies":[{"embeddable":true,"href":"https:\/\/diarioelpopular.com\/index.php\/wp-json\/wp\/v2\/comments?post=525512"}],"version-history":[{"count":1,"href":"https:\/\/diarioelpopular.com\/index.php\/wp-json\/wp\/v2\/posts\/525512\/revisions"}],"predecessor-version":[{"id":525514,"href":"https:\/\/diarioelpopular.com\/index.php\/wp-json\/wp\/v2\/posts\/525512\/revisions\/525514"}],"wp:featuredmedia":[{"embeddable":true,"href":"https:\/\/diarioelpopular.com\/index.php\/wp-json\/wp\/v2\/media\/525513"}],"wp:attachment":[{"href":"https:\/\/diarioelpopular.com\/index.php\/wp-json\/wp\/v2\/media?parent=525512"}],"wp:term":[{"taxonomy":"category","embeddable":true,"href":"https:\/\/diarioelpopular.com\/index.php\/wp-json\/wp\/v2\/categories?post=525512"},{"taxonomy":"post_tag","embeddable":true,"href":"https:\/\/diarioelpopular.com\/index.php\/wp-json\/wp\/v2\/tags?post=525512"}],"curies":[{"name":"wp","href":"https:\/\/api.w.org\/{rel}","templated":true}]}}