{"id":525522,"date":"2024-11-29T10:23:14","date_gmt":"2024-11-29T14:23:14","guid":{"rendered":"https:\/\/diarioelpopular.com\/?p=525522"},"modified":"2024-11-29T10:23:14","modified_gmt":"2024-11-29T14:23:14","slug":"cerca-de-la-mitad-de-los-canadienses-cree-que-han-llegado-demasiados-inmigrantes","status":"publish","type":"post","link":"https:\/\/diarioelpopular.com\/index.php\/2024\/11\/29\/cerca-de-la-mitad-de-los-canadienses-cree-que-han-llegado-demasiados-inmigrantes\/","title":{"rendered":"Cerca de la mitad de los canadienses cree que han llegado demasiados inmigrantes"},"content":{"rendered":"<div id=\"attachment_525523\" style=\"width: 646px\" class=\"wp-caption alignnone\"><img loading=\"lazy\" decoding=\"async\" aria-describedby=\"caption-attachment-525523\" class=\"wp-image-525523 size-custom-full-size\" src=\"https:\/\/diarioelpopular.com\/wp-content\/uploads\/2024\/11\/Screen-Shot-2024-11-29-at-9.22.04-AM-636x387.png\" alt=\"\" width=\"636\" height=\"387\" srcset=\"https:\/\/diarioelpopular.com\/wp-content\/uploads\/2024\/11\/Screen-Shot-2024-11-29-at-9.22.04-AM-636x387.png 636w, https:\/\/diarioelpopular.com\/wp-content\/uploads\/2024\/11\/Screen-Shot-2024-11-29-at-9.22.04-AM-300x182.png 300w, https:\/\/diarioelpopular.com\/wp-content\/uploads\/2024\/11\/Screen-Shot-2024-11-29-at-9.22.04-AM-768x467.png 768w, https:\/\/diarioelpopular.com\/wp-content\/uploads\/2024\/11\/Screen-Shot-2024-11-29-at-9.22.04-AM-120x73.png 120w, https:\/\/diarioelpopular.com\/wp-content\/uploads\/2024\/11\/Screen-Shot-2024-11-29-at-9.22.04-AM.png 868w\" sizes=\"auto, (max-width: 636px) 100vw, 636px\" \/><p id=\"caption-attachment-525523\" class=\"wp-caption-text\">Foto CTVNews<\/p><\/div>\n<p>&nbsp;<\/p>\n<p>&nbsp;<\/p>\n<ul>\n<li><em><strong>Un enorme 42% de los encuestados cree que la inmigraci\u00f3n est\u00e1 provocando gran cantidad de cambios desagradables en Canad\u00e1<\/strong><\/em><\/li>\n<\/ul>\n<p>&nbsp;<\/p>\n<p>&nbsp;<\/p>\n<p>Seg\u00fan una investigaci\u00f3n interna del Departamento de Inmigraci\u00f3n, el 47% de los encuestados cree que llegan demasiados inmigrantes a Canad\u00e1, seg\u00fan Blacklock&#8217;s Reporter.<\/p>\n<p>La encuesta de seguimiento en l\u00ednea de IRCC de 2024, realizada durante un per\u00edodo de dos semanas en noviembre de 2023 que coincidi\u00f3 con las protestas callejeras y los m\u00faltiples cr\u00edmenes antisemitas tras el ataque de Ham\u00e1s del 7 de octubre a Israel, encontr\u00f3 que la postura antiinmigratoria era tan alta como el 58% en Saskatchewan, el 56% en Prince Edward Island, el 52% en Ontario y el 48% en Alberta.<\/p>\n<p>&#8220;Los objetivos de investigaci\u00f3n de este estudio incluyen evaluar las percepciones de los ciudadanos sobre los niveles de inmigraci\u00f3n, el impacto de la inmigraci\u00f3n en Canad\u00e1, el sistema y las prioridades de inmigraci\u00f3n de Canad\u00e1, y el asentamiento e integraci\u00f3n de los reci\u00e9n llegados&#8221;, dice el informe.<\/p>\n<p>Cuando se les dijo que el Plan de Niveles de Inmigraci\u00f3n propuesto en ese momento permit\u00eda la entrada de 485.000 inmigrantes en Canad\u00e1 en 2024, el 56% lo calific\u00f3 como &#8220;demasiados&#8221;.<\/p>\n<p>El informe encontr\u00f3 que el 59% estuvo de acuerdo en que &#8220;la inmigraci\u00f3n ha ejercido demasiada presi\u00f3n sobre los servicios p\u00fablicos en Canad\u00e1&#8221;, mientras que el 58% estuvo de acuerdo en que &#8220;Canad\u00e1 deber\u00eda centrarse en ayudar primero a los canadienses desempleados en lugar de buscar inmigrantes cualificados para nuestra fuerza laboral&#8221;.<\/p>\n<p>Otro 42% de los encuestados estuvo de acuerdo en que la inmigraci\u00f3n est\u00e1 provocando muchos cambios en Canad\u00e1 de maneras desagradables, mientras que el 33% no estuvo de acuerdo.<\/p>\n<p>El informe tambi\u00e9n encontr\u00f3 que el 63% estuvo de acuerdo en que &#8220;los inmigrantes deben hacer m\u00e1s para integrarse en la sociedad canadiense&#8221;, mientras que el 32% dijo que &#8220;los refugiados les quitan los puestos de trabajo a los canadienses&#8221;.<\/p>\n<p>La encuesta dice que el 38% estuvo de acuerdo en que &#8220;los refugiados representan un riesgo para la seguridad de los canadienses&#8221;, mientras que el 45% estuvo de acuerdo en que &#8220;aceptar refugiados ejerce demasiada presi\u00f3n sobre los servicios p\u00fablicos en Canad\u00e1&#8221;.<\/p>\n<p>Los resultados se obtuvieron de 2.279 personas de todo el pa\u00eds y el Departamento de Inmigraci\u00f3n pag\u00f3 a L\u00e9ger Marketing Inc. 49.991 d\u00f3lares por el informe con fecha del 12 de julio.<\/p>\n<p>En una revisi\u00f3n del 24 de octubre de su Plan de Niveles de Inmigraci\u00f3n, el gobierno de Trudeau, ante la falta de prevenci\u00f3n y la poca infraestructura se ha visto obligado a reducir el n\u00famero de inmigrantes residentes a 395.000 el a\u00f1o pr\u00f3ximo.<\/p>\n","protected":false},"excerpt":{"rendered":"<p>&nbsp; &nbsp; Un enorme 42% de los encuestados cree que la inmigraci\u00f3n est\u00e1 provocando gran cantidad de cambios desagradables en Canad\u00e1 &nbsp; &nbsp; Seg\u00fan una&hellip;<\/p>\n","protected":false},"author":99,"featured_media":525523,"comment_status":"open","ping_status":"open","sticky":false,"template":"","format":"standard","meta":{"footnotes":""},"categories":[21,11191],"tags":[],"class_list":["post-525522","post","type-post","status-publish","format-standard","has-post-thumbnail","hentry","category-canada","category-top-news"],"_links":{"self":[{"href":"https:\/\/diarioelpopular.com\/index.php\/wp-json\/wp\/v2\/posts\/525522","targetHints":{"allow":["GET"]}}],"collection":[{"href":"https:\/\/diarioelpopular.com\/index.php\/wp-json\/wp\/v2\/posts"}],"about":[{"href":"https:\/\/diarioelpopular.com\/index.php\/wp-json\/wp\/v2\/types\/post"}],"author":[{"embeddable":true,"href":"https:\/\/diarioelpopular.com\/index.php\/wp-json\/wp\/v2\/users\/99"}],"replies":[{"embeddable":true,"href":"https:\/\/diarioelpopular.com\/index.php\/wp-json\/wp\/v2\/comments?post=525522"}],"version-history":[{"count":1,"href":"https:\/\/diarioelpopular.com\/index.php\/wp-json\/wp\/v2\/posts\/525522\/revisions"}],"predecessor-version":[{"id":525524,"href":"https:\/\/diarioelpopular.com\/index.php\/wp-json\/wp\/v2\/posts\/525522\/revisions\/525524"}],"wp:featuredmedia":[{"embeddable":true,"href":"https:\/\/diarioelpopular.com\/index.php\/wp-json\/wp\/v2\/media\/525523"}],"wp:attachment":[{"href":"https:\/\/diarioelpopular.com\/index.php\/wp-json\/wp\/v2\/media?parent=525522"}],"wp:term":[{"taxonomy":"category","embeddable":true,"href":"https:\/\/diarioelpopular.com\/index.php\/wp-json\/wp\/v2\/categories?post=525522"},{"taxonomy":"post_tag","embeddable":true,"href":"https:\/\/diarioelpopular.com\/index.php\/wp-json\/wp\/v2\/tags?post=525522"}],"curies":[{"name":"wp","href":"https:\/\/api.w.org\/{rel}","templated":true}]}}