{"id":525530,"date":"2024-11-29T10:39:31","date_gmt":"2024-11-29T14:39:31","guid":{"rendered":"https:\/\/diarioelpopular.com\/?p=525530"},"modified":"2024-11-29T10:39:31","modified_gmt":"2024-11-29T14:39:31","slug":"mendoza-una-ciudad-bosque-en-el-desierto-gracias-a-las-acequias-urbanas","status":"publish","type":"post","link":"https:\/\/diarioelpopular.com\/index.php\/2024\/11\/29\/mendoza-una-ciudad-bosque-en-el-desierto-gracias-a-las-acequias-urbanas\/","title":{"rendered":"Mendoza, una ciudad bosque en el desierto gracias a las acequias urbanas"},"content":{"rendered":"<div id=\"attachment_525531\" style=\"width: 1210px\" class=\"wp-caption alignnone\"><img loading=\"lazy\" decoding=\"async\" aria-describedby=\"caption-attachment-525531\" class=\"wp-image-525531 size-custom-big-size\" src=\"https:\/\/diarioelpopular.com\/wp-content\/uploads\/2024\/11\/Screen-Shot-2024-11-29-at-9.38.49-AM-1200x672.png\" alt=\"\" width=\"1200\" height=\"672\" srcset=\"https:\/\/diarioelpopular.com\/wp-content\/uploads\/2024\/11\/Screen-Shot-2024-11-29-at-9.38.49-AM-1200x672.png 1200w, https:\/\/diarioelpopular.com\/wp-content\/uploads\/2024\/11\/Screen-Shot-2024-11-29-at-9.38.49-AM-300x168.png 300w, https:\/\/diarioelpopular.com\/wp-content\/uploads\/2024\/11\/Screen-Shot-2024-11-29-at-9.38.49-AM-768x430.png 768w, https:\/\/diarioelpopular.com\/wp-content\/uploads\/2024\/11\/Screen-Shot-2024-11-29-at-9.38.49-AM-636x356.png 636w, https:\/\/diarioelpopular.com\/wp-content\/uploads\/2024\/11\/Screen-Shot-2024-11-29-at-9.38.49-AM-130x73.png 130w, https:\/\/diarioelpopular.com\/wp-content\/uploads\/2024\/11\/Screen-Shot-2024-11-29-at-9.38.49-AM.png 1024w\" sizes=\"auto, (max-width: 1200px) 100vw, 1200px\" \/><p id=\"caption-attachment-525531\" class=\"wp-caption-text\">La ciudad de Mendoza, en la regi\u00f3n de Cuyo, Argentina. David Gimenez<\/p><\/div>\n<p>&nbsp;<\/p>\n<p>&nbsp;<\/p>\n<h4 class=\"a_st\"><em>&#8211; Los pueblos originarios americanos gestionaban el agua para habitar regiones \u00e1ridas como la de Cuyo en Argentina<\/em><\/h4>\n<p>&nbsp;<\/p>\n<p class=\"\">El sistema de\u00a0<a href=\"mailto:solcratica@gmail.com\" target=\"_blank\" rel=\"noopener\" data-link-track-dtm=\"\">acequias<\/a>\u00a0es uno de los m\u00e9todos tradicionales de aprovechamiento de agua m\u00e1s sofisticados y sostenibles. Lo han desarrollado diversas culturas del mundo. En Am\u00e9rica, algunos pueblos originarios lo utilizaban para habitar zonas secas; como mexicas, aztecas y pur\u00e9pechas en M\u00e9xico; zunis, hopi, tewa y anasazi, en el sur de Estados Unidos o incas, mochicas, nazcas y tiahuanacotas en las regiones andinas.<\/p>\n<p class=\"\">La civilizaci\u00f3n inca manejaba el agua de manera exquisita y consigui\u00f3 extenderse por territorios secos de la cordillera de los Andes hasta ser el mayor imperio prehisp\u00e1nico. Abarc\u00f3 parte de los actuales Per\u00fa, Ecuador, Colombia, Bolivia, Chile y Argentina. Para la cultura inca, el agua es un recurso sagrado y est\u00e1 muy vinculado a la comunidad. Desarrollaron t\u00e9cnicas muy avanzadas de ingenier\u00eda y arquitectura hidr\u00e1ulica, idearon sistemas de riego eficaces y respetuosos con el medio ambiente. Cultivando la tierra con canales, acequias y andenes habitaron territorios escarpados y hostiles, como\u00a0<a href=\"https:\/\/elpais.com\/ciencia\/2021-08-04\/machu-picchu-se-establecio-dos-decadas-antes-de-lo-pensado.html\" data-link-track-dtm=\"\" data-mrf-link=\"https:\/\/elpais.com\/ciencia\/2021-08-04\/machu-picchu-se-establecio-dos-decadas-antes-de-lo-pensado.html\">Machu Picchu<\/a>, ciudad inca a 2.430 metros de altitud, considerada una de las siete nuevas maravillas del mundo moderno.<\/p>\n<p>&nbsp;<\/p>\n<figure class=\"a_m a_m-h \">\n<p><div style=\"width: 424px\" class=\"wp-caption alignnone\"><img loading=\"lazy\" decoding=\"async\" class=\"_re lazyload a_m-h\" src=\"https:\/\/imagenes.elpais.com\/resizer\/v2\/CCRKX4JPMNCYNHBYRX3L5ZESEI.JPG?auth=18fb5e9073e4506c3dd5157b0864097b1b6b69885d0c4862e3f810ac737b4156&amp;width=414\" sizes=\"auto, (min-width:1199px) 1155px,(min-width:1001px) calc(100vw - 44px),(min-width:768px) 767px, 100vw\" srcset=\"https:\/\/imagenes.elpais.com\/resizer\/v2\/CCRKX4JPMNCYNHBYRX3L5ZESEI.JPG?auth=18fb5e9073e4506c3dd5157b0864097b1b6b69885d0c4862e3f810ac737b4156&amp;width=414 414w,https:\/\/imagenes.elpais.com\/resizer\/v2\/CCRKX4JPMNCYNHBYRX3L5ZESEI.JPG?auth=18fb5e9073e4506c3dd5157b0864097b1b6b69885d0c4862e3f810ac737b4156&amp;width=828 640w,https:\/\/imagenes.elpais.com\/resizer\/v2\/CCRKX4JPMNCYNHBYRX3L5ZESEI.JPG?auth=18fb5e9073e4506c3dd5157b0864097b1b6b69885d0c4862e3f810ac737b4156&amp;width=980 1000w,https:\/\/imagenes.elpais.com\/resizer\/v2\/CCRKX4JPMNCYNHBYRX3L5ZESEI.JPG?auth=18fb5e9073e4506c3dd5157b0864097b1b6b69885d0c4862e3f810ac737b4156&amp;width=1960 1960w\" alt=\"Nuevos desarrollos urban\u00edsticos en la periferia de Mendoza, con la cordillera de los Andes de fondo.\" width=\"414\" height=\"277\" \/><p class=\"wp-caption-text\">Nuevos desarrollos urban\u00edsticos en la periferia de Mendoza, con la cordillera de los Andes de fondo.Paula L\u00f3pez Barba<\/p><\/div><figcaption class=\"a_m_p\"><\/figcaption><\/figure>\n<p>&nbsp;<\/p>\n<p class=\"\">La actual Mendoza, ciudad argentina al pie de los Andes, fue el punto m\u00e1s austral del imperio inca. La regi\u00f3n es muy seca; se llama Cuyo, tierra de arenas en lengua huarpe, el pueblo originario que la habitaba antes que los incas. Sorprende que hoy la Gran Mendoza sea la cuarta ciudad argentina m\u00e1s poblada, con 1.300 millones de habitantes, y que un territorio tan \u00e1rido sea\u00a0<a href=\"https:\/\/elpais.com\/elpais\/2011\/02\/23\/paco_nadal\/1298443538_129844.html\" data-link-track-dtm=\"\" data-mrf-link=\"https:\/\/elpais.com\/elpais\/2011\/02\/23\/paco_nadal\/1298443538_129844.html\">una de las zonas de producci\u00f3n de vino m\u00e1s importantes de Am\u00e9rica<\/a>. El vino lleg\u00f3 con la colonia espa\u00f1ola, pero la gesti\u00f3n del agua, no. \u201cLos huarpes crearon sistemas que prove\u00edan de riego y agua potable a la poblaci\u00f3n, aunque parece que las principales acequias son incas\u201d, afirma Jorge Ricardo Ponte, arquitecto especialista en historia urbana que investiga las acequias de su ciudad desde hace d\u00e9cadas.<\/p>\n<p class=\"\">En su libro\u00a0<i>De los Caciques del Agua a la Mendoza de las Acequias<\/i>, Ponte recorre cinco siglos de manejo del agua en el oasis de Mendoza. Desmonta la idea generalizada de que los espa\u00f1oles, con su sabidur\u00eda hidr\u00e1ulica de origen romano y \u00e1rabe, trajeron las acequias a Latinoam\u00e9rica. \u201cFundaron Mendoza en 1561 desde la Capitan\u00eda General de Chile, pero los incas llegaron 80 a\u00f1os antes y adem\u00e1s encontraron canales huarpes que ya aprovechaban el deshielo de los Andes. Por supuesto que los espa\u00f1oles ampliaron el sistema, pero posteriormente. Como buenos conquistadores, lo primero que hicieron al llegar al valle de Huentota fue cambiar los nombres. Sustituyeron los nombres ind\u00edgenas por espa\u00f1oles para que la historia empiece con ellos\u201d, afirma. Uno que le indigna es el del actual Canal Zanj\u00f3n Cacique Guaymall\u00e9n. \u201cNo existe ning\u00fan cacique Guaymall\u00e9n, es un nombre de fantas\u00eda\u201d, dice junto al canal por el que el agua fluye hacia el centro de la ciudad. Y propone recuperar el nombre original Goazap Mayu, que significa r\u00edo del cacique Goazap. Lo cuenta a la altura del dique Carrodilla, en Luj\u00e1n de Cuyo, localidad que forma parte del Gran Mendoza. \u201cEste lugar, probablemente escogido por los incas, es un centro neur\u00e1lgico. Aqu\u00ed se derivan canales que alimentan la planta potabilizadora, el parque p\u00fablico General San Mart\u00edn y el norte de la ciudad. Con toda la tecnolog\u00eda y el avance cient\u00edfico actuales, no se ha encontrado un sitio mejor, lo que demuestra el enorme conocimiento hidr\u00e1ulico inca\u201d, concluye.<\/p>\n<p>&nbsp;<\/p>\n<figure class=\"a_m a_m-h \">\n<p><div style=\"width: 424px\" class=\"wp-caption alignnone\"><img loading=\"lazy\" decoding=\"async\" class=\"_re lazyload a_m-h\" src=\"https:\/\/imagenes.elpais.com\/resizer\/v2\/AA6ZDABFTBG53KX73HCQCPYBGE.JPG?auth=6c98d4a25d9acff41d9ed3a2ecc5983c0cf24d708defa14694538ee9d487257d&amp;width=414\" sizes=\"auto, (min-width:1199px) 1155px,(min-width:1001px) calc(100vw - 44px),(min-width:768px) 767px, 100vw\" srcset=\"https:\/\/imagenes.elpais.com\/resizer\/v2\/AA6ZDABFTBG53KX73HCQCPYBGE.JPG?auth=6c98d4a25d9acff41d9ed3a2ecc5983c0cf24d708defa14694538ee9d487257d&amp;width=414 414w,https:\/\/imagenes.elpais.com\/resizer\/v2\/AA6ZDABFTBG53KX73HCQCPYBGE.JPG?auth=6c98d4a25d9acff41d9ed3a2ecc5983c0cf24d708defa14694538ee9d487257d&amp;width=828 640w,https:\/\/imagenes.elpais.com\/resizer\/v2\/AA6ZDABFTBG53KX73HCQCPYBGE.JPG?auth=6c98d4a25d9acff41d9ed3a2ecc5983c0cf24d708defa14694538ee9d487257d&amp;width=980 1000w,https:\/\/imagenes.elpais.com\/resizer\/v2\/AA6ZDABFTBG53KX73HCQCPYBGE.JPG?auth=6c98d4a25d9acff41d9ed3a2ecc5983c0cf24d708defa14694538ee9d487257d&amp;width=1960 1960w\" alt=\"Acequia urbana sobre terreno natural en la ciudad de Mendoza.\" width=\"414\" height=\"277\" \/><p class=\"wp-caption-text\">Acequia urbana sobre terreno natural en la ciudad de Mendoza.Paula L\u00f3pez Barba<\/p><\/div><figcaption class=\"a_m_p\"><\/figcaption><\/figure>\n<p>&nbsp;<\/p>\n<p class=\"\">En 1861, un terremoto devast\u00f3 Mendoza y hubo que reconstruir la ciudad. El ingeniero y top\u00f3grafo franc\u00e9s Jules Balloffet fue responsable del nuevo dise\u00f1o, un damero de 8&#215;8 manzanas con cinco plazas centrales ante posibles nuevos terremotos. Toda la infraestructura h\u00eddrica se moderniz\u00f3 para optimizar el uso del agua, las acequias se integraron en la trama urbana y se plantaron \u00e1rboles al estilo de las grandes ciudades europeas del momento, como Par\u00eds, con la idea de mejorar la calidad ambiental de una poblaci\u00f3n en crecimiento.<\/p>\n<p class=\"\">Actualmente, el sistema de aprovechamiento de agua de los Andes se sigue optimizando. En 2003, se inaugur\u00f3 el embalse Potrerillos, crucial para regular el caudal que abastece a la poblaci\u00f3n. Est\u00e1 a 30 kil\u00f3metros de la ciudad, cordillera arriba, 630 metros m\u00e1s alto que el centro urbano. Recoge el agua del deshielo que desciende por el r\u00edo Mendoza y el dique la dosifica, evita inundaciones y genera energ\u00eda hidroel\u00e9ctrica.<\/p>\n<p>&nbsp;<\/p>\n<figure class=\"a_m a_m-h \">\n<p><div style=\"width: 424px\" class=\"wp-caption alignnone\"><img loading=\"lazy\" decoding=\"async\" class=\"_re lazyload a_m-h\" src=\"https:\/\/imagenes.elpais.com\/resizer\/v2\/B4PTM7EQ2VCGDNHNBWBCAWMLRU.JPG?auth=8d3b5071fe2bcfea8acfa4c46f635d13952b698ba4ef4beeb45c8f9dcb64f44c&amp;width=414\" sizes=\"auto, (min-width:1199px) 1155px,(min-width:1001px) calc(100vw - 44px),(min-width:768px) 767px, 100vw\" srcset=\"https:\/\/imagenes.elpais.com\/resizer\/v2\/B4PTM7EQ2VCGDNHNBWBCAWMLRU.JPG?auth=8d3b5071fe2bcfea8acfa4c46f635d13952b698ba4ef4beeb45c8f9dcb64f44c&amp;width=414 414w,https:\/\/imagenes.elpais.com\/resizer\/v2\/B4PTM7EQ2VCGDNHNBWBCAWMLRU.JPG?auth=8d3b5071fe2bcfea8acfa4c46f635d13952b698ba4ef4beeb45c8f9dcb64f44c&amp;width=828 640w,https:\/\/imagenes.elpais.com\/resizer\/v2\/B4PTM7EQ2VCGDNHNBWBCAWMLRU.JPG?auth=8d3b5071fe2bcfea8acfa4c46f635d13952b698ba4ef4beeb45c8f9dcb64f44c&amp;width=980 1000w,https:\/\/imagenes.elpais.com\/resizer\/v2\/B4PTM7EQ2VCGDNHNBWBCAWMLRU.JPG?auth=8d3b5071fe2bcfea8acfa4c46f635d13952b698ba4ef4beeb45c8f9dcb64f44c&amp;width=1960 1960w\" alt=\"Jorge Ricardo Ponte en el dique Carrodilla.\" width=\"414\" height=\"277\" \/><p class=\"wp-caption-text\">Jorge Ricardo Ponte en el dique Carrodilla.Paula L\u00f3pez Barba<\/p><\/div><figcaption class=\"a_m_p\"><\/figcaption><\/figure>\n<h3><\/h3>\n<h3 class=\"\">Mendoza, la ciudad bosque<\/h3>\n<p class=\"\">Pero lo que hace especial a Mendoza es que sus acequias son urbanas. Es habitual encontrarlas en \u00e1reas rurales o suburbanas, pero en Mendoza todas las calles tienen 950 kil\u00f3metros de acequias, seg\u00fan datos del Ayuntamiento. Las grietas que acompa\u00f1an la calzada a ambos lados son hasta peligrosas para forasteros si no miran d\u00f3nde pisan. Las hay de varios tipos: contenidas por muros de piedra o de hormig\u00f3n, o directamente sobre terreno. Las personas que viven en Mendoza est\u00e1n tan acostumbradas que ni las ven, pero saben que les traen ese verde tan ansiado en el desierto, porque de ellas beben los \u00e1rboles. En Mendoza hay m\u00e1s de 615.000, seg\u00fan datos oficiales. De ah\u00ed que se conozca como \u2018la ciudad bosque\u2019 y que sea un referente internacional,\u00a0<a href=\"https:\/\/www.fao.org\/newsroom\/detail\/mendoza-and-newcastle-receive-fao-green-cities-initiative-awards\/es\" data-link-track-dtm=\"\" data-mrf-link=\"https:\/\/www.fao.org\/newsroom\/detail\/mendoza-and-newcastle-receive-fao-green-cities-initiative-awards\/es\">premiado en 2024 por la Organizaci\u00f3n de las Naciones Unidas para la Alimentaci\u00f3n y la Agricultura (FAO)<\/a>.<\/p>\n<p>&nbsp;<\/p>\n<figure class=\"a_m a_m-h \">\n<p><div style=\"width: 424px\" class=\"wp-caption alignnone\"><img loading=\"lazy\" decoding=\"async\" class=\"_re lazyload a_m-h\" src=\"https:\/\/imagenes.elpais.com\/resizer\/v2\/PIBL7JNY3JCVZC5VO3BP5BGKKU.JPG?auth=25f80483ccf12b2c80240fa061bd2bca29e6b4f77e0a05d36ba225c9b0f6360d&amp;width=414\" sizes=\"auto, (min-width:1199px) 1155px,(min-width:1001px) calc(100vw - 44px),(min-width:768px) 767px, 100vw\" srcset=\"https:\/\/imagenes.elpais.com\/resizer\/v2\/PIBL7JNY3JCVZC5VO3BP5BGKKU.JPG?auth=25f80483ccf12b2c80240fa061bd2bca29e6b4f77e0a05d36ba225c9b0f6360d&amp;width=414 414w,https:\/\/imagenes.elpais.com\/resizer\/v2\/PIBL7JNY3JCVZC5VO3BP5BGKKU.JPG?auth=25f80483ccf12b2c80240fa061bd2bca29e6b4f77e0a05d36ba225c9b0f6360d&amp;width=828 640w,https:\/\/imagenes.elpais.com\/resizer\/v2\/PIBL7JNY3JCVZC5VO3BP5BGKKU.JPG?auth=25f80483ccf12b2c80240fa061bd2bca29e6b4f77e0a05d36ba225c9b0f6360d&amp;width=980 1000w,https:\/\/imagenes.elpais.com\/resizer\/v2\/PIBL7JNY3JCVZC5VO3BP5BGKKU.JPG?auth=25f80483ccf12b2c80240fa061bd2bca29e6b4f77e0a05d36ba225c9b0f6360d&amp;width=1960 1960w\" alt=\"En el centro de Mendoza hay muchas fuentes de agua y los \u00e1rboles son frondosos gracias a su sistema de canales.\" width=\"414\" height=\"277\" \/><p class=\"wp-caption-text\">En el centro de Mendoza hay muchas fuentes de agua y los \u00e1rboles son frondosos gracias a su sistema de canales.Paula L\u00f3pez Barba<\/p><\/div><figcaption class=\"a_m_p\"><\/figcaption><\/figure>\n<p>&nbsp;<\/p>\n<p class=\"\">\u201cTenemos un promedio de 45 metros cuadrados de espacio verde por habitante, muy por encima de los 15 que sugiere la Organizaci\u00f3n Mundial de la Salud (OMS)\u201d, sostiene Sebasti\u00e1n Fermani, secretario de Ambiente y Desarrollo Urbano de Mendoza. A vista de p\u00e1jaro, Mendoza es un tapiz vegetal colorido. En primavera y verano, verde; en oto\u00f1o, amarillo y naranja. Las copas de los \u00e1rboles se tocan y la sombra h\u00fameda y continua que proyectan regula la temperatura de las calles. Algo que es cada vez m\u00e1s deseable en muchas ciudades, convertidas en islas de calor por el calentamiento global, la falta de vegetaci\u00f3n y la contaminaci\u00f3n atmosf\u00e9rica.<\/p>\n<p class=\"\">Pero esa ciudad bosque id\u00edlica no es para todos en Mendoza. El agua es un recurso cada vez m\u00e1s escaso y\u00a0<a href=\"https:\/\/elpais.com\/argentina\/2023-03-30\/el-campo-argentino-da-por-finalizada-la-peor-sequia-en-60-anos.html\" data-link-track-dtm=\"\" data-mrf-link=\"https:\/\/elpais.com\/argentina\/2023-03-30\/el-campo-argentino-da-por-finalizada-la-peor-sequia-en-60-anos.html\">Argentina acaba de superar una de sus peores sequ\u00edas.<\/a>\u00a0Y la mancha urbana de baja densidad se extiende en Mendoza. \u201cPor m\u00e1s espectacular que sean los \u00e1rboles frondosos en un desierto, tienen una guada\u00f1a\u201d, piensa Elma Monta\u00f1a, arquitecta que estudia la influencia del agua en la ordenaci\u00f3n territorial. Esta investigadora principal del Consejo Nacional de Investigaciones Cient\u00edficas y T\u00e9cnicas (Conicet), que lidera un equipo interdisciplinar de 15 personas, no es optimista con la situaci\u00f3n ecol\u00f3gica y social: \u201cLa ciudadan\u00eda se enorgullece de haber creado un jard\u00edn en tierra seca, de vencer al desierto, pero el paradigma del siglo XIX, \u2018el hombre controlando la naturaleza\u2019, hoy es insostenible porque la demanda es inmensa\u201d. Cree que es muy importante preservar el patrimonio de las acequias mendocinas, y reconoce que es agradable tener \u00e1rboles frondosos, fuentes y vaporizadores, pero piensa que no puede ser a costa de que parte de la ciudadan\u00eda se quede sin suministro de agua.<\/p>\n<p>&nbsp;<\/p>\n<figure class=\"a_m a_m-h \">\n<p><div style=\"width: 424px\" class=\"wp-caption alignnone\"><img loading=\"lazy\" decoding=\"async\" class=\"_re lazyload a_m-h\" src=\"https:\/\/imagenes.elpais.com\/resizer\/v2\/ISO5LZYD6VAZBKAGAZJKPTPYKQ.JPG?auth=84bbf4a1ecab0e3560ad1a7bf2bff8e09c9a733c0d60fe4086179caad6551364&amp;width=414\" sizes=\"auto, (min-width:1199px) 1155px,(min-width:1001px) calc(100vw - 44px),(min-width:768px) 767px, 100vw\" srcset=\"https:\/\/imagenes.elpais.com\/resizer\/v2\/ISO5LZYD6VAZBKAGAZJKPTPYKQ.JPG?auth=84bbf4a1ecab0e3560ad1a7bf2bff8e09c9a733c0d60fe4086179caad6551364&amp;width=414 414w,https:\/\/imagenes.elpais.com\/resizer\/v2\/ISO5LZYD6VAZBKAGAZJKPTPYKQ.JPG?auth=84bbf4a1ecab0e3560ad1a7bf2bff8e09c9a733c0d60fe4086179caad6551364&amp;width=828 640w,https:\/\/imagenes.elpais.com\/resizer\/v2\/ISO5LZYD6VAZBKAGAZJKPTPYKQ.JPG?auth=84bbf4a1ecab0e3560ad1a7bf2bff8e09c9a733c0d60fe4086179caad6551364&amp;width=980 1000w,https:\/\/imagenes.elpais.com\/resizer\/v2\/ISO5LZYD6VAZBKAGAZJKPTPYKQ.JPG?auth=84bbf4a1ecab0e3560ad1a7bf2bff8e09c9a733c0d60fe4086179caad6551364&amp;width=1960 1960w\" alt=\"El barrio Champagnat, en la periferia de Mendoza.\" width=\"414\" height=\"277\" \/><p class=\"wp-caption-text\">El barrio Champagnat, en la periferia de Mendoza.Paula L\u00f3pez Barba<\/p><\/div><figcaption class=\"a_m_p\"><\/figcaption><\/figure>\n<p>&nbsp;<\/p>\n<p class=\"\">El sistema tiene otros fallos, como que las especies plantadas no sean aut\u00f3ctonas. Necesitan agua regularmente y el caudal de las acequias es variable. \u201cAguantan con riego o porque las tuber\u00edas tienen fugas, pero es un desperdicio de agua potable\u201d, dice Monta\u00f1a. Una soluci\u00f3n que se est\u00e1 empezando a implantar es ir sustituy\u00e9ndolas por especies locales. \u201cSe tiende a usar vegetaci\u00f3n nativa como el \u00e1rbol de la pimienta &#8211;<i>Schinus molle<\/i>&#8211; , sagrado para los pueblos originarios, incluso en barrios privilegiados\u201d, algo que, seg\u00fan la arquitecta, fomenta que la ciudadan\u00eda se conciencie y valore las especies xer\u00f3filas. Y recuerda una an\u00e9cdota en un barrio humilde de la periferia hace a\u00f1os: \u201cDec\u00edan que les estaban poniendo \u00e1rboles de pobres, porque no eran pl\u00e1tanos &#8211;<i>Platanus \u00d7 hispanica<\/i>-, como en las grandes avenidas del centro\u201d.<\/p>\n<p class=\"\">El agua tampoco alcanza para los pueblos originarios. \u201cEl sistema de gesti\u00f3n se basa en la ley de 1882, que no les dio derechos. Cuando se construy\u00f3 el dique Potrerillos, se racionaliz\u00f3 mucho para consumo agr\u00edcola, pero los pueblos originarios arrinconados al fondo de la cuenca se quedaron sin las p\u00e9rdidas que necesitan para subsistir\u201d, explica Monta\u00f1a. El sistema est\u00e1 al l\u00edmite y es eficiente para ciertas actividades, pero no para toda la poblaci\u00f3n. No lo es para las personas que viven en barrios desfavorecidos, o para quienes pertenecen a culturas que, con su gesti\u00f3n inteligente del agua, plantaron la semilla de Mendoza.<\/p>\n","protected":false},"excerpt":{"rendered":"<p>&nbsp; &nbsp; &#8211; Los pueblos originarios americanos gestionaban el agua para habitar regiones \u00e1ridas como la de Cuyo en Argentina &nbsp; El sistema de\u00a0acequias\u00a0es uno&hellip;<\/p>\n","protected":false},"author":99,"featured_media":525531,"comment_status":"open","ping_status":"open","sticky":false,"template":"","format":"standard","meta":{"footnotes":""},"categories":[23],"tags":[],"class_list":["post-525530","post","type-post","status-publish","format-standard","has-post-thumbnail","hentry","category-latinoamerica"],"_links":{"self":[{"href":"https:\/\/diarioelpopular.com\/index.php\/wp-json\/wp\/v2\/posts\/525530","targetHints":{"allow":["GET"]}}],"collection":[{"href":"https:\/\/diarioelpopular.com\/index.php\/wp-json\/wp\/v2\/posts"}],"about":[{"href":"https:\/\/diarioelpopular.com\/index.php\/wp-json\/wp\/v2\/types\/post"}],"author":[{"embeddable":true,"href":"https:\/\/diarioelpopular.com\/index.php\/wp-json\/wp\/v2\/users\/99"}],"replies":[{"embeddable":true,"href":"https:\/\/diarioelpopular.com\/index.php\/wp-json\/wp\/v2\/comments?post=525530"}],"version-history":[{"count":1,"href":"https:\/\/diarioelpopular.com\/index.php\/wp-json\/wp\/v2\/posts\/525530\/revisions"}],"predecessor-version":[{"id":525532,"href":"https:\/\/diarioelpopular.com\/index.php\/wp-json\/wp\/v2\/posts\/525530\/revisions\/525532"}],"wp:featuredmedia":[{"embeddable":true,"href":"https:\/\/diarioelpopular.com\/index.php\/wp-json\/wp\/v2\/media\/525531"}],"wp:attachment":[{"href":"https:\/\/diarioelpopular.com\/index.php\/wp-json\/wp\/v2\/media?parent=525530"}],"wp:term":[{"taxonomy":"category","embeddable":true,"href":"https:\/\/diarioelpopular.com\/index.php\/wp-json\/wp\/v2\/categories?post=525530"},{"taxonomy":"post_tag","embeddable":true,"href":"https:\/\/diarioelpopular.com\/index.php\/wp-json\/wp\/v2\/tags?post=525530"}],"curies":[{"name":"wp","href":"https:\/\/api.w.org\/{rel}","templated":true}]}}