{"id":525534,"date":"2024-11-29T10:48:34","date_gmt":"2024-11-29T14:48:34","guid":{"rendered":"https:\/\/diarioelpopular.com\/?p=525534"},"modified":"2024-11-29T10:48:34","modified_gmt":"2024-11-29T14:48:34","slug":"sin-cooperacion-no-hay-visas-asi-puede-trump-obligar-a-cualquier-pais-a-aceptar-a-los-inmigrantes-que-deporte","status":"publish","type":"post","link":"https:\/\/diarioelpopular.com\/index.php\/2024\/11\/29\/sin-cooperacion-no-hay-visas-asi-puede-trump-obligar-a-cualquier-pais-a-aceptar-a-los-inmigrantes-que-deporte\/","title":{"rendered":"Sin cooperaci\u00f3n no hay visas: as\u00ed puede Trump obligar a cualquier pa\u00eds a aceptar a los inmigrantes que deporte"},"content":{"rendered":"<div id=\"attachment_525535\" style=\"width: 1210px\" class=\"wp-caption alignnone\"><img loading=\"lazy\" decoding=\"async\" aria-describedby=\"caption-attachment-525535\" class=\"wp-image-525535 size-custom-big-size\" src=\"https:\/\/diarioelpopular.com\/wp-content\/uploads\/2024\/11\/Screen-Shot-2024-11-29-at-9.47.50-AM-1200x793.png\" alt=\"\" width=\"1200\" height=\"793\" srcset=\"https:\/\/diarioelpopular.com\/wp-content\/uploads\/2024\/11\/Screen-Shot-2024-11-29-at-9.47.50-AM-1200x793.png 1200w, https:\/\/diarioelpopular.com\/wp-content\/uploads\/2024\/11\/Screen-Shot-2024-11-29-at-9.47.50-AM-300x198.png 300w, https:\/\/diarioelpopular.com\/wp-content\/uploads\/2024\/11\/Screen-Shot-2024-11-29-at-9.47.50-AM-768x508.png 768w, https:\/\/diarioelpopular.com\/wp-content\/uploads\/2024\/11\/Screen-Shot-2024-11-29-at-9.47.50-AM-85x55.png 85w, https:\/\/diarioelpopular.com\/wp-content\/uploads\/2024\/11\/Screen-Shot-2024-11-29-at-9.47.50-AM-636x420.png 636w, https:\/\/diarioelpopular.com\/wp-content\/uploads\/2024\/11\/Screen-Shot-2024-11-29-at-9.47.50-AM-110x73.png 110w, https:\/\/diarioelpopular.com\/wp-content\/uploads\/2024\/11\/Screen-Shot-2024-11-29-at-9.47.50-AM.png 1024w\" sizes=\"auto, (max-width: 1200px) 100vw, 1200px\" \/><p id=\"caption-attachment-525535\" class=\"wp-caption-text\">Donald Trump frente al muro fronterizo, en Sierra Vista, Arizona, en agosto pasado. Rebecca Noble (Getty Images)<\/p><\/div>\n<p>&nbsp;<\/p>\n<p>&nbsp;<\/p>\n<h4 class=\"a_st\"><em>&#8211; El presidente electo no ha concretado c\u00f3mo forzar\u00e1 a otros pa\u00edses a recibir sus ciudadanos de vuelta, pero tiene a su disposici\u00f3n una ley que le permitir\u00e1 denegar visados a los que se le opongan<\/em><\/h4>\n<p>&nbsp;<\/p>\n<p class=\"\">En menos de un mes, la propuesta de Donald Trump de realizar\u00a0<a href=\"https:\/\/elpais.com\/us\/2024-11-27\/la-mayor-parte-de-la-poblacion-apoya-las-deportaciones-masivas-tras-la-victoria-de-donald-trump.html\" data-link-track-dtm=\"\" data-mrf-link=\"https:\/\/elpais.com\/us\/2024-11-27\/la-mayor-parte-de-la-poblacion-apoya-las-deportaciones-masivas-tras-la-victoria-de-donald-trump.html\">la mayor deportaci\u00f3n de la historia<\/a>\u00a0ha pasado de lema de campa\u00f1a a una realidad inminente.<\/p>\n<p class=\"\">Y est\u00e1 claro que el presidente electo pretende cumplir con su promesa por todos los medios necesarios. Ya ha recurrido a\u00a0<a href=\"https:\/\/elpais.com\/internacional\/elecciones-usa\/2024-11-26\/trump-anuncia-que-impondra-aranceles-extra-a-mexico-canada-y-china-el-primer-dia.html\" data-link-track-dtm=\"\" data-mrf-link=\"https:\/\/elpais.com\/internacional\/elecciones-usa\/2024-11-26\/trump-anuncia-que-impondra-aranceles-extra-a-mexico-canada-y-china-el-primer-dia.html\">las amenazas arancelarias contra M\u00e9xico y Canad\u00e1<\/a>\u00a0para forzarlos a frenar la inmigraci\u00f3n irregular hacia Estados Unidos, y la intimidaci\u00f3n no parar\u00e1 ah\u00ed. Porque para expulsar a 11 millones de personas, Trump tendr\u00e1 que presionar a una larga lista de pa\u00edses para que reciban a sus ciudadanos de vuelta, o a personas de otras nacionalidades que no pueden volver a sus pa\u00edses. Para ello, ha prometido que recurrir\u00e1 a la coacci\u00f3n; la pregunta est\u00e1 en el c\u00f3mo. Una posible v\u00eda ser\u00e1 la retenci\u00f3n de todo tipo de visados para los pa\u00edses que se nieguen a cooperar.<\/p>\n<p class=\"\">El presidente electo y los miembros de su futuro Gobierno han ido detallando desde el 5 de noviembre las medidas que implementar\u00e1n para llevar a cabo las deportaciones masivas.<\/p>\n<p class=\"\">Han asegurado, por ejemplo, que Trump\u00a0<a href=\"https:\/\/elpais.com\/us\/2024-11-24\/la-migracion-en-el-primer-dia-de-trump-una-incognita-entre-promesas-ambiciosas-de-mano-dura.html\" data-link-track-dtm=\"\" data-mrf-link=\"https:\/\/elpais.com\/us\/2024-11-24\/la-migracion-en-el-primer-dia-de-trump-una-incognita-entre-promesas-ambiciosas-de-mano-dura.html\">declarar\u00e1 una emergencia nacional<\/a>, que usar\u00e1 a los militares, que\u00a0<a href=\"https:\/\/elpais.com\/us\/2024-11-24\/los-inhumanos-centros-de-detencion-de-inmigrantes-claves-para-la-deportacion-masiva-de-trump.html\" data-link-track-dtm=\"\" data-mrf-link=\"https:\/\/elpais.com\/us\/2024-11-24\/los-inhumanos-centros-de-detencion-de-inmigrantes-claves-para-la-deportacion-masiva-de-trump.html\">construir\u00e1 campos de detenci\u00f3n en la frontera<\/a>\u00a0y que llevar\u00e1 a cabo redadas masivas en los lugares de trabajo. Sin embargo, han dejado una inc\u00f3gnita importante por resolver: c\u00f3mo planean torcer los brazos de pa\u00edses del mundo para que acepten a personas deportadas.<\/p>\n<aside class=\"a_ei\"><\/aside>\n<p class=\"\">\u201cNo podemos simplemente ponerlos en un avi\u00f3n\u201d, reconoc\u00eda recientemente en una entrevista Tom Homan, el futuro \u201czar de la frontera\u201d del republicano, que estar\u00e1 a cargo de las expulsiones. \u201cHay un proceso que debemos seguir. Tienes que ponerte en contacto con el pa\u00eds, ellos tienen que aceptarlos de vuelta y luego tienen que enviarte los documentos de viaje\u201d, a\u00f1ad\u00eda, asegurando que ser\u00eda un proceso largo. De partida hay varios pa\u00edses que no permiten deportaciones de Estados Unidos, entre ellos Cuba, Nicaragua y Venezuela. Otros pa\u00edses que el Gobierno estadounidense califica de \u201crecalcitrantes\u201d porque se reh\u00fasan o no cooperan en los procesos de deportaciones incluyen a China, Rusia o la India, seg\u00fan la \u00faltima actualizaci\u00f3n del Servicio de Inmigraci\u00f3n y Control de Aduanas (ICE, por sus siglas en ingl\u00e9s). Y otras 17 naciones cooperan a veces o poco.<\/p>\n<p class=\"\">M\u00e1s all\u00e1 de los aranceles \u2014una herramienta que ya utiliz\u00f3 con fines diplom\u00e1ticos durante su primera presidencia y que ahora vuelve a utilizar\u2014, el presidente electo tiene a su disposici\u00f3n otro instrumento con el que podr\u00eda intentar obligar a cualquiera de esos pa\u00edses a aceptar a inmigrantes deportados de Estados Unidos: los visados.<\/p>\n<p class=\"\">Su Gobierno puede condicionar la concesi\u00f3n de visas a ciertos pa\u00edses a que acepten a recibir a personas deportadas por Estados Unidos. As\u00ed lo establece la Ley de Inmigraci\u00f3n y Nacionalidad (INA, por sus siglas en ingl\u00e9s) y\u00a0<a href=\"https:\/\/static.project2025.org\/2025_MandateForLeadership_FULL.pdf\" target=\"_blank\" rel=\"noopener\" data-link-track-dtm=\"\" data-mrf-link=\"https:\/\/static.project2025.org\/2025_MandateForLeadership_FULL.pdf\">lo recoge el Proyecto 2025<\/a>, la agenda conservadora de la cual Trump intent\u00f3 distanciarse durante la campa\u00f1a electoral.<\/p>\n<p class=\"\">Sin embargo, entre los nombramientos que Trump ha hecho para su segunda Administraci\u00f3n hay varios que participaron en la elaboraci\u00f3n del Proyecto 2025, que promueve pol\u00edticas ultraconservadoras para transformar el Gobierno federal con el fin de, entre otras cosas, cambiar radicalmente el sistema de inmigraci\u00f3n del pa\u00eds. En la redacci\u00f3n del documento \u2014el cual no solo hace eco de las pol\u00edticas migratorias del republicano, sino que detalla los mecanismos para llevarlas a cabo\u2014 participaron\u00a0<a href=\"https:\/\/elpais.com\/us\/migracion\/2024-11-11\/tom-homan-claves-para-conocer-al-nuevo-zar-de-la-frontera-de-trump.html\" data-link-track-dtm=\"\" data-mrf-link=\"https:\/\/elpais.com\/us\/migracion\/2024-11-11\/tom-homan-claves-para-conocer-al-nuevo-zar-de-la-frontera-de-trump.html\">Homan<\/a>\u00a0y el pr\u00f3ximo<a href=\"https:\/\/elpais.com\/us\/2024-11-16\/trump-deja-la-politica-migratoria-en-manos-de-tres-halcones-antiinmigracion-miller-homan-y-noem.html\" data-link-track-dtm=\"\" data-mrf-link=\"https:\/\/elpais.com\/us\/2024-11-16\/trump-deja-la-politica-migratoria-en-manos-de-tres-halcones-antiinmigracion-miller-homan-y-noem.html\">\u00a0jefe adjunto de Gabinete de la Casa Blanca, Stephen Miller<\/a>, quien estar\u00e1 encargado de supervisar las pol\u00edticas de la nueva Administraci\u00f3n, especialmente en lo que respecta a la inmigraci\u00f3n.<\/p>\n<p class=\"\">En la gu\u00eda ultraderechista que el presidente electo podr\u00eda usar como hoja de ruta para su Administraci\u00f3n, est\u00e9 dispuesto a admitirlo o no, los autores recomiendan invocar la Ley de Inmigraci\u00f3n y Nacionalidad dentro del contexto de las deportaciones masivas para aplastar cualquier resistencia de los pa\u00edses afectados.<\/p>\n<p class=\"\">Con ese fin, el texto alude a la\u00a0<a href=\"https:\/\/fam.state.gov\/fam\/09FAM\/09FAM060112.html#:~:text=(U)%20INA%20243(d,consular%20officers%20in%20that%20foreign\" target=\"_blank\" rel=\"noopener\" data-link-track-dtm=\"\" data-mrf-link=\"https:\/\/fam.state.gov\/fam\/09FAM\/09FAM060112.html#:~:text=(U)%20INA%20243(d,consular%20officers%20in%20that%20foreign\">Secci\u00f3n 243(d) de la INA<\/a>, la cual establece que cuando \u201cel Gobierno de un pa\u00eds extranjero deniega o retrasa injustificadamente la aceptaci\u00f3n de un ciudadano, s\u00fabdito, nacional o residente de ese pa\u00eds, el Secretario de Estado ordenar\u00e1 a los funcionarios consulares de ese pa\u00eds extranjero que dejen de conceder visados de inmigrante o de no inmigrante, o ambos, a los ciudadanos, s\u00fabditos, nacionales y residentes de ese pa\u00eds\u201d.<\/p>\n<p>&nbsp;<\/p>\n<figure class=\"a_m a_m-h \">\n<p><div style=\"width: 424px\" class=\"wp-caption alignnone\"><img loading=\"lazy\" decoding=\"async\" class=\"_re lazyload a_m-h\" src=\"https:\/\/imagenes.elpais.com\/resizer\/v2\/ITLNO6UQXRHJNELCB5UPG6XH4E.jpg?auth=2b1138d1d8fb7dffbf9170911906bb13b6ead2cb91e01b57f86404359e9b7fd6&amp;width=414\" sizes=\"auto, (min-width:1199px) 1155px,(min-width:1001px) calc(100vw - 44px),(min-width:768px) 767px, 100vw\" srcset=\"https:\/\/imagenes.elpais.com\/resizer\/v2\/ITLNO6UQXRHJNELCB5UPG6XH4E.jpg?auth=2b1138d1d8fb7dffbf9170911906bb13b6ead2cb91e01b57f86404359e9b7fd6&amp;width=414 414w,https:\/\/imagenes.elpais.com\/resizer\/v2\/ITLNO6UQXRHJNELCB5UPG6XH4E.jpg?auth=2b1138d1d8fb7dffbf9170911906bb13b6ead2cb91e01b57f86404359e9b7fd6&amp;width=828 640w,https:\/\/imagenes.elpais.com\/resizer\/v2\/ITLNO6UQXRHJNELCB5UPG6XH4E.jpg?auth=2b1138d1d8fb7dffbf9170911906bb13b6ead2cb91e01b57f86404359e9b7fd6&amp;width=980 1000w,https:\/\/imagenes.elpais.com\/resizer\/v2\/ITLNO6UQXRHJNELCB5UPG6XH4E.jpg?auth=2b1138d1d8fb7dffbf9170911906bb13b6ead2cb91e01b57f86404359e9b7fd6&amp;width=1960 1960w\" alt=\"Inmigrantes y activistas protestan contra las propuestas de deportaci\u00f3n masiva de Trump, el 9 de noviembre en Nueva York.\" width=\"414\" height=\"277\" \/><p class=\"wp-caption-text\">Inmigrantes y activistas protestan contra las propuestas de deportaci\u00f3n masiva de Trump, el 9 de noviembre en Nueva York.Stephanie Keith (Getty Images)<\/p><\/div><figcaption class=\"a_m_p\"><\/figcaption><\/figure>\n<p>&nbsp;<\/p>\n<p class=\"\">Se trata de una sanci\u00f3n que permanecer\u00eda vigente hasta que el pa\u00eds afectado acepte el regreso de todos sus nacionales pendientes de deportaci\u00f3n y \u201cse comprometa formalmente a aceptar en el futuro y de manera regular a sus nacionales\u201d, se explica en el Proyecto 2025. \u201cLa aplicaci\u00f3n a rajatabla de esta ley demostrar\u00e1 a la comunidad internacional una seriedad hasta ahora inexistente en cuanto a que otras naciones deben respetar las leyes de inmigraci\u00f3n estadounidenses y colaborar con las autoridades federales para aceptar a los nacionales que regresen, o perder\u00e1n el acceso a Estados Unidos\u201d, rematan los autores.<\/p>\n<p class=\"\">De aplicarse esta ley, las consecuencias ser\u00edan severas. Podr\u00eda poner patas arriba todo el sistema de visados del pa\u00eds, que incluye\u00a0<a href=\"https:\/\/travel.state.gov\/content\/travel\/en\/us-visas\/visa-information-resources\/all-visa-categories.html\" target=\"_blank\" rel=\"noopener\" data-link-track-dtm=\"\" data-mrf-link=\"https:\/\/travel.state.gov\/content\/travel\/en\/us-visas\/visa-information-resources\/all-visa-categories.html\">m\u00e1s de 60 diferentes tipos de visas<\/a>\u00a0para inmigrantes y no inmigrantes. Entre los visados para inmigrantes figuran la IRI o CR1 para c\u00f3nyuges de ciudadanos estadounidense. Y entre los de no inmigrantes est\u00e1n las H-2A y\u00a0<a href=\"https:\/\/elpais.com\/us\/migracion\/2024-06-07\/visa-de-trabajo-temporal-h-2b-en-estados-unidos-requisitos-documentos-y-como-solicitarla.html\" data-link-track-dtm=\"\" data-mrf-link=\"https:\/\/elpais.com\/us\/migracion\/2024-06-07\/visa-de-trabajo-temporal-h-2b-en-estados-unidos-requisitos-documentos-y-como-solicitarla.html\">H-2B para trabajadores temporales<\/a>, las F y M para estudiantes internacionales o la B1 para viajes de turismo.<\/p>\n<p class=\"\">En el a\u00f1o fiscal de 2024, que acab\u00f3 el pasado mes de octubre, Estados Unidos expidi\u00f3 11,5 millones de visas, una cifra r\u00e9cord. La cifra forma parte de una tendencia al alza que ya era evidente el a\u00f1o pasado, cuando se aprobaron 11 millones de visados, la gran mayor\u00eda de ellos \u201410.438.327\u2014 no inmigrantes,\u00a0<a href=\"https:\/\/travel.state.gov\/content\/dam\/visas\/Statistics\/AnnualReports\/FY2023AnnualReport\/FY2023_AR_TableI.pdf\" target=\"_blank\" rel=\"noopener\" data-link-track-dtm=\"\" data-mrf-link=\"https:\/\/travel.state.gov\/content\/dam\/visas\/Statistics\/AnnualReports\/FY2023AnnualReport\/FY2023_AR_TableI.pdf\">seg\u00fan cifras del Departamento de Estado<\/a>. El total del 2023 supuso un incremento del 50% con respecto al a\u00f1o anterior.<\/p>\n<p class=\"\">A partir de las cifras del a\u00f1o pasado, los cinco pa\u00edses cuyos ciudadanos recibieron el mayor n\u00famero de visados de no inmigrante eran M\u00e9xico, la India, Brasil, Colombia y China. Dos de ellos \u2014la India y China\u2014no aceptan deportaciones de Estados Unidos.<\/p>\n","protected":false},"excerpt":{"rendered":"<p>&nbsp; &nbsp; &#8211; El presidente electo no ha concretado c\u00f3mo forzar\u00e1 a otros pa\u00edses a recibir sus ciudadanos de vuelta, pero tiene a su disposici\u00f3n&hellip;<\/p>\n","protected":false},"author":99,"featured_media":525535,"comment_status":"open","ping_status":"open","sticky":false,"template":"","format":"standard","meta":{"footnotes":""},"categories":[24],"tags":[],"class_list":["post-525534","post","type-post","status-publish","format-standard","has-post-thumbnail","hentry","category-mundo"],"_links":{"self":[{"href":"https:\/\/diarioelpopular.com\/index.php\/wp-json\/wp\/v2\/posts\/525534","targetHints":{"allow":["GET"]}}],"collection":[{"href":"https:\/\/diarioelpopular.com\/index.php\/wp-json\/wp\/v2\/posts"}],"about":[{"href":"https:\/\/diarioelpopular.com\/index.php\/wp-json\/wp\/v2\/types\/post"}],"author":[{"embeddable":true,"href":"https:\/\/diarioelpopular.com\/index.php\/wp-json\/wp\/v2\/users\/99"}],"replies":[{"embeddable":true,"href":"https:\/\/diarioelpopular.com\/index.php\/wp-json\/wp\/v2\/comments?post=525534"}],"version-history":[{"count":1,"href":"https:\/\/diarioelpopular.com\/index.php\/wp-json\/wp\/v2\/posts\/525534\/revisions"}],"predecessor-version":[{"id":525536,"href":"https:\/\/diarioelpopular.com\/index.php\/wp-json\/wp\/v2\/posts\/525534\/revisions\/525536"}],"wp:featuredmedia":[{"embeddable":true,"href":"https:\/\/diarioelpopular.com\/index.php\/wp-json\/wp\/v2\/media\/525535"}],"wp:attachment":[{"href":"https:\/\/diarioelpopular.com\/index.php\/wp-json\/wp\/v2\/media?parent=525534"}],"wp:term":[{"taxonomy":"category","embeddable":true,"href":"https:\/\/diarioelpopular.com\/index.php\/wp-json\/wp\/v2\/categories?post=525534"},{"taxonomy":"post_tag","embeddable":true,"href":"https:\/\/diarioelpopular.com\/index.php\/wp-json\/wp\/v2\/tags?post=525534"}],"curies":[{"name":"wp","href":"https:\/\/api.w.org\/{rel}","templated":true}]}}