{"id":525538,"date":"2024-11-29T10:54:48","date_gmt":"2024-11-29T14:54:48","guid":{"rendered":"https:\/\/diarioelpopular.com\/?p=525538"},"modified":"2024-11-29T10:54:48","modified_gmt":"2024-11-29T14:54:48","slug":"argentina-javier-milei-mi-desprecio-por-el-estado-es-infinito","status":"publish","type":"post","link":"https:\/\/diarioelpopular.com\/index.php\/2024\/11\/29\/argentina-javier-milei-mi-desprecio-por-el-estado-es-infinito\/","title":{"rendered":"Argentina: Javier Milei: \u201cMi desprecio por el Estado es infinito\u201d"},"content":{"rendered":"<div id=\"attachment_525539\" style=\"width: 1210px\" class=\"wp-caption alignnone\"><img loading=\"lazy\" decoding=\"async\" aria-describedby=\"caption-attachment-525539\" class=\"wp-image-525539 size-custom-big-size\" src=\"https:\/\/diarioelpopular.com\/wp-content\/uploads\/2024\/11\/Screen-Shot-2024-11-29-at-9.53.59-AM-1200x815.png\" alt=\"\" width=\"1200\" height=\"815\" srcset=\"https:\/\/diarioelpopular.com\/wp-content\/uploads\/2024\/11\/Screen-Shot-2024-11-29-at-9.53.59-AM-1200x815.png 1200w, https:\/\/diarioelpopular.com\/wp-content\/uploads\/2024\/11\/Screen-Shot-2024-11-29-at-9.53.59-AM-300x204.png 300w, https:\/\/diarioelpopular.com\/wp-content\/uploads\/2024\/11\/Screen-Shot-2024-11-29-at-9.53.59-AM-768x522.png 768w, https:\/\/diarioelpopular.com\/wp-content\/uploads\/2024\/11\/Screen-Shot-2024-11-29-at-9.53.59-AM-636x432.png 636w, https:\/\/diarioelpopular.com\/wp-content\/uploads\/2024\/11\/Screen-Shot-2024-11-29-at-9.53.59-AM-80x55.png 80w, https:\/\/diarioelpopular.com\/wp-content\/uploads\/2024\/11\/Screen-Shot-2024-11-29-at-9.53.59-AM-107x73.png 107w, https:\/\/diarioelpopular.com\/wp-content\/uploads\/2024\/11\/Screen-Shot-2024-11-29-at-9.53.59-AM.png 1024w\" sizes=\"auto, (max-width: 1200px) 100vw, 1200px\" \/><p id=\"caption-attachment-525539\" class=\"wp-caption-text\">Javier Milei durante una conferencia de prensa en Buenos Aires. Cristina Sille (Getty Images)<\/p><\/div>\n<p>&nbsp;<\/p>\n<p>&nbsp;<\/p>\n<h4 class=\"a_st\"><em>&#8211; El presidente de Argentina asegura en una entrevista con \u2018The Economist\u2019 que ya no tiene \u201cenemigos\u201d sino \u201crivales\u201d<\/em><\/h4>\n<p>&nbsp;<\/p>\n<p class=\"\">Javier Milei tiene un \u201cdesprecio infinito\u201d por el Estado. As\u00ed lo asegur\u00f3 en\u00a0<a href=\"https:\/\/www.economist.com\/the-americas\/2024\/11\/28\/javier-milei-free-market-revolutionary\" target=\"_blank\" rel=\"noopener\" data-link-track-dtm=\"\" data-mrf-link=\"https:\/\/www.economist.com\/the-americas\/2024\/11\/28\/javier-milei-free-market-revolutionary\">una entrevista que concedi\u00f3 a\u00a0<i>The Economist<\/i>,\u00a0<\/a>que la lleva en su portada. La publicaci\u00f3n brit\u00e1nica lo define como \u201cun topo\u201d que ha llegado para destruir al Estado desde dentro, como el propio Milei dijo en declaraciones anteriores.\u00a0<a href=\"https:\/\/elpais.com\/podcasts\/2023-11-03\/podcast-sin-control-el-universo-de-javier-milei.html\" data-link-track-dtm=\"\" data-mrf-link=\"https:\/\/elpais.com\/podcasts\/2023-11-03\/podcast-sin-control-el-universo-de-javier-milei.html\">Milei piensa que cualquier restricci\u00f3n a la libre empresa es el camino m\u00e1s r\u00e1pido \u201chacia el socialismo\u201d<\/a>, lo mismo que la econom\u00eda neocl\u00e1sica que gu\u00eda las pol\u00edticas de la mayor parte de los pa\u00edses. \u201cTodo lo que pueda hacer para eliminar las interferencias del Estado, lo voy a hacer\u201d, dijo el presidente argentino.<\/p>\n<p class=\"\">A Milei le gusta presentarse como el \u201cgran desregulador\u201d.\u00a0<a href=\"https:\/\/elpais.com\/argentina\/2024-07-05\/javier-milei-crea-un-ministerio-de-desregulacion-y-transformacion-del-estado-argentino.html\" data-link-track-dtm=\"\" data-mrf-link=\"https:\/\/elpais.com\/argentina\/2024-07-05\/javier-milei-crea-un-ministerio-de-desregulacion-y-transformacion-del-estado-argentino.html\">Ha creado un ministerio especialmente para ello,\u00a0<\/a>que puso en manos de un expresidente del Banco Central, Federico Sturzenegger.\u00a0<i>The Economist<\/i>\u00a0dice que la eliminaci\u00f3n de miles de normas que considera innecesarias\u00a0<a href=\"https:\/\/www.economist.com\/leaders\/2024\/11\/28\/javier-milei-my-contempt-for-the-state-is-infinite\" target=\"_blank\" rel=\"noopener\" data-link-track-dtm=\"\" data-mrf-link=\"https:\/\/www.economist.com\/leaders\/2024\/11\/28\/javier-milei-my-contempt-for-the-state-is-infinite\">deber\u00edan ser un buen ejemplo para Estados Unidos y el nuevo Gobierno de Donald Trump<\/a>, de quien Milei se declara admirador. \u201cTodos los d\u00edas desregulamos y todav\u00eda tenemos 3.200 reformas estructurales pendientes\u201d, afirm\u00f3 Milei en la entrevista. El argentino asegura que Elon Musk, a quien conoci\u00f3 recientemente en Mar-a-Lago, est\u00e1 dispuesto a seguir su ejemplo como parte del futuro gobierno republicano.<\/p>\n<p class=\"\">Las dificultades del ultraderechista para aprobar leyes a trav\u00e9s del Congreso lo han obligado a negociar con aquellos que considera parte de \u201cla casta\u201d, pol\u00edticos que no acompa\u00f1an sus ideas y que a menudo son calificados por el presidente como \u201cratas\u201d o \u201czurdos de mierda\u201d.<\/p>\n<p class=\"\">Milei admite que, pese a su estilo explosivo, ha \u201caprendido mucho sobre c\u00f3mo hacer pol\u00edtica\u201d. Como parte de este aprendizaje, autoriz\u00f3 a su jefe de Gabinete, Guillermo Francos, a negociar con los diputados y senadores de la oposici\u00f3n para aprobar\u00a0<a href=\"https:\/\/elpais.com\/america-futura\/2024-08-21\/el-nuevo-regimen-de-inversiones-argentino-mantiene-en-vilo-a-los-ambientalistas.html\" data-link-track-dtm=\"\" data-mrf-link=\"https:\/\/elpais.com\/america-futura\/2024-08-21\/el-nuevo-regimen-de-inversiones-argentino-mantiene-en-vilo-a-los-ambientalistas.html\">una ley de incentivos a la inversi\u00f3n.\u00a0<\/a>Milei dice ahora a\u00a0<i>The Economist\u00a0<\/i>que ya no tiene enemigos en la pol\u00edtica argentina, sino rivales que \u201cno quieren expl\u00edcitamente que al pa\u00eds le vaya mal\u201d.<\/p>\n<p class=\"\"><i>The Economist\u00a0<\/i>considera que estos giros son puro pragmatismo pol\u00edtico. Y pone como ejemplo el cambio de actitud de Milei hacia China. Durante la campa\u00f1a en 2023, el argentino dijo que no estaba dispuesto a \u201ccomerciar con asesinos\u201d. Ahora, China es \u201cun socio fabuloso\u201d, que \u201cno pregunta nada. Solo quiere comerciar con calma\u201d, dijo Milei en la entrevista. Lo mismo con el presidente de Brasil, Luiz In\u00e1cio Lula da Silva, a quien\u00a0<a href=\"https:\/\/elpais.com\/argentina\/2024-06-26\/lula-milei-tiene-que-disculparse-con-brasil-y-conmigo-porque-ha-dicho-muchas-tonterias.html\" data-link-track-dtm=\"\" data-mrf-link=\"https:\/\/elpais.com\/argentina\/2024-06-26\/lula-milei-tiene-que-disculparse-con-brasil-y-conmigo-porque-ha-dicho-muchas-tonterias.html\">Milei llam\u00f3 repetidas veces \u201cun comunista corrupto\u201d.\u00a0<\/a>\u201cNo voy a ser amigo de Lula, pero tengo una responsabilidad institucional\u201d, dijo ahora.<\/p>\n<p class=\"\">La publicaci\u00f3n no ahorra elogios hacia la pol\u00edtica de ajuste de Milei y su decisi\u00f3n para achicar el Estado. Sin embargo, advierte que su \u201cfanatismo\u201d puede distraerlo del objetivo final, que es resolver la situaci\u00f3n econ\u00f3mica. Consultado sobre el miedo a que avance sobre el sistema de pesos y contrapesos de la democracia en Argentina, Milei respondi\u00f3 que no se desv\u00eda \u201cni un mil\u00edmetro de las reglas acordadas en la Constituci\u00f3n\u201d. Uno de los proyectos que m\u00e1s se le cuestiona al ultraderechista es su amenaza de\u00a0<a href=\"https:\/\/elpais.com\/argentina\/2024-08-22\/milei-tensiona-a-su-gobierno-y-sus-alianzas-para-nombrar-a-un-juez-en-la-corte-suprema.html\" data-link-track-dtm=\"\" data-mrf-link=\"https:\/\/elpais.com\/argentina\/2024-08-22\/milei-tensiona-a-su-gobierno-y-sus-alianzas-para-nombrar-a-un-juez-en-la-corte-suprema.html\">nombrar a dos nuevos miembros de la Corte Suprema por decreto,<\/a>\u00a0uno de ellos acusado de manipular casos para beneficiar a pol\u00edticos y empresarios amigos.<\/p>\n<p class=\"\"><i>The Economist\u00a0<\/i>critica que Milei est\u00e1 \u201ccada vez m\u00e1s involucrado en guerras culturales, al igual que sus aliados en el extranjero. Denuncia la \u2018ideolog\u00eda transg\u00e9nero\u2019, el aborto y el cambio clim\u00e1tico, que niega que sea causado por el hombre\u201d. \u201dPero como la econom\u00eda argentina sigue en equilibrio sobre el filo de la navaja, cualquier distracci\u00f3n es un peligro\u201d, advierte la publicaci\u00f3n.<\/p>\n","protected":false},"excerpt":{"rendered":"<p>&nbsp; &nbsp; &#8211; El presidente de Argentina asegura en una entrevista con \u2018The Economist\u2019 que ya no tiene \u201cenemigos\u201d sino \u201crivales\u201d &nbsp; Javier Milei tiene&hellip;<\/p>\n","protected":false},"author":99,"featured_media":525539,"comment_status":"open","ping_status":"open","sticky":false,"template":"","format":"standard","meta":{"footnotes":""},"categories":[23],"tags":[],"class_list":["post-525538","post","type-post","status-publish","format-standard","has-post-thumbnail","hentry","category-latinoamerica"],"_links":{"self":[{"href":"https:\/\/diarioelpopular.com\/index.php\/wp-json\/wp\/v2\/posts\/525538","targetHints":{"allow":["GET"]}}],"collection":[{"href":"https:\/\/diarioelpopular.com\/index.php\/wp-json\/wp\/v2\/posts"}],"about":[{"href":"https:\/\/diarioelpopular.com\/index.php\/wp-json\/wp\/v2\/types\/post"}],"author":[{"embeddable":true,"href":"https:\/\/diarioelpopular.com\/index.php\/wp-json\/wp\/v2\/users\/99"}],"replies":[{"embeddable":true,"href":"https:\/\/diarioelpopular.com\/index.php\/wp-json\/wp\/v2\/comments?post=525538"}],"version-history":[{"count":1,"href":"https:\/\/diarioelpopular.com\/index.php\/wp-json\/wp\/v2\/posts\/525538\/revisions"}],"predecessor-version":[{"id":525540,"href":"https:\/\/diarioelpopular.com\/index.php\/wp-json\/wp\/v2\/posts\/525538\/revisions\/525540"}],"wp:featuredmedia":[{"embeddable":true,"href":"https:\/\/diarioelpopular.com\/index.php\/wp-json\/wp\/v2\/media\/525539"}],"wp:attachment":[{"href":"https:\/\/diarioelpopular.com\/index.php\/wp-json\/wp\/v2\/media?parent=525538"}],"wp:term":[{"taxonomy":"category","embeddable":true,"href":"https:\/\/diarioelpopular.com\/index.php\/wp-json\/wp\/v2\/categories?post=525538"},{"taxonomy":"post_tag","embeddable":true,"href":"https:\/\/diarioelpopular.com\/index.php\/wp-json\/wp\/v2\/tags?post=525538"}],"curies":[{"name":"wp","href":"https:\/\/api.w.org\/{rel}","templated":true}]}}