{"id":525544,"date":"2024-11-29T11:20:26","date_gmt":"2024-11-29T15:20:26","guid":{"rendered":"https:\/\/diarioelpopular.com\/?p=525544"},"modified":"2024-11-29T11:20:26","modified_gmt":"2024-11-29T15:20:26","slug":"vivo-en-estrato-6-pero-debo-millones-en-facturas-la-pobreza-oculta-de-los-colombianos-que-viven-en-estratos-altos-pero-no-llegan-a-fin-de-mes","status":"publish","type":"post","link":"https:\/\/diarioelpopular.com\/index.php\/2024\/11\/29\/vivo-en-estrato-6-pero-debo-millones-en-facturas-la-pobreza-oculta-de-los-colombianos-que-viven-en-estratos-altos-pero-no-llegan-a-fin-de-mes\/","title":{"rendered":"&#8220;Vivo en estrato 6 pero debo millones en facturas&#8221;: la pobreza oculta de los colombianos que viven en estratos altos pero no llegan a fin de mes"},"content":{"rendered":"<div id=\"attachment_525545\" style=\"width: 646px\" class=\"wp-caption alignnone\"><img loading=\"lazy\" decoding=\"async\" aria-describedby=\"caption-attachment-525545\" class=\"wp-image-525545 size-custom-full-size\" src=\"https:\/\/diarioelpopular.com\/wp-content\/uploads\/2024\/11\/Screen-Shot-2024-11-29-at-10.19.44-AM-636x335.png\" alt=\"\" width=\"636\" height=\"335\" srcset=\"https:\/\/diarioelpopular.com\/wp-content\/uploads\/2024\/11\/Screen-Shot-2024-11-29-at-10.19.44-AM-636x335.png 636w, https:\/\/diarioelpopular.com\/wp-content\/uploads\/2024\/11\/Screen-Shot-2024-11-29-at-10.19.44-AM-300x158.png 300w, https:\/\/diarioelpopular.com\/wp-content\/uploads\/2024\/11\/Screen-Shot-2024-11-29-at-10.19.44-AM-768x404.png 768w, https:\/\/diarioelpopular.com\/wp-content\/uploads\/2024\/11\/Screen-Shot-2024-11-29-at-10.19.44-AM-139x73.png 139w, https:\/\/diarioelpopular.com\/wp-content\/uploads\/2024\/11\/Screen-Shot-2024-11-29-at-10.19.44-AM.png 1024w\" sizes=\"auto, (max-width: 636px) 100vw, 636px\" \/><p id=\"caption-attachment-525545\" class=\"wp-caption-text\">Nerfhi Rojas vive en uno de los mejores barrios de Bogot\u00e1, en un edificio con portero y todas las comodidades, pero apenas tiene suficiente para alimentarse.<\/p><\/div>\n<p>&nbsp;<\/p>\n<p>&nbsp;<\/p>\n<div class=\"bbc-19j92fr ebmt73l0\" dir=\"ltr\">\n<ul>\n<li class=\"bbc-hhl7in e17g058b0\" dir=\"ltr\"><em><b>Marta Munar vive en uno de los barrios m\u00e1s exclusivos de la localidad de Usaqu\u00e9n, en el norte de Bogot\u00e1, pero a veces tiene que elegir entre comer ella o su mascota.<\/b><\/em><\/li>\n<\/ul>\n<\/div>\n<div class=\"bbc-19j92fr ebmt73l0\" dir=\"ltr\">\n<p dir=\"ltr\">\n<p dir=\"ltr\">\n<p class=\"bbc-hhl7in e17g058b0\" dir=\"ltr\">Reside en un edificio de clase alta, pero se endeuda para pagar facturas.<\/p>\n<\/div>\n<div class=\"bbc-19j92fr ebmt73l0\" dir=\"ltr\">\n<p class=\"bbc-hhl7in e17g058b0\" dir=\"ltr\">Desde fuera se le supondr\u00eda acomodada, pero vive en precariedad.<\/p>\n<\/div>\n<div class=\"bbc-19j92fr ebmt73l0\" dir=\"ltr\">\n<p class=\"bbc-hhl7in e17g058b0\" dir=\"ltr\">Munar representa a un fen\u00f3meno relativamente reciente que diagnostican autoridades en Colombia y que consideran subestimado: personas que apenas tienen para comer o que se endeudan para pagar servicios p\u00fablicos, pero cuya situaci\u00f3n es dif\u00edcil de detectar porque viven en algunas de las mejores propiedades del pa\u00eds.<\/p>\n<\/div>\n<div class=\"bbc-19j92fr ebmt73l0\" dir=\"ltr\">\n<p class=\"bbc-hhl7in e17g058b0\" dir=\"ltr\">O puesto de forma oficial seg\u00fan un informe de 2021 de la alcald\u00eda de Chapinero, una de las localidades donde se ubican algunas de las zonas m\u00e1s ricas de Bogot\u00e1: &#8220;Personas que poseen bienes pero que no poseen ingresos para suplir sus necesidades diarias, se encuentran desempleadas o su participaci\u00f3n social es baja&#8221;.<\/p>\n<\/div>\n<div class=\"bbc-19j92fr ebmt73l0\" dir=\"ltr\">\n<p class=\"bbc-hhl7in e17g058b0\" dir=\"ltr\">Lo llaman\u00a0<b>&#8220;pobreza oculta o vergonzante&#8221;<\/b>\u00a0porque muchos, adem\u00e1s, niegan reconocer sus necesidades, para aparentar.<\/p>\n<\/div>\n<div class=\"bbc-19j92fr ebmt73l0\" dir=\"ltr\">\n<p class=\"bbc-hhl7in e17g058b0\" dir=\"ltr\">&#8220;Tras vivir buena situaci\u00f3n econ\u00f3mica en el pasado, les averg\u00fcenza admitir que necesitan un subsidio para sobrevivir&#8221;, cuenta Cindy Ovalle, quien trabaja en un comedor comunitario en Chapinero, donde se detectan m\u00faltiples casos de pobreza oculta en los \u00faltimos a\u00f1os.<\/p>\n<p dir=\"ltr\">\n<\/div>\n<figure class=\"bbc-1qn0xuy\">\n<div class=\"bbc-18ywsw9\">\n<div style=\"width: 2832px\" class=\"wp-caption alignnone\"><img loading=\"lazy\" decoding=\"async\" class=\"bbc-139onq\" src=\"https:\/\/ichef.bbci.co.uk\/ace\/ws\/640\/cpsprodpb\/ab16\/live\/bc38ee40-a68a-11ef-a7d4-bda81177eade.jpg.webp\" alt=\"Marta Munar, frente a la porter\u00eda de su edificio de estrato seis en el norte de Bogot\u00e1.\" width=\"2822\" height=\"1587\" \/><p class=\"wp-caption-text\">Fuente de la imagen,Jos\u00e9 Carlos Cueto.\u00a0\u00a0Marta Munar, frente a la porter\u00eda de su edificio en el norte de Bogot\u00e1.<\/p><\/div>\n<p class=\"bbc-by8ykd\" role=\"text\">\n<\/div>\n<\/figure>\n<div class=\"bbc-19j92fr ebmt73l0\" dir=\"ltr\">\n<h2 id=\"Nociones-err\u00f3neas\" class=\"bbc-1lgzob2 eglt09e0\" tabindex=\"-1\">Nociones err\u00f3neas<\/h2>\n<\/div>\n<div class=\"bbc-19j92fr ebmt73l0\" dir=\"ltr\">\n<p class=\"bbc-hhl7in e17g058b0\" dir=\"ltr\">Los estratos son una jerarquizaci\u00f3n institucional del nivel socioecon\u00f3mico de los colombianos vigente desde los a\u00f1os 80.<\/p>\n<\/div>\n<div class=\"bbc-19j92fr ebmt73l0\" dir=\"ltr\">\n<p class=\"bbc-hhl7in e17g058b0\" dir=\"ltr\">El Estado dividi\u00f3 a la sociedad colombiana en seis franjas para que los m\u00e1s ricos \u20145 y 6\u2014 pagaran por los servicios de los m\u00e1s pobres \u20141, 2 y 3\u2014.<\/p>\n<\/div>\n<div class=\"bbc-19j92fr ebmt73l0\" dir=\"ltr\">\n<p class=\"bbc-hhl7in e17g058b0\" dir=\"ltr\">El estrato 4 ser\u00eda el punto medio, que ni da ni recibe.<\/p>\n<\/div>\n<div class=\"bbc-19j92fr ebmt73l0\" dir=\"ltr\">\n<p class=\"bbc-hhl7in e17g058b0\" dir=\"ltr\">El sistema\u00a0fue concebido para aumentar la solidaridad en la distribuci\u00f3n de riqueza, pero sus cr\u00edticos dicen que\u00a0profundiz\u00f3 el clasismo y la desigualdad.<\/p>\n<p dir=\"ltr\">\n<\/div>\n<figure class=\"bbc-1qn0xuy\">\n<div class=\"bbc-18ywsw9\">\n<div style=\"width: 2832px\" class=\"wp-caption alignnone\"><img loading=\"lazy\" decoding=\"async\" class=\"bbc-139onq\" src=\"https:\/\/ichef.bbci.co.uk\/ace\/ws\/640\/cpsprodpb\/314a\/live\/45211970-a6a0-11ef-bdf5-b7cb2fa86e10.jpg.webp\" alt=\"Casa de estrato seis en Usaqu\u00e9n, al norte de Bogot\u00e1.\" width=\"2822\" height=\"2116\" \/><p class=\"wp-caption-text\">Fuente de la imagen,Jos\u00e9 Carlos Cueto.\u00a0\u00a0Detr\u00e1s de afortunadas propiedades como esta, con estacionamiento, patio y amplias habitaciones pueden vivir personas con carencias b\u00e1sicas.<\/p><\/div>\n<\/div>\n<\/figure>\n<div class=\"bbc-19j92fr ebmt73l0\" dir=\"ltr\">\n<p dir=\"ltr\">\n<p dir=\"ltr\">\n<p class=\"bbc-hhl7in e17g058b0\" dir=\"ltr\">Hoy es com\u00fan escuchar a algunos colombianos hablar de &#8220;personas de estratos altos y bajos&#8221; para referirse a &#8220;ricos y pobres&#8221;.<\/p>\n<\/div>\n<div class=\"bbc-19j92fr ebmt73l0\" dir=\"ltr\">\n<p class=\"bbc-hhl7in e17g058b0\" dir=\"ltr\">Pero el estrato no se define por la capacidad adquisitiva de una persona o el barrio donde vive, sino por la fachada del edificio, los materiales con que est\u00e1 construido y el estado de la calle de enfrente.<\/p>\n<\/div>\n<div class=\"bbc-19j92fr ebmt73l0\" dir=\"ltr\">\n<p class=\"bbc-hhl7in e17g058b0\" dir=\"ltr\">A\u00fan as\u00ed, este sistema computa para otorgar cr\u00e9ditos bancarios, acceder a becas educativas o calificar la competitividad de una persona para un trabajo.<\/p>\n<\/div>\n<div class=\"bbc-19j92fr ebmt73l0\" dir=\"ltr\">\n<p class=\"bbc-hhl7in e17g058b0\" dir=\"ltr\">Y esto alimenta el estereotipo de que todo aquel que vive en estrato 5 o 6 es rico y en 1 y 2 es pobre.<\/p>\n<\/div>\n<div class=\"bbc-19j92fr ebmt73l0\" dir=\"ltr\">\n<p class=\"bbc-hhl7in e17g058b0\" dir=\"ltr\">Los &#8220;pobres ocultos&#8221; exponen varias lagunas del sistema.<\/p>\n<\/div>\n<div class=\"bbc-19j92fr ebmt73l0\" dir=\"ltr\">\n<p class=\"bbc-hhl7in e17g058b0\" dir=\"ltr\">&#8220;Como que personas de clase media vivan en estratos m\u00e1s altos o bajos de lo que les podr\u00eda suponer y, por tanto, distorsionan el entendimiento y soluci\u00f3n de este problema por parte de las autoridades&#8221;, explica Bibiana Pineda, estudiante de doctorado en ciencias humanas y sociales de la Universidad Nacional.<\/p>\n<\/div>\n<div class=\"bbc-19j92fr ebmt73l0\" dir=\"ltr\">\n<p class=\"bbc-hhl7in e17g058b0\" dir=\"ltr\">&#8220;El estrato ya no captura como antes la realidad socioecon\u00f3mica de los hogares. Hay incluso personas con ingresos altos viviendo en estrato 2&#8221;, a\u00f1ade.<\/p>\n<\/div>\n<div class=\"bbc-19j92fr ebmt73l0\" dir=\"ltr\">\n<h2 id=\"No-me-perdonan-vivir-en-estrato-6\" class=\"bbc-1lgzob2 eglt09e0\" tabindex=\"-1\">&#8220;No me perdonan vivir en estrato 6&#8221;<\/h2>\n<\/div>\n<div class=\"bbc-19j92fr ebmt73l0\" dir=\"ltr\">\n<p class=\"bbc-hhl7in e17g058b0\" dir=\"ltr\">Entrada en m\u00e1rmol, porter\u00eda elegante, guardia de seguridad. La impresi\u00f3n de abundancia en el edificio de Marta Munar se desvanece al cruzar la puerta de su apartamento.<\/p>\n<\/div>\n<div class=\"bbc-19j92fr ebmt73l0\" dir=\"ltr\">\n<p class=\"bbc-hhl7in e17g058b0\" dir=\"ltr\">&#8220;Dentro es un despelote. Cada vez que hay un sismo se deteriora m\u00e1s. Las baldosas de la cocina se cayeron la \u00faltima vez&#8221;, dice esta exabogada.<\/p>\n<\/div>\n<div class=\"bbc-19j92fr ebmt73l0\" dir=\"ltr\">\n<p class=\"bbc-hhl7in e17g058b0\" dir=\"ltr\">Munar vive en esta propiedad hace 14 a\u00f1os. La hered\u00f3 de su suegra y durante 10 a\u00f1os vivi\u00f3 all\u00ed con su exesposo e hijos.<\/p>\n<\/div>\n<div class=\"bbc-19j92fr ebmt73l0\" dir=\"ltr\">\n<p class=\"bbc-hhl7in e17g058b0\" dir=\"ltr\">Desde que se separ\u00f3 y el peso del hogar cay\u00f3 sobre ella su situaci\u00f3n es cada vez m\u00e1s precaria. Est\u00e1 jubilada, pero su pensi\u00f3n es m\u00ednima.<\/p>\n<p dir=\"ltr\">\n<\/div>\n<figure class=\"bbc-1qn0xuy\">\n<div class=\"bbc-18ywsw9\">\n<div style=\"width: 2832px\" class=\"wp-caption alignnone\"><img loading=\"lazy\" decoding=\"async\" class=\"bbc-139onq\" src=\"https:\/\/ichef.bbci.co.uk\/ace\/ws\/640\/cpsprodpb\/992b\/live\/8b129ba0-a6a2-11ef-986d-2b47b4ea3079.jpg.webp\" alt=\"Marta Munar caminando por su acomodado barrio en el norte de Bogot\u00e1.\" width=\"2822\" height=\"1587\" \/><p class=\"wp-caption-text\">Fuente de la imagen,Jos\u00e9 Carlos Cueto.\u00a0\u00a0Munar cuenta que ha sido estigmatizada por renunciar a mudarse a otra propiedad m\u00e1s barata.<\/p><\/div>\n<\/div>\n<\/figure>\n<div class=\"bbc-19j92fr ebmt73l0\" dir=\"ltr\">\n<p dir=\"ltr\">\n<p dir=\"ltr\">\n<p class=\"bbc-hhl7in e17g058b0\" dir=\"ltr\">&#8220;Debo f\u00e1cilmente unos 100 millones de pesos [m\u00e1s de US$22.000] en facturas de servicio p\u00fablico&#8221;, confiesa.<\/p>\n<\/div>\n<div class=\"bbc-19j92fr ebmt73l0\" dir=\"ltr\">\n<p class=\"bbc-hhl7in e17g058b0\" dir=\"ltr\">Al vivir en estrato 6, las\u00a0facturas de Munar est\u00e1n entre las m\u00e1s altas del pa\u00eds\u00a0aunque sus ingresos sean raqu\u00edticos.<\/p>\n<\/div>\n<div class=\"bbc-19j92fr ebmt73l0\" dir=\"ltr\">\n<p class=\"bbc-hhl7in e17g058b0\" dir=\"ltr\">No le apena reconocer su estatus: &#8220;Para m\u00ed esto no es pobreza oculta ni vergonzante. Ya todo el mundo lo sabe&#8221;.<\/p>\n<\/div>\n<div class=\"bbc-19j92fr ebmt73l0\" dir=\"ltr\">\n<p class=\"bbc-hhl7in e17g058b0\" dir=\"ltr\">Tampoco niega que le afectan los prejuicios.<\/p>\n<\/div>\n<div class=\"bbc-19j92fr ebmt73l0\" dir=\"ltr\">\n<p class=\"bbc-hhl7in e17g058b0\" dir=\"ltr\">&#8220;Por ello elegimos no vivir en otro barrio m\u00e1s lejano y barato y quisimos asentarnos aqu\u00ed.\u00a0La gente se pregunta por qu\u00e9 no vendo, pero yo quiero que mis hijos hereden esto. La herencia de esta propiedad tambi\u00e9n es compleja&#8221;, cuenta Munar.<\/p>\n<\/div>\n<div class=\"bbc-19j92fr ebmt73l0\" dir=\"ltr\">\n<p class=\"bbc-hhl7in e17g058b0\" dir=\"ltr\">Es dif\u00edcil, dice, sentirse estimagtizada en el edificio, sostener las miradas de vecinos que piensan que no debe vivir ah\u00ed.<\/p>\n<\/div>\n<div class=\"bbc-19j92fr ebmt73l0\" dir=\"ltr\">\n<p class=\"bbc-hhl7in e17g058b0\" dir=\"ltr\">&#8220;La gente es cruel. No perdonan que viva en estrato 6 pero que necesite dinero prestado&#8221;.<\/p>\n<\/div>\n<div class=\"bbc-19j92fr ebmt73l0\" dir=\"ltr\">\n<h2 id=\"Detecci\u00f3n-en-comedores\" class=\"bbc-1lgzob2 eglt09e0\" tabindex=\"-1\">Detecci\u00f3n en comedores<\/h2>\n<\/div>\n<div class=\"bbc-19j92fr ebmt73l0\" dir=\"ltr\">\n<p class=\"bbc-hhl7in e17g058b0\" dir=\"ltr\">&#8220;\u00bfQu\u00e9 hay hoy para comer?&#8221;, pregunta un se\u00f1or de apariencia pulcra en la entrada de un comedor comunitario en\u00a0Chapinero, localidad con gran concentraci\u00f3n de clase alta y media alta.<\/p>\n<\/div>\n<div class=\"bbc-19j92fr ebmt73l0\" dir=\"ltr\">\n<p class=\"bbc-hhl7in e17g058b0\" dir=\"ltr\">Los comedores comunitarios son lugares donde ver a &#8220;los pobres ocultos&#8221; en Bogot\u00e1.<\/p>\n<\/div>\n<div class=\"bbc-19j92fr ebmt73l0\" dir=\"ltr\">\n<p class=\"bbc-hhl7in e17g058b0\" dir=\"ltr\">Es una situaci\u00f3n que se agrav\u00f3 especialmente con\u00a0la pandemia, cuando muchas personas en situaci\u00f3n estable perdieron empleos, ingresos y apoyos que desnudaron sus carencias.<\/p>\n<\/div>\n<div class=\"bbc-19j92fr ebmt73l0\" dir=\"ltr\">\n<p class=\"bbc-hhl7in e17g058b0\" dir=\"ltr\">&#8220;Empezamos a ver que adultos mayores, bien arreglados, ven\u00edan a comer. Luego, al registrarlos, ve\u00edamos que muchos ven\u00edan de estratos 4, 5 y 6. Fue alarmante&#8221;, cuenta Ovalle, trabajadora de este comedor, mientras me muestra las instalaciones.<\/p>\n<\/div>\n<div class=\"bbc-19j92fr ebmt73l0\" dir=\"ltr\">\n<p class=\"bbc-hhl7in e17g058b0\" dir=\"ltr\">Sin los comedores comunitarios o el boca a boca, es complicado encontrar y atender a estos individuos.<\/p>\n<p dir=\"ltr\">\n<\/div>\n<figure class=\"bbc-1qn0xuy\">\n<div class=\"bbc-18ywsw9\">\n<div style=\"width: 2832px\" class=\"wp-caption alignnone\"><img loading=\"lazy\" decoding=\"async\" class=\"bbc-139onq\" src=\"https:\/\/ichef.bbci.co.uk\/ace\/ws\/640\/cpsprodpb\/ab95\/live\/7952d880-a6a2-11ef-986d-2b47b4ea3079.jpg.webp\" alt=\"Comedor comunitario en la localidad de Chapinero.\" width=\"2822\" height=\"1587\" \/><p class=\"wp-caption-text\">Fuente de la imagen,Jos\u00e9 Carlos Cueto.\u00a0\u00a0La alcald\u00eda de Chapinero tiene intenci\u00f3n de ampliar este comedor comunitario debido a la alta demanda.<\/p><\/div>\n<\/div>\n<\/figure>\n<div class=\"bbc-19j92fr ebmt73l0\" dir=\"ltr\">\n<p dir=\"ltr\">\n<p dir=\"ltr\">\n<p class=\"bbc-hhl7in e17g058b0\" dir=\"ltr\">&#8220;Al hecho de que a muchos les averg\u00fcenza admitir su situaci\u00f3n, se une que, para el sistema,\u00a0estas personas no clasifican como pobres y, por lo tanto, no pueden recibir subsidios por vulnerabilidad&#8221;, explica Mauricio Guti\u00e9rrez, subsecretario de Integraci\u00f3n Social de la alcald\u00eda de Chapinero.<\/p>\n<\/div>\n<div class=\"bbc-19j92fr ebmt73l0\" dir=\"ltr\">\n<p class=\"bbc-hhl7in e17g058b0\" dir=\"ltr\">Las localidades bogotanas donde m\u00e1s casos se detectan, adem\u00e1s de Chapinero, son\u00a0Teusaquillo, Barrios Unidos y Usaqu\u00e9n. Son localidades con altos precios por metro cuadrado, cuidadas avenidas y edificios de calidad superior a la media de la ciudad.<\/p>\n<\/div>\n<div class=\"bbc-19j92fr ebmt73l0\" dir=\"ltr\">\n<p class=\"bbc-hhl7in e17g058b0\" dir=\"ltr\">Dentro de muchas de estas propiedades pueden encontrarse decenas de individuos o familias que apenas cubren sus necesidades.<\/p>\n<\/div>\n<div class=\"bbc-19j92fr ebmt73l0\" dir=\"ltr\">\n<p class=\"bbc-hhl7in e17g058b0\" dir=\"ltr\">La problem\u00e1tica es tan reciente y compleja que todav\u00eda no hay cifras oficiales, pero trabajadores de la secretar\u00edas de integraci\u00f3n de Chapinero y Usaqu\u00e9n dicen que han trabajado con decenas de casos en cada localidad.<\/p>\n<\/div>\n<div class=\"bbc-19j92fr ebmt73l0\" dir=\"ltr\">\n<p class=\"bbc-hhl7in e17g058b0\" dir=\"ltr\">&#8220;Solo en Usaqu\u00e9n sospechamos que puede haber m\u00e1s de 800\u00a0y es un n\u00famero que se cree subestimado&#8221;, me cuenta Aura Parrado, involucrada en la detecci\u00f3n y exposici\u00f3n de casos.<\/p>\n<\/div>\n<div class=\"bbc-19j92fr ebmt73l0\" dir=\"ltr\">\n<p class=\"bbc-hhl7in e17g058b0\" dir=\"ltr\">&#8220;En otras ciudades como Barranquilla o Medell\u00edn tambi\u00e9n se ha reconocido el tema, pero la agenda se ha centrado m\u00e1s en Bogot\u00e1 por la mayor prevalencia de localidades con clase media&#8221;, contextualiza la investigadora Pineda.<\/p>\n<p dir=\"ltr\">\n<\/div>\n<figure class=\"bbc-1qn0xuy\">\n<div class=\"bbc-18ywsw9\">\n<div style=\"width: 2832px\" class=\"wp-caption alignnone\"><img loading=\"lazy\" decoding=\"async\" class=\"bbc-139onq\" src=\"https:\/\/ichef.bbci.co.uk\/ace\/ws\/640\/cpsprodpb\/8766\/live\/b7ba4c80-a6a1-11ef-986d-2b47b4ea3079.jpg.webp\" alt=\"Cindy Ovalle, trabajadora en un comedor comunitario en Chapinero.\" width=\"2822\" height=\"1587\" \/><p class=\"wp-caption-text\">Fuente de la imagen,Jos\u00e9 Carlos Cueto.\u00a0\u00a0Cindy Ovalle cuenta que hay casos de &#8220;pobres ocultos&#8221; que todav\u00eda pagan por almacenamiento de sus muebles y antig\u00fcedades porque aguardan la esperanza de volver a sus \u00e9pocas de solvencia econ\u00f3mica.<\/p><\/div>\n<\/div>\n<\/figure>\n<div class=\"bbc-19j92fr ebmt73l0\" dir=\"ltr\">\n<p dir=\"ltr\">\n<p dir=\"ltr\">\n<p class=\"bbc-hhl7in e17g058b0\" dir=\"ltr\">Los adultos mayores son un perfil muy repetido entre &#8220;los pobres ocultos&#8221;, pero Ovalle, en el comedor comunitario de Chapinero, describe otras situaciones.<\/p>\n<\/div>\n<div class=\"bbc-19j92fr ebmt73l0\" dir=\"ltr\">\n<p class=\"bbc-hhl7in e17g058b0\" dir=\"ltr\">&#8220;Quien hered\u00f3 una gran propiedad pero no cuenta con ingresos, quien perdi\u00f3 el trabajo y no ten\u00eda ahorros, quien depend\u00eda econ\u00f3micamente de su c\u00f3nyuge, quien tiene un hijo con discapacidad a su cargo y no puede trabajar&#8221;, cuenta.<\/p>\n<\/div>\n<div class=\"bbc-19j92fr ebmt73l0\" dir=\"ltr\">\n<p class=\"bbc-hhl7in e17g058b0\" dir=\"ltr\">Los adultos mayores en &#8220;pobreza oculta&#8221; que demuestren vulnerabilidad pueden conseguir una v\u00eda de apoyo: el subsidio para mayores de 70 a\u00f1os que otorgan las alcald\u00edas locales.<\/p>\n<\/div>\n<div class=\"bbc-19j92fr ebmt73l0\" dir=\"ltr\">\n<p class=\"bbc-hhl7in e17g058b0\" dir=\"ltr\">Muchos pasan a\u00f1os solicitando el bono. Otros, m\u00e1s j\u00f3venes, deben buscar soluciones. A veces extremas.<\/p>\n<\/div>\n<div class=\"bbc-19j92fr ebmt73l0\" dir=\"ltr\">\n<h2 id=\"Me-averg\u00fcenza-no-poder-sostenerme\" class=\"bbc-1lgzob2 eglt09e0\" tabindex=\"-1\">&#8220;Me averg\u00fcenza no poder sostenerme&#8221;<\/h2>\n<\/div>\n<div class=\"bbc-19j92fr ebmt73l0\" dir=\"ltr\">\n<p class=\"bbc-hhl7in e17g058b0\" dir=\"ltr\">Nerfhi Rojas, residente del barrio de clase media alta Cedritos en el norte de Bogot\u00e1, cumple con varios de los agravantes de los &#8220;pobres ocultos&#8221;.<\/p>\n<\/div>\n<div class=\"bbc-19j92fr ebmt73l0\" dir=\"ltr\">\n<p class=\"bbc-hhl7in e17g058b0\" dir=\"ltr\">&#8220;Ten\u00eda una vida muy buena con mi exesposo que se desmoron\u00f3 cuando terminamos. Yo depend\u00eda de \u00e9l. Ahora me toca todo sola, incluido cuidar a uno de mis hijos con discapacidad&#8221;, dice desde el sal\u00f3n de su casa.<\/p>\n<\/div>\n<div class=\"bbc-19j92fr ebmt73l0\" dir=\"ltr\">\n<p class=\"bbc-hhl7in e17g058b0\" dir=\"ltr\">Es un apartamento de estrato 4 donde vive arrendada tras vender su anterior propiedad de estrato 5.<\/p>\n<\/div>\n<div class=\"bbc-19j92fr ebmt73l0\" dir=\"ltr\">\n<p class=\"bbc-hhl7in e17g058b0\" dir=\"ltr\">Desde que cay\u00f3 en vulnerabilidad, Rojas no hace m\u00e1s que desprenderse de cosas: su antiguo departamento, sus muebles, sus otros hijos, a los que motiv\u00f3 migrar a Estados Unidos.<\/p>\n<\/div>\n<div class=\"bbc-19j92fr ebmt73l0\" dir=\"ltr\">\n<p class=\"bbc-hhl7in e17g058b0\" dir=\"ltr\">Ella misma tambi\u00e9n intent\u00f3 dar el salto.<\/p>\n<p dir=\"ltr\">\n<\/div>\n<figure class=\"bbc-1qn0xuy\">\n<div class=\"bbc-18ywsw9\">\n<div style=\"width: 2832px\" class=\"wp-caption alignnone\"><img loading=\"lazy\" decoding=\"async\" class=\"bbc-139onq\" src=\"https:\/\/ichef.bbci.co.uk\/ace\/ws\/640\/cpsprodpb\/2d59\/live\/39871990-a6a3-11ef-986d-2b47b4ea3079.jpg.webp\" alt=\"Fuente en la entrada del edificio de Nerfhi Rojas.\" width=\"2822\" height=\"1587\" \/><p class=\"wp-caption-text\">Fuente de la imagen,Jos\u00e9 Carlos Cueto.\u00a0\u00a0El edificio de Nerfhi Rojas tiene cuidadas zonas comunes y portero de seguridad, pero su apartamento luce desolado. Vendi\u00f3 muchos de sus muebles para sostenerse.<\/p><\/div>\n<p class=\"bbc-by8ykd\" role=\"text\">\n<\/div>\n<\/figure>\n<div class=\"bbc-19j92fr ebmt73l0\" dir=\"ltr\">\n<p dir=\"ltr\">\n<p class=\"bbc-hhl7in e17g058b0\" dir=\"ltr\">&#8220;Vend\u00ed todo para irme a EE.UU. Dej\u00e9 a mi hijo discapacitado con mi hermano. Pero en M\u00e9xico ca\u00ed en manos de personas dedicadas al tr\u00e1fico humano y tras 7 u 8 meses regres\u00e9 a Colombia&#8221;, confiesa.<\/p>\n<\/div>\n<div class=\"bbc-19j92fr ebmt73l0\" dir=\"ltr\">\n<p class=\"bbc-hhl7in e17g058b0\" dir=\"ltr\">Rojas ha contemplado irse a un barrio m\u00e1s barato o incluso a un pueblo peque\u00f1ito, pero reconoce que es m\u00e1s f\u00e1cil decir que hacer.<\/p>\n<\/div>\n<div class=\"bbc-19j92fr ebmt73l0\" dir=\"ltr\">\n<p class=\"bbc-hhl7in e17g058b0\" dir=\"ltr\">&#8220;En los pueblos apenas hay trabajo y aqu\u00ed, por lo menos, consigo algo haciendo arreglos de peluquer\u00eda a domicilio&#8221;.<\/p>\n<\/div>\n<div class=\"bbc-19j92fr ebmt73l0\" dir=\"ltr\">\n<p class=\"bbc-hhl7in e17g058b0\" dir=\"ltr\">A Rojas le ha costado abrirse para contar su historia. Todav\u00eda dice sentir verg\u00fcenza de no tener capacidad para sostenerse.<\/p>\n<\/div>\n<div class=\"bbc-19j92fr ebmt73l0\" dir=\"ltr\">\n<p class=\"bbc-hhl7in e17g058b0\" dir=\"ltr\">&#8220;Pero oye&#8221;, se libera, &#8220;uno tiene que agarrar con la verdad porque esta es la realidad. No hay que ocultar las cosas&#8221;.<\/p>\n<\/div>\n<div class=\"bbc-19j92fr ebmt73l0\" dir=\"ltr\">\n<h2 id=\"Pobres-pero-no-pobres\" class=\"bbc-1lgzob2 eglt09e0\" tabindex=\"-1\">&#8220;Pobres, pero no pobres&#8221;<\/h2>\n<\/div>\n<div class=\"bbc-19j92fr ebmt73l0\" dir=\"ltr\">\n<p class=\"bbc-hhl7in e17g058b0\" dir=\"ltr\">Ante la adversidad, varios de estos &#8220;pobres ocultos&#8221; se ponen manos a la obra para suplir sus necesidades.<\/p>\n<\/div>\n<div class=\"bbc-19j92fr ebmt73l0\" dir=\"ltr\">\n<p class=\"bbc-hhl7in e17g058b0\" dir=\"ltr\">Ana Cristancho, propietaria de una casa de estrato 6 en Usaqu\u00e9n, puso habitaciones en renta.<\/p>\n<\/div>\n<div class=\"bbc-19j92fr ebmt73l0\" dir=\"ltr\">\n<p class=\"bbc-hhl7in e17g058b0\" dir=\"ltr\">&#8220;Ahora mismo lo necesito porque debo hasta el agua de mi casa, pero alquilar tambi\u00e9n es dif\u00edcil. Me han pasado unas cosas con los inquilinos&#8230;&#8221;, cuenta.<\/p>\n<p dir=\"ltr\">\n<\/div>\n<figure class=\"bbc-1qn0xuy\">\n<div class=\"bbc-18ywsw9\">\n<div style=\"width: 2832px\" class=\"wp-caption alignnone\"><img loading=\"lazy\" decoding=\"async\" class=\"bbc-139onq\" src=\"https:\/\/ichef.bbci.co.uk\/ace\/ws\/640\/cpsprodpb\/5cff\/live\/b69394e0-a6a3-11ef-986d-2b47b4ea3079.jpg.webp\" alt=\"Ana Cristancho y Marta Munar.\" width=\"2822\" height=\"1587\" \/><p class=\"wp-caption-text\">Fuente de la imagen,Jos\u00e9 Carlos Cueto.\u00a0\u00a0Ana Cristancho y Marta Munar se encuentran entre contados testimonios que est\u00e1n dispuestos a contar su situaci\u00f3n de vulnerabilidad a pesar de las acomodadas propiedades donde viven.<\/p><\/div>\n<\/div>\n<\/figure>\n<div class=\"bbc-19j92fr ebmt73l0\" dir=\"ltr\">\n<p dir=\"ltr\">\n<p dir=\"ltr\">\n<p class=\"bbc-hhl7in e17g058b0\" dir=\"ltr\">Son de los pocos lamentos que pronuncia esta mujer, quien vivi\u00f3 17 a\u00f1os en Estados Unidos pero que ahora, de vuelta en Colombia, donde nunca cotiz\u00f3 (trabaj\u00f3), se enfrenta a un escenario incierto sin pensi\u00f3n al que elige mirar de frente y con buena cara.<\/p>\n<\/div>\n<div class=\"bbc-19j92fr ebmt73l0\" dir=\"ltr\">\n<p class=\"bbc-hhl7in e17g058b0\" dir=\"ltr\">&#8220;Econ\u00f3micamente flaqueo, pero agradezco tener vida y salud. Para m\u00ed es lo principal&#8221;, anota.<\/p>\n<\/div>\n<div class=\"bbc-19j92fr ebmt73l0\" dir=\"ltr\">\n<p class=\"bbc-hhl7in e17g058b0\" dir=\"ltr\">&#8220;S\u00ed, somos pobres pero no pobres. En mi estado no me gusta utilizar ese t\u00e9rmino&#8221;, a\u00f1ade.<\/p>\n<\/div>\n<div class=\"bbc-19j92fr ebmt73l0\" dir=\"ltr\">\n<p class=\"bbc-hhl7in e17g058b0\" dir=\"ltr\">Su actitud, abierta y franca, facilita que las autoridades entiendan un fen\u00f3meno para el que ahora mismo no existe un plan concreto y que expone complejidades y paradojas en el segundo pa\u00eds con mayor desigualdad de ingresos de Am\u00e9rica Latina.<\/p>\n<\/div>\n","protected":false},"excerpt":{"rendered":"<p>&nbsp; &nbsp; Marta Munar vive en uno de los barrios m\u00e1s exclusivos de la localidad de Usaqu\u00e9n, en el norte de Bogot\u00e1, pero a veces&hellip;<\/p>\n","protected":false},"author":99,"featured_media":525545,"comment_status":"open","ping_status":"open","sticky":false,"template":"","format":"standard","meta":{"footnotes":""},"categories":[23],"tags":[],"class_list":["post-525544","post","type-post","status-publish","format-standard","has-post-thumbnail","hentry","category-latinoamerica"],"_links":{"self":[{"href":"https:\/\/diarioelpopular.com\/index.php\/wp-json\/wp\/v2\/posts\/525544","targetHints":{"allow":["GET"]}}],"collection":[{"href":"https:\/\/diarioelpopular.com\/index.php\/wp-json\/wp\/v2\/posts"}],"about":[{"href":"https:\/\/diarioelpopular.com\/index.php\/wp-json\/wp\/v2\/types\/post"}],"author":[{"embeddable":true,"href":"https:\/\/diarioelpopular.com\/index.php\/wp-json\/wp\/v2\/users\/99"}],"replies":[{"embeddable":true,"href":"https:\/\/diarioelpopular.com\/index.php\/wp-json\/wp\/v2\/comments?post=525544"}],"version-history":[{"count":1,"href":"https:\/\/diarioelpopular.com\/index.php\/wp-json\/wp\/v2\/posts\/525544\/revisions"}],"predecessor-version":[{"id":525546,"href":"https:\/\/diarioelpopular.com\/index.php\/wp-json\/wp\/v2\/posts\/525544\/revisions\/525546"}],"wp:featuredmedia":[{"embeddable":true,"href":"https:\/\/diarioelpopular.com\/index.php\/wp-json\/wp\/v2\/media\/525545"}],"wp:attachment":[{"href":"https:\/\/diarioelpopular.com\/index.php\/wp-json\/wp\/v2\/media?parent=525544"}],"wp:term":[{"taxonomy":"category","embeddable":true,"href":"https:\/\/diarioelpopular.com\/index.php\/wp-json\/wp\/v2\/categories?post=525544"},{"taxonomy":"post_tag","embeddable":true,"href":"https:\/\/diarioelpopular.com\/index.php\/wp-json\/wp\/v2\/tags?post=525544"}],"curies":[{"name":"wp","href":"https:\/\/api.w.org\/{rel}","templated":true}]}}