{"id":525568,"date":"2024-11-29T11:56:21","date_gmt":"2024-11-29T15:56:21","guid":{"rendered":"https:\/\/diarioelpopular.com\/?p=525568"},"modified":"2024-11-29T11:56:21","modified_gmt":"2024-11-29T15:56:21","slug":"mientras-australia-prohibe-las-redes-sociales-para-los-ninos-quebec-esta-prestando-mucha-atencion","status":"publish","type":"post","link":"https:\/\/diarioelpopular.com\/index.php\/2024\/11\/29\/mientras-australia-prohibe-las-redes-sociales-para-los-ninos-quebec-esta-prestando-mucha-atencion\/","title":{"rendered":"Mientras Australia proh\u00edbe las redes sociales para los ni\u00f1os, Quebec est\u00e1 prestando mucha atenci\u00f3n"},"content":{"rendered":"<div id=\"attachment_525569\" style=\"width: 646px\" class=\"wp-caption alignnone\"><img loading=\"lazy\" decoding=\"async\" aria-describedby=\"caption-attachment-525569\" class=\"wp-image-525569 size-custom-full-size\" src=\"https:\/\/diarioelpopular.com\/wp-content\/uploads\/2024\/11\/Screen-Shot-2024-11-29-at-10.55.35-AM-636x360.png\" alt=\"\" width=\"636\" height=\"360\" srcset=\"https:\/\/diarioelpopular.com\/wp-content\/uploads\/2024\/11\/Screen-Shot-2024-11-29-at-10.55.35-AM-636x360.png 636w, https:\/\/diarioelpopular.com\/wp-content\/uploads\/2024\/11\/Screen-Shot-2024-11-29-at-10.55.35-AM-300x170.png 300w, https:\/\/diarioelpopular.com\/wp-content\/uploads\/2024\/11\/Screen-Shot-2024-11-29-at-10.55.35-AM-768x435.png 768w, https:\/\/diarioelpopular.com\/wp-content\/uploads\/2024\/11\/Screen-Shot-2024-11-29-at-10.55.35-AM-129x73.png 129w, https:\/\/diarioelpopular.com\/wp-content\/uploads\/2024\/11\/Screen-Shot-2024-11-29-at-10.55.35-AM.png 858w\" sizes=\"auto, (max-width: 636px) 100vw, 636px\" \/><p id=\"caption-attachment-525569\" class=\"wp-caption-text\">Una adolescente usa su tel\u00e9fono para acceder a las redes sociales en Sydney el 8 de noviembre. THE CANADIAN PRESS\/AP- Rick Rycroft<\/p><\/div>\n<p>&nbsp;<\/p>\n<p>&nbsp;<\/p>\n<ul>\n<li><em><strong>Mientras Australia avanza para prohibir las redes sociales para los ni\u00f1os menores de 16 a\u00f1os, (ver nota en secci\u00f3n Mundo) Quebec est\u00e1 debatiendo si seguir su ejemplo.<\/strong><\/em><\/li>\n<\/ul>\n<p>&nbsp;<\/p>\n<p>&nbsp;<\/p>\n<p>El gobierno provincial decidi\u00f3 la primavera pasada estudiar la posibilidad de establecer una edad m\u00ednima para las cuentas en las redes sociales, tras un impulso del ala juvenil de la gobernante Coalition Avenir Qu\u00e9bec.<\/p>\n<p>Pero un comit\u00e9 que examina el tema ha estado escuchando opiniones encontradas sobre la idea, y algunos expertos sugieren que una prohibici\u00f3n ser\u00eda dif\u00edcil de aplicar y podr\u00eda hacer m\u00e1s da\u00f1o que bien.<\/p>\n<p>El Senado australiano aprob\u00f3 este jueves una prohibici\u00f3n de las redes sociales para los ni\u00f1os menores de 16 a\u00f1os, que se convertir\u00e1 en una ley pionera en el mundo. La prohibici\u00f3n podr\u00eda ser un modelo para otras jurisdicciones que busquen combatir los impactos en la salud mental del uso de las redes sociales entre los j\u00f3venes.<\/p>\n<p>La ley har\u00e1 que las plataformas como TikTok, Facebook, Snapchat, Reddit, X e Instagram sean pasibles de multas de hasta 45 millones de d\u00f3lares por no impedir que los ni\u00f1os menores de 16 a\u00f1os tengan cuentas.<\/p>\n<p>&#8220;Nos alegr\u00f3 ver que el gobierno australiano aprobara esta medida. \u201cNos dio esperanzas para lo que propusimos\u201d, dijo Aur\u00e9lie Diep, presidenta del ala juvenil del CAQ, en una entrevista. \u201cAs\u00ed que para nosotros, es una noticia muy positiva\u201d.<\/p>\n<p>El premier de Quebec, Fran\u00e7ois Legault, ridiculiz\u00f3 inicialmente la idea de una edad m\u00ednima para las redes sociales cuando fue propuesta por el opositor Parti Qu\u00e9b\u00e9cois en mayo. Pero cambi\u00f3 de opini\u00f3n despu\u00e9s de que Diep publicara una carta abierta pidiendo la prohibici\u00f3n de las cuentas de redes sociales para ni\u00f1os menores de 16 a\u00f1os.<\/p>\n<p>Poco despu\u00e9s, el gobierno opt\u00f3 por crear un comit\u00e9 especial para estudiar los efectos de las pantallas en los j\u00f3venes, incluida la posibilidad de una prohibici\u00f3n.<\/p>\n<p>Diep, de 22 a\u00f1os, dijo que comenz\u00f3 a usar las redes sociales alrededor de los 14 o 15 a\u00f1os, aunque algunos de sus amigos la alentaron a unirse antes mintiendo sobre su edad. Plataformas como Facebook, TikTok y Snapchat requieren que los usuarios tengan al menos 13 a\u00f1os. Dijo que los j\u00f3venes tienen problemas de concentraci\u00f3n y p\u00e9rdida de sue\u00f1o debido al tiempo que pasan en sus tel\u00e9fonos.<\/p>\n<p>\u201cPor la noche, antes de irme a la cama, me digo a m\u00ed misma: \u2018un \u00faltimo vistazo a Instagram y luego me voy a la cama\u2019\u201d, dijo. \u201cY luego puedo pasar una hora en ello\u201d.<\/p>\n<p>En mayo, La Presse inform\u00f3 los resultados de una encuesta que mostr\u00f3 que el 71 por ciento de los adultos encuestados en Quebec dijeron que apoyaban la prohibici\u00f3n de las redes sociales para los menores.<\/p>\n<p>El comit\u00e9 especial acaba de terminar una gira de dos semanas por 18 escuelas. Am\u00e9lie Dionne, miembro de la CAQ de la legislatura que preside el comit\u00e9, dijo que escucharon a muchos estudiantes que apoyaban la prohibici\u00f3n, pero muchos tambi\u00e9n dijeron que hab\u00edan mentido sobre su edad para crear cuentas en las redes sociales.<\/p>\n<p>\u201cHay una cierta paradoja all\u00ed\u201d, dijo. \u201cLa gran observaci\u00f3n que hicimos de esta gira es\u2026 que, de hecho, los j\u00f3venes quieren ser supervisados, quieren tener supervisi\u00f3n\u201d.<\/p>\n<p>Aun as\u00ed, el comit\u00e9 especial ha escuchado una variedad de opiniones desde que comenz\u00f3 a celebrar audiencias en el oto\u00f1o, y algunos expertos sugieren que una prohibici\u00f3n podr\u00eda aislar a\u00fan m\u00e1s a los ni\u00f1os vulnerables.<\/p>\n<p>\u201cNo creo que sea deseable\u2026 para los j\u00f3venes que van a buscar mucho apoyo social en las redes sociales, en las comunidades en l\u00ednea\u201d, dijo Emmanuelle Parent, cofundadora de una organizaci\u00f3n que promueve h\u00e1bitos saludables en l\u00ednea, al comit\u00e9 en septiembre. \u201cTampoco creo que vaya a resolver los problemas del acoso cibern\u00e9tico\u201d.<\/p>\n<p>Sara Eve Levac, abogada de Option consommateurs, una organizaci\u00f3n sin fines de lucro enfocada en los derechos del consumidor, dijo que existen preocupaciones sobre la privacidad en torno a la verificaci\u00f3n de la edad. \u201cActualmente no existe una soluci\u00f3n milagrosa para verificar la edad de un ni\u00f1o para acceder a las plataformas digitales\u201d, dijo al comit\u00e9.<\/p>\n<p>Diep dijo que hay formas de mejorar la verificaci\u00f3n de la edad, como hacer que los padres validen la edad de sus hijos cuando abren cuentas en las redes sociales.<\/p>\n<p>Dionne dijo que el comit\u00e9 analizar\u00e1 m\u00e1s de cerca despu\u00e9s de las vacaciones c\u00f3mo se podr\u00eda hacer cumplir una edad m\u00ednima. Se espera que el comit\u00e9 publique su informe a finales de mayo de 2025.<\/p>\n<p>La legislaci\u00f3n de Australia exige que las plataformas de redes sociales tomen medidas razonables para excluir a los usuarios menores de 16 a\u00f1os, pero no especifica cu\u00e1les son esas medidas. Las plataformas tendr\u00e1n un a\u00f1o para determinar c\u00f3mo pueden implementar la prohibici\u00f3n antes de que se apliquen sanciones. Una evaluaci\u00f3n encargada por el gobierno de las tecnolog\u00edas de garant\u00eda de edad informar\u00e1 a mediados de 2025 sobre c\u00f3mo se podr\u00eda excluir a los ni\u00f1os peque\u00f1os.<\/p>\n<p>Quebec prohibi\u00f3 los tel\u00e9fonos celulares en las aulas de las escuelas primarias y secundarias a partir de enero, pero a\u00fan se pueden usar entre clases. El ministro de Educaci\u00f3n, Bernard Drainville, ha dicho que el gobierno est\u00e1 interesado en una prohibici\u00f3n total del uso de tel\u00e9fonos celulares en las escuelas.<\/p>\n","protected":false},"excerpt":{"rendered":"<p>&nbsp; &nbsp; Mientras Australia avanza para prohibir las redes sociales para los ni\u00f1os menores de 16 a\u00f1os, (ver nota en secci\u00f3n Mundo) Quebec est\u00e1 debatiendo&hellip;<\/p>\n","protected":false},"author":99,"featured_media":525569,"comment_status":"open","ping_status":"open","sticky":false,"template":"","format":"standard","meta":{"footnotes":""},"categories":[21],"tags":[],"class_list":["post-525568","post","type-post","status-publish","format-standard","has-post-thumbnail","hentry","category-canada"],"_links":{"self":[{"href":"https:\/\/diarioelpopular.com\/index.php\/wp-json\/wp\/v2\/posts\/525568","targetHints":{"allow":["GET"]}}],"collection":[{"href":"https:\/\/diarioelpopular.com\/index.php\/wp-json\/wp\/v2\/posts"}],"about":[{"href":"https:\/\/diarioelpopular.com\/index.php\/wp-json\/wp\/v2\/types\/post"}],"author":[{"embeddable":true,"href":"https:\/\/diarioelpopular.com\/index.php\/wp-json\/wp\/v2\/users\/99"}],"replies":[{"embeddable":true,"href":"https:\/\/diarioelpopular.com\/index.php\/wp-json\/wp\/v2\/comments?post=525568"}],"version-history":[{"count":1,"href":"https:\/\/diarioelpopular.com\/index.php\/wp-json\/wp\/v2\/posts\/525568\/revisions"}],"predecessor-version":[{"id":525570,"href":"https:\/\/diarioelpopular.com\/index.php\/wp-json\/wp\/v2\/posts\/525568\/revisions\/525570"}],"wp:featuredmedia":[{"embeddable":true,"href":"https:\/\/diarioelpopular.com\/index.php\/wp-json\/wp\/v2\/media\/525569"}],"wp:attachment":[{"href":"https:\/\/diarioelpopular.com\/index.php\/wp-json\/wp\/v2\/media?parent=525568"}],"wp:term":[{"taxonomy":"category","embeddable":true,"href":"https:\/\/diarioelpopular.com\/index.php\/wp-json\/wp\/v2\/categories?post=525568"},{"taxonomy":"post_tag","embeddable":true,"href":"https:\/\/diarioelpopular.com\/index.php\/wp-json\/wp\/v2\/tags?post=525568"}],"curies":[{"name":"wp","href":"https:\/\/api.w.org\/{rel}","templated":true}]}}