{"id":525577,"date":"2024-11-29T12:28:50","date_gmt":"2024-11-29T16:28:50","guid":{"rendered":"https:\/\/diarioelpopular.com\/?p=525577"},"modified":"2024-11-29T12:28:50","modified_gmt":"2024-11-29T16:28:50","slug":"los-jovenes-arrojan-luz-sobre-los-derechos-humanos","status":"publish","type":"post","link":"https:\/\/diarioelpopular.com\/index.php\/2024\/11\/29\/los-jovenes-arrojan-luz-sobre-los-derechos-humanos\/","title":{"rendered":"Los j\u00f3venes arrojan luz sobre los derechos humanos"},"content":{"rendered":"<div id=\"attachment_525578\" style=\"width: 1210px\" class=\"wp-caption alignnone\"><img loading=\"lazy\" decoding=\"async\" aria-describedby=\"caption-attachment-525578\" class=\"wp-image-525578 size-custom-big-size\" src=\"https:\/\/diarioelpopular.com\/wp-content\/uploads\/2024\/11\/Human-Rights-Day-2024-Group-photo-with-OPP-Consultant-on-far-left-1200x762.jpg\" alt=\"\" width=\"1200\" height=\"762\" srcset=\"https:\/\/diarioelpopular.com\/wp-content\/uploads\/2024\/11\/Human-Rights-Day-2024-Group-photo-with-OPP-Consultant-on-far-left-1200x762.jpg 1200w, https:\/\/diarioelpopular.com\/wp-content\/uploads\/2024\/11\/Human-Rights-Day-2024-Group-photo-with-OPP-Consultant-on-far-left-300x190.jpg 300w, https:\/\/diarioelpopular.com\/wp-content\/uploads\/2024\/11\/Human-Rights-Day-2024-Group-photo-with-OPP-Consultant-on-far-left-768x487.jpg 768w, https:\/\/diarioelpopular.com\/wp-content\/uploads\/2024\/11\/Human-Rights-Day-2024-Group-photo-with-OPP-Consultant-on-far-left-85x55.jpg 85w, https:\/\/diarioelpopular.com\/wp-content\/uploads\/2024\/11\/Human-Rights-Day-2024-Group-photo-with-OPP-Consultant-on-far-left-1990x1263.jpg 1990w, https:\/\/diarioelpopular.com\/wp-content\/uploads\/2024\/11\/Human-Rights-Day-2024-Group-photo-with-OPP-Consultant-on-far-left-636x404.jpg 636w, https:\/\/diarioelpopular.com\/wp-content\/uploads\/2024\/11\/Human-Rights-Day-2024-Group-photo-with-OPP-Consultant-on-far-left-115x73.jpg 115w, https:\/\/diarioelpopular.com\/wp-content\/uploads\/2024\/11\/Human-Rights-Day-2024-Group-photo-with-OPP-Consultant-on-far-left.jpg 1024w\" sizes=\"auto, (max-width: 1200px) 100vw, 1200px\" \/><p id=\"caption-attachment-525578\" class=\"wp-caption-text\">Foto grupal en el aula de educaci\u00f3n en derechos humanos de la Polic\u00eda Regional de York (YRP) con oficiales de la YRP y j\u00f3venes ganadores del Premio de Derechos Humanos junto con (a la izquierda) el ex superintendente de la Polic\u00eda Regional de York, Ricky Veerappan, y (a su izquierda) Nicole Crellin, directora de United for Human Rights Canada y (a su izquierda), la inspectora de la YRP, Lindsay Newlove.<\/p><\/div>\n<p>&nbsp;<\/p>\n<ul>\n<li><em><strong>La celebraci\u00f3n del D\u00eda de los Derechos Humanos de 2024, organizada por la Polic\u00eda Regional de York en asociaci\u00f3n con United for Human Rights Canada, destac\u00f3 las contribuciones de los j\u00f3venes a la educaci\u00f3n en derechos humanos en su comunidad.<\/strong><\/em><\/li>\n<\/ul>\n<p>&nbsp;<\/p>\n<p>Los premios de derechos humanos se entregaron a 11 j\u00f3venes, nominados por su comunidad, por su liderazgo y apoyo en la promoci\u00f3n de la educaci\u00f3n en derechos humanos. La directora de United for Human Rights Canada, Nicole Crellin, elogi\u00f3 a la Polic\u00eda Regional de York por su dedicaci\u00f3n a la educaci\u00f3n en derechos humanos. En su discurso, coment\u00f3: \u201cSon la \u00fanica fuerza policial del mundo con su propia aula de educaci\u00f3n en derechos humanos\u201d.<\/p>\n<p>Crellin elogi\u00f3 a la fuerza policial por haber organizado las celebraciones del D\u00eda de los Derechos Humanos durante los \u00faltimos tres a\u00f1os consecutivos.<\/p>\n<p>El D\u00eda de los Derechos Humanos conmemora la adopci\u00f3n de la Declaraci\u00f3n Universal de Derechos Humanos por parte de las Naciones Unidas el 10 de diciembre de 1948. Esta Declaraci\u00f3n describe 30 derechos y libertades fundamentales a los que toda persona tiene derecho y constituye la base de una sociedad pac\u00edfica.<\/p>\n<p>A pesar de su importancia, muchas personas no pueden nombrar m\u00e1s que algunos de estos derechos, que son cruciales para garantizar nuestra seguridad y nuestras vidas.<\/p>\n<p>El evento, al que asistieron m\u00e1s de 100 invitados, incluy\u00f3 la proyecci\u00f3n del documental \u201cLa historia de los derechos humanos\u201d, que destac\u00f3 la importancia de la Declaraci\u00f3n Universal de Derechos Humanos. Todos los invitados recibieron un folleto \u201c\u00bfQu\u00e9 son los derechos humanos?\u201d.<\/p>\n<p>Unidos por los Derechos Humanos ofrece recursos y actividades educativas para informar y apoyar a personas, educadores, organizaciones y organismos gubernamentales en la promoci\u00f3n y adopci\u00f3n de la DUDH en todos los niveles de la sociedad.<\/p>\n","protected":false},"excerpt":{"rendered":"<p>&nbsp; La celebraci\u00f3n del D\u00eda de los Derechos Humanos de 2024, organizada por la Polic\u00eda Regional de York en asociaci\u00f3n con United for Human Rights&hellip;<\/p>\n","protected":false},"author":99,"featured_media":525578,"comment_status":"open","ping_status":"open","sticky":false,"template":"","format":"standard","meta":{"footnotes":""},"categories":[11364],"tags":[],"class_list":["post-525577","post","type-post","status-publish","format-standard","has-post-thumbnail","hentry","category-toronto-gta"],"_links":{"self":[{"href":"https:\/\/diarioelpopular.com\/index.php\/wp-json\/wp\/v2\/posts\/525577","targetHints":{"allow":["GET"]}}],"collection":[{"href":"https:\/\/diarioelpopular.com\/index.php\/wp-json\/wp\/v2\/posts"}],"about":[{"href":"https:\/\/diarioelpopular.com\/index.php\/wp-json\/wp\/v2\/types\/post"}],"author":[{"embeddable":true,"href":"https:\/\/diarioelpopular.com\/index.php\/wp-json\/wp\/v2\/users\/99"}],"replies":[{"embeddable":true,"href":"https:\/\/diarioelpopular.com\/index.php\/wp-json\/wp\/v2\/comments?post=525577"}],"version-history":[{"count":1,"href":"https:\/\/diarioelpopular.com\/index.php\/wp-json\/wp\/v2\/posts\/525577\/revisions"}],"predecessor-version":[{"id":525579,"href":"https:\/\/diarioelpopular.com\/index.php\/wp-json\/wp\/v2\/posts\/525577\/revisions\/525579"}],"wp:featuredmedia":[{"embeddable":true,"href":"https:\/\/diarioelpopular.com\/index.php\/wp-json\/wp\/v2\/media\/525578"}],"wp:attachment":[{"href":"https:\/\/diarioelpopular.com\/index.php\/wp-json\/wp\/v2\/media?parent=525577"}],"wp:term":[{"taxonomy":"category","embeddable":true,"href":"https:\/\/diarioelpopular.com\/index.php\/wp-json\/wp\/v2\/categories?post=525577"},{"taxonomy":"post_tag","embeddable":true,"href":"https:\/\/diarioelpopular.com\/index.php\/wp-json\/wp\/v2\/tags?post=525577"}],"curies":[{"name":"wp","href":"https:\/\/api.w.org\/{rel}","templated":true}]}}