{"id":525586,"date":"2024-11-30T11:41:15","date_gmt":"2024-11-30T15:41:15","guid":{"rendered":"https:\/\/diarioelpopular.com\/?p=525586"},"modified":"2024-11-30T11:41:15","modified_gmt":"2024-11-30T15:41:15","slug":"sicario-ofrecio-100-000-dolares-por-matar-a-periodista-policial-de-montreal-que-cubria-su-juicio","status":"publish","type":"post","link":"https:\/\/diarioelpopular.com\/index.php\/2024\/11\/30\/sicario-ofrecio-100-000-dolares-por-matar-a-periodista-policial-de-montreal-que-cubria-su-juicio\/","title":{"rendered":"Sicario ofreci\u00f3 100.000 d\u00f3lares por matar a periodista policial de Montreal que cubr\u00eda su juicio"},"content":{"rendered":"<p><img loading=\"lazy\" decoding=\"async\" class=\"alignnone size-custom-full-size wp-image-525587\" src=\"https:\/\/diarioelpopular.com\/wp-content\/uploads\/2024\/11\/Screen-Shot-2024-11-30-at-10.40.52-AM-636x364.png\" alt=\"\" width=\"636\" height=\"364\" srcset=\"https:\/\/diarioelpopular.com\/wp-content\/uploads\/2024\/11\/Screen-Shot-2024-11-30-at-10.40.52-AM-636x364.png 636w, https:\/\/diarioelpopular.com\/wp-content\/uploads\/2024\/11\/Screen-Shot-2024-11-30-at-10.40.52-AM-300x172.png 300w, https:\/\/diarioelpopular.com\/wp-content\/uploads\/2024\/11\/Screen-Shot-2024-11-30-at-10.40.52-AM-768x439.png 768w, https:\/\/diarioelpopular.com\/wp-content\/uploads\/2024\/11\/Screen-Shot-2024-11-30-at-10.40.52-AM-128x73.png 128w, https:\/\/diarioelpopular.com\/wp-content\/uploads\/2024\/11\/Screen-Shot-2024-11-30-at-10.40.52-AM.png 850w\" sizes=\"auto, (max-width: 636px) 100vw, 636px\" \/><\/p>\n<p>&nbsp;<\/p>\n<p>&nbsp;<\/p>\n<ul>\n<li><em><strong>Los l\u00edderes pol\u00edticos y los grupos de libertad de prensa quedaron conmocionados el viernes despu\u00e9s de que el peri\u00f3dico de Montreal La Presse revelara que un sicario hab\u00eda ofrecido 100.000 d\u00f3lares para asesinar a uno de sus periodistas policiales.<\/strong><\/em><\/li>\n<\/ul>\n<p>&nbsp;<\/p>\n<p>&nbsp;<\/p>\n<p>El asesino convicto Fr\u00e9d\u00e9rick Silva, que se convirti\u00f3 en informante de la polic\u00eda en 2022, hab\u00eda confesado haber emitido el contrato de asesinato del periodista de investigaci\u00f3n Daniel Renaud, dijo La Presse.<\/p>\n<p>El medio de comunicaci\u00f3n dijo que Silva, conocido por llevar a cabo m\u00faltiples asesinatos a lo largo de los a\u00f1os para grupos del crimen organizado, orden\u00f3 el asesinato de Renaud en 2021, cuando el periodista estaba cubriendo el juicio de Silva por tres asesinatos y un intento de asesinato.<\/p>\n<p>Y aunque el asesinato ordenado a Renaud nunca se llev\u00f3 a cabo, las revelaciones del viernes resonaron en las clases pol\u00edticas y period\u00edsticas de Quebec y plantearon preguntas sobre si los periodistas que investigan a los criminales est\u00e1n adecuadamente protegidos.<\/p>\n<p>El premier de Quebec, Fran\u00e7ois Legault, denunci\u00f3 el complot contra Renaud y dijo: \u201cNo tiene sentido que en Quebec \u2013no estamos en una pel\u00edcula\u2013 haya un contrato que se impuso a un periodista porque hizo su trabajo\u201d.<\/p>\n<p>El ministro de Educaci\u00f3n, Bernard Drainville, que en 2021 trabajaba en la radio, dijo que Renaud hab\u00eda sido invitado a su programa. \u201cSi este periodista, que es muy riguroso, fue amenazado de muerte\u2026 no se puede evitar pensar en otros periodistas que investigan delitos\u201d, dijo.<\/p>\n<p>Drainville tambi\u00e9n pregunt\u00f3 si los periodistas que investigan a criminales deber\u00edan recibir protecci\u00f3n policial. \u201cMe parece muy preocupante para nuestra democracia\u201d, dijo.<\/p>\n<p>Como informante, Silva acept\u00f3 reunirse con la polic\u00eda para ayudarlos con m\u00faltiples investigaciones de homicidios, y se vio obligado a revelar sus actividades delictivas. La Presse dijo que se enter\u00f3 del contrato contra Renaud despu\u00e9s de revisar las confesiones que el asesino hizo a la polic\u00eda.<\/p>\n<p>Silva hab\u00eda propuesto atraer al periodista a un lugar con la falsa promesa de darle informaci\u00f3n sobre tiroteos entre pandillas y luego matarlo, revel\u00f3 el medio de comunicaci\u00f3n. La Presse dijo que la recompensa estuvo activa durante dos meses antes de que Silva, quien cumple cadena perpetua en prisi\u00f3n, cancelara el ataque para centrarse en &#8220;temas m\u00e1s importantes&#8221;.<\/p>\n<p>\u00c9ric-Pierre Champagne, presidente de la asociaci\u00f3n de periodistas profesionales de Quebec, dijo que estaba &#8220;conmocionado y sorprendido&#8221; por las revelaciones. Record\u00f3 el intento de asesinato del periodista Michel Auger, quien recibi\u00f3 varios disparos por la espalda en el estacionamiento del Journal de Montr\u00e9al en 2000, lo que puso una enorme presi\u00f3n sobre el crimen organizado.<\/p>\n<p>&#8220;Cre\u00edamos, tal vez err\u00f3neamente, que se hab\u00eda terminado&#8221;, dijo sobre la violencia hacia los periodistas. &#8220;Pero finalmente vemos que tal vez no sea as\u00ed&#8221;.<\/p>\n<p>Otros dirigentes pol\u00edticos denunciaron el asesinato ordenado contra Renaud, como la legisladora liberal Marwah Rizqy, que ha sido objeto de amenazas de muerte y estuvo bajo protecci\u00f3n policial durante un tiempo, que tuvo que luchar contra un silencio pesado cuando se le pidi\u00f3 que reaccionara.<\/p>\n<p>\u201cImag\u00ednese cuando usted y su familia no se sienten seguros para hacer su propio trabajo, cuando su trabajo no solo es relevante, sino que es necesario para una democracia saludable. Si ya no hay controles y contrapesos, si no queda nadie para hacer preguntas, entonces podemos apagar las luces\u201d, dijo a los periodistas en la legislatura de Quebec.<\/p>\n<p>El legislador de Qu\u00e9bec solidaire Vincent Marissal dijo que estaba \u201chorrorizado\u201d y pidi\u00f3 solidaridad con Renaud y otros periodistas.<\/p>\n<p>En declaraciones a La Presse, Renaud dijo que la amenaza a su vida no detendr\u00e1 su trabajo. \u201cDebemos seguir cubriendo el crimen organizado en Quebec, para arrojar luz sobre esta parte clandestina de la sociedad\u201d.<\/p>\n<p>Este informe de The Canadian Press se public\u00f3 por primera vez el 29 de noviembre de 2024.<\/p>\n","protected":false},"excerpt":{"rendered":"<p>&nbsp; &nbsp; Los l\u00edderes pol\u00edticos y los grupos de libertad de prensa quedaron conmocionados el viernes despu\u00e9s de que el peri\u00f3dico de Montreal La Presse&hellip;<\/p>\n","protected":false},"author":99,"featured_media":525587,"comment_status":"open","ping_status":"open","sticky":false,"template":"","format":"standard","meta":{"footnotes":""},"categories":[21],"tags":[],"class_list":["post-525586","post","type-post","status-publish","format-standard","has-post-thumbnail","hentry","category-canada"],"_links":{"self":[{"href":"https:\/\/diarioelpopular.com\/index.php\/wp-json\/wp\/v2\/posts\/525586","targetHints":{"allow":["GET"]}}],"collection":[{"href":"https:\/\/diarioelpopular.com\/index.php\/wp-json\/wp\/v2\/posts"}],"about":[{"href":"https:\/\/diarioelpopular.com\/index.php\/wp-json\/wp\/v2\/types\/post"}],"author":[{"embeddable":true,"href":"https:\/\/diarioelpopular.com\/index.php\/wp-json\/wp\/v2\/users\/99"}],"replies":[{"embeddable":true,"href":"https:\/\/diarioelpopular.com\/index.php\/wp-json\/wp\/v2\/comments?post=525586"}],"version-history":[{"count":1,"href":"https:\/\/diarioelpopular.com\/index.php\/wp-json\/wp\/v2\/posts\/525586\/revisions"}],"predecessor-version":[{"id":525588,"href":"https:\/\/diarioelpopular.com\/index.php\/wp-json\/wp\/v2\/posts\/525586\/revisions\/525588"}],"wp:featuredmedia":[{"embeddable":true,"href":"https:\/\/diarioelpopular.com\/index.php\/wp-json\/wp\/v2\/media\/525587"}],"wp:attachment":[{"href":"https:\/\/diarioelpopular.com\/index.php\/wp-json\/wp\/v2\/media?parent=525586"}],"wp:term":[{"taxonomy":"category","embeddable":true,"href":"https:\/\/diarioelpopular.com\/index.php\/wp-json\/wp\/v2\/categories?post=525586"},{"taxonomy":"post_tag","embeddable":true,"href":"https:\/\/diarioelpopular.com\/index.php\/wp-json\/wp\/v2\/tags?post=525586"}],"curies":[{"name":"wp","href":"https:\/\/api.w.org\/{rel}","templated":true}]}}