{"id":525601,"date":"2024-11-30T12:10:51","date_gmt":"2024-11-30T16:10:51","guid":{"rendered":"https:\/\/diarioelpopular.com\/?p=525601"},"modified":"2024-11-30T12:10:51","modified_gmt":"2024-11-30T16:10:51","slug":"trudeau-se-reune-con-trump-en-mar-a-lago-tras-la-amenaza-sobre-los-aranceles","status":"publish","type":"post","link":"https:\/\/diarioelpopular.com\/index.php\/2024\/11\/30\/trudeau-se-reune-con-trump-en-mar-a-lago-tras-la-amenaza-sobre-los-aranceles\/","title":{"rendered":"Trudeau se re\u00fane con Trump en Mar-a-Lago tras la amenaza sobre los aranceles"},"content":{"rendered":"<div id=\"attachment_525602\" style=\"width: 646px\" class=\"wp-caption alignnone\"><img loading=\"lazy\" decoding=\"async\" aria-describedby=\"caption-attachment-525602\" class=\"wp-image-525602 size-custom-full-size\" src=\"https:\/\/diarioelpopular.com\/wp-content\/uploads\/2024\/11\/Screen-Shot-2024-11-30-at-11.10.00-AM-636x438.png\" alt=\"\" width=\"636\" height=\"438\" srcset=\"https:\/\/diarioelpopular.com\/wp-content\/uploads\/2024\/11\/Screen-Shot-2024-11-30-at-11.10.00-AM-636x438.png 636w, https:\/\/diarioelpopular.com\/wp-content\/uploads\/2024\/11\/Screen-Shot-2024-11-30-at-11.10.00-AM-300x207.png 300w, https:\/\/diarioelpopular.com\/wp-content\/uploads\/2024\/11\/Screen-Shot-2024-11-30-at-11.10.00-AM-768x529.png 768w, https:\/\/diarioelpopular.com\/wp-content\/uploads\/2024\/11\/Screen-Shot-2024-11-30-at-11.10.00-AM-1200x827.png 1200w, https:\/\/diarioelpopular.com\/wp-content\/uploads\/2024\/11\/Screen-Shot-2024-11-30-at-11.10.00-AM-80x55.png 80w, https:\/\/diarioelpopular.com\/wp-content\/uploads\/2024\/11\/Screen-Shot-2024-11-30-at-11.10.00-AM-106x73.png 106w, https:\/\/diarioelpopular.com\/wp-content\/uploads\/2024\/11\/Screen-Shot-2024-11-30-at-11.10.00-AM.png 1024w\" sizes=\"auto, (max-width: 636px) 100vw, 636px\" \/><p id=\"caption-attachment-525602\" class=\"wp-caption-text\">El primer ministro, Justin Trudeau, sale de un hotel en West Palm Beach de camino a reunirse con Donald Trump, en su mansi\u00f3n de Mar-a-Lago en Palm Beach (Florida). Carlos Barria (REUTERS)<\/p><\/div>\n<p>&nbsp;<\/p>\n<p>&nbsp;<\/p>\n<h4 class=\"a_st\"><em>El primer ministro dice estar tratando de evitar una guerra comercial con su principal socio econ\u00f3mico en pleno a\u00f1o electoral<\/em><\/h4>\n<p>&nbsp;<\/p>\n<p class=\"\">La amenaza del presidente electo de Estados Unidos, Donald Trump, de\u00a0<a href=\"https:\/\/elpais.com\/internacional\/elecciones-usa\/2024-11-26\/trump-anuncia-que-impondra-aranceles-extra-a-mexico-canada-y-china-el-primer-dia.html\" data-link-track-dtm=\"\" data-mrf-link=\"https:\/\/elpais.com\/internacional\/elecciones-usa\/2024-11-26\/trump-anuncia-que-impondra-aranceles-extra-a-mexico-canada-y-china-el-primer-dia.html\">imponer aranceles del 25% a las importaciones desde M\u00e9xico y Canad\u00e1<\/a>\u00a0ha tenido una r\u00e1pida respuesta del m\u00e1ximo nivel por parte de los mandatarios de ambos pa\u00edses. Si el mi\u00e9rcoles fue la presidente de M\u00e9xico,\u00a0<a href=\"https:\/\/elpais.com\/internacional\/elecciones-usa\/2024-11-28\/trump-y-sheinbaum-acercan-posiciones-sobre-inmigracion-tras-una-llamada-maravillosa.html\" data-link-track-dtm=\"\" data-mrf-link=\"https:\/\/elpais.com\/internacional\/elecciones-usa\/2024-11-28\/trump-y-sheinbaum-acercan-posiciones-sobre-inmigracion-tras-una-llamada-maravillosa.html\">Claudia Sheinbaum, la que mantuvo una conversaci\u00f3n telef\u00f3nica con Trump<\/a>\u00a0para acercar posiciones en materia de inmigraci\u00f3n y drogas, este viernes el primer ministro, Justin Trudeau, ha ido un paso m\u00e1s all\u00e1. Trudeau ha volado a Florida para reunirse con Trump y cenar con \u00e9l. El centro de gravedad de las relaciones exteriores estadounidenses se ha desplazado desde la Casa Blanca a Mar-a-Lago.<\/p>\n<p class=\"\">Trudeau se convierte as\u00ed en el primer l\u00edder de los grandes pa\u00edses industrializados que visita a Trump desde que gan\u00f3 las elecciones del pasado 5 de noviembre. El presidente de Argentina, Javier Milei, tuvo un breve encuentro con el republicano la semana pasada con motivo de una conferencia conservadora celebrada en el club de Trump en Palm Beach.<\/p>\n<p class=\"\">El primer ministro dijo a primera hora del viernes que resolver\u00eda la cuesti\u00f3n de los aranceles hablando con Trump. \u201cVamos a trabajar juntos para satisfacer algunas de las preocupaciones\u201d, dijo Trudeau a los periodistas en Prince Edward Island. \u201cPero en \u00faltima instancia, es a trav\u00e9s de muchas conversaciones constructivas reales con el presidente Trump que voy a tener, que nos mantendr\u00e1 avanzando en el camino correcto para todos los canadienses\u201d.<\/p>\n<p class=\"\">Trump amenaz\u00f3 con imponer\u00a0<a href=\"https:\/\/elpais.com\/internacional\/elecciones-usa\/2024-11-26\/trump-anuncia-que-impondra-aranceles-extra-a-mexico-canada-y-china-el-primer-dia.html\" data-link-track-dtm=\"\" data-mrf-link=\"https:\/\/elpais.com\/internacional\/elecciones-usa\/2024-11-26\/trump-anuncia-que-impondra-aranceles-extra-a-mexico-canada-y-china-el-primer-dia.html\">esos aranceles generalizados<\/a>\u00a0a todos los productos canadienses y mexicanos si ambos pa\u00edses no deten\u00edan el flujo de inmigrantes y de tr\u00e1fico de drogas a trav\u00e9s de sus respectivas fronteras. Esas tarifas har\u00edan saltar por los aires el T-MEC (USMCA, seg\u00fan las siglas en ingl\u00e9s), el acuerdo comercial que los tres pa\u00edses negociaron en el primer mandato de Trump en sustituci\u00f3n del Tratado de Libre Comercio y que exime de imposici\u00f3n al tr\u00e1fico de mercanc\u00edas. La amenaza de aranceles podr\u00eda ser el pistoletazo de salida de la renegociaci\u00f3n de ese acuerdo.<\/p>\n<p class=\"\">Trudeau ya habl\u00f3 con el presidente electo a comienzos de semana en busca de un entendimiento y\u00a0<a href=\"https:\/\/elpais.com\/internacional\/2024-11-26\/compararnos-con-mexico-es-un-insulto-dice-un-alto-cargo-canadiense-sobre-los-aranceles-de-trump.html\" data-link-track-dtm=\"\" data-mrf-link=\"https:\/\/elpais.com\/internacional\/2024-11-26\/compararnos-con-mexico-es-un-insulto-dice-un-alto-cargo-canadiense-sobre-los-aranceles-de-trump.html\">dijo que fue \u201cuna buena llamada\u201d.<\/a>\u00a0Canad\u00e1 es una de las econom\u00edas m\u00e1s abiertas del mundo y depende en gran medida de sus exportaciones, el 77% de las cuales se dirigen al mercado estadounidense. Dado que el presidente electo ha amenazado con imponer los aranceles en el primer d\u00eda en el cargo, no hay tiempo que perder para intentar evitar una crisis comercial, que afectar\u00eda a ambos pa\u00edses.<\/p>\n<p class=\"\">\u201cEs importante entender que Donald Trump, cuando hace declaraciones como esa, planea llevarlas a cabo. De eso no hay duda\u201d, dijo Trudeau en esas declaraciones. \u201cNuestra responsabilidad es se\u00f1alar que no solo estar\u00eda perjudicando a los canadienses, que trabajan tan bien con Estados Unidos, sino que en realidad tambi\u00e9n estar\u00eda subiendo los precios para los ciudadanos estadounidenses y perjudicando a la industria y los negocios estadounidenses\u201d, a\u00f1adi\u00f3.<\/p>\n<p class=\"\">La llegada de inmigrantes sin papeles desde Canad\u00e1 es mucho menor que la procedente de la frontera Sur. Y la diferencia es m\u00e1s marcada a\u00fan en lo relativo a las drogas. Los agentes de aduanas estadounidenses incautaron 43 libras (20 kilos) de fentanilo en la frontera canadiense el pasado a\u00f1o fiscal, frente a 21.100 libras en la frontera mexicana.<\/p>\n<p class=\"\">El premier de Ontario, la provincia m\u00e1s poblada de Canad\u00e1, se refiri\u00f3 a esa diferencia en t\u00e9rminos muy crudos el pasado martes.<a href=\"https:\/\/elpais.com\/internacional\/2024-11-26\/compararnos-con-mexico-es-un-insulto-dice-un-alto-cargo-canadiense-sobre-los-aranceles-de-trump.html\" data-link-track-dtm=\"\" data-mrf-link=\"https:\/\/elpais.com\/internacional\/2024-11-26\/compararnos-con-mexico-es-un-insulto-dice-un-alto-cargo-canadiense-sobre-los-aranceles-de-trump.html\">\u00a0\u201cCompararnos con M\u00e9xico es lo m\u00e1s insultante que he o\u00eddo nunca\u201d, dijo.<\/a>\u00a0\u201cEs como si un familiar te apu\u00f1alara justo en el coraz\u00f3n\u201d, insisti\u00f3, descargando toda la responsabilidad en M\u00e9xico.<\/p>\n<p class=\"\">Cuando Trump impuso aranceles durante su primer mandato, otros pa\u00edses respondieron con represalias comerciales. Ese es un escenario que podr\u00eda repetirse entre Estados Unidos y Canad\u00e1 en caso de no haber un acuerdo entre ambos pa\u00edses.<\/p>\n<p class=\"\">Canad\u00e1 es el principal destino de las exportaciones de 36 estados de Estados Unidos. Cada d\u00eda cruzan la frontera bienes y servicios por valor de casi 3.600 millones de d\u00f3lares canadienses (2.700 millones de d\u00f3lares estadounidenses), seg\u00fan cifras recogidas por AP. Alrededor del 60% de las importaciones estadounidenses de petr\u00f3leo proceden de Canad\u00e1, al igual que el 85% de las importaciones de electricidad. Canad\u00e1 es tambi\u00e9n el mayor proveedor extranjero de acero, aluminio y uranio de Estados Unidos y posee 34 minerales y metales que el Pent\u00e1gono considera cr\u00edticos para la seguridad nacional.<\/p>\n<p class=\"\">Trudeau, primer ministro desde 2015, vive un momento pol\u00edtico muy precario. Canad\u00e1 tendr\u00e1 elecciones generales en 2025 y las encuestas anticipan una victoria de Pierre Poilievre, l\u00edder del Partido Conservador. Una guerra comercial con Estados Unidos, con su grave impacto econ\u00f3mico, podr\u00eda ser la puntilla para las aspiraciones del Partido Liberal.<\/p>\n<p class=\"\">Sin embargo, un choque en toda regla tambi\u00e9n tendr\u00eda graves consecuencias econ\u00f3micas para Estados Unidos y podr\u00eda llegar a hacer entrar en recesi\u00f3n a la primera econom\u00eda del mundo, adem\u00e1s de alimentar la inflaci\u00f3n que Trump ha prometido combatir.<\/p>\n<p class=\"\">La presidente de M\u00e9xico, Claudia Sheinbaum, se ha mostrado confiada en las posibilidades de evitar una guerra comercial con Estados Unidos tras su conversaci\u00f3n con Trump,\u00a0<a href=\"https:\/\/elpais.com\/internacional\/elecciones-usa\/2024-11-28\/trump-y-sheinbaum-acercan-posiciones-sobre-inmigracion-tras-una-llamada-maravillosa.html\" data-link-track-dtm=\"\" data-mrf-link=\"https:\/\/elpais.com\/internacional\/elecciones-usa\/2024-11-28\/trump-y-sheinbaum-acercan-posiciones-sobre-inmigracion-tras-una-llamada-maravillosa.html\">que ella calific\u00f3 de \u201cexcelente\u201d y \u00e9l, de \u201cmaravillosa\u201d.<\/a>\u00a0Aunque el mensaje no coincid\u00eda del todo en la t\u00edpica hipocres\u00eda diplom\u00e1tica. Seg\u00fan Trump, gracias a la llamada, M\u00e9xico \u201cimpedir\u00e1\u201d la llegada de inmigrantes \u201ccon efecto inmediato\u201d. Seg\u00fan Sheinbaum, ya \u201cno est\u00e1n llegando caravanas a la frontera norte\u201d.<\/p>\n","protected":false},"excerpt":{"rendered":"<p>&nbsp; &nbsp; El primer ministro dice estar tratando de evitar una guerra comercial con su principal socio econ\u00f3mico en pleno a\u00f1o electoral &nbsp; La amenaza&hellip;<\/p>\n","protected":false},"author":99,"featured_media":525602,"comment_status":"open","ping_status":"open","sticky":false,"template":"","format":"standard","meta":{"footnotes":""},"categories":[21],"tags":[],"class_list":["post-525601","post","type-post","status-publish","format-standard","has-post-thumbnail","hentry","category-canada"],"_links":{"self":[{"href":"https:\/\/diarioelpopular.com\/index.php\/wp-json\/wp\/v2\/posts\/525601","targetHints":{"allow":["GET"]}}],"collection":[{"href":"https:\/\/diarioelpopular.com\/index.php\/wp-json\/wp\/v2\/posts"}],"about":[{"href":"https:\/\/diarioelpopular.com\/index.php\/wp-json\/wp\/v2\/types\/post"}],"author":[{"embeddable":true,"href":"https:\/\/diarioelpopular.com\/index.php\/wp-json\/wp\/v2\/users\/99"}],"replies":[{"embeddable":true,"href":"https:\/\/diarioelpopular.com\/index.php\/wp-json\/wp\/v2\/comments?post=525601"}],"version-history":[{"count":1,"href":"https:\/\/diarioelpopular.com\/index.php\/wp-json\/wp\/v2\/posts\/525601\/revisions"}],"predecessor-version":[{"id":525603,"href":"https:\/\/diarioelpopular.com\/index.php\/wp-json\/wp\/v2\/posts\/525601\/revisions\/525603"}],"wp:featuredmedia":[{"embeddable":true,"href":"https:\/\/diarioelpopular.com\/index.php\/wp-json\/wp\/v2\/media\/525602"}],"wp:attachment":[{"href":"https:\/\/diarioelpopular.com\/index.php\/wp-json\/wp\/v2\/media?parent=525601"}],"wp:term":[{"taxonomy":"category","embeddable":true,"href":"https:\/\/diarioelpopular.com\/index.php\/wp-json\/wp\/v2\/categories?post=525601"},{"taxonomy":"post_tag","embeddable":true,"href":"https:\/\/diarioelpopular.com\/index.php\/wp-json\/wp\/v2\/tags?post=525601"}],"curies":[{"name":"wp","href":"https:\/\/api.w.org\/{rel}","templated":true}]}}