{"id":525605,"date":"2024-11-30T12:18:59","date_gmt":"2024-11-30T16:18:59","guid":{"rendered":"https:\/\/diarioelpopular.com\/?p=525605"},"modified":"2024-11-30T12:18:59","modified_gmt":"2024-11-30T16:18:59","slug":"miles-de-artesanos-y-una-promesa-presidencial-como-francia-logro-reconstruir-notre-dame-en-solo-5-anos","status":"publish","type":"post","link":"https:\/\/diarioelpopular.com\/index.php\/2024\/11\/30\/miles-de-artesanos-y-una-promesa-presidencial-como-francia-logro-reconstruir-notre-dame-en-solo-5-anos\/","title":{"rendered":"Miles de artesanos y una promesa presidencial: c\u00f3mo Francia logr\u00f3 reconstruir Notre Dame en solo 5 a\u00f1os"},"content":{"rendered":"<div id=\"attachment_525606\" style=\"width: 646px\" class=\"wp-caption alignnone\"><img loading=\"lazy\" decoding=\"async\" aria-describedby=\"caption-attachment-525606\" class=\"wp-image-525606 size-custom-full-size\" src=\"https:\/\/diarioelpopular.com\/wp-content\/uploads\/2024\/11\/Screen-Shot-2024-11-30-at-11.18.19-AM-636x360.png\" alt=\"\" width=\"636\" height=\"360\" srcset=\"https:\/\/diarioelpopular.com\/wp-content\/uploads\/2024\/11\/Screen-Shot-2024-11-30-at-11.18.19-AM-636x360.png 636w, https:\/\/diarioelpopular.com\/wp-content\/uploads\/2024\/11\/Screen-Shot-2024-11-30-at-11.18.19-AM-300x170.png 300w, https:\/\/diarioelpopular.com\/wp-content\/uploads\/2024\/11\/Screen-Shot-2024-11-30-at-11.18.19-AM-768x435.png 768w, https:\/\/diarioelpopular.com\/wp-content\/uploads\/2024\/11\/Screen-Shot-2024-11-30-at-11.18.19-AM-129x73.png 129w, https:\/\/diarioelpopular.com\/wp-content\/uploads\/2024\/11\/Screen-Shot-2024-11-30-at-11.18.19-AM.png 1024w\" sizes=\"auto, (max-width: 636px) 100vw, 636px\" \/><p id=\"caption-attachment-525606\" class=\"wp-caption-text\">El interior de la catedral de Notre Dame luce en todo su esplendor tras la restauraci\u00f3n.<\/p><\/div>\n<p>&nbsp;<\/p>\n<p>&nbsp;<\/p>\n<div class=\"bbc-19j92fr ebmt73l0\" dir=\"ltr\">\n<ul>\n<li class=\"bbc-hhl7in e17g058b0\" dir=\"ltr\"><em><b>Como el Ave F\u00e9nix que renace de sus cenizas, la catedral de Notre Dame de Par\u00eds vuelve a lucir en todo su esplendor de piedra y vidrio coloreado gracias una costosa y acelerada renovaci\u00f3n tras el incendio que sufri\u00f3 en 2019.<\/b><\/em><\/li>\n<\/ul>\n<\/div>\n<div class=\"bbc-19j92fr ebmt73l0\" dir=\"ltr\">\n<p dir=\"ltr\">\n<p dir=\"ltr\">\n<p class=\"bbc-hhl7in e17g058b0\" dir=\"ltr\">El d\u00eda siguiente de que el fuego arrasara con la techumbre y la aguja de la catedral parisina, cuando la ceniza a\u00fan ca\u00eda como copos frente a la explanada de esta joya de la arquitectura medieval, el presidente Emmanuel Macron hizo una promesa que muchos consideraron entonces imposible: Notre Dame volver\u00eda a abrir sus puertas en 5 a\u00f1os.<\/p>\n<\/div>\n<div class=\"bbc-19j92fr ebmt73l0\" dir=\"ltr\">\n<p class=\"bbc-hhl7in e17g058b0\" dir=\"ltr\">Han pasado 5 a\u00f1os y medio desde entonces; Notre Dame no ha estado lista para recibir fieles y visitantes durante los Juegos Ol\u00edmpicos que se celebraron este verano en la capital francesa, como le habr\u00eda gustado a Macron, pero reabrir\u00e1 al p\u00fablico el pr\u00f3ximo 7 de diciembre.<\/p>\n<\/div>\n<div class=\"bbc-19j92fr ebmt73l0\" dir=\"ltr\">\n<p class=\"bbc-hhl7in e17g058b0\" dir=\"ltr\">Las obras de su interior han finalizado, y la visita que ha realizado el mandatario franc\u00e9s este viernes al templo ha permitido revelar al mundo su renovado interior, algo que se hab\u00eda mantenido en secreto y del que solo se hab\u00edan publicado unas pocas im\u00e1genes a lo largo de los a\u00f1os sobre el progreso de los trabajos de restauraci\u00f3n.<\/p>\n<\/div>\n<div class=\"bbc-19j92fr ebmt73l0\" dir=\"ltr\">\n<p class=\"bbc-hhl7in e17g058b0\" dir=\"ltr\">Y lo que han mostrado las c\u00e1maras es, en palabras de Hugh Schofield, corresponsal de la BBC en Par\u00eds, que pudo echar un vistazo a su interior,\u00a0\u201cuna experiencia espectacular\u201d.<\/p>\n<\/div>\n<div class=\"bbc-19j92fr ebmt73l0\" dir=\"ltr\">\n<p class=\"bbc-hhl7in e17g058b0\" dir=\"ltr\">La restauraci\u00f3n \u201cno se ha limitado a renovar o reconstruir la estructura del tejado, tambi\u00e9n se ha limpiado el interior no solo de los restos del incendio, sino que adem\u00e1s hab\u00eda mucha suciedad y holl\u00edn desde la \u00faltima restauraci\u00f3n de los a\u00f1os 50, y todo eso se ha eliminado\u201d, explic\u00f3 Schofield.<\/p>\n<p dir=\"ltr\">\n<\/div>\n<p><iframe loading=\"lazy\" id=\"flourish-id-417c81cb\" class=\"bbc-axsk9o\" title=\"Interactive or visual content\" src=\"https:\/\/flo.uri.sh\/visualisation\/20541787\/embed?auto=1\" width=\"700\" height=\"575\" frameborder=\"0\" scrolling=\"no\" data-mce-fragment=\"1\"><\/iframe><\/p>\n<div class=\"bbc-19j92fr ebmt73l0\" dir=\"ltr\">\n<p dir=\"ltr\">\n<p dir=\"ltr\">\n<p class=\"bbc-hhl7in e17g058b0\" dir=\"ltr\">Quienes han estado recientemente en su interior afirman que la experiencia es sobrecogedora, y que la catedral luce una nueva claridad y luminosidad que contrastan con la penumbra que la invad\u00eda antes.<\/p>\n<\/div>\n<div class=\"bbc-19j92fr ebmt73l0\" dir=\"ltr\">\n<p class=\"bbc-hhl7in e17g058b0\" dir=\"ltr\">La piedra tallada luce ahora una blancura inmaculada como no se hab\u00eda visto en la catedral desde hac\u00eda siglos.<\/p>\n<\/div>\n<div class=\"bbc-19j92fr ebmt73l0\" dir=\"ltr\">\n<p class=\"bbc-hhl7in e17g058b0\" dir=\"ltr\">\u201cSon los eslabones de esta cadena milenaria\u201d, dijo el presidente franc\u00e9s a los cerca de 1.300 obreros y artesanos -de los 2.000 que han participado en las obras- que fueron invitados a esta primera visita.<\/p>\n<\/div>\n<div class=\"bbc-19j92fr ebmt73l0\" dir=\"ltr\">\n<p class=\"bbc-hhl7in e17g058b0\" dir=\"ltr\">\u201cHan rebautizado este lugar, al que le dieron cinco a\u00f1os de sus vidas\u201d, a\u00f1adi\u00f3 Macron, quien asegur\u00f3 que \u201chan compartido la m\u00e1s bella obra del siglo\u201d.<\/p>\n<\/div>\n<div class=\"bbc-19j92fr ebmt73l0\" dir=\"ltr\">\n<p class=\"bbc-hhl7in e17g058b0\" dir=\"ltr\">En la noche del 15 de abril de 2019, espectadores de todo el mundo contemplaron at\u00f3nitos c\u00f3mo se emit\u00edan im\u00e1genes en directo de las llamas anaranjadas que se extend\u00edan por el tejado de la catedral, y despu\u00e9s -en el punto \u00e1lgido de la conflagraci\u00f3n- de la aguja del siglo XIX estrell\u00e1ndose contra el suelo.<\/p>\n<p dir=\"ltr\">\n<\/div>\n<figure class=\"bbc-1qn0xuy\">\n<div class=\"bbc-18ywsw9\">\n<div style=\"width: 5509px\" class=\"wp-caption alignnone\"><img loading=\"lazy\" decoding=\"async\" class=\"bbc-139onq\" src=\"https:\/\/ichef.bbci.co.uk\/ace\/ws\/640\/cpsprodpb\/9002\/live\/32c0f600-ae53-11ef-bdf5-b7cb2fa86e10.jpg.webp\" alt=\"El presidente Emmanuel Macron habla ante 1.300 trabajadores en la nave central de la catedral de Notre Dame.\" width=\"5499\" height=\"3666\" \/><p class=\"wp-caption-text\">Fuente de la imagen,EPA-EFE\/REX\/Shutterstock.\u00a0\u00a0Unos 1.300 trabajadores de los 2.000 que han participado en la restauraci\u00f3n de Notre Dame estaban presentes en la visita.<\/p><\/div>\n<\/div>\n<\/figure>\n<div class=\"bbc-19j92fr ebmt73l0\" dir=\"ltr\">\n<p dir=\"ltr\">\n<p dir=\"ltr\">\n<p class=\"bbc-hhl7in e17g058b0\" dir=\"ltr\">La catedral, cuya estructura ya era motivo de preocupaci\u00f3n antes del incendio, estaba siendo renovada en ese momento. Entre las teor\u00edas sobre la causa del incendio figuran un cigarrillo abandonado por un obrero o un fallo el\u00e9ctrico.<\/p>\n<\/div>\n<div class=\"bbc-19j92fr ebmt73l0\" dir=\"ltr\">\n<p class=\"bbc-hhl7in e17g058b0\" dir=\"ltr\">Unos 600 bomberos lucharon contra las llamas durante 15 horas.<\/p>\n<\/div>\n<div class=\"bbc-19j92fr ebmt73l0\" dir=\"ltr\">\n<p class=\"bbc-hhl7in e17g058b0\" dir=\"ltr\">En un momento dado, se temi\u00f3 que las ocho campanas de la torre norte estuvieran en peligro de caer, lo que habr\u00eda derribado la propia torre y posiblemente gran parte de los muros de la catedral.<\/p>\n<\/div>\n<div class=\"bbc-19j92fr ebmt73l0\" dir=\"ltr\">\n<p class=\"bbc-hhl7in e17g058b0\" dir=\"ltr\">Los grandes h\u00e9roes de la noche fueron los\u00a020 bomberos que se jugaron la vida\u00a0y en cuesti\u00f3n de 15-30 minutos lograron subir a las torres y sofocar el fuego.<\/p>\n<\/div>\n<div class=\"bbc-19j92fr ebmt73l0\" dir=\"ltr\">\n<p class=\"bbc-hhl7in e17g058b0\" dir=\"ltr\">Al final, la estructura se salv\u00f3.<\/p>\n<\/div>\n<div class=\"bbc-19j92fr ebmt73l0\" dir=\"ltr\">\n<p class=\"bbc-hhl7in e17g058b0\" dir=\"ltr\">Lo que qued\u00f3 destruido fue la aguja, las vigas de madera del tejado (conocidas como el \u201cbosque\u201d) y la b\u00f3veda de piedra sobre el centro del crucero y parte de la nave.<\/p>\n<\/div>\n<div class=\"bbc-19j92fr ebmt73l0\" dir=\"ltr\">\n<p class=\"bbc-hhl7in e17g058b0\" dir=\"ltr\">Tambi\u00e9n se produjeron muchos da\u00f1os por la ca\u00edda de madera y mamposter\u00eda, y por el agua de las mangueras de bomberos.<\/p>\n<p dir=\"ltr\">\n<\/div>\n<figure class=\"bbc-1qn0xuy\">\n<div class=\"bbc-18ywsw9\"><img loading=\"lazy\" decoding=\"async\" class=\"bbc-139onq\" src=\"https:\/\/ichef.bbci.co.uk\/ace\/ws\/640\/cpsprodpb\/05f8\/live\/e4fb42a0-ae60-11ef-bdf5-b7cb2fa86e10.png.webp\" sizes=\"auto, (min-width: 1008px) 760px, 100vw\" srcset=\"https:\/\/ichef.bbci.co.uk\/ace\/ws\/240\/cpsprodpb\/05f8\/live\/e4fb42a0-ae60-11ef-bdf5-b7cb2fa86e10.png.webp 240w, https:\/\/ichef.bbci.co.uk\/ace\/ws\/320\/cpsprodpb\/05f8\/live\/e4fb42a0-ae60-11ef-bdf5-b7cb2fa86e10.png.webp 320w, https:\/\/ichef.bbci.co.uk\/ace\/ws\/480\/cpsprodpb\/05f8\/live\/e4fb42a0-ae60-11ef-bdf5-b7cb2fa86e10.png.webp 480w, https:\/\/ichef.bbci.co.uk\/ace\/ws\/624\/cpsprodpb\/05f8\/live\/e4fb42a0-ae60-11ef-bdf5-b7cb2fa86e10.png.webp 624w, https:\/\/ichef.bbci.co.uk\/ace\/ws\/800\/cpsprodpb\/05f8\/live\/e4fb42a0-ae60-11ef-bdf5-b7cb2fa86e10.png.webp 800w\" alt=\"Gr\u00e1fico sobre c\u00f3mo se propag\u00f3 el incendio de Notre Dame.\" width=\"1280\" height=\"2374\" \/><\/div>\n<\/figure>\n<div class=\"bbc-19j92fr ebmt73l0\" dir=\"ltr\">\n<p dir=\"ltr\">\n<p class=\"bbc-hhl7in e17g058b0\" dir=\"ltr\">Afortunadamente, la lista de lo que se salv\u00f3 es mucho m\u00e1s larga: todas las vidrieras, la mayor parte de las estatuas y obras de arte, y la reliquia sagrada conocida como la Corona de Espinas. El \u00f3rgano, el segundo m\u00e1s grande de Francia, qued\u00f3 muy afectado por el polvo y el humo, pero se pudo reparar.<\/p>\n<\/div>\n<div class=\"bbc-19j92fr ebmt73l0\" dir=\"ltr\">\n<p class=\"bbc-hhl7in e17g058b0\" dir=\"ltr\">Sus m\u00e1s de 8.000 tubos fueron desmontados y enviados a tres talleres del sur de Francia para su limpieza y restauraci\u00f3n.<\/p>\n<\/div>\n<div class=\"bbc-19j92fr ebmt73l0\" dir=\"ltr\">\n<p class=\"bbc-hhl7in e17g058b0\" dir=\"ltr\">El clero de la catedral tambi\u00e9n celebr\u00f3 algunos \u201c<i class=\"bbc-h1y5j7 eih42320\">miracul\u00e9s<\/i>\u201d, sobrevivientes milagrosos.<\/p>\n<\/div>\n<div class=\"bbc-19j92fr ebmt73l0\" dir=\"ltr\">\n<p class=\"bbc-hhl7in e17g058b0\" dir=\"ltr\">Entre ellos, la estatua del siglo XIV situada en el coro, conocida como la Virgen del Pilar, que evit\u00f3 por poco ser aplastada por la ca\u00edda de la mamposter\u00eda.<\/p>\n<\/div>\n<div class=\"bbc-19j92fr ebmt73l0\" dir=\"ltr\">\n<p class=\"bbc-hhl7in e17g058b0\" dir=\"ltr\">Diecis\u00e9is enormes estatuas de cobre de los Ap\u00f3stoles y Evangelistas, que rodeaban la aguja, hab\u00edan sido desmontadas para su renovaci\u00f3n s\u00f3lo cuatro d\u00edas antes del incendio.<\/p>\n<\/div>\n<div class=\"bbc-19j92fr ebmt73l0\" dir=\"ltr\">\n<p class=\"bbc-hhl7in e17g058b0\" dir=\"ltr\">Tras inspeccionar la devastaci\u00f3n al d\u00eda siguiente, Macron hizo lo que a muchos les pareci\u00f3 una promesa precipitada: reabrir Notre Dame a los visitantes en un plazo de un quinquenio<\/p>\n<\/div>\n<div class=\"bbc-19j92fr ebmt73l0\" dir=\"ltr\">\n<p class=\"bbc-hhl7in e17g058b0\" dir=\"ltr\">Se cre\u00f3 por ley un organismo p\u00fablico para gestionar las obras, y un llamamiento para recaudar fondos tuvo una respuesta inmediata. En total se recaudaron 846 millones de euros (US$893 millones), procedentes en su mayor\u00eda de grandes patrocinadores, pero tambi\u00e9n de cientos de miles de peque\u00f1os donantes.<\/p>\n<\/div>\n<div class=\"bbc-19j92fr ebmt73l0\" dir=\"ltr\">\n<p class=\"bbc-hhl7in e17g058b0\" dir=\"ltr\">El responsable de la tarea fue\u00a0Jean Louis Georgelin, un general del ej\u00e9rcito sin pelos en la lengua que compart\u00eda la impaciencia de Macron con los comit\u00e9s y el\u00a0<i class=\"bbc-h1y5j7 eih42320\">establishment<\/i>\u00a0\u201cpatrimonial\u201d.<\/p>\n<\/div>\n<div class=\"bbc-19j92fr ebmt73l0\" dir=\"ltr\">\n<p class=\"bbc-hhl7in e17g058b0\" dir=\"ltr\">\u201cEst\u00e1n acostumbrados a tratar con fragatas. Esto es un portaaviones\u201d, critic\u00f3.<\/p>\n<p dir=\"ltr\">\n<\/div>\n<figure class=\"bbc-1qn0xuy\">\n<div class=\"bbc-18ywsw9\">\n<div style=\"width: 4509px\" class=\"wp-caption alignnone\"><img loading=\"lazy\" decoding=\"async\" class=\"bbc-139onq\" src=\"https:\/\/ichef.bbci.co.uk\/ace\/ws\/640\/cpsprodpb\/8a10\/live\/5aa121d0-ae54-11ef-bdf5-b7cb2fa86e10.jpg.webp\" alt=\"Macron y varios religiosos ante el relicario de la Corona de espinas.\" width=\"4499\" height=\"3000\" \/><p class=\"wp-caption-text\">Fuente de la imagen,EPA-EFE\/REX\/Shutterstock.\u00a0\u00a0La reliquia conocida como la &#8220;Corona de espinas&#8221; pudo salvarse y ahora luce en el interior de un relicario dise\u00f1ado por el artista franc\u00e9s Sylvain Dubuisson.<\/p><\/div>\n<p class=\"bbc-by8ykd\" role=\"text\">\n<\/div>\n<\/figure>\n<div class=\"bbc-19j92fr ebmt73l0\" dir=\"ltr\">\n<p dir=\"ltr\">\n<p dir=\"ltr\">\n<p class=\"bbc-hhl7in e17g058b0\" dir=\"ltr\">A Georgelin se le atribuye universalmente el m\u00e9rito del indudable \u00e9xito del proyecto, pero muri\u00f3 en un accidente en los Pirineos en agosto de 2023 y fue sustituido por Philippe Jost.<\/p>\n<\/div>\n<div class=\"bbc-19j92fr ebmt73l0\" dir=\"ltr\">\n<p class=\"bbc-hhl7in e17g058b0\" dir=\"ltr\">Se calcula que unos 2.000 alba\u00f1iles, carpinteros, restauradores, techadores, fundidores, expertos en arte, escultores e ingenieros\u00a0trabajaron en el proyecto, lo que supuso un enorme impulso para la artesan\u00eda francesa.<\/p>\n<\/div>\n<div class=\"bbc-19j92fr ebmt73l0\" dir=\"ltr\">\n<p class=\"bbc-hhl7in e17g058b0\" dir=\"ltr\">Muchos oficios, como el de tallista de piedra, han visto aumentar el n\u00famero de aprendices gracias a la publicidad.<\/p>\n<\/div>\n<div class=\"bbc-19j92fr ebmt73l0\" dir=\"ltr\">\n<p class=\"bbc-hhl7in e17g058b0\" dir=\"ltr\">\u201c(El proyecto de Notre Dame) ha sido el equivalente de una Feria Mundial, en el sentido de que ha sido un escaparate de nuestra artesan\u00eda. Es un magn\u00edfico escaparate internacional\u201d, afirma Pascal Payen-Appenzeller, cuya asociaci\u00f3n promueve los oficios tradicionales de la construcci\u00f3n.<\/p>\n<\/div>\n<div class=\"bbc-19j92fr ebmt73l0\" dir=\"ltr\">\n<p class=\"bbc-hhl7in e17g058b0\" dir=\"ltr\">La primera tarea del proyecto consisti\u00f3 en asegurar el emplazamiento y, a continuaci\u00f3n,\u00a0desmontar la enorme mara\u00f1a de andamios met\u00e1licos que antes rodeaban la aguja, pero que se derritieron en el incendio y se fundieron con la piedra.<\/p>\n<p dir=\"ltr\">\n<\/div>\n<p><iframe loading=\"lazy\" id=\"flourish-id-72d685c4\" class=\"bbc-axsk9o\" title=\"Interactive or visual content\" src=\"https:\/\/flo.uri.sh\/visualisation\/20541877\/embed?auto=1\" width=\"700\" height=\"575\" frameborder=\"0\" scrolling=\"no\" data-mce-fragment=\"1\"><\/iframe><\/p>\n<div class=\"bbc-19j92fr ebmt73l0\" dir=\"ltr\">\n<p dir=\"ltr\">\n<p class=\"bbc-hhl7in e17g058b0\" dir=\"ltr\">Las 1.326 placas de 5 mil\u00edmetros de plomo que cubr\u00edan el tejado de la catedral y que pesaban 210 toneladas fue otro de los quebraderos de cabeza de los t\u00e9cnicos.<\/p>\n<\/div>\n<div class=\"bbc-19j92fr ebmt73l0\" dir=\"ltr\">\n<p class=\"bbc-hhl7in e17g058b0\" dir=\"ltr\">El plomo se derriti\u00f3, y parte de este metal pesado, peligroso para la salud, se liber\u00f3 en part\u00edculas,\u00a0contaminando los alrededores de la capital, por lo que se tuvo que realizar una costosa y complicada limpieza que retras\u00f3 las obras.<\/p>\n<\/div>\n<div class=\"bbc-19j92fr ebmt73l0\" dir=\"ltr\">\n<p class=\"bbc-hhl7in e17g058b0\" dir=\"ltr\">Desde el principio hubo que tomar una decisi\u00f3n sobre la \u00edndole de la renovaci\u00f3n: recrear fielmente el edificio medieval y los cambios neog\u00f3ticos del siglo XIX realizados por el arquitecto Eug\u00e8ne Viollet-le-Duc, o aprovechar la oportunidad para imprimir al edificio una impronta moderna.<\/p>\n<\/div>\n<div class=\"bbc-19j92fr ebmt73l0\" dir=\"ltr\">\n<p class=\"bbc-hhl7in e17g058b0\" dir=\"ltr\">Una petici\u00f3n de nuevos dise\u00f1os\u00a0dio lugar a ideas ins\u00f3litas, como un tejado de cristal, un \u201ctejado ecol\u00f3gico\u201d verde, una enorme llama en lugar de una aguja y una aguja coronada por un l\u00e1ser vertical que se dispara hacia el firmamento.<\/p>\n<\/div>\n<div class=\"bbc-19j92fr ebmt73l0\" dir=\"ltr\">\n<p class=\"bbc-hhl7in e17g058b0\" dir=\"ltr\">Ante la oposici\u00f3n de los expertos y el p\u00fablico, todas se abandonaron y la reconstrucci\u00f3n es esencialmente fiel al original, aunque con algunas concesiones a materiales modernos y a requisitos de seguridad. Las vigas del tejado, por ejemplo, est\u00e1n ahora protegidas con aspersores y tabiques.<\/p>\n<\/div>\n<div class=\"bbc-19j92fr ebmt73l0\" dir=\"ltr\">\n<p class=\"bbc-hhl7in e17g058b0\" dir=\"ltr\">El \u00fanico punto de discordia que queda es el deseo de Macron de dise\u00f1ar unas vidrieras modernas en seis capillas laterales. Aunque se han presentado artistas a un concurso, hay una fuerte oposici\u00f3n en el mundo art\u00edstico franc\u00e9s.<\/p>\n<p dir=\"ltr\">\n<\/div>\n<figure class=\"bbc-1qn0xuy\">\n<div class=\"bbc-18ywsw9\"><img loading=\"lazy\" decoding=\"async\" class=\"bbc-139onq\" src=\"https:\/\/ichef.bbci.co.uk\/ace\/ws\/640\/cpsprodpb\/bf90\/live\/f2e5bad0-ae60-11ef-bdf5-b7cb2fa86e10.png.webp\" sizes=\"auto, (min-width: 1008px) 760px, 100vw\" srcset=\"https:\/\/ichef.bbci.co.uk\/ace\/ws\/240\/cpsprodpb\/bf90\/live\/f2e5bad0-ae60-11ef-bdf5-b7cb2fa86e10.png.webp 240w, https:\/\/ichef.bbci.co.uk\/ace\/ws\/320\/cpsprodpb\/bf90\/live\/f2e5bad0-ae60-11ef-bdf5-b7cb2fa86e10.png.webp 320w, https:\/\/ichef.bbci.co.uk\/ace\/ws\/480\/cpsprodpb\/bf90\/live\/f2e5bad0-ae60-11ef-bdf5-b7cb2fa86e10.png.webp 480w, https:\/\/ichef.bbci.co.uk\/ace\/ws\/624\/cpsprodpb\/bf90\/live\/f2e5bad0-ae60-11ef-bdf5-b7cb2fa86e10.png.webp 624w, https:\/\/ichef.bbci.co.uk\/ace\/ws\/800\/cpsprodpb\/bf90\/live\/f2e5bad0-ae60-11ef-bdf5-b7cb2fa86e10.png.webp 800w\" alt=\"Gr\u00e1fico sobre los da\u00f1os a Notre Dame.\" width=\"1278\" height=\"1940\" \/><\/div>\n<\/figure>\n<div class=\"bbc-19j92fr ebmt73l0\" dir=\"ltr\">\n<p dir=\"ltr\">\n<p class=\"bbc-hhl7in e17g058b0\" dir=\"ltr\">Macron ha intentado hacer de la\u00a0renovaci\u00f3n de Notre Dame un lema y un s\u00edmbolo.<\/p>\n<\/div>\n<div class=\"bbc-19j92fr ebmt73l0\" dir=\"ltr\">\n<p class=\"bbc-hhl7in e17g058b0\" dir=\"ltr\">Se ha implicado a fondo en el proyecto y ha visitado la catedral en varias ocasiones.<\/p>\n<\/div>\n<div class=\"bbc-19j92fr ebmt73l0\" dir=\"ltr\">\n<p class=\"bbc-hhl7in e17g058b0\" dir=\"ltr\">En un momento en que su suerte pol\u00edtica est\u00e1 en su punto m\u00e1s bajo -tras las duras elecciones parlamentarias de julio-, la reapertura es una inyecci\u00f3n de moral muy necesaria.<\/p>\n<\/div>\n<div class=\"bbc-19j92fr ebmt73l0\" dir=\"ltr\">\n<p class=\"bbc-hhl7in e17g058b0\" dir=\"ltr\">Hubo quien dijo que estaba robando protagonismo al organizar la ceremonia de este viernes -oficialmente para marcar el final del proyecto- una semana antes de la reapertura formal. De hecho, parte de las primeras y esperadas im\u00e1genes del interior tambi\u00e9n se centraron inevitablemente en \u00e9l.<\/p>\n<\/div>\n<div class=\"bbc-19j92fr ebmt73l0\" dir=\"ltr\">\n<p class=\"bbc-hhl7in e17g058b0\" dir=\"ltr\">En respuesta, los funcionarios del El\u00edseo se\u00f1alaron que la catedral -como todos los edificios religiosos franceses en virtud de una ley de 1905- pertenece al Estado, siendo la Iglesia cat\u00f3lica su \u201cusuario asignado\u201d; y que\u00a0sin la r\u00e1pida movilizaci\u00f3n de Macron la obra nunca se habr\u00eda completado tan r\u00e1pidamente.<\/p>\n<\/div>\n<div class=\"bbc-19j92fr ebmt73l0\" dir=\"ltr\">\n<p class=\"bbc-hhl7in e17g058b0\" dir=\"ltr\">\u201cHace cinco a\u00f1os todo el mundo pensaba que la promesa del presidente ser\u00eda dif\u00edcil de cumplir\u201d, dijo el conocedor del El\u00edseo.<\/p>\n<\/div>\n<div class=\"bbc-19j92fr ebmt73l0\" dir=\"ltr\">\n<p class=\"bbc-hhl7in e17g058b0\" dir=\"ltr\">\u201cHoy tenemos la prueba no s\u00f3lo de que era posible, sino de que en el fondo era lo que todo el mundo deseaba ardientemente. Lo que la gente ver\u00e1 (en la nueva Notre Dame) es el esplendor y la fuerza de la voluntad colectiva &#8211;<i class=\"bbc-h1y5j7 eih42320\">\u00a0\u00e0 la fran\u00e7aise<\/i>\u201d.<\/p>\n<\/div>\n<div class=\"bbc-19j92fr ebmt73l0\" dir=\"ltr\">\n<p class=\"bbc-hhl7in e17g058b0\" dir=\"ltr\">*<i class=\"bbc-h1y5j7 eih42320\">Con reporter\u00eda de Hugh Schofield.<\/i><\/p>\n<\/div>\n","protected":false},"excerpt":{"rendered":"<p>&nbsp; &nbsp; Como el Ave F\u00e9nix que renace de sus cenizas, la catedral de Notre Dame de Par\u00eds vuelve a lucir en todo su esplendor&hellip;<\/p>\n","protected":false},"author":99,"featured_media":525606,"comment_status":"open","ping_status":"open","sticky":false,"template":"","format":"standard","meta":{"footnotes":""},"categories":[24],"tags":[],"class_list":["post-525605","post","type-post","status-publish","format-standard","has-post-thumbnail","hentry","category-mundo"],"_links":{"self":[{"href":"https:\/\/diarioelpopular.com\/index.php\/wp-json\/wp\/v2\/posts\/525605","targetHints":{"allow":["GET"]}}],"collection":[{"href":"https:\/\/diarioelpopular.com\/index.php\/wp-json\/wp\/v2\/posts"}],"about":[{"href":"https:\/\/diarioelpopular.com\/index.php\/wp-json\/wp\/v2\/types\/post"}],"author":[{"embeddable":true,"href":"https:\/\/diarioelpopular.com\/index.php\/wp-json\/wp\/v2\/users\/99"}],"replies":[{"embeddable":true,"href":"https:\/\/diarioelpopular.com\/index.php\/wp-json\/wp\/v2\/comments?post=525605"}],"version-history":[{"count":1,"href":"https:\/\/diarioelpopular.com\/index.php\/wp-json\/wp\/v2\/posts\/525605\/revisions"}],"predecessor-version":[{"id":525607,"href":"https:\/\/diarioelpopular.com\/index.php\/wp-json\/wp\/v2\/posts\/525605\/revisions\/525607"}],"wp:featuredmedia":[{"embeddable":true,"href":"https:\/\/diarioelpopular.com\/index.php\/wp-json\/wp\/v2\/media\/525606"}],"wp:attachment":[{"href":"https:\/\/diarioelpopular.com\/index.php\/wp-json\/wp\/v2\/media?parent=525605"}],"wp:term":[{"taxonomy":"category","embeddable":true,"href":"https:\/\/diarioelpopular.com\/index.php\/wp-json\/wp\/v2\/categories?post=525605"},{"taxonomy":"post_tag","embeddable":true,"href":"https:\/\/diarioelpopular.com\/index.php\/wp-json\/wp\/v2\/tags?post=525605"}],"curies":[{"name":"wp","href":"https:\/\/api.w.org\/{rel}","templated":true}]}}