{"id":525694,"date":"2024-12-04T10:04:51","date_gmt":"2024-12-04T14:04:51","guid":{"rendered":"https:\/\/diarioelpopular.com\/?p=525694"},"modified":"2024-12-04T10:04:51","modified_gmt":"2024-12-04T14:04:51","slug":"ttc-prohibe-las-bicicletas-y-patinetes-electricos-a-bordo-de-los-vehiculos-durante-los-meses-de-invierno","status":"publish","type":"post","link":"https:\/\/diarioelpopular.com\/index.php\/2024\/12\/04\/ttc-prohibe-las-bicicletas-y-patinetes-electricos-a-bordo-de-los-vehiculos-durante-los-meses-de-invierno\/","title":{"rendered":"TTC proh\u00edbe las bicicletas y patinetes el\u00e9ctricos a bordo de los veh\u00edculos durante los meses de invierno"},"content":{"rendered":"<p><img loading=\"lazy\" decoding=\"async\" class=\"alignnone size-custom-full-size wp-image-525695\" src=\"https:\/\/diarioelpopular.com\/wp-content\/uploads\/2024\/12\/Screen-Shot-2024-12-04-at-9.04.25-AM-636x315.png\" alt=\"\" width=\"636\" height=\"315\" srcset=\"https:\/\/diarioelpopular.com\/wp-content\/uploads\/2024\/12\/Screen-Shot-2024-12-04-at-9.04.25-AM-636x315.png 636w, https:\/\/diarioelpopular.com\/wp-content\/uploads\/2024\/12\/Screen-Shot-2024-12-04-at-9.04.25-AM-300x149.png 300w, https:\/\/diarioelpopular.com\/wp-content\/uploads\/2024\/12\/Screen-Shot-2024-12-04-at-9.04.25-AM-768x380.png 768w, https:\/\/diarioelpopular.com\/wp-content\/uploads\/2024\/12\/Screen-Shot-2024-12-04-at-9.04.25-AM-146x73.png 146w, https:\/\/diarioelpopular.com\/wp-content\/uploads\/2024\/12\/Screen-Shot-2024-12-04-at-9.04.25-AM.png 844w\" sizes=\"auto, (max-width: 636px) 100vw, 636px\" \/><\/p>\n<p>&nbsp;<\/p>\n<ul>\n<li><em><strong>El martes, la Junta de Comisionados de la TTC vot\u00f3 a favor de prohibir las bicicletas el\u00e9ctricas y otros dispositivos de micromovilidad que utilizan bater\u00edas de iones de litio durante los meses de invierno debido al riesgo de incendio.<\/strong><\/em><\/li>\n<\/ul>\n<p>&nbsp;<\/p>\n<p>&nbsp;<\/p>\n<p>La junta tom\u00f3 la decisi\u00f3n a pesar de reconocer que afectar\u00e1 desproporcionadamente a los trabajadores temporales de bajos ingresos y que ser\u00e1 dif\u00edcil hacer cumplir las nuevas reglas.<\/p>\n<p>La decisi\u00f3n significa que todas las bicicletas y patinetes el\u00e9ctricos estar\u00e1n prohibidos desde el 15 de noviembre hasta el 15 de abril, lo que proh\u00edbe efectivamente los dispositivos a bordo de cualquier veh\u00edculo de la TTC a partir de este martes.<\/p>\n<p>Un portavoz de la TTC dijo que la aplicaci\u00f3n comenzar\u00e1 con una campa\u00f1a de educaci\u00f3n antes de avanzar hasta que el personal les diga a los pasajeros que no pueden llevar los veh\u00edculos a bordo. De lo contrario, la aplicaci\u00f3n de la TTC podr\u00eda estar en condiciones de multar a los infractores.<\/p>\n<p>El problema sali\u00f3 a la luz despu\u00e9s de que una bicicleta el\u00e9ctrica estallara en llamas mientras estaba a bordo de un vag\u00f3n del metro la v\u00edspera de A\u00f1o Nuevo. Nadie result\u00f3 herido, pero el personal de la TTC ha reconocido que si el metro hubiera estado en un t\u00fanel y no en un and\u00e9n, el incendio probablemente habr\u00eda provocado lesiones graves o incluso la muerte de pasajeros.<\/p>\n<p>El Departamento de Bomberos de Toronto tambi\u00e9n indic\u00f3 que cuando las bater\u00edas de iones de litio entran en una fuga t\u00e9rmica, no hay forma de extinguir los incendios por medios convencionales.<\/p>\n<p>Despu\u00e9s de considerar una prohibici\u00f3n en su reuni\u00f3n de octubre, la junta presion\u00f3 el bot\u00f3n de pausa para examinar el impacto de hacerlo.<\/p>\n<p>Los subterr\u00e1neos de la TTC suelen estar llenos de usuarios de bicicletas el\u00e9ctricas que son canadienses racializados que trabajan como trabajadores eventuales para empresas de reparto de alimentos.<\/p>\n<p>Muchos de ellos utilizan el metro para el tramo final de su viaje o al principio o al final de sus turnos para llegar al centro y hab\u00eda una gran preocupaci\u00f3n de que la prohibici\u00f3n afectara sus medios de vida.<\/p>\n<p>A pesar de un informe de que los grupos marginados se ver\u00edan afectados, el personal de la TTC dijo que no detuvo el riesgo p\u00fablico.<\/p>\n<p>Un intento de la concejal Dianne Saxe, miembro de la junta, de ajustar el alcance de la prohibici\u00f3n para que coincidiera con el clima fangoso que provoca la corrosi\u00f3n de las bater\u00edas y el riesgo de incendio fracas\u00f3.<\/p>\n<p>La TTC todav\u00eda tendr\u00e1 que imprimir y colocar carteles, algo que, seg\u00fan dijo un portavoz de la TTC, probablemente llevar\u00e1 unas semanas. Una vez que eso suceda, se intensificar\u00e1 gradualmente la aplicaci\u00f3n de la prohibici\u00f3n.<\/p>\n","protected":false},"excerpt":{"rendered":"<p>&nbsp; El martes, la Junta de Comisionados de la TTC vot\u00f3 a favor de prohibir las bicicletas el\u00e9ctricas y otros dispositivos de micromovilidad que utilizan&hellip;<\/p>\n","protected":false},"author":99,"featured_media":525695,"comment_status":"open","ping_status":"open","sticky":false,"template":"","format":"standard","meta":{"footnotes":""},"categories":[11364],"tags":[],"class_list":["post-525694","post","type-post","status-publish","format-standard","has-post-thumbnail","hentry","category-toronto-gta"],"_links":{"self":[{"href":"https:\/\/diarioelpopular.com\/index.php\/wp-json\/wp\/v2\/posts\/525694","targetHints":{"allow":["GET"]}}],"collection":[{"href":"https:\/\/diarioelpopular.com\/index.php\/wp-json\/wp\/v2\/posts"}],"about":[{"href":"https:\/\/diarioelpopular.com\/index.php\/wp-json\/wp\/v2\/types\/post"}],"author":[{"embeddable":true,"href":"https:\/\/diarioelpopular.com\/index.php\/wp-json\/wp\/v2\/users\/99"}],"replies":[{"embeddable":true,"href":"https:\/\/diarioelpopular.com\/index.php\/wp-json\/wp\/v2\/comments?post=525694"}],"version-history":[{"count":1,"href":"https:\/\/diarioelpopular.com\/index.php\/wp-json\/wp\/v2\/posts\/525694\/revisions"}],"predecessor-version":[{"id":525696,"href":"https:\/\/diarioelpopular.com\/index.php\/wp-json\/wp\/v2\/posts\/525694\/revisions\/525696"}],"wp:featuredmedia":[{"embeddable":true,"href":"https:\/\/diarioelpopular.com\/index.php\/wp-json\/wp\/v2\/media\/525695"}],"wp:attachment":[{"href":"https:\/\/diarioelpopular.com\/index.php\/wp-json\/wp\/v2\/media?parent=525694"}],"wp:term":[{"taxonomy":"category","embeddable":true,"href":"https:\/\/diarioelpopular.com\/index.php\/wp-json\/wp\/v2\/categories?post=525694"},{"taxonomy":"post_tag","embeddable":true,"href":"https:\/\/diarioelpopular.com\/index.php\/wp-json\/wp\/v2\/tags?post=525694"}],"curies":[{"name":"wp","href":"https:\/\/api.w.org\/{rel}","templated":true}]}}