{"id":525729,"date":"2024-12-04T11:48:44","date_gmt":"2024-12-04T15:48:44","guid":{"rendered":"https:\/\/diarioelpopular.com\/?p=525729"},"modified":"2024-12-04T11:48:44","modified_gmt":"2024-12-04T15:48:44","slug":"cuba-otra-vez-a-oscuras-tercer-apagon-total-en-dos-meses","status":"publish","type":"post","link":"https:\/\/diarioelpopular.com\/index.php\/2024\/12\/04\/cuba-otra-vez-a-oscuras-tercer-apagon-total-en-dos-meses\/","title":{"rendered":"Cuba, otra vez a oscuras, tercer apag\u00f3n total en dos meses"},"content":{"rendered":"<p><img loading=\"lazy\" decoding=\"async\" class=\"alignnone size-custom-big-size wp-image-525730\" src=\"https:\/\/diarioelpopular.com\/wp-content\/uploads\/2024\/12\/Screen-Shot-2024-12-04-at-10.48.14-AM-1200x859.png\" alt=\"\" width=\"1200\" height=\"859\" srcset=\"https:\/\/diarioelpopular.com\/wp-content\/uploads\/2024\/12\/Screen-Shot-2024-12-04-at-10.48.14-AM-1200x859.png 1200w, https:\/\/diarioelpopular.com\/wp-content\/uploads\/2024\/12\/Screen-Shot-2024-12-04-at-10.48.14-AM-300x215.png 300w, https:\/\/diarioelpopular.com\/wp-content\/uploads\/2024\/12\/Screen-Shot-2024-12-04-at-10.48.14-AM-768x550.png 768w, https:\/\/diarioelpopular.com\/wp-content\/uploads\/2024\/12\/Screen-Shot-2024-12-04-at-10.48.14-AM-636x455.png 636w, https:\/\/diarioelpopular.com\/wp-content\/uploads\/2024\/12\/Screen-Shot-2024-12-04-at-10.48.14-AM-102x73.png 102w, https:\/\/diarioelpopular.com\/wp-content\/uploads\/2024\/12\/Screen-Shot-2024-12-04-at-10.48.14-AM.png 1024w\" sizes=\"auto, (max-width: 1200px) 100vw, 1200px\" \/><\/p>\n<p>&nbsp;<\/p>\n<p>&nbsp;<\/p>\n<div class=\"intro\">\n<div class=\"summary post-single-summary\"><em><strong>&#8211; Ante el precario mantenimiento, volvi\u00f3 a colapsar el sistema el\u00e9ctrico y tras la salida de servicio de la principal central termoel\u00e9ctrica por causas que no se informaron<\/strong><\/em><\/div>\n<\/div>\n<div class=\"summary post-single-summary\"><\/div>\n<div><\/div>\n<div>La isla de Cuba volvi\u00f3 a quedar anoche (martes) completamente a oscuras a causa del colapso total del sistema el\u00e9ctrico nacional, inform\u00f3 el ministerio de Energ\u00eda.\n<\/div>\n<div>Seg\u00fan las autoridades, la Central termoel\u00e9ctrica Antonio Guiteras, la principal del pa\u00eds, fue desconectada de la red a causa de un incidente.<\/div>\n<div>\nLuego de emitir una nota conjunta con el gobierno para informar el inmediato inicio de actividades para &#8220;restablecer el servicio&#8221; a las 9 de la ma\u00f1ana, siete horas despu\u00e9s de la falla, la empresa estatal Uni\u00f3n El\u00e9ctrica invit\u00f3 a la poblaci\u00f3n a mantener la calma, sin dar informaci\u00f3n sobre cu\u00e1ndo volver\u00eda la energ\u00eda.<\/div>\n<div>\nEste es el tercer corte general de energ\u00eda en menos de dos meses, y una vez m\u00e1s priva de electricidad a los 10 millones de residentes de la isla.<\/div>\n<div><\/div>\n<div>El 18 de octubre se produjo un primer apag\u00f3n en todo el pa\u00eds debido a una aver\u00eda en la misma central el\u00e9ctrica y a la escasez de combustible, lo que dej\u00f3 a los residentes sin electricidad durante varios d\u00edas.<\/div>\n<div>\nOtra desconexi\u00f3n del sistema el\u00e9ctrico se produjo el 6 de noviembre cuando el hurac\u00e1n Rafael arras\u00f3 el oeste de la isla.<\/div>\n<div>\nEn septiembre de 2022, la isla ya hab\u00eda experimentado un corte de energ\u00eda generalizado cuando el hurac\u00e1n Ian tambi\u00e9n azot\u00f3 las provincias occidentales del pa\u00eds.<\/div>\n<div>\nLa obsolescencia de las ocho termoel\u00e9ctricas y la reducci\u00f3n en los \u00faltimos dos a\u00f1os de las importaciones de petr\u00f3leo desde Venezuela, su principal aliado, han colocado a Cuba en una situaci\u00f3n de extrema vulnerabilidad.<\/div>\n<div>\nLa isla est\u00e1 experimentando su peor crisis econ\u00f3mica en treinta a\u00f1os con escasez de alimentos y medicinas, una inflaci\u00f3n galopante y frecuentes cortes de energ\u00eda.<\/div>\n<div>\nLos enormes inconvenientes sufridos por la poblaci\u00f3n en las \u00faltimas semanas no son m\u00e1s que el agravamiento de una situaci\u00f3n dram\u00e1tica provocada por la escasez end\u00e9mica de energ\u00eda que ha obligado a las autoridades comunistas a imponer un severo racionamiento de hasta 20 horas diarias.<\/div>\n<div>\nAntes de la falla, Uni\u00f3n El\u00e9ctrica era capaz de generar 1.818 megavatios de potencia frente a las necesidades m\u00ednimas estimadas en 3.250 megavatios.<\/div>\n<div>\nDe hecho, la isla tiene garantizada la energ\u00eda gracias a sus pocas centrales termoel\u00e9ctricas deterioradas y mal mantenidas que llevan m\u00e1s de 40 a\u00f1os en servicio ininterrumpido.<\/div>\n<div>\nA las deficiencias estructurales se sum\u00f3 la crisis econ\u00f3mica y las dificultades del gobierno para comprar el di\u00e9sel necesario para mantener en funcionamiento las costosas, contaminantes e insuficientes centrales termoel\u00e9ctricas.<\/div>\n","protected":false},"excerpt":{"rendered":"<p>&nbsp; &nbsp; &#8211; Ante el precario mantenimiento, volvi\u00f3 a colapsar el sistema el\u00e9ctrico y tras la salida de servicio de la principal central termoel\u00e9ctrica por&hellip;<\/p>\n","protected":false},"author":99,"featured_media":525730,"comment_status":"open","ping_status":"open","sticky":false,"template":"","format":"standard","meta":{"footnotes":""},"categories":[23],"tags":[],"class_list":["post-525729","post","type-post","status-publish","format-standard","has-post-thumbnail","hentry","category-latinoamerica"],"_links":{"self":[{"href":"https:\/\/diarioelpopular.com\/index.php\/wp-json\/wp\/v2\/posts\/525729","targetHints":{"allow":["GET"]}}],"collection":[{"href":"https:\/\/diarioelpopular.com\/index.php\/wp-json\/wp\/v2\/posts"}],"about":[{"href":"https:\/\/diarioelpopular.com\/index.php\/wp-json\/wp\/v2\/types\/post"}],"author":[{"embeddable":true,"href":"https:\/\/diarioelpopular.com\/index.php\/wp-json\/wp\/v2\/users\/99"}],"replies":[{"embeddable":true,"href":"https:\/\/diarioelpopular.com\/index.php\/wp-json\/wp\/v2\/comments?post=525729"}],"version-history":[{"count":1,"href":"https:\/\/diarioelpopular.com\/index.php\/wp-json\/wp\/v2\/posts\/525729\/revisions"}],"predecessor-version":[{"id":525731,"href":"https:\/\/diarioelpopular.com\/index.php\/wp-json\/wp\/v2\/posts\/525729\/revisions\/525731"}],"wp:featuredmedia":[{"embeddable":true,"href":"https:\/\/diarioelpopular.com\/index.php\/wp-json\/wp\/v2\/media\/525730"}],"wp:attachment":[{"href":"https:\/\/diarioelpopular.com\/index.php\/wp-json\/wp\/v2\/media?parent=525729"}],"wp:term":[{"taxonomy":"category","embeddable":true,"href":"https:\/\/diarioelpopular.com\/index.php\/wp-json\/wp\/v2\/categories?post=525729"},{"taxonomy":"post_tag","embeddable":true,"href":"https:\/\/diarioelpopular.com\/index.php\/wp-json\/wp\/v2\/tags?post=525729"}],"curies":[{"name":"wp","href":"https:\/\/api.w.org\/{rel}","templated":true}]}}