{"id":525773,"date":"2024-12-05T10:36:50","date_gmt":"2024-12-05T14:36:50","guid":{"rendered":"https:\/\/diarioelpopular.com\/?p=525773"},"modified":"2024-12-05T10:36:50","modified_gmt":"2024-12-05T14:36:50","slug":"los-politicos-incluso-los-de-derecha-saben-que-los-migrantes-ayudan-a-la-economia-saben-que-europa-los-necesita","status":"publish","type":"post","link":"https:\/\/diarioelpopular.com\/index.php\/2024\/12\/05\/los-politicos-incluso-los-de-derecha-saben-que-los-migrantes-ayudan-a-la-economia-saben-que-europa-los-necesita\/","title":{"rendered":"&#8220;Los pol\u00edticos, incluso los de derecha, saben que los migrantes ayudan a la econom\u00eda. Saben que Europa los necesita&#8221;"},"content":{"rendered":"<div id=\"attachment_525774\" style=\"width: 646px\" class=\"wp-caption alignnone\"><img loading=\"lazy\" decoding=\"async\" aria-describedby=\"caption-attachment-525774\" class=\"wp-image-525774 size-custom-full-size\" src=\"https:\/\/diarioelpopular.com\/wp-content\/uploads\/2024\/12\/Screen-Shot-2024-12-05-at-9.36.10-AM-636x356.png\" alt=\"\" width=\"636\" height=\"356\" srcset=\"https:\/\/diarioelpopular.com\/wp-content\/uploads\/2024\/12\/Screen-Shot-2024-12-05-at-9.36.10-AM-636x356.png 636w, https:\/\/diarioelpopular.com\/wp-content\/uploads\/2024\/12\/Screen-Shot-2024-12-05-at-9.36.10-AM-300x168.png 300w, https:\/\/diarioelpopular.com\/wp-content\/uploads\/2024\/12\/Screen-Shot-2024-12-05-at-9.36.10-AM-768x430.png 768w, https:\/\/diarioelpopular.com\/wp-content\/uploads\/2024\/12\/Screen-Shot-2024-12-05-at-9.36.10-AM-130x73.png 130w, https:\/\/diarioelpopular.com\/wp-content\/uploads\/2024\/12\/Screen-Shot-2024-12-05-at-9.36.10-AM.png 1024w\" sizes=\"auto, (max-width: 636px) 100vw, 636px\" \/><p id=\"caption-attachment-525774\" class=\"wp-caption-text\">Un grupo de migrantes espera antes de ser evacuado de un campamento improvisado en Par\u00eds, Francia.<\/p><\/div>\n<p>&nbsp;<\/p>\n<p>&nbsp;<\/p>\n<div class=\"bbc-19j92fr ebmt73l0\" dir=\"ltr\">\n<ul>\n<li class=\"bbc-hhl7in e17g058b0\" dir=\"ltr\"><em><b>Cuando los l\u00edderes de la Uni\u00f3n Europea (UE) se reunieron a mediados de octubre en Bruselas, los migrantes volvieron a dominar la agenda.<\/b><\/em><\/li>\n<\/ul>\n<\/div>\n<div class=\"bbc-19j92fr ebmt73l0\" dir=\"ltr\">\n<p dir=\"ltr\">\n<p dir=\"ltr\">\n<p class=\"bbc-hhl7in e17g058b0\" dir=\"ltr\">Es un tema que cada vez toma m\u00e1s espacio en las discusiones pol\u00edticas en todo el bloque, que se calcula que este a\u00f1o recibir\u00e1 m\u00e1s de un mill\u00f3n de solicitudes de asilo, el mayor n\u00famero desde la crisis de migrantes de 2015.<\/p>\n<\/div>\n<div class=\"bbc-19j92fr ebmt73l0\" dir=\"ltr\">\n<p class=\"bbc-hhl7in e17g058b0\" dir=\"ltr\">En aquel entonces, la excancillera alemana, Angela Merkel, pronunci\u00f3 una frase que a\u00fan la persigue:\u00a0<i class=\"bbc-h1y5j7 eih42320\">&#8220;Wir schaffen das&#8221;<\/i>\u00a0(podemos manejar esto), haciendo referencia a que Alemania pod\u00eda absorber las oleadas de inmigrantes que estaban llegando de \u00c1frica y Medio Oriente.<\/p>\n<\/div>\n<div class=\"bbc-19j92fr ebmt73l0\" dir=\"ltr\">\n<p class=\"bbc-hhl7in e17g058b0\" dir=\"ltr\">Merkel evit\u00f3 repetir la frase posteriormente y desde entonces ha tomado fuerzas un discurso antiinmigratorio en muchos pa\u00edses.<\/p>\n<\/div>\n<div class=\"bbc-19j92fr ebmt73l0\" dir=\"ltr\">\n<p class=\"bbc-hhl7in e17g058b0\" dir=\"ltr\">En la actualidad, con la guerra de Ucrania, millones de ucranianos han emigrado en masa a diversos pa\u00edses de la UE, as\u00ed como a Reino Unido, y cientos de miles siguen llegando cada a\u00f1o en embarcaciones irregulares desde \u00c1frica y Medio Oriente.<\/p>\n<\/div>\n<div class=\"bbc-19j92fr ebmt73l0\" dir=\"ltr\">\n<p class=\"bbc-hhl7in e17g058b0\" dir=\"ltr\">Al mismo tiempo,\u00a0la violencia contra los migrantes est\u00e1 en aumento\u00a0y los partidos de ultraderecha que promueven pol\u00edticas antiinmigratorias, como Alternativa para Alemania, Agrupaci\u00f3n Nacional de Francia y Reform UK de Reino Unido, avanzan en las urnas.<\/p>\n<\/div>\n<div class=\"bbc-19j92fr ebmt73l0\" dir=\"ltr\">\n<p class=\"bbc-hhl7in e17g058b0\" dir=\"ltr\">En consecuencia, la UE quiere fortalecer sus fronteras exteriores y acelerar las deportaciones de los solicitantes de asilo rechazados, mientras que la primera ministra Giorgia Meloni pretende enviar a Albania a los migrantes rescatados en el Mediterr\u00e1neo.<\/p>\n<\/div>\n<div class=\"bbc-19j92fr ebmt73l0\" dir=\"ltr\">\n<p class=\"bbc-hhl7in e17g058b0\" dir=\"ltr\">Alemania, Francia y Hungr\u00eda han incrementado el patrullaje y el control de pasaportes en algunas de sus fronteras terrestres y Polonia planea introducir una ley temporal para\u00a0quitarles el derecho a las personas reci\u00e9n llegadas a solicitar asilo.<\/p>\n<\/div>\n<div class=\"bbc-19j92fr ebmt73l0\" dir=\"ltr\">\n<p class=\"bbc-hhl7in e17g058b0\" dir=\"ltr\">Para muchos, todo esto representa un gran dilema, pues argumentan que\u00a0Europa necesita m\u00e1s migrantes, no menos.<\/p>\n<\/div>\n<div class=\"bbc-19j92fr ebmt73l0\" dir=\"ltr\">\n<p class=\"bbc-hhl7in e17g058b0\" dir=\"ltr\">Con una baja tasa de fertilidad y a medida que los<i class=\"bbc-h1y5j7 eih42320\">\u00a0baby boomers<\/i>\u00a0-la generaci\u00f3n nacida entre 1946 y 1964- se jubilan, Europa necesita llenar esos puestos de trabajo para\u00a0mantener su envidiado sistema de bienestar y salud, de acuerdo con John Springford, investigador del grupo de expertos Centro para la Reforma Europea con sede en Londres.<\/p>\n<\/div>\n<div class=\"bbc-19j92fr ebmt73l0\" dir=\"ltr\">\n<p class=\"bbc-hhl7in e17g058b0\" dir=\"ltr\">Springford, cuya experticia abarca Europa, el mercado laboral europeo y la inmigraci\u00f3n, ha escrito extensamente sobre esos temas y ha trabajado como asesor del Parlamento de Reino Unido.<\/p>\n<\/div>\n<div class=\"bbc-19j92fr ebmt73l0\" dir=\"ltr\">\n<p class=\"bbc-hhl7in e17g058b0\" dir=\"ltr\">En entrevista con BBC Mundo, afirma que el Viejo Continente debe aceptar su futuro como una sociedad multicultural y multi\u00e9tnica o\u00a0resignarse al estancamiento econ\u00f3mico.<\/p>\n<\/div>\n","protected":false},"excerpt":{"rendered":"<p>&nbsp; &nbsp; Cuando los l\u00edderes de la Uni\u00f3n Europea (UE) se reunieron a mediados de octubre en Bruselas, los migrantes volvieron a dominar la agenda.&hellip;<\/p>\n","protected":false},"author":99,"featured_media":525774,"comment_status":"open","ping_status":"open","sticky":false,"template":"","format":"standard","meta":{"footnotes":""},"categories":[24],"tags":[],"class_list":["post-525773","post","type-post","status-publish","format-standard","has-post-thumbnail","hentry","category-mundo"],"_links":{"self":[{"href":"https:\/\/diarioelpopular.com\/index.php\/wp-json\/wp\/v2\/posts\/525773","targetHints":{"allow":["GET"]}}],"collection":[{"href":"https:\/\/diarioelpopular.com\/index.php\/wp-json\/wp\/v2\/posts"}],"about":[{"href":"https:\/\/diarioelpopular.com\/index.php\/wp-json\/wp\/v2\/types\/post"}],"author":[{"embeddable":true,"href":"https:\/\/diarioelpopular.com\/index.php\/wp-json\/wp\/v2\/users\/99"}],"replies":[{"embeddable":true,"href":"https:\/\/diarioelpopular.com\/index.php\/wp-json\/wp\/v2\/comments?post=525773"}],"version-history":[{"count":1,"href":"https:\/\/diarioelpopular.com\/index.php\/wp-json\/wp\/v2\/posts\/525773\/revisions"}],"predecessor-version":[{"id":525775,"href":"https:\/\/diarioelpopular.com\/index.php\/wp-json\/wp\/v2\/posts\/525773\/revisions\/525775"}],"wp:featuredmedia":[{"embeddable":true,"href":"https:\/\/diarioelpopular.com\/index.php\/wp-json\/wp\/v2\/media\/525774"}],"wp:attachment":[{"href":"https:\/\/diarioelpopular.com\/index.php\/wp-json\/wp\/v2\/media?parent=525773"}],"wp:term":[{"taxonomy":"category","embeddable":true,"href":"https:\/\/diarioelpopular.com\/index.php\/wp-json\/wp\/v2\/categories?post=525773"},{"taxonomy":"post_tag","embeddable":true,"href":"https:\/\/diarioelpopular.com\/index.php\/wp-json\/wp\/v2\/tags?post=525773"}],"curies":[{"name":"wp","href":"https:\/\/api.w.org\/{rel}","templated":true}]}}