{"id":525777,"date":"2024-12-05T10:43:08","date_gmt":"2024-12-05T14:43:08","guid":{"rendered":"https:\/\/diarioelpopular.com\/?p=525777"},"modified":"2024-12-05T10:43:08","modified_gmt":"2024-12-05T14:43:08","slug":"que-opciones-tiene-macron-tras-la-caida-del-gobierno-frances-por-una-historica-mocion-de-censura-apoyada-por-la-izquierda-y-la-ultraderecha","status":"publish","type":"post","link":"https:\/\/diarioelpopular.com\/index.php\/2024\/12\/05\/que-opciones-tiene-macron-tras-la-caida-del-gobierno-frances-por-una-historica-mocion-de-censura-apoyada-por-la-izquierda-y-la-ultraderecha\/","title":{"rendered":"Qu\u00e9 opciones tiene Macron tras la ca\u00edda del gobierno franc\u00e9s por una hist\u00f3rica moci\u00f3n de censura apoyada por la izquierda y la ultraderecha"},"content":{"rendered":"<div id=\"attachment_525778\" style=\"width: 646px\" class=\"wp-caption alignnone\"><img loading=\"lazy\" decoding=\"async\" aria-describedby=\"caption-attachment-525778\" class=\"wp-image-525778 size-custom-full-size\" src=\"https:\/\/diarioelpopular.com\/wp-content\/uploads\/2024\/12\/Screen-Shot-2024-12-05-at-9.42.34-AM-636x359.png\" alt=\"\" width=\"636\" height=\"359\" srcset=\"https:\/\/diarioelpopular.com\/wp-content\/uploads\/2024\/12\/Screen-Shot-2024-12-05-at-9.42.34-AM-636x359.png 636w, https:\/\/diarioelpopular.com\/wp-content\/uploads\/2024\/12\/Screen-Shot-2024-12-05-at-9.42.34-AM-300x169.png 300w, https:\/\/diarioelpopular.com\/wp-content\/uploads\/2024\/12\/Screen-Shot-2024-12-05-at-9.42.34-AM-768x433.png 768w, https:\/\/diarioelpopular.com\/wp-content\/uploads\/2024\/12\/Screen-Shot-2024-12-05-at-9.42.34-AM-129x73.png 129w, https:\/\/diarioelpopular.com\/wp-content\/uploads\/2024\/12\/Screen-Shot-2024-12-05-at-9.42.34-AM.png 1024w\" sizes=\"auto, (max-width: 636px) 100vw, 636px\" \/><p id=\"caption-attachment-525778\" class=\"wp-caption-text\">Ahora, Macron deber\u00e1 buscar un reemplazo para Barnier.<\/p><\/div>\n<p>&nbsp;<\/p>\n<p>&nbsp;<\/p>\n<div class=\"bbc-19j92fr ebmt73l0\" dir=\"ltr\">\n<ul>\n<li class=\"bbc-hhl7in e17g058b0\" dir=\"ltr\"><em><b>Michel Barnier entr\u00f3 este mi\u00e9rcoles en la historia como el primer ministro m\u00e1s breve que ha tenido la Francia contempor\u00e1nea.<\/b><\/em><\/li>\n<\/ul>\n<\/div>\n<div class=\"bbc-19j92fr ebmt73l0\" dir=\"ltr\">\n<p dir=\"ltr\">\n<p dir=\"ltr\">\n<p class=\"bbc-hhl7in e17g058b0\" dir=\"ltr\">Barnier, quien apenas dur\u00f3 tres meses en el cargo, cay\u00f3 tras la aprobaci\u00f3n de una moci\u00f3n de censura en la Asamblea Nacional que fue presentada por la alianza de izquierda Nuevo Frente Popular (NFP), pero que tambi\u00e9n cont\u00f3 con los votos de Agrupaci\u00f3n Nacional (RN, por sus siglas en franc\u00e9s), el partido de ultraderecha liderado por Marine Le Pen.<\/p>\n<\/div>\n<div class=\"bbc-19j92fr ebmt73l0\" dir=\"ltr\">\n<p class=\"bbc-hhl7in e17g058b0\" dir=\"ltr\">Barnier hab\u00eda sido escogido por el presidente Emmanuel Macron para encabezar el gobierno tras unas elecciones no concluyentes en las que el NFP obtuvo el mayor n\u00famero de esca\u00f1os en la Asamblea Nacional.<\/p>\n<\/div>\n<div class=\"bbc-19j92fr ebmt73l0\" dir=\"ltr\">\n<p class=\"bbc-hhl7in e17g058b0\" dir=\"ltr\">Su designaci\u00f3n gener\u00f3 un descontento inmediato en el NFP, organizaci\u00f3n que aspiraba a que Macron designara a uno de sus l\u00edderes como primer ministro.<\/p>\n<\/div>\n<div class=\"bbc-19j92fr ebmt73l0\" dir=\"ltr\">\n<p class=\"bbc-hhl7in e17g058b0\" dir=\"ltr\">Pero\u00a0el presidente Franc\u00e9s, pese a no contar con una mayor\u00eda parlamentaria, opt\u00f3 por escoger a Barnier, un dirigente conservador.<\/p>\n<\/div>\n<div class=\"bbc-19j92fr ebmt73l0\" dir=\"ltr\">\n<p class=\"bbc-hhl7in e17g058b0\" dir=\"ltr\">Las consecuencias no se han hecho esperar.<\/p>\n<\/div>\n<div class=\"bbc-19j92fr ebmt73l0\" dir=\"ltr\">\n<p class=\"bbc-hhl7in e17g058b0\" dir=\"ltr\">Se trata de la primera vez en 62 a\u00f1os que una moci\u00f3n de censura triunfa en Francia. La \u00faltima fue el 4 de octubre de 1962, bajo la presidencia de Charles de Gaulle, cuando cay\u00f3 el gobierno de Georges Pompidou.<\/p>\n<\/div>\n<div class=\"bbc-19j92fr ebmt73l0\" dir=\"ltr\">\n<p class=\"bbc-hhl7in e17g058b0\" dir=\"ltr\">Aquella vez el primer ministro present\u00f3 su dimisi\u00f3n, pero De Gaulle volvi\u00f3 a nombrarlo para el puesto y sigui\u00f3 ocupando el palacio de Matignon hasta 1968. Un a\u00f1o despu\u00e9s fue elegido presidente de la Rep\u00fablica hasta 1974.<\/p>\n<p dir=\"ltr\">\n<\/div>\n<figure class=\"bbc-1qn0xuy\">\n<div class=\"bbc-18ywsw9\">\n<div style=\"width: 4144px\" class=\"wp-caption alignnone\"><img loading=\"lazy\" decoding=\"async\" class=\"bbc-139onq\" src=\"https:\/\/ichef.bbci.co.uk\/ace\/ws\/640\/cpsprodpb\/9b1d\/live\/83364700-b28d-11ef-b53f-cffe76b14b96.jpg.webp\" alt=\"Michel Barnier\" width=\"4134\" height=\"2325\" \/><p class=\"wp-caption-text\">Fuente de la imagen,EPA.\u00a0\u00a0Michel Barnier solamente dur\u00f3 90 d\u00edas como primer ministro.<\/p><\/div>\n<\/div>\n<\/figure>\n<div class=\"bbc-19j92fr ebmt73l0\" dir=\"ltr\">\n<h2 tabindex=\"-1\"><\/h2>\n<h2 id=\"En-busca-de-un-nuevo-primer-ministro\" class=\"bbc-1lgzob2 eglt09e0\" tabindex=\"-1\">En busca de un nuevo primer ministro<\/h2>\n<\/div>\n<div class=\"bbc-19j92fr ebmt73l0\" dir=\"ltr\">\n<p class=\"bbc-hhl7in e17g058b0\" dir=\"ltr\">Es posible que Macron le pida a Barnier que contin\u00fae como primer ministro interino hasta que se nombre un nuevo gobierno.<\/p>\n<\/div>\n<div class=\"bbc-19j92fr ebmt73l0\" dir=\"ltr\">\n<p class=\"bbc-hhl7in e17g058b0\" dir=\"ltr\">Pero esto no ser\u00e1 f\u00e1cil.<\/p>\n<\/div>\n<div class=\"bbc-19j92fr ebmt73l0\" dir=\"ltr\">\n<p class=\"bbc-hhl7in e17g058b0\" dir=\"ltr\">La polarizaci\u00f3n de la Asamblea Nacional entre varios bloques contrapuestos que no pueden gobernar por s\u00ed solos y que, por sus diferencias ideol\u00f3gicas, tampoco es f\u00e1cil que formen alianzas, hizo que Macron tardara dos meses el pasado verano en lograr nombrar a un primer ministro que no fuera inmediatamente rechazado con virulencia por alguno de los bloques.<\/p>\n<\/div>\n<div class=\"bbc-19j92fr ebmt73l0\" dir=\"ltr\">\n<p class=\"bbc-hhl7in e17g058b0\" dir=\"ltr\">Michel Barnier ten\u00eda todas las credenciales necesarias para esta misi\u00f3n imposible. Hab\u00eda sido cuatro veces ministro y dos veces comisario europeo.<\/p>\n<\/div>\n<div class=\"bbc-19j92fr ebmt73l0\" dir=\"ltr\">\n<p class=\"bbc-hhl7in e17g058b0\" dir=\"ltr\">Es m\u00e1s, fue el negociador jefe de la Uni\u00f3n Europea durante los a\u00f1os del Brexit, cuando Reino Unido decidi\u00f3 abandonar el grupo, una tarea tit\u00e1nica que le hizo ganarse el apodo de \u201cMr Brexit\u201d.<\/p>\n<\/div>\n<div class=\"bbc-19j92fr ebmt73l0\" dir=\"ltr\">\n<p class=\"bbc-hhl7in e17g058b0\" dir=\"ltr\">Parec\u00eda el candidato perfecto para aplacar la tormenta pol\u00edtica francesa que amenazaba con sacudir a toda Europa.<\/p>\n<\/div>\n<div class=\"bbc-19j92fr ebmt73l0\" dir=\"ltr\">\n<p class=\"bbc-hhl7in e17g058b0\" dir=\"ltr\">Pero la Asamblea Nacional francesa, con sus luchas intestinas y sus encarnizados debates, ha resultado ser una prueba a\u00fan m\u00e1s dif\u00edcil que el sonado y costoso divorcio europeo. Su mandato apenas ha durado tres meses, el m\u00e1s corto de la Quinta Rep\u00fablica.<\/p>\n<\/div>\n<div class=\"bbc-19j92fr ebmt73l0\" dir=\"ltr\">\n<h2 id=\"Qu\u00e9-precipit\u00f3-la-moci\u00f3n-de-censura\" class=\"bbc-1lgzob2 eglt09e0\" tabindex=\"-1\">Qu\u00e9 precipit\u00f3 la moci\u00f3n de censura<\/h2>\n<\/div>\n<figure class=\"bbc-1qn0xuy\">\n<div class=\"bbc-18ywsw9\">\n<div style=\"width: 1034px\" class=\"wp-caption alignnone\"><img loading=\"lazy\" decoding=\"async\" class=\"bbc-139onq\" src=\"https:\/\/ichef.bbci.co.uk\/ace\/ws\/640\/cpsprodpb\/7aef\/live\/d4f750a0-b28f-11ef-aff0-072ce821b6ab.jpg.webp\" alt=\"Protesta en Francia.\" width=\"1024\" height=\"683\" \/><p class=\"wp-caption-text\">Fuente de la imagen,Getty Images.\u00a0\u00a0Aunque Barnier logr\u00f3 sortear los primeros descontentos, su gobierno no dur\u00f3.<\/p><\/div>\n<p class=\"bbc-by8ykd\" role=\"text\">\n<\/div>\n<\/figure>\n<div class=\"bbc-19j92fr ebmt73l0\" dir=\"ltr\">\n<p dir=\"ltr\">\n<p dir=\"ltr\">\n<p class=\"bbc-hhl7in e17g058b0\" dir=\"ltr\">Durante las primeras semanas de su mandato, Barnier logr\u00f3 navegar las aguas de la pol\u00edtica francesa aportando lo que algunos llamaron \u201cel efecto Barnier\u201d, una suerte de calma que pareci\u00f3 aplacar a los m\u00e1s recalcitrantes de la Asamblea Nacional.<\/p>\n<\/div>\n<div class=\"bbc-19j92fr ebmt73l0\" dir=\"ltr\">\n<p class=\"bbc-hhl7in e17g058b0\" dir=\"ltr\">El efecto b\u00e1lsamo dur\u00f3, sin embargo, hasta que tuvieron que aprobarse los presupuestos nacionales, en los que Barnier incluy\u00f3 un paquete de ahorro de 60.000 millones de euros (US$63.000 millones) para contener el d\u00e9ficit p\u00fablico.<\/p>\n<\/div>\n<div class=\"bbc-19j92fr ebmt73l0\" dir=\"ltr\">\n<p class=\"bbc-hhl7in e17g058b0\" dir=\"ltr\">El primer ministro negoci\u00f3 a derecha e izquierda e incluso hizo concesiones a Marine Le Pen al renunciar a subir el precio de la luz. Pero nada fue suficiente.<\/p>\n<\/div>\n<div class=\"bbc-19j92fr ebmt73l0\" dir=\"ltr\">\n<p class=\"bbc-hhl7in e17g058b0\" dir=\"ltr\">Sin los votos necesarios para sacarlo adelante,\u00a0Barnier lanz\u00f3 un \u00f3rdago y aprob\u00f3 el pasado lunes el presupuesto por decreto, invocando el art\u00edculo 49.3 de la Constituci\u00f3n que le permite hacerlo.<\/p>\n<\/div>\n<div class=\"bbc-19j92fr ebmt73l0\" dir=\"ltr\">\n<p class=\"bbc-hhl7in e17g058b0\" dir=\"ltr\">Esto provoc\u00f3 que tanto la coalici\u00f3n de izquierdas como la ultraderecha de Marine Le Pen presentaran sendas mociones de censura contra el gobierno.<\/p>\n<\/div>\n<div class=\"bbc-19j92fr ebmt73l0\" dir=\"ltr\">\n<p class=\"bbc-hhl7in e17g058b0\" dir=\"ltr\">Tradicionalmente, la izquierda no ha apoyado los votos de no confianza presentados por la ultraderecha y viceversa. Pero en este caso,\u00a0Le Pen anunci\u00f3 el martes que se sumar\u00eda a la moci\u00f3n de la izquierda, consiguiendo as\u00ed los votos necesarios para hacer caer al gobierno.<\/p>\n<\/div>\n<div class=\"bbc-19j92fr ebmt73l0\" dir=\"ltr\">\n<h2 id=\"Qu\u00e9-pasa-con-Macron\" class=\"bbc-1lgzob2 eglt09e0\" tabindex=\"-1\">Qu\u00e9 pasa con Macron<\/h2>\n<\/div>\n<figure class=\"bbc-1qn0xuy\">\n<div class=\"bbc-18ywsw9\">\n<div style=\"width: 1034px\" class=\"wp-caption alignnone\"><img loading=\"lazy\" decoding=\"async\" class=\"bbc-139onq\" src=\"https:\/\/ichef.bbci.co.uk\/ace\/ws\/640\/cpsprodpb\/22ad\/live\/4308ce20-b290-11ef-aff0-072ce821b6ab.jpg.webp\" alt=\"Macron.\" width=\"1024\" height=\"683\" \/><p class=\"wp-caption-text\">Fuente de la imagen,Getty Images.\u00a0\u00a0Pol\u00edticamente, Macron no vive su mejor momento.<\/p><\/div>\n<\/div>\n<\/figure>\n<div class=\"bbc-19j92fr ebmt73l0\" dir=\"ltr\">\n<p dir=\"ltr\">\n<p dir=\"ltr\">\n<p class=\"bbc-hhl7in e17g058b0\" dir=\"ltr\">La b\u00fasqueda de un nuevo primer ministro ser\u00e1 ahora una nueva prueba de fuego para Macron, cuya popularidad se encuentra en m\u00ednimos hist\u00f3ricos.<\/p>\n<\/div>\n<div class=\"bbc-19j92fr ebmt73l0\" dir=\"ltr\">\n<p class=\"bbc-hhl7in e17g058b0\" dir=\"ltr\">Su precipitada decisi\u00f3n de convocar elecciones el pasado verano para salir del impasse pol\u00edtico en el que se encontraba la Asamblea Nacional result\u00f3 en una polarizaci\u00f3n a\u00fan mayor del hemiciclo.<\/p>\n<\/div>\n<div class=\"bbc-19j92fr ebmt73l0\" dir=\"ltr\">\n<p class=\"bbc-hhl7in e17g058b0\" dir=\"ltr\">Su coalici\u00f3n electoral, que en las elecciones legislativas de 2017 arras\u00f3 y consigui\u00f3 350 esca\u00f1os, hoy es segunda con 168, por detr\u00e1s de la coalici\u00f3n de izquierdas (Nuevo Frente Popular, 193) aunque supera a la ultraderecha de Marine Le Pen (Agrupaci\u00f3n Nacional, 142).<\/p>\n<\/div>\n<div class=\"bbc-19j92fr ebmt73l0\" dir=\"ltr\">\n<p class=\"bbc-hhl7in e17g058b0\" dir=\"ltr\">Seg\u00fan la ley electoral francesa,\u00a0la Asamblea Nacional no podr\u00e1 volver a disolverse hasta que pase un a\u00f1o de su \u00faltima constituci\u00f3n, por lo que Macron se ha quedado sin esa herramienta para volver a barajar las cartas pol\u00edticas del pa\u00eds.<\/p>\n<\/div>\n<div class=\"bbc-19j92fr ebmt73l0\" dir=\"ltr\">\n<p class=\"bbc-hhl7in e17g058b0\" dir=\"ltr\">Desde un extremo al otro de la oposici\u00f3n se ha pedido la dimisi\u00f3n de Macron.<\/p>\n<\/div>\n<div class=\"bbc-19j92fr ebmt73l0\" dir=\"ltr\">\n<p class=\"bbc-hhl7in e17g058b0\" dir=\"ltr\">Pero esto no es algo que est\u00e9 sobre la mesa.\u00a0El presidente ha dejado claro que piensa terminar su segundo mandato de 5 a\u00f1os al frente del El\u00edseo.<\/p>\n<\/div>\n<div class=\"bbc-19j92fr ebmt73l0\" dir=\"ltr\">\n<p class=\"bbc-hhl7in e17g058b0\" dir=\"ltr\">\u201cHe sido elegido dos veces por el pueblo franc\u00e9s. Estoy muy orgulloso de ello y honrar\u00e9 esta confianza con toda la energ\u00eda que me corresponde hasta el \u00faltimo segundo para ser \u00fatil al pa\u00eds\u201d, dijo a los medios el martes.<\/p>\n<\/div>\n<div class=\"bbc-19j92fr ebmt73l0\" dir=\"ltr\">\n<p class=\"bbc-hhl7in e17g058b0\" dir=\"ltr\">Las pr\u00f3ximas elecciones presidenciales deber\u00e1n celebrarse en 2027 y Macron, que hace dos a\u00f1os se convirti\u00f3 en el primer presidente franc\u00e9s en dos d\u00e9cadas en lograr la reelecci\u00f3n, no podr\u00e1 volver a presentarse.<\/p>\n<\/div>\n","protected":false},"excerpt":{"rendered":"<p>&nbsp; &nbsp; Michel Barnier entr\u00f3 este mi\u00e9rcoles en la historia como el primer ministro m\u00e1s breve que ha tenido la Francia contempor\u00e1nea. Barnier, quien apenas&hellip;<\/p>\n","protected":false},"author":99,"featured_media":525778,"comment_status":"open","ping_status":"open","sticky":false,"template":"","format":"standard","meta":{"footnotes":""},"categories":[24],"tags":[],"class_list":["post-525777","post","type-post","status-publish","format-standard","has-post-thumbnail","hentry","category-mundo"],"_links":{"self":[{"href":"https:\/\/diarioelpopular.com\/index.php\/wp-json\/wp\/v2\/posts\/525777","targetHints":{"allow":["GET"]}}],"collection":[{"href":"https:\/\/diarioelpopular.com\/index.php\/wp-json\/wp\/v2\/posts"}],"about":[{"href":"https:\/\/diarioelpopular.com\/index.php\/wp-json\/wp\/v2\/types\/post"}],"author":[{"embeddable":true,"href":"https:\/\/diarioelpopular.com\/index.php\/wp-json\/wp\/v2\/users\/99"}],"replies":[{"embeddable":true,"href":"https:\/\/diarioelpopular.com\/index.php\/wp-json\/wp\/v2\/comments?post=525777"}],"version-history":[{"count":1,"href":"https:\/\/diarioelpopular.com\/index.php\/wp-json\/wp\/v2\/posts\/525777\/revisions"}],"predecessor-version":[{"id":525779,"href":"https:\/\/diarioelpopular.com\/index.php\/wp-json\/wp\/v2\/posts\/525777\/revisions\/525779"}],"wp:featuredmedia":[{"embeddable":true,"href":"https:\/\/diarioelpopular.com\/index.php\/wp-json\/wp\/v2\/media\/525778"}],"wp:attachment":[{"href":"https:\/\/diarioelpopular.com\/index.php\/wp-json\/wp\/v2\/media?parent=525777"}],"wp:term":[{"taxonomy":"category","embeddable":true,"href":"https:\/\/diarioelpopular.com\/index.php\/wp-json\/wp\/v2\/categories?post=525777"},{"taxonomy":"post_tag","embeddable":true,"href":"https:\/\/diarioelpopular.com\/index.php\/wp-json\/wp\/v2\/tags?post=525777"}],"curies":[{"name":"wp","href":"https:\/\/api.w.org\/{rel}","templated":true}]}}