{"id":525781,"date":"2024-12-05T10:52:58","date_gmt":"2024-12-05T14:52:58","guid":{"rendered":"https:\/\/diarioelpopular.com\/?p=525781"},"modified":"2024-12-05T10:52:58","modified_gmt":"2024-12-05T14:52:58","slug":"las-milicias-en-la-frontera-preparadas-para-apoyar-en-la-operacion-de-deportacion-masiva-de-trump","status":"publish","type":"post","link":"https:\/\/diarioelpopular.com\/index.php\/2024\/12\/05\/las-milicias-en-la-frontera-preparadas-para-apoyar-en-la-operacion-de-deportacion-masiva-de-trump\/","title":{"rendered":"Las milicias en la frontera, preparadas para apoyar en la operaci\u00f3n de deportaci\u00f3n masiva de Trump"},"content":{"rendered":"<div id=\"attachment_525782\" style=\"width: 1210px\" class=\"wp-caption alignnone\"><img loading=\"lazy\" decoding=\"async\" aria-describedby=\"caption-attachment-525782\" class=\"wp-image-525782 size-custom-big-size\" src=\"https:\/\/diarioelpopular.com\/wp-content\/uploads\/2024\/12\/Screen-Shot-2024-12-05-at-9.48.42-AM-1200x679.png\" alt=\"\" width=\"1200\" height=\"679\" srcset=\"https:\/\/diarioelpopular.com\/wp-content\/uploads\/2024\/12\/Screen-Shot-2024-12-05-at-9.48.42-AM-1200x679.png 1200w, https:\/\/diarioelpopular.com\/wp-content\/uploads\/2024\/12\/Screen-Shot-2024-12-05-at-9.48.42-AM-300x170.png 300w, https:\/\/diarioelpopular.com\/wp-content\/uploads\/2024\/12\/Screen-Shot-2024-12-05-at-9.48.42-AM-768x435.png 768w, https:\/\/diarioelpopular.com\/wp-content\/uploads\/2024\/12\/Screen-Shot-2024-12-05-at-9.48.42-AM-636x360.png 636w, https:\/\/diarioelpopular.com\/wp-content\/uploads\/2024\/12\/Screen-Shot-2024-12-05-at-9.48.42-AM-129x73.png 129w, https:\/\/diarioelpopular.com\/wp-content\/uploads\/2024\/12\/Screen-Shot-2024-12-05-at-9.48.42-AM.png 1024w\" sizes=\"auto, (max-width: 1200px) 100vw, 1200px\" \/><p id=\"caption-attachment-525782\" class=\"wp-caption-text\">Integrantes de grupos de extrema derecha y partidarios de Trump durante la &#8216;Marcha del Mill\u00f3n de MAGA&#8217; en Washington.\u00a0 \u00a0 \u00a0Zach D. Roberts (Getty Images)<\/p><\/div>\n<p>&nbsp;<\/p>\n<p>&nbsp;<\/p>\n<h4 class=\"a_st\"><em>&#8211; Grupos de civiles armados que ya patrullan en busca de migrantes ilegales se han ofrecido para cooperar de manera oficial en la agenda migratoria del presidente electo<\/em><\/h4>\n<p>&nbsp;<\/p>\n<p class=\"\">A lo largo de la vasta frontera sur, por los desiertos y en las orillas del r\u00edo serpenteante, es bien sabido que hay hombres armados que parecen soldados o miembros de la Patrulla Fronteriza, pero no lo son.\u00a0<a href=\"https:\/\/elpais.com\/videos\/2022-05-22\/video-la-milicia-armada-que-vigila-la-frontera-de-ee-uu.html\" data-link-track-dtm=\"\" data-mrf-link=\"https:\/\/elpais.com\/videos\/2022-05-22\/video-la-milicia-armada-que-vigila-la-frontera-de-ee-uu.html\">Son milicianos<\/a>. Organizados en numerosos grupos con ligeramente diferentes caracter\u00edsticas, desde veteranos de las fuerzas armadas a simpatizantes de\u00a0<a href=\"https:\/\/elpais.com\/television\/2020-09-23\/qanon-el-gran-delirio-es-bienvenido-en-el-trumpismo.html\" data-link-track-dtm=\"\" data-mrf-link=\"https:\/\/elpais.com\/television\/2020-09-23\/qanon-el-gran-delirio-es-bienvenido-en-el-trumpismo.html\">las teor\u00edas conspirativas de QAnon<\/a>, los une\u00a0<a href=\"https:\/\/elpais.com\/us\/2024-11-25\/la-extrema-derecha-estadounidense-se-envalentona-con-la-llegada-de-donald-trump.html\" data-link-track-dtm=\"\" data-mrf-link=\"https:\/\/elpais.com\/us\/2024-11-25\/la-extrema-derecha-estadounidense-se-envalentona-con-la-llegada-de-donald-trump.html\">una ideolog\u00eda de extrema derecha\u00a0<\/a>y la convicci\u00f3n de supuestamente proteger la integridad del pa\u00eds frente a una \u201cinvasi\u00f3n\u201d de migrantes.<\/p>\n<p class=\"\">Las milicias est\u00e1n en el centro del mito fundacional de la naci\u00f3n, y las versiones modernas han existido desde hace m\u00e1s de cuatro d\u00e9cadas, pero en los \u00faltimos a\u00f1os y al calor del trumpismo han aumentado su actividad notablemente; aunque no hay una cifra clara de cu\u00e1ntas hay, se estima que cerca de 200 por lo menos. Y ahora, ante la inminencia de la segunda presidencia de Donald Trump y la puesta en marcha de<a href=\"https:\/\/elpais.com\/us\/2024-11-24\/la-migracion-en-el-primer-dia-de-trump-una-incognita-entre-promesas-ambiciosas-de-mano-dura.html\" data-link-track-dtm=\"\" data-mrf-link=\"https:\/\/elpais.com\/us\/2024-11-24\/la-migracion-en-el-primer-dia-de-trump-una-incognita-entre-promesas-ambiciosas-de-mano-dura.html\">\u00a0su plan de deportaci\u00f3n masiva<\/a>, en el que asegura que expulsar\u00e1 a todos los inmigrantes ilegales que hay en el pa\u00eds \u2014la cifra oficial es de 11 millones, pero el presidente electo ha dicho, sin pruebas, que pueden ser hasta 25 millones\u2014 los milicianos se han ofrecido para cooperar en la operaci\u00f3n como haga falta.<\/p>\n<p class=\"\">\u201cBuenos patriotas\u201d, los llama\u00a0<a href=\"https:\/\/elpais.com\/us\/migracion\/2024-11-11\/tom-homan-claves-para-conocer-al-nuevo-zar-de-la-frontera-de-trump.html\" data-link-track-dtm=\"\" data-mrf-link=\"https:\/\/elpais.com\/us\/migracion\/2024-11-11\/tom-homan-claves-para-conocer-al-nuevo-zar-de-la-frontera-de-trump.html\">el \u201czar de la frontera\u201d, Tom Homan<\/a>. \u201cHay miles de agentes retirados, patrulleros fronterizos, militares retirados que quieren venir y se han ofrecido como voluntarios para ayudar a este presidente a asegurar la frontera y hacer los operativos de deportaci\u00f3n\u201d, dijo en\u00a0<a href=\"https:\/\/www.foxnews.com\/video\/6364544497112\" target=\"_blank\" rel=\"noopener\" data-link-track-dtm=\"\" data-mrf-link=\"https:\/\/www.foxnews.com\/video\/6364544497112\">una entrevista en Fox News<\/a>\u00a0a los pocos d\u00edas de ser designado en su nuevo puesto por el presidente electo.<\/p>\n<p class=\"\">Son numerosas las preguntas sobre la viabilidad y la legalidad de una cooperaci\u00f3n entre grupos civiles armados y las fuerzas de inmigraci\u00f3n federales, pero ante la dimensi\u00f3n de la tarea que el presidente electo ha prometido \u2014que en principio incluye la declaraci\u00f3n del estado de emergencia para poder utilizar fondos militares y desplegar soldados, como tambi\u00e9n la dif\u00edcil-de-cumplir contrataci\u00f3n de 10.000 nuevos agentes para la patrulla fronteriza, entro otras medidas\u2014 la disposici\u00f3n de las dos partes parece clara. \u201cEstamos en contacto con diversas personas. Tenemos un mejor conocimiento del terreno que los agentes federales\u201d, le dijo Tim Foley, el l\u00edder del Arizona Border Recon, un \u201cgrupo de patrulla civil\u201d que, al igual que varios otros grupos, presuntamente tiene docenas de miembros expertos en rastreo y un sofisticado equipo de c\u00e1maras y drones, a<i>\u00a0<\/i><a href=\"https:\/\/www.wired.com\/story\/border-militias-immigrants-trump\/\" target=\"_blank\" rel=\"noopener\" data-link-track-dtm=\"\" data-mrf-link=\"https:\/\/www.wired.com\/story\/border-militias-immigrants-trump\/\"><i>Wired<\/i><\/a><i>,<\/i><\/p>\n<p>&nbsp;<\/p>\n<figure class=\"a_m a_m-h \">\n<p><div style=\"width: 424px\" class=\"wp-caption alignnone\"><img loading=\"lazy\" decoding=\"async\" class=\"_re lazyload a_m-h\" src=\"https:\/\/imagenes.elpais.com\/resizer\/v2\/24ADO463UNAAFJ3FQ3MSID2BLM.jpg?auth=530a7c033df579dd12c62c0f72c4484ce7a4e116540491d6065ec7f27e4d60c9&amp;width=414\" sizes=\"auto, (min-width:1199px) 1155px,(min-width:1001px) calc(100vw - 44px),(min-width:768px) 767px, 100vw\" srcset=\"https:\/\/imagenes.elpais.com\/resizer\/v2\/24ADO463UNAAFJ3FQ3MSID2BLM.jpg?auth=530a7c033df579dd12c62c0f72c4484ce7a4e116540491d6065ec7f27e4d60c9&amp;width=414 414w,https:\/\/imagenes.elpais.com\/resizer\/v2\/24ADO463UNAAFJ3FQ3MSID2BLM.jpg?auth=530a7c033df579dd12c62c0f72c4484ce7a4e116540491d6065ec7f27e4d60c9&amp;width=828 640w,https:\/\/imagenes.elpais.com\/resizer\/v2\/24ADO463UNAAFJ3FQ3MSID2BLM.jpg?auth=530a7c033df579dd12c62c0f72c4484ce7a4e116540491d6065ec7f27e4d60c9&amp;width=980 1000w,https:\/\/imagenes.elpais.com\/resizer\/v2\/24ADO463UNAAFJ3FQ3MSID2BLM.jpg?auth=530a7c033df579dd12c62c0f72c4484ce7a4e116540491d6065ec7f27e4d60c9&amp;width=1960 1960w\" alt=\"Tom Homan\" width=\"414\" height=\"276\" \/><p class=\"wp-caption-text\">Tom Homan se re\u00fane con polic\u00edas estatales y guardias nacionales que participan en la Operaci\u00f3n Lone Star en la frontera sur de Estados Unidos, en Eagle Pass, Texas. El pasado 26 de noviembre.Eric Gay (AP)<\/p><\/div><figcaption class=\"a_m_p\"><\/figcaption><\/figure>\n<p>&nbsp;<\/p>\n<p>&nbsp;<\/p>\n<p class=\"\">Al comenzar a salir de las sombras ahora \u2014aunque en los recodos del internet sus actividades no son ning\u00fan secreto y videos de ellos deteniendo migrantes para entregarlos a la Patrulla Fronteriza son relativamente comunes\u2014, los milicianos fronterizos pueden estar comenzando a escribir el nuevo cap\u00edtulo de su historia. Ya en la primera d\u00e9cada del siglo XXI estos grupos, que se formaron en los ochenta motivados por profundas sospechas sobre el gobierno federal, posaron sus ojos sobre los m\u00e1s de 3.000 kil\u00f3metros que separan Estados Unidos y M\u00e9xico. Desde entonces, espor\u00e1dicamente han protagonizado noticias que recuerdan de su presencia y siniestro potencial: en 2009 tres miembros de del grupo de vigilantes llamado Minutemen American Defense mataron a una ni\u00f1a de nueve a\u00f1os y a su padre en Arizona \u2014dos de ellos fueron condenados a muerte y otro a pasar la vida tras las rejas\u2014; diez a\u00f1os m\u00e1s tarde, en 2019, la cabeza de los United Consitutional Patriots fue arrestado por cargos de posesi\u00f3n de armas de fuego despu\u00e9s de circular\u00a0<a href=\"https:\/\/www.youtube.com\/watch?v=DlRMFXxKIA8&amp;ab_channel=CNN\" target=\"_blank\" rel=\"noopener\" data-link-track-dtm=\"\" data-mrf-link=\"https:\/\/www.youtube.com\/watch?v=DlRMFXxKIA8&amp;ab_channel=CNN\">un video en el que el grupo deten\u00eda a 200 migrantes a punto de pistola<\/a>; y hace apenas unas semanas, dos milicianos fueron condenados por conspirar para matar a agentes de la Patrulla Fronteriza, a los que acusaban de no asegurar la frontera.<\/p>\n<p class=\"\">A pesar de esto, en muchas instancias las milicias operan con el consentimiento t\u00e1cito de las autoridades locales. El Sheriff Mark Lamb del condado de Pinal,\u00a0<a href=\"https:\/\/elpais.com\/internacional\/elecciones-usa\/2024-11-02\/arizona-la-frontera-que-separa-a-donald-trump-o-kamala-harris-de-la-casa-blanca.html\" data-link-track-dtm=\"\" data-mrf-link=\"https:\/\/elpais.com\/internacional\/elecciones-usa\/2024-11-02\/arizona-la-frontera-que-separa-a-donald-trump-o-kamala-harris-de-la-casa-blanca.html\">en Arizona<\/a>, por ejemplo, es una conocida voz a favor de las actividades de los vigilantes fronterizos. Su hijo, Cade Lamb, es el fundador de Sonoran Asset Group, otra milicia que, sin embargo, se describe como una firma de consultor\u00eda pol\u00edtica, seg\u00fan\u00a0<a href=\"https:\/\/www.texasobserver.org\/border-vigilantes-law-enforcement-texas-arizona\/\" target=\"_blank\" rel=\"noopener\" data-link-track-dtm=\"\" data-mrf-link=\"https:\/\/www.texasobserver.org\/border-vigilantes-law-enforcement-texas-arizona\/\">una investigaci\u00f3n de\u00a0<i>Texas Observer<\/i><\/a><i>.\u00a0<\/i>Algunos videos en los que Cade Lamb hostiga y amenaza a organizaciones humanitarias que est\u00e1n recibiendo y ayudando migrantes en el desierto, acus\u00e1ndolos de complicidad con \u201cfalsos solicitantes de asilo\u201d, los us\u00f3 su padre en su fallida campa\u00f1a para el Senado este verano.<\/p>\n<p class=\"\">Lamb es un sheriff constitucional, es decir, cree que los sheriffs tienen la autoridad suprema y solo deben rendir cuentas a Dios, no al gobierno federal. Y hay docenas de otros oficiales que comparten gran parte de lo que piensa Lamb, muchos de los cuales conocen personalmente al \u201czar de la frontera\u201d Homan, que durante a\u00f1os fue agente fronterizo, y asegura haber sido inundado de mensajes de apoyo de antiguos compa\u00f1eros que hoy son sheriffs, patrulleros o est\u00e1n retirados pero dispuestos a volver a vigilar la frontera.<\/p>\n<p>&nbsp;<\/p>\n<figure class=\"a_m a_m-h \">\n<p><div style=\"width: 424px\" class=\"wp-caption alignnone\"><img loading=\"lazy\" decoding=\"async\" class=\"_re lazyload a_m-h\" src=\"https:\/\/imagenes.elpais.com\/resizer\/v2\/AKSPWU2JSBAAZPJMMF3EJ7SGZE.jpg?auth=24d58f6b8cb76b71ede5f9f182fe590f92e49597848c9de30079fc6ff7d2f5e0&amp;width=414\" sizes=\"auto, (min-width:1199px) 1155px,(min-width:1001px) calc(100vw - 44px),(min-width:768px) 767px, 100vw\" srcset=\"https:\/\/imagenes.elpais.com\/resizer\/v2\/AKSPWU2JSBAAZPJMMF3EJ7SGZE.jpg?auth=24d58f6b8cb76b71ede5f9f182fe590f92e49597848c9de30079fc6ff7d2f5e0&amp;width=414 414w,https:\/\/imagenes.elpais.com\/resizer\/v2\/AKSPWU2JSBAAZPJMMF3EJ7SGZE.jpg?auth=24d58f6b8cb76b71ede5f9f182fe590f92e49597848c9de30079fc6ff7d2f5e0&amp;width=828 640w,https:\/\/imagenes.elpais.com\/resizer\/v2\/AKSPWU2JSBAAZPJMMF3EJ7SGZE.jpg?auth=24d58f6b8cb76b71ede5f9f182fe590f92e49597848c9de30079fc6ff7d2f5e0&amp;width=980 1000w,https:\/\/imagenes.elpais.com\/resizer\/v2\/AKSPWU2JSBAAZPJMMF3EJ7SGZE.jpg?auth=24d58f6b8cb76b71ede5f9f182fe590f92e49597848c9de30079fc6ff7d2f5e0&amp;width=1960 1960w\" alt=\"Minuteman Civil Defense Corps (MCDC)\" width=\"414\" height=\"276\" \/><p class=\"wp-caption-text\">Tim Donnelly, organizador del Cuerpo de Defensa Civil Minuteman, prueba un equipo de visi\u00f3n nocturna en busca de migrantes ilegales y traficantes de drogas en Jacumba, California. En 2006.David McNew (Getty Images)<\/p><\/div><figcaption class=\"a_m_p\"><\/figcaption><\/figure>\n<p>&nbsp;<\/p>\n<p class=\"\">Con este contexto y\u00a0<a href=\"https:\/\/elpais.com\/us\/2024-11-18\/el-regreso-de-donald-trump-cuando-tomara-posesion-como-presidente.html\" data-link-track-dtm=\"\" data-mrf-link=\"https:\/\/elpais.com\/us\/2024-11-18\/el-regreso-de-donald-trump-cuando-tomara-posesion-como-presidente.html\">la toma de posesi\u00f3n de Trump<\/a>\u00a0cada vez m\u00e1s cerca en el horizonte, los milicianos tienen la confiada esperanza de que recibir\u00e1n el benepl\u00e1cito del gobierno para continuar y expandir su actividad vigilante en la frontera. De acuerdo a\u00a0<i>Wired<\/i>, un grupo cerrado de Telegram que aglomera a miembros que se identifican como miembros de diferentes milicias ha explotado con conversaciones sobre los planes de Trump. \u201cMe alegrar\u00eda much\u00edsimo si se delegara a civiles en la guerra contra la invasi\u00f3n de las fronteras\u201d, escribi\u00f3 alguien. \u201cS\u00ed, se\u00f1or, he estado preguntando por ello a algunas personas cercanas a esta administraci\u00f3n\u201d, respondi\u00f3 otro. \u201cHay que hacer algo, ya que el problema es masivo y la fuerza de trabajo necesaria ser\u00e1 enorme\u201d, agreg\u00f3.<\/p>\n<p class=\"\">Cuando otra persona sugiri\u00f3 que los miembros de la milicia suspendieran las operaciones y dejaran a las fuerzas oficiales hacer su trabajo, fue acusado de ser un \u201cfederal\u201d o una \u201cv\u00edctima de operaciones psicol\u00f3gicas\u201d. \u201cCualquiera que sea sorprendido disuadiendo a los Patriotas de unirse constitucionalmente a escala masiva es sospechoso\u201d, escribieron.<\/p>\n<p class=\"\">Estos tipos de mensaje se han extendido por otras redes sociales tambi\u00e9n. \u201cLa invasi\u00f3n fronteriza inconstitucional, ilegal e intencional es la verdadera insurrecci\u00f3n, por lo tanto, se debe usar el Acto de Insurrecci\u00f3n y se debe llamar a la Milicia\/ Militar para sofocarla de inmediato\u201d, escribi\u00f3 una persona en\u00a0<a href=\"https:\/\/cincodias.elpais.com\/mercados-financieros\/2024-12-04\/las-bombas-de-trump-en-redes-sociales-un-nuevo-foco-de-inestabilidad-para-los-mercados.html\" data-link-track-dtm=\"\" data-mrf-link=\"https:\/\/cincodias.elpais.com\/mercados-financieros\/2024-12-04\/las-bombas-de-trump-en-redes-sociales-un-nuevo-foco-de-inestabilidad-para-los-mercados.html\">Truth Social<\/a>\u00a0la semana pasada. \u201c\u00a1\u00a1\u00a1Viva la Milicia MAGA!!!\u201d. Y los Proud Boys del Sur de Texas volvieron a publicar un meme que muestra a un grupo de soldados montados en la parte trasera de un cami\u00f3n, con la leyenda: \u201cLos chicos y yo cuando seamos delegados como ICE bajo el segundo mandato de Trump\u201d.<\/p>\n<p>&nbsp;<\/p>\n<figure class=\"a_m a_m-h \">\n<p><div style=\"width: 424px\" class=\"wp-caption alignnone\"><img loading=\"lazy\" decoding=\"async\" class=\"_re lazyload a_m-h\" src=\"https:\/\/imagenes.elpais.com\/resizer\/v2\/ECQTG3BDERAMNBTVD26LXYXK3M.jpg?auth=201f54774803f53bd9df8822197fbd73cfbe162bbb1ff07111ba12eb25e38864&amp;width=414\" sizes=\"auto, (min-width:1199px) 1155px,(min-width:1001px) calc(100vw - 44px),(min-width:768px) 767px, 100vw\" srcset=\"https:\/\/imagenes.elpais.com\/resizer\/v2\/ECQTG3BDERAMNBTVD26LXYXK3M.jpg?auth=201f54774803f53bd9df8822197fbd73cfbe162bbb1ff07111ba12eb25e38864&amp;width=414 414w,https:\/\/imagenes.elpais.com\/resizer\/v2\/ECQTG3BDERAMNBTVD26LXYXK3M.jpg?auth=201f54774803f53bd9df8822197fbd73cfbe162bbb1ff07111ba12eb25e38864&amp;width=828 640w,https:\/\/imagenes.elpais.com\/resizer\/v2\/ECQTG3BDERAMNBTVD26LXYXK3M.jpg?auth=201f54774803f53bd9df8822197fbd73cfbe162bbb1ff07111ba12eb25e38864&amp;width=980 1000w,https:\/\/imagenes.elpais.com\/resizer\/v2\/ECQTG3BDERAMNBTVD26LXYXK3M.jpg?auth=201f54774803f53bd9df8822197fbd73cfbe162bbb1ff07111ba12eb25e38864&amp;width=1960 1960w\" alt=\"Proud Boys\" width=\"414\" height=\"276\" \/><p class=\"wp-caption-text\">Miembros de Proud Boys marchan en en Washington, en diciembre de 2020.Stephanie Keith (Getty Images)<\/p><\/div><figcaption class=\"a_m_p\"><\/figcaption><\/figure>\n<p>&nbsp;<\/p>\n<p>&nbsp;<\/p>\n<p class=\"\">Los\u00a0<a href=\"https:\/\/elpais.com\/internacional\/elecciones-usa\/2020-09-30\/proud-boys-el-grupo-ultraderecha-solo-para-chicos-que-trump-se-nego-a-condenar.html\" data-link-track-dtm=\"\" data-mrf-link=\"https:\/\/elpais.com\/internacional\/elecciones-usa\/2020-09-30\/proud-boys-el-grupo-ultraderecha-solo-para-chicos-que-trump-se-nego-a-condenar.html\">Proud Boys<\/a>\u00a0son, probablemente, la milicia mejor conocida, gracias a su papel en el asalto al Capitolio del 6 de enero de 2021, cuando el entonces presidente se dirigi\u00f3 directamente a los miembros de este grupo y les dio la orden de \u201cretroceder y aguardar\u201d. Muchos de ellos, incluyendo varios de sus l\u00edderes, como\u00a0<a href=\"https:\/\/elpais.com\/internacional\/2022-03-08\/el-exlider-de-los-proud-boys-acusado-de-conspiracion-en-relacion-al-ataque-al-capitolio.html\" data-link-track-dtm=\"\" data-mrf-link=\"https:\/\/elpais.com\/internacional\/2022-03-08\/el-exlider-de-los-proud-boys-acusado-de-conspiracion-en-relacion-al-ataque-al-capitolio.html\">Enrique Tarrio<\/a>, ahora est\u00e1n en prisi\u00f3n junto con miembros de otros grupos, como<a href=\"https:\/\/elpais.com\/internacional\/2023-01-23\/cuatro-miembros-de-la-milicia-ultraderechista-oath-keepers-culpables-de-sedicion-por-el-asalto-al-capitolio.html\" data-link-track-dtm=\"\" data-mrf-link=\"https:\/\/elpais.com\/internacional\/2023-01-23\/cuatro-miembros-de-la-milicia-ultraderechista-oath-keepers-culpables-de-sedicion-por-el-asalto-al-capitolio.html\">\u00a0los Oath Keepers, condenados por insurrecci\u00f3n y sedici\u00f3n<\/a>\u00a0por sus actos aquel d\u00eda.<\/p>\n<p class=\"\">El presidente electo Trump los considera injustamente presos y hay mucha expectativa sobre si los indultar\u00e1, especialmente tras\u00a0<a href=\"https:\/\/elpais.com\/internacional\/elecciones-usa\/2024-12-02\/el-presidente-biden-indulta-a-su-hijo-hunter-de-los-casos-de-posesion-ilegal-de-un-arma-y-fraude-fiscal.html\" data-link-track-dtm=\"\" data-mrf-link=\"https:\/\/elpais.com\/internacional\/elecciones-usa\/2024-12-02\/el-presidente-biden-indulta-a-su-hijo-hunter-de-los-casos-de-posesion-ilegal-de-un-arma-y-fraude-fiscal.html\">el perd\u00f3n de Joe Biden a su hijo Hunter, hace unos d\u00edas<\/a>. \u201c\u00bfIncluye el indulto concedido por Joe a Hunter a los Rehenes del E-6, encarcelados desde hace a\u00f1os? Semejante abuso y fraude judicial\u201d, public\u00f3 en su red social, dejando la puerta abierta a un indulto propio a los insurrectos presos. Puede que su relaci\u00f3n con estos grupos se oficialice y estreche todav\u00eda m\u00e1s si los acepta a colaborar en el plan para llevar a cabo \u201cla mayor deportaci\u00f3n de la historia\u201d. Al juzgar por las palabras que se han dicho al respecto, es probable que por lo menos se intente. La pregunta es qu\u00e9 barreras legales se podr\u00e1n levantar para evitarlo.<\/p>\n","protected":false},"excerpt":{"rendered":"<p>&nbsp; &nbsp; &#8211; Grupos de civiles armados que ya patrullan en busca de migrantes ilegales se han ofrecido para cooperar de manera oficial en la&hellip;<\/p>\n","protected":false},"author":99,"featured_media":525782,"comment_status":"open","ping_status":"open","sticky":false,"template":"","format":"standard","meta":{"footnotes":""},"categories":[24],"tags":[],"class_list":["post-525781","post","type-post","status-publish","format-standard","has-post-thumbnail","hentry","category-mundo"],"_links":{"self":[{"href":"https:\/\/diarioelpopular.com\/index.php\/wp-json\/wp\/v2\/posts\/525781","targetHints":{"allow":["GET"]}}],"collection":[{"href":"https:\/\/diarioelpopular.com\/index.php\/wp-json\/wp\/v2\/posts"}],"about":[{"href":"https:\/\/diarioelpopular.com\/index.php\/wp-json\/wp\/v2\/types\/post"}],"author":[{"embeddable":true,"href":"https:\/\/diarioelpopular.com\/index.php\/wp-json\/wp\/v2\/users\/99"}],"replies":[{"embeddable":true,"href":"https:\/\/diarioelpopular.com\/index.php\/wp-json\/wp\/v2\/comments?post=525781"}],"version-history":[{"count":1,"href":"https:\/\/diarioelpopular.com\/index.php\/wp-json\/wp\/v2\/posts\/525781\/revisions"}],"predecessor-version":[{"id":525783,"href":"https:\/\/diarioelpopular.com\/index.php\/wp-json\/wp\/v2\/posts\/525781\/revisions\/525783"}],"wp:featuredmedia":[{"embeddable":true,"href":"https:\/\/diarioelpopular.com\/index.php\/wp-json\/wp\/v2\/media\/525782"}],"wp:attachment":[{"href":"https:\/\/diarioelpopular.com\/index.php\/wp-json\/wp\/v2\/media?parent=525781"}],"wp:term":[{"taxonomy":"category","embeddable":true,"href":"https:\/\/diarioelpopular.com\/index.php\/wp-json\/wp\/v2\/categories?post=525781"},{"taxonomy":"post_tag","embeddable":true,"href":"https:\/\/diarioelpopular.com\/index.php\/wp-json\/wp\/v2\/tags?post=525781"}],"curies":[{"name":"wp","href":"https:\/\/api.w.org\/{rel}","templated":true}]}}