{"id":525785,"date":"2024-12-05T10:58:44","date_gmt":"2024-12-05T14:58:44","guid":{"rendered":"https:\/\/diarioelpopular.com\/?p=525785"},"modified":"2024-12-05T10:58:44","modified_gmt":"2024-12-05T14:58:44","slug":"sheinbaum-anuncia-la-mayor-incautacion-de-fentanilo-y-moviliza-a-su-zar-de-seguridad-para-enfrentar-la-crisis-de-violencia-en-sinaloa","status":"publish","type":"post","link":"https:\/\/diarioelpopular.com\/index.php\/2024\/12\/05\/sheinbaum-anuncia-la-mayor-incautacion-de-fentanilo-y-moviliza-a-su-zar-de-seguridad-para-enfrentar-la-crisis-de-violencia-en-sinaloa\/","title":{"rendered":"Sheinbaum anuncia la mayor incautaci\u00f3n de fentanilo y moviliza a su zar de seguridad para enfrentar la crisis de violencia en Sinaloa"},"content":{"rendered":"<div id=\"attachment_525786\" style=\"width: 1210px\" class=\"wp-caption alignnone\"><img loading=\"lazy\" decoding=\"async\" aria-describedby=\"caption-attachment-525786\" class=\"wp-image-525786 size-custom-big-size\" src=\"https:\/\/diarioelpopular.com\/wp-content\/uploads\/2024\/12\/Screen-Shot-2024-12-05-at-9.58.00-AM-1200x792.png\" alt=\"\" width=\"1200\" height=\"792\" srcset=\"https:\/\/diarioelpopular.com\/wp-content\/uploads\/2024\/12\/Screen-Shot-2024-12-05-at-9.58.00-AM-1200x792.png 1200w, https:\/\/diarioelpopular.com\/wp-content\/uploads\/2024\/12\/Screen-Shot-2024-12-05-at-9.58.00-AM-300x198.png 300w, https:\/\/diarioelpopular.com\/wp-content\/uploads\/2024\/12\/Screen-Shot-2024-12-05-at-9.58.00-AM-768x507.png 768w, https:\/\/diarioelpopular.com\/wp-content\/uploads\/2024\/12\/Screen-Shot-2024-12-05-at-9.58.00-AM-85x55.png 85w, https:\/\/diarioelpopular.com\/wp-content\/uploads\/2024\/12\/Screen-Shot-2024-12-05-at-9.58.00-AM-636x420.png 636w, https:\/\/diarioelpopular.com\/wp-content\/uploads\/2024\/12\/Screen-Shot-2024-12-05-at-9.58.00-AM-111x73.png 111w, https:\/\/diarioelpopular.com\/wp-content\/uploads\/2024\/12\/Screen-Shot-2024-12-05-at-9.58.00-AM.png 1024w\" sizes=\"auto, (max-width: 1200px) 100vw, 1200px\" \/><p id=\"caption-attachment-525786\" class=\"wp-caption-text\">Omar Garc\u00eda Harfuch habla junto a Claudia Sheinbaum en la conferencia matutina en Ciudad de M\u00e9xico.\u00a0 \u00a0 \u00a0 \u00a0 \u00a0 \u00a0 \u00a0 \u00a0 \u00a0 \u00a0 \u00a0 \u00a0 \u00a0 \u00a0 \u00a0 S\u00e1shenka Guti\u00e9rrez (EFE)<\/p><\/div>\n<p>&nbsp;<\/p>\n<p>&nbsp;<\/p>\n<h4 class=\"a_st\"><em>&#8211; Las autoridades mandan la se\u00f1al de que la guerra en el basti\u00f3n del Cartel de Sinaloa encabeza la lista de prioridades, en un doble intento por intentar apaciguar a Trump y las cr\u00edticas internas a su estrategia contra el crimen organizado<\/em><\/h4>\n<p>&nbsp;<\/p>\n<p class=\"\">Las autoridades mexicanas anunciaron\u00a0<a href=\"https:\/\/elpais.com\/mexico\/2024-12-04\/la-marina-incauta-en-sinaloa-el-mayor-alijo-de-fentanilo-de-la-historia-de-mexico.html\" data-link-track-dtm=\"\" data-mrf-link=\"https:\/\/elpais.com\/mexico\/2024-12-04\/la-marina-incauta-en-sinaloa-el-mayor-alijo-de-fentanilo-de-la-historia-de-mexico.html\">la mayor incautaci\u00f3n de fentanilo de su historia<\/a>\u00a0en un momento cr\u00edtico para la seguridad del pa\u00eds. Un operativo encabezado por la Secretar\u00eda de Marina se sald\u00f3 con el decomiso de una tonelada y media de pastillas de la droga sint\u00e9tica, el equivalente a 20 millones de dosis y 400 millones de d\u00f3lares. El \u00faltimo golpe se produjo en\u00a0<a href=\"https:\/\/elpais.com\/mexico\/2024-11-11\/la-guerra-psicologica-de-sinaloa-jamas-me-habia-sentido-tan-triste-y-desesperanzada.html\" data-link-track-dtm=\"\" data-mrf-link=\"https:\/\/elpais.com\/mexico\/2024-11-11\/la-guerra-psicologica-de-sinaloa-jamas-me-habia-sentido-tan-triste-y-desesperanzada.html\">Sinaloa, epicentro hist\u00f3rico del narcotr\u00e1fico<\/a>, y justo a punto de que se rebase el umbral de los 500 asesinatos despu\u00e9s de tres meses de violencia ininterrumpida, en medio de la mayor fractura que ha sufrido el cartel fundado por\u00a0<a href=\"https:\/\/elpais.com\/mexico\/2024-10-28\/el-chapo-se-juega-sus-ultimas-cartas-desde-la-carcel-la-ineficiencia-de-mis-abogados-me-costo-mi-libertad.html\" data-link-track-dtm=\"\" data-mrf-link=\"https:\/\/elpais.com\/mexico\/2024-10-28\/el-chapo-se-juega-sus-ultimas-cartas-desde-la-carcel-la-ineficiencia-de-mis-abogados-me-costo-mi-libertad.html\">Joaqu\u00edn\u00a0<i>El Chapo<\/i>\u00a0Guzm\u00e1n<\/a>\u00a0e\u00a0<a href=\"https:\/\/elpais.com\/mexico\/2024-08-25\/la-caida-de-el-mayo-zambada-cronologia-del-escandalo-que-ha-cimbrado-a-mexico.html\" data-link-track-dtm=\"\" data-mrf-link=\"https:\/\/elpais.com\/mexico\/2024-08-25\/la-caida-de-el-mayo-zambada-cronologia-del-escandalo-que-ha-cimbrado-a-mexico.html\">Ismael\u00a0<i>El Mayo<\/i>\u00a0Zambada<\/a>\u00a0en m\u00e1s de una d\u00e9cada. La presidente,\u00a0<a href=\"https:\/\/elpais.com\/mexico\/2024-11-19\/la-captura-del-mayo-llega-al-g-20-sheinbaum-pide-directamente-a-biden-que-informe-de-la-detencion.html\" data-link-track-dtm=\"\" data-mrf-link=\"https:\/\/elpais.com\/mexico\/2024-11-19\/la-captura-del-mayo-llega-al-g-20-sheinbaum-pide-directamente-a-biden-que-informe-de-la-detencion.html\">Claudia Sheinbaum<\/a>, sac\u00f3 pecho tras el alijo y dio a conocer este mi\u00e9rcoles que Omar Garc\u00eda Harfuch, secretario de Seguridad y arquitecto de su pol\u00edtica contra la crisis de violencia, se traslad\u00f3 para coordinar la estrategia de forma personal y sobre el terreno. La mandataria declar\u00f3 que habr\u00e1 \u201ccero tolerancia\u201d, una respuesta directa a las cr\u00edticas que han emergido en el inicio de su Administraci\u00f3n y a las presiones de\u00a0<a href=\"https:\/\/elpais.com\/mexico\/2024-11-06\/el-regreso-de-trump-enciende-las-alarmas-en-mexico.html\" data-link-track-dtm=\"\" data-mrf-link=\"https:\/\/elpais.com\/mexico\/2024-11-06\/el-regreso-de-trump-enciende-las-alarmas-en-mexico.html\">Donald Trump<\/a>\u00a0para exigir acciones m\u00e1s contundentes en el combate contra los grupos criminales.<\/p>\n<p class=\"\">La incautaci\u00f3n es un tanque de ox\u00edgeno para el Gobierno de Sheinbaum y la carta de presentaci\u00f3n de\u00a0<a href=\"https:\/\/elpais.com\/mexico\/2024-11-18\/harfuch-se-prepara-para-estrenar-sus-mil-brazos-policiales.html\" data-link-track-dtm=\"\" data-mrf-link=\"https:\/\/elpais.com\/mexico\/2024-11-18\/harfuch-se-prepara-para-estrenar-sus-mil-brazos-policiales.html\">Garc\u00eda Harfuch, el hombre en quien la presidente conf\u00eda para apaciguar el pa\u00eds<\/a>, frente a sus contrapartes estadounidenses. La presidente pidi\u00f3 un nuevo voto de confianza para la nueva estrategia de seguridad, que retoma la atenci\u00f3n a las causas y la<a href=\"https:\/\/elpais.com\/mexico\/2024-09-20\/mexico-inicia-la-entrega-de-la-guardia-nacional-al-control-del-ejercito.html\" data-link-track-dtm=\"\" data-mrf-link=\"https:\/\/elpais.com\/mexico\/2024-09-20\/mexico-inicia-la-entrega-de-la-guardia-nacional-al-control-del-ejercito.html\">\u00a0apuesta por la Guardia Nacional\u00a0<\/a>\u2015un cuerpo militar creado durante la Administraci\u00f3n de Andr\u00e9s Manuel L\u00f3pez Obrador, con un poder de fuerza reportado de 130.000 elementos\u2015, pero da mayor peso a las tareas de inteligencia, coordinaci\u00f3n e investigaci\u00f3n. \u201cNo se trata de que en poco tiempo [la inseguridad] va a bajar dr\u00e1sticamente. Va a bajar en el tiempo que sea indispensable, porque lo importante es coordinar todas las acciones y la estrategia\u201d, se\u00f1al\u00f3.<\/p>\n<p class=\"\">\u201cEs una investigaci\u00f3n que ven\u00eda desde hace tiempo y ayer da estos resultados. Es la incautaci\u00f3n m\u00e1s grande que se haya hecho de pastillas de fentanilo\u201d, subray\u00f3 Sheinbaum. Garc\u00eda Harfuch, un funcionario que se siente c\u00f3modo bajo los reflectores y que sobrevivi\u00f3 a un atentado del\u00a0<a href=\"https:\/\/elpais.com\/mexico\/2024-12-04\/estados-unidos-aumenta-a-15-millones-de-dolares-la-recompensa-por-el-mencho.html\" data-link-track-dtm=\"\" data-mrf-link=\"https:\/\/elpais.com\/mexico\/2024-12-04\/estados-unidos-aumenta-a-15-millones-de-dolares-la-recompensa-por-el-mencho.html\">Cartel Jalisco Nueva Generaci\u00f3n<\/a>\u00a0en 2020, fue el encargado de dar a conocer la noticia el martes por la noche. \u201cEstas acciones continuar\u00e1n hasta que disminuya la violencia en Sinaloa\u201d, afirm\u00f3. Una semana despu\u00e9s de la toma de posesi\u00f3n de Sheinbaum, el secretario\u00a0<a href=\"https:\/\/elpais.com\/mexico\/2024-10-09\/de-las-calles-de-culiacan-a-atender-la-crisis-en-guanajuato-omar-garcia-harfuch-se-estrena-como-el-nuevo-zar-de-la-seguridad.html\" data-link-track-dtm=\"\" data-mrf-link=\"https:\/\/elpais.com\/mexico\/2024-10-09\/de-las-calles-de-culiacan-a-atender-la-crisis-en-guanajuato-omar-garcia-harfuch-se-estrena-como-el-nuevo-zar-de-la-seguridad.html\">se dej\u00f3 ver caminando por las calles de Culiac\u00e1n<\/a>, la capital del Estado del noroeste de M\u00e9xico, para mandar el mensaje a los grupos en disputa de un viraje en la estrategia del Gobierno para enfrentar la guerra por el control del\u00a0<a href=\"https:\/\/elpais.com\/mexico\/2024-11-28\/el-cartel-de-sinaloa-aterroriza-una-noche-mas-culiacan.html\" data-link-track-dtm=\"\" data-mrf-link=\"https:\/\/elpais.com\/mexico\/2024-11-28\/el-cartel-de-sinaloa-aterroriza-una-noche-mas-culiacan.html\">Cartel de Sinaloa<\/a>.<\/p>\n<p>&nbsp;<\/p>\n<figure class=\"a_m a_m-h \">\n<p><div style=\"width: 424px\" class=\"wp-caption alignnone\"><img loading=\"lazy\" decoding=\"async\" class=\"_re lazyload a_m-h\" src=\"https:\/\/imagenes.elpais.com\/resizer\/v2\/V7JEG4STKNCQ5PK22JIIBVVFHU.jpg?auth=e3a5426c3b1e897a830056d0f17bcfae2586c0ad2858605fba2cb4efe74ab99d&amp;width=414\" sizes=\"auto, (min-width:1199px) 1155px,(min-width:1001px) calc(100vw - 44px),(min-width:768px) 767px, 100vw\" srcset=\"https:\/\/imagenes.elpais.com\/resizer\/v2\/V7JEG4STKNCQ5PK22JIIBVVFHU.jpg?auth=e3a5426c3b1e897a830056d0f17bcfae2586c0ad2858605fba2cb4efe74ab99d&amp;width=414 414w,https:\/\/imagenes.elpais.com\/resizer\/v2\/V7JEG4STKNCQ5PK22JIIBVVFHU.jpg?auth=e3a5426c3b1e897a830056d0f17bcfae2586c0ad2858605fba2cb4efe74ab99d&amp;width=828 640w,https:\/\/imagenes.elpais.com\/resizer\/v2\/V7JEG4STKNCQ5PK22JIIBVVFHU.jpg?auth=e3a5426c3b1e897a830056d0f17bcfae2586c0ad2858605fba2cb4efe74ab99d&amp;width=980 1000w,https:\/\/imagenes.elpais.com\/resizer\/v2\/V7JEG4STKNCQ5PK22JIIBVVFHU.jpg?auth=e3a5426c3b1e897a830056d0f17bcfae2586c0ad2858605fba2cb4efe74ab99d&amp;width=1960 1960w\" alt=\"Fentanyl seizure in Sinaloa.\" width=\"414\" height=\"225\" \/><p class=\"wp-caption-text\">Bolsas con fentanilo decomisadas por la Secretar\u00eda de Defensa, este martes en el Estado de Sinaloa, M\u00e9xico.REUTERS<\/p><\/div><figcaption class=\"a_m_p\"><\/figcaption><\/figure>\n<p>&nbsp;<\/p>\n<p class=\"\">Horas antes del anuncio del aseguramiento, Culiac\u00e1n amaneci\u00f3 bajo el estruendo de\u00a0<a href=\"https:\/\/elpais.com\/mexico\/2024-12-03\/culiacan-vive-otra-noche-de-panico-tras-una-fuerte-explosion-y-enfrentamientos-en-plena-guerra-entre-el-mayo-y-los-chapitos.html\" data-link-track-dtm=\"\" data-mrf-link=\"https:\/\/elpais.com\/mexico\/2024-12-03\/culiacan-vive-otra-noche-de-panico-tras-una-fuerte-explosion-y-enfrentamientos-en-plena-guerra-entre-el-mayo-y-los-chapitos.html\">tiroteos y una fuerte explosi\u00f3n,<\/a>\u00a0que desbord\u00f3 el p\u00e1nico entre la poblaci\u00f3n y que hizo pensar que se trataba de un atentado con coche bomba, que despu\u00e9s fue descartado por las autoridades federales. El incidente no dej\u00f3 heridos, pero increment\u00f3 los cuestionamientos contra el gobernador de Sinaloa,\u00a0<a href=\"https:\/\/elpais.com\/mexico\/2024-11-15\/la-ola-de-violencia-eleva-la-presion-sobre-rocha-moya-antes-de-su-proximo-informe-en-sinaloa.html\" data-link-track-dtm=\"\" data-mrf-link=\"https:\/\/elpais.com\/mexico\/2024-11-15\/la-ola-de-violencia-eleva-la-presion-sobre-rocha-moya-antes-de-su-proximo-informe-en-sinaloa.html\">Rub\u00e9n Rocha Moya, miembro de Morena<\/a>, el partido de Sheinbaum y L\u00f3pez Obrador. \u201cPlaticamos sobre la estrategia especial para Sinaloa, su presencia en el Estado y la evaluaci\u00f3n de operativos realizados\u201d, se\u00f1al\u00f3 Rocha Moya para calmar las cr\u00edticas.<\/p>\n<p class=\"\">El Gobierno necesitaba un golpe medi\u00e1tico, que contrarrestara el terror que ha impuesto el narco sobre la poblaci\u00f3n civil en varios Estados y la narrativa de que las autoridades hab\u00edan perdido el control en distintos puntos del territorio, un discurso que ha calado en Washington, sobre todo entre los sectores m\u00e1s conservadores. Apenas en las primeras semanas de la presidencia de Sheinbaum, que asumi\u00f3 el poder el pasado 1 de octubre, trascendi\u00f3\u00a0<a href=\"https:\/\/elpais.com\/mexico\/2024-10-07\/terror-en-chilpancingo-el-narco-impone-su-ley-tras-la-decapitacion-del-alcalde-y-el-asesinato-del-secretario-de-gobierno.html\" data-link-track-dtm=\"\" data-mrf-link=\"https:\/\/elpais.com\/mexico\/2024-10-07\/terror-en-chilpancingo-el-narco-impone-su-ley-tras-la-decapitacion-del-alcalde-y-el-asesinato-del-secretario-de-gobierno.html\">la decapitaci\u00f3n de un alcalde en Guerrero<\/a>, el estallido de\u00a0<a href=\"https:\/\/elpais.com\/mexico\/2024-10-25\/atentados-con-coches-bomba-el-narco-escala-su-pulso-criminal-en-mexico.html\" target=\"_blank\" rel=\"noopener\" data-link-track-dtm=\"\" data-mrf-link=\"https:\/\/elpais.com\/mexico\/2024-10-25\/atentados-con-coches-bomba-el-narco-escala-su-pulso-criminal-en-mexico.html\">dos coches bomba en Guanajuato<\/a>\u00a0y masacres como la del\u00a0<a href=\"https:\/\/elpais.com\/mexico\/2024-11-10\/al-menos-10-muertos-en-un-ataque-armado-contra-un-restaurante-en-queretaro.html\" data-link-track-dtm=\"\" data-mrf-link=\"https:\/\/elpais.com\/mexico\/2024-11-10\/al-menos-10-muertos-en-un-ataque-armado-contra-un-restaurante-en-queretaro.html\">bar Los Cantaritos en Quer\u00e9taro<\/a>, un Estado que no suele estar entre los principales focos rojos.<\/p>\n<p class=\"\">El operativo en Sinaloa se dio en dos acciones distintas, en coordinaci\u00f3n con elementos de la Guardia Nacional, el Ej\u00e9rcito, la Secretar\u00eda de Seguridad P\u00fablica y la Fiscal\u00eda General de la Rep\u00fablica. Adem\u00e1s de la incautaci\u00f3n de armas y equipo t\u00e1ctico, se logr\u00f3 tambi\u00e9n la captura de dos jefes criminales, Elier Jassiel Esquerra F\u00e9lix y Javier Alonso V\u00e1zquez S\u00e1nchez, vinculados al Cartel de los Beltr\u00e1n Leyva, antiguos aliados y despu\u00e9s enemigos del Cartel de Sinaloa en los tiempos del Chapo.<\/p>\n<p class=\"\">Las capturas se concretaron en Guasave, al norte de la entidad, hundida en la violencia tras\u00a0<a href=\"https:\/\/elpais.com\/mexico\/2024-08-04\/la-detencion-de-ismael-el-mayo-zambada-en-vivo.html\" data-link-track-dtm=\"\" data-mrf-link=\"https:\/\/elpais.com\/mexico\/2024-08-04\/la-detencion-de-ismael-el-mayo-zambada-en-vivo.html\">la captura del Mayo en julio pasado en Estados Unidos<\/a>. Entre acusaciones de traici\u00f3n, las dos familias que han llevado las riendas del cartel \u2015Los Mayos y Los Chapitos\u2015 han emprendido una guerra total desde el pasado 9 de septiembre.<\/p>\n<p>&nbsp;<\/p>\n<figure class=\"a_m a_m-h \">\n<p><div style=\"width: 424px\" class=\"wp-caption alignnone\"><img loading=\"lazy\" decoding=\"async\" class=\"_re lazyload a_m-h\" src=\"https:\/\/imagenes.elpais.com\/resizer\/v2\/XNGFSRBFTZEJHM56P5MTILS5C4.jpg?auth=3b61b14797dddf780d96f68ecf92075d9babedae07a34dc644710da6e44437ed&amp;width=414\" sizes=\"auto, (min-width:1199px) 1155px,(min-width:1001px) calc(100vw - 44px),(min-width:768px) 767px, 100vw\" srcset=\"https:\/\/imagenes.elpais.com\/resizer\/v2\/XNGFSRBFTZEJHM56P5MTILS5C4.jpg?auth=3b61b14797dddf780d96f68ecf92075d9babedae07a34dc644710da6e44437ed&amp;width=414 414w,https:\/\/imagenes.elpais.com\/resizer\/v2\/XNGFSRBFTZEJHM56P5MTILS5C4.jpg?auth=3b61b14797dddf780d96f68ecf92075d9babedae07a34dc644710da6e44437ed&amp;width=828 640w,https:\/\/imagenes.elpais.com\/resizer\/v2\/XNGFSRBFTZEJHM56P5MTILS5C4.jpg?auth=3b61b14797dddf780d96f68ecf92075d9babedae07a34dc644710da6e44437ed&amp;width=980 1000w,https:\/\/imagenes.elpais.com\/resizer\/v2\/XNGFSRBFTZEJHM56P5MTILS5C4.jpg?auth=3b61b14797dddf780d96f68ecf92075d9babedae07a34dc644710da6e44437ed&amp;width=1960 1960w\" alt=\"Elier Jassiel Esquerra F\u00e9lix y Javier Alonso V\u00e1zquez S\u00e1nchez.\" width=\"414\" height=\"233\" \/><p class=\"wp-caption-text\">Elier Jassiel Esquerra F\u00e9lix y Javier Alonso V\u00e1zquez S\u00e1nchez.Secretar\u00eda de Defensa.<\/p><\/div><figcaption class=\"a_m_p\"><\/figcaption><\/figure>\n<p>&nbsp;<\/p>\n<p class=\"\">Al inicio de su mandato, Sheinbaum responsabiliz\u00f3 directamente a Washington de la crisis en Sinaloa, al\u00a0<a href=\"https:\/\/elpais.com\/mexico\/2024-09-20\/estados-unidos-agita-el-avispero-del-narco-en-mexico.html\" data-link-track-dtm=\"\" data-mrf-link=\"https:\/\/elpais.com\/mexico\/2024-09-20\/estados-unidos-agita-el-avispero-del-narco-en-mexico.html\">acusar a la Administraci\u00f3n de Joe Biden de golpear el avispero del narco<\/a>\u00a0y capturar a Zambada sin avisar previamente al Gobierno de M\u00e9xico. Pero es un discurso que dif\u00edcilmente podr\u00e1 sostener frente a Trump, mucho m\u00e1s vol\u00e1til e impulsivo que su predecesor. El republicano ha amenazado con\u00a0<a href=\"https:\/\/elpais.com\/internacional\/elecciones-usa\/2024-11-26\/trump-anuncia-que-impondra-aranceles-extra-a-mexico-canada-y-china-el-primer-dia.html\" target=\"_blank\" rel=\"noopener\" data-link-track-dtm=\"\" data-mrf-link=\"https:\/\/elpais.com\/internacional\/elecciones-usa\/2024-11-26\/trump-anuncia-que-impondra-aranceles-extra-a-mexico-canada-y-china-el-primer-dia.html\">una guerra arancelaria<\/a>\u00a0y ha condicionado\u00a0<a href=\"https:\/\/elpais.com\/mexico\/2024-11-26\/sheinbaum-se-revuelve-contra-las-amenazas-economicas-y-pide-colaboracion-a-trump.html\" data-link-track-dtm=\"\" data-mrf-link=\"https:\/\/elpais.com\/mexico\/2024-11-26\/sheinbaum-se-revuelve-contra-las-amenazas-economicas-y-pide-colaboracion-a-trump.html\">la renegociaci\u00f3n del tratado de libre comercio entre M\u00e9xico, Estados Unidos y Canad\u00e1<\/a>\u00a0a que sus socios cedan en frentes clave como la migraci\u00f3n y el tr\u00e1fico de fentanilo, una droga que provoca decenas de miles de muertes en ese pa\u00eds cada a\u00f1o y que est\u00e1 en el centro de su \u00faltima cruzada contra los carteles mexicanos. La presidenta dijo esta semana que su equipo est\u00e1 buscando una reuni\u00f3n con el pr\u00f3ximo presidente de Estados Unidos en pr\u00f3ximas fechas, otro frente abierto para las autoridades mexicanas.<\/p>\n","protected":false},"excerpt":{"rendered":"<p>&nbsp; &nbsp; &#8211; Las autoridades mandan la se\u00f1al de que la guerra en el basti\u00f3n del Cartel de Sinaloa encabeza la lista de prioridades, en&hellip;<\/p>\n","protected":false},"author":99,"featured_media":525786,"comment_status":"open","ping_status":"open","sticky":false,"template":"","format":"standard","meta":{"footnotes":""},"categories":[23],"tags":[],"class_list":["post-525785","post","type-post","status-publish","format-standard","has-post-thumbnail","hentry","category-latinoamerica"],"_links":{"self":[{"href":"https:\/\/diarioelpopular.com\/index.php\/wp-json\/wp\/v2\/posts\/525785","targetHints":{"allow":["GET"]}}],"collection":[{"href":"https:\/\/diarioelpopular.com\/index.php\/wp-json\/wp\/v2\/posts"}],"about":[{"href":"https:\/\/diarioelpopular.com\/index.php\/wp-json\/wp\/v2\/types\/post"}],"author":[{"embeddable":true,"href":"https:\/\/diarioelpopular.com\/index.php\/wp-json\/wp\/v2\/users\/99"}],"replies":[{"embeddable":true,"href":"https:\/\/diarioelpopular.com\/index.php\/wp-json\/wp\/v2\/comments?post=525785"}],"version-history":[{"count":1,"href":"https:\/\/diarioelpopular.com\/index.php\/wp-json\/wp\/v2\/posts\/525785\/revisions"}],"predecessor-version":[{"id":525787,"href":"https:\/\/diarioelpopular.com\/index.php\/wp-json\/wp\/v2\/posts\/525785\/revisions\/525787"}],"wp:featuredmedia":[{"embeddable":true,"href":"https:\/\/diarioelpopular.com\/index.php\/wp-json\/wp\/v2\/media\/525786"}],"wp:attachment":[{"href":"https:\/\/diarioelpopular.com\/index.php\/wp-json\/wp\/v2\/media?parent=525785"}],"wp:term":[{"taxonomy":"category","embeddable":true,"href":"https:\/\/diarioelpopular.com\/index.php\/wp-json\/wp\/v2\/categories?post=525785"},{"taxonomy":"post_tag","embeddable":true,"href":"https:\/\/diarioelpopular.com\/index.php\/wp-json\/wp\/v2\/tags?post=525785"}],"curies":[{"name":"wp","href":"https:\/\/api.w.org\/{rel}","templated":true}]}}