{"id":525793,"date":"2024-12-05T11:16:05","date_gmt":"2024-12-05T15:16:05","guid":{"rendered":"https:\/\/diarioelpopular.com\/?p=525793"},"modified":"2024-12-05T11:16:05","modified_gmt":"2024-12-05T15:16:05","slug":"javier-milei-emite-nueva-medida-en-salud-y-educacion-para-extranjeros-que-es-lo-que-cambia","status":"publish","type":"post","link":"https:\/\/diarioelpopular.com\/index.php\/2024\/12\/05\/javier-milei-emite-nueva-medida-en-salud-y-educacion-para-extranjeros-que-es-lo-que-cambia\/","title":{"rendered":"Javier Milei emite nueva medida en salud y educaci\u00f3n para extranjeros: \u00bfqu\u00e9 es lo que cambia?"},"content":{"rendered":"<div id=\"attachment_525794\" style=\"width: 1210px\" class=\"wp-caption alignnone\"><img loading=\"lazy\" decoding=\"async\" aria-describedby=\"caption-attachment-525794\" class=\"wp-image-525794 size-custom-big-size\" src=\"https:\/\/diarioelpopular.com\/wp-content\/uploads\/2024\/12\/Screen-Shot-2024-12-05-at-10.15.18-AM-1200x581.png\" alt=\"\" width=\"1200\" height=\"581\" srcset=\"https:\/\/diarioelpopular.com\/wp-content\/uploads\/2024\/12\/Screen-Shot-2024-12-05-at-10.15.18-AM-1200x581.png 1200w, https:\/\/diarioelpopular.com\/wp-content\/uploads\/2024\/12\/Screen-Shot-2024-12-05-at-10.15.18-AM-300x145.png 300w, https:\/\/diarioelpopular.com\/wp-content\/uploads\/2024\/12\/Screen-Shot-2024-12-05-at-10.15.18-AM-768x372.png 768w, https:\/\/diarioelpopular.com\/wp-content\/uploads\/2024\/12\/Screen-Shot-2024-12-05-at-10.15.18-AM-1990x963.png 1990w, https:\/\/diarioelpopular.com\/wp-content\/uploads\/2024\/12\/Screen-Shot-2024-12-05-at-10.15.18-AM-636x308.png 636w, https:\/\/diarioelpopular.com\/wp-content\/uploads\/2024\/12\/Screen-Shot-2024-12-05-at-10.15.18-AM-146x71.png 146w, https:\/\/diarioelpopular.com\/wp-content\/uploads\/2024\/12\/Screen-Shot-2024-12-05-at-10.15.18-AM.png 1024w\" sizes=\"auto, (max-width: 1200px) 100vw, 1200px\" \/><p id=\"caption-attachment-525794\" class=\"wp-caption-text\">El presidente de Argentina, Javier Milei. Foto: AFP Link<\/p><\/div>\n<p>&nbsp;<\/p>\n<p>&nbsp;<\/p>\n<div class=\"c-lead\">\n<h4 class=\"c-lead__titulo\"><em>&#8211; Seg\u00fan el gobierno argentino, la nueva reforma busca reforzar el ahorro fiscal<\/em><\/h4>\n<\/div>\n<div class=\"c-video-apertura\"><\/div>\n<div class=\"c-articulo-apertura__media__thumb\" data-type=\"zoom\"><\/div>\n<div data-type=\"zoom\">El gobierno del presidente argentino Javier Milei prepara una &#8220;serie de modificaciones en el r\u00e9gimen migratorio&#8221; para que los extranjeros no residentes paguen la educaci\u00f3n en las universidades p\u00fablicas y la atenci\u00f3n en hospitales, anunci\u00f3 este martes el vocero Manuel Adorni.<\/div>\n<div data-type=\"zoom\">\n<div class=\"paragraph\">Con la modificaci\u00f3n de la norma\u00a0&#8220;se va a disponer que las universidades nacionales puedan cobrar aranceles a los estudiantes extranjeros no residentes&#8221;\u00a0y, tambi\u00e9n, &#8220;el fin de la gratuidad de la atenci\u00f3n m\u00e9dica para los extranjeros que no residan en el pa\u00eds&#8221;, dijo este martes en conferencia de prensa el vocero presidencial, Manuel Adorni.<\/div>\n<div class=\"cita cita--img\"><q class=\"cita__texto\">se va a disponer que las universidades nacionales puedan cobrar aranceles a los estudiantes extranjeros no residentes&#8221; y, tambi\u00e9n, &#8220;el fin de la gratuidad de la atenci\u00f3n m\u00e9dica para los extranjeros que no residan en el pa\u00eds<\/q><\/p>\n<div class=\"cita__autor\">\n<div class=\"cita__autor__info\">En Argentina la atenci\u00f3n m\u00e9dica y la educaci\u00f3n hasta el nivel de grado son gratuitas dentro del sistema p\u00fablico.<\/div>\n<\/div>\n<\/div>\n<div class=\"paragraph\">Como pa\u00eds federal, en Argentina el poder nacional solo puede decidir sobre los hospitales a su cargo mientras que las provincias tienen autonom\u00eda.<\/div>\n<figure class=\"c-cuerpo__media c-cuerpo__media--imagen\">\n<div data-type=\"zoom\"><\/div>\n<div class=\"c-cuerpo__media__thumb\" data-type=\"zoom\">\n<div style=\"width: 610px\" class=\"wp-caption alignnone\"><img loading=\"lazy\" decoding=\"async\" src=\"https:\/\/imagenes.eltiempo.com\/files\/image_600_455\/files\/fp\/uploads\/2024\/04\/30\/6631146744b35.r_d.560-242.png\" alt=\".\" width=\"600\" height=\"455\" data-full-src=\"https:\/\/imagenes.eltiempo.com\/uploads\/2024\/04\/30\/6631146744b35.png\" \/><p class=\"wp-caption-text\">En Argentina la atenci\u00f3n m\u00e9dica y la educaci\u00f3n son gratuitas para residentes y no residentes dentro del sistema p\u00fablico.\u00a0Foto:iStock<\/p><\/div>\n<\/div><figcaption class=\"c-cuerpo__media__info\"><\/figcaption><\/figure>\n<div><\/div>\n<div><\/div>\n<div class=\"paragraph\">Este a\u00f1o algunas provincias comenzaron a cobrar por salud a extranjeros no residentes como Mendoza (oeste), Santa Cruz (sur) y, en el norte, Jujuy y Salta.<\/div>\n<div class=\"paragraph\">El opositor ministro de Salud de la provincia de Buenos Aires, Nicol\u00e1s Kreplak, se\u00f1al\u00f3 que &#8220;las &#8216;medidas&#8217; (&#8230;) solo buscan provocar, generar odio y resentimiento&#8221; y que su distrito mantendr\u00e1 la gratuidad.<\/div>\n<div class=\"cita cita--img\"><q class=\"cita__texto\">Si a un delincuente se lo detiene cometiendo un delito (en flagrancia) o por violentar el sistema democr\u00e1tico, ser\u00e1 expulsado y se le prohibir\u00e1 su reingreso al pa\u00eds<\/q><\/p>\n<div class=\"cita__autor\">\n<div class=\"cita__autor__info\"><\/div>\n<\/div>\n<\/div>\n<div class=\"paragraph\"><em><strong>Tambi\u00e9n hubo cr\u00edticas al anuncio sobre las universidades.<\/strong><\/em><\/div>\n<div class=\"paragraph\">Para el decano de la facultad de Ciencias Exactas de la Universidad de Buenos Aires, Guillermo Dur\u00e1n, el anuncio es &#8220;un absurdo total&#8221;\u00a0ya que no existen casos de &#8220;estudiantes no residentes&#8221; porque para estudiar en una universidad p\u00fablica se debe obtener una residencia, con la cual el extranjero tiene los mismos derechos que un nativo, dijo al canal local La Naci\u00f3n +.<\/div>\n<div class=\"paragraph\">El abogado constitucionalista F\u00e9lix Lonigro record\u00f3 el martes que existe la &#8220;ley de educaci\u00f3n superior que establece la gratuidad de la educaci\u00f3n p\u00fablica estatal universitaria&#8221; y que su modificaci\u00f3n requiere tratamiento parlamentario, en una entrevista con el mismo canal.<\/div>\n<div class=\"paragraph\"><\/div>\n<figure class=\"c-cuerpo__media c-cuerpo__media--imagen\">\n<div class=\"c-cuerpo__media__thumb\" data-type=\"zoom\">\n<div style=\"width: 610px\" class=\"wp-caption alignnone\"><img loading=\"lazy\" decoding=\"async\" src=\"https:\/\/imagenes.eltiempo.com\/files\/image_600_455\/files\/fp\/uploads\/2024\/09\/11\/66e21d9f17046.r_d.1614-803.jpeg\" alt=\"El presidente de la Rep\u00fablica Argentina, Javier Milei.\" width=\"600\" height=\"455\" data-full-src=\"https:\/\/imagenes.eltiempo.com\/uploads\/2024\/09\/11\/66e21d9f17046.jpeg\" \/><p class=\"wp-caption-text\">Tambi\u00e9n se anunci\u00f3 que se incorporar\u00e1n m\u00e1s delitos como causa para impedir el ingreso.\u00a0Foto:EFE<\/p><\/div>\n<\/div><figcaption class=\"c-cuerpo__media__info\"><\/figcaption><\/figure>\n<div><\/div>\n<div><\/div>\n<div class=\"paragraph\">Seg\u00fan los \u00faltimos datos disponibles de la Secretar\u00eda de Educaci\u00f3n, hasta 2022 hab\u00eda 122.769 extranjeros que estudiaban gratuitamente en universidades argentinas, de los cuales 104.998 eran de pregrado y grado, lo que representa un\u00a04,1% dentro de los 2.540.854 estudiantes universitarios.<\/div>\n<div class=\"paragraph\">Adorni tambi\u00e9n anunci\u00f3 que se\u00a0incorporar\u00e1n m\u00e1s delitos como causa para impedir el ingreso o que sean justificativos para expulsar a un inmigrante del pa\u00eds.<\/div>\n<div class=\"paragraph\">&#8220;Si a un delincuente se lo detiene cometiendo un delito (en flagrancia) o por violentar el sistema democr\u00e1tico, ser\u00e1 expulsado y se le prohibir\u00e1 su reingreso al pa\u00eds&#8221;, asegur\u00f3. &#8220;La doctrina &#8216;garantista&#8217; ha hecho desastres en t\u00e9rminos migratorios&#8221;, remarc\u00f3.<\/div>\n<div class=\"paragraph\"><\/div>\n<figure class=\"c-cuerpo__media c-cuerpo__media--video\"><\/figure>\n<\/div>\n","protected":false},"excerpt":{"rendered":"<p>&nbsp; &nbsp; &#8211; Seg\u00fan el gobierno argentino, la nueva reforma busca reforzar el ahorro fiscal El gobierno del presidente argentino Javier Milei prepara una &#8220;serie&hellip;<\/p>\n","protected":false},"author":99,"featured_media":525794,"comment_status":"open","ping_status":"open","sticky":false,"template":"","format":"standard","meta":{"footnotes":""},"categories":[23],"tags":[],"class_list":["post-525793","post","type-post","status-publish","format-standard","has-post-thumbnail","hentry","category-latinoamerica"],"_links":{"self":[{"href":"https:\/\/diarioelpopular.com\/index.php\/wp-json\/wp\/v2\/posts\/525793","targetHints":{"allow":["GET"]}}],"collection":[{"href":"https:\/\/diarioelpopular.com\/index.php\/wp-json\/wp\/v2\/posts"}],"about":[{"href":"https:\/\/diarioelpopular.com\/index.php\/wp-json\/wp\/v2\/types\/post"}],"author":[{"embeddable":true,"href":"https:\/\/diarioelpopular.com\/index.php\/wp-json\/wp\/v2\/users\/99"}],"replies":[{"embeddable":true,"href":"https:\/\/diarioelpopular.com\/index.php\/wp-json\/wp\/v2\/comments?post=525793"}],"version-history":[{"count":1,"href":"https:\/\/diarioelpopular.com\/index.php\/wp-json\/wp\/v2\/posts\/525793\/revisions"}],"predecessor-version":[{"id":525795,"href":"https:\/\/diarioelpopular.com\/index.php\/wp-json\/wp\/v2\/posts\/525793\/revisions\/525795"}],"wp:featuredmedia":[{"embeddable":true,"href":"https:\/\/diarioelpopular.com\/index.php\/wp-json\/wp\/v2\/media\/525794"}],"wp:attachment":[{"href":"https:\/\/diarioelpopular.com\/index.php\/wp-json\/wp\/v2\/media?parent=525793"}],"wp:term":[{"taxonomy":"category","embeddable":true,"href":"https:\/\/diarioelpopular.com\/index.php\/wp-json\/wp\/v2\/categories?post=525793"},{"taxonomy":"post_tag","embeddable":true,"href":"https:\/\/diarioelpopular.com\/index.php\/wp-json\/wp\/v2\/tags?post=525793"}],"curies":[{"name":"wp","href":"https:\/\/api.w.org\/{rel}","templated":true}]}}