{"id":525802,"date":"2024-12-06T10:02:57","date_gmt":"2024-12-06T14:02:57","guid":{"rendered":"https:\/\/diarioelpopular.com\/?p=525802"},"modified":"2024-12-06T10:02:57","modified_gmt":"2024-12-06T14:02:57","slug":"el-desempleo-alcanza-el-6-8-en-noviembre-la-mas-alta-desde-enero-de-2017","status":"publish","type":"post","link":"https:\/\/diarioelpopular.com\/index.php\/2024\/12\/06\/el-desempleo-alcanza-el-6-8-en-noviembre-la-mas-alta-desde-enero-de-2017\/","title":{"rendered":"El desempleo alcanza el 6,8% en noviembre, la m\u00e1s alta desde enero de 2017"},"content":{"rendered":"<p><img loading=\"lazy\" decoding=\"async\" class=\"alignnone size-custom-full-size wp-image-525803\" src=\"https:\/\/diarioelpopular.com\/wp-content\/uploads\/2024\/12\/Screen-Shot-2024-12-06-at-9.02.35-AM-636x360.png\" alt=\"\" width=\"636\" height=\"360\" srcset=\"https:\/\/diarioelpopular.com\/wp-content\/uploads\/2024\/12\/Screen-Shot-2024-12-06-at-9.02.35-AM-636x360.png 636w, https:\/\/diarioelpopular.com\/wp-content\/uploads\/2024\/12\/Screen-Shot-2024-12-06-at-9.02.35-AM-300x170.png 300w, https:\/\/diarioelpopular.com\/wp-content\/uploads\/2024\/12\/Screen-Shot-2024-12-06-at-9.02.35-AM-768x435.png 768w, https:\/\/diarioelpopular.com\/wp-content\/uploads\/2024\/12\/Screen-Shot-2024-12-06-at-9.02.35-AM-129x73.png 129w, https:\/\/diarioelpopular.com\/wp-content\/uploads\/2024\/12\/Screen-Shot-2024-12-06-at-9.02.35-AM.png 858w\" sizes=\"auto, (max-width: 636px) 100vw, 636px\" \/><\/p>\n<p>&nbsp;<\/p>\n<ul>\n<li><em><strong>La tasa de desempleo de Canad\u00e1 aument\u00f3 al 6,8% el mes pasado, frente al 6,5% de octubre, ya que m\u00e1s personas buscaron trabajo.<\/strong><\/em><\/li>\n<\/ul>\n<p>&nbsp;<\/p>\n<p>&nbsp;<\/p>\n<p>La encuesta de la fuerza laboral de noviembre de Statistics Canada dice que la tasa de desempleo el mes pasado alcanz\u00f3 el nivel m\u00e1s alto desde enero de 2017, fuera de la pandemia de COVID-19.<\/p>\n<p>La econom\u00eda agreg\u00f3 51.000 puestos de trabajo en noviembre, y las ganancias de empleo se concentraron en el trabajo a tiempo completo.<\/p>\n<p>Los salarios medios por hora aumentaron un 4,1% con respecto al a\u00f1o anterior, lo que marca una desaceleraci\u00f3n del crecimiento salarial anual a partir de octubre.<\/p>\n<p>La tasa de desempleo en Canad\u00e1 ha estado en una tendencia ascendente desde abril de 2023, aumentando 1,7 puntos porcentuales desde entonces.<\/p>\n<p>El Banco de Canad\u00e1 estar\u00e1 atento al informe de empleo de hoy mientras se prepara para su anuncio de tasas de inter\u00e9s el mi\u00e9rcoles.<\/p>\n<p><em>The Canadian Press<\/em><\/p>\n","protected":false},"excerpt":{"rendered":"<p>&nbsp; La tasa de desempleo de Canad\u00e1 aument\u00f3 al 6,8% el mes pasado, frente al 6,5% de octubre, ya que m\u00e1s personas buscaron trabajo. &nbsp;&hellip;<\/p>\n","protected":false},"author":99,"featured_media":525803,"comment_status":"open","ping_status":"open","sticky":false,"template":"","format":"standard","meta":{"footnotes":""},"categories":[21],"tags":[],"class_list":["post-525802","post","type-post","status-publish","format-standard","has-post-thumbnail","hentry","category-canada"],"_links":{"self":[{"href":"https:\/\/diarioelpopular.com\/index.php\/wp-json\/wp\/v2\/posts\/525802","targetHints":{"allow":["GET"]}}],"collection":[{"href":"https:\/\/diarioelpopular.com\/index.php\/wp-json\/wp\/v2\/posts"}],"about":[{"href":"https:\/\/diarioelpopular.com\/index.php\/wp-json\/wp\/v2\/types\/post"}],"author":[{"embeddable":true,"href":"https:\/\/diarioelpopular.com\/index.php\/wp-json\/wp\/v2\/users\/99"}],"replies":[{"embeddable":true,"href":"https:\/\/diarioelpopular.com\/index.php\/wp-json\/wp\/v2\/comments?post=525802"}],"version-history":[{"count":1,"href":"https:\/\/diarioelpopular.com\/index.php\/wp-json\/wp\/v2\/posts\/525802\/revisions"}],"predecessor-version":[{"id":525804,"href":"https:\/\/diarioelpopular.com\/index.php\/wp-json\/wp\/v2\/posts\/525802\/revisions\/525804"}],"wp:featuredmedia":[{"embeddable":true,"href":"https:\/\/diarioelpopular.com\/index.php\/wp-json\/wp\/v2\/media\/525803"}],"wp:attachment":[{"href":"https:\/\/diarioelpopular.com\/index.php\/wp-json\/wp\/v2\/media?parent=525802"}],"wp:term":[{"taxonomy":"category","embeddable":true,"href":"https:\/\/diarioelpopular.com\/index.php\/wp-json\/wp\/v2\/categories?post=525802"},{"taxonomy":"post_tag","embeddable":true,"href":"https:\/\/diarioelpopular.com\/index.php\/wp-json\/wp\/v2\/tags?post=525802"}],"curies":[{"name":"wp","href":"https:\/\/api.w.org\/{rel}","templated":true}]}}