{"id":525810,"date":"2024-12-06T10:31:30","date_gmt":"2024-12-06T14:31:30","guid":{"rendered":"https:\/\/diarioelpopular.com\/?p=525810"},"modified":"2024-12-06T10:31:30","modified_gmt":"2024-12-06T14:31:30","slug":"la-gente-en-canada-esta-de-acuerdo-con-trump-sobre-la-frontera-y-no-confian-en-trudeau","status":"publish","type":"post","link":"https:\/\/diarioelpopular.com\/index.php\/2024\/12\/06\/la-gente-en-canada-esta-de-acuerdo-con-trump-sobre-la-frontera-y-no-confian-en-trudeau\/","title":{"rendered":"La gente en Canad\u00e1 est\u00e1 de acuerdo con Trump sobre la frontera y no conf\u00edan en Trudeau"},"content":{"rendered":"<p><img loading=\"lazy\" decoding=\"async\" class=\"alignnone size-custom-full-size wp-image-525811\" src=\"https:\/\/diarioelpopular.com\/wp-content\/uploads\/2024\/12\/Screen-Shot-2024-12-06-at-9.30.54-AM-636x474.png\" alt=\"\" width=\"636\" height=\"474\" srcset=\"https:\/\/diarioelpopular.com\/wp-content\/uploads\/2024\/12\/Screen-Shot-2024-12-06-at-9.30.54-AM.png 636w, https:\/\/diarioelpopular.com\/wp-content\/uploads\/2024\/12\/Screen-Shot-2024-12-06-at-9.30.54-AM-300x224.png 300w, https:\/\/diarioelpopular.com\/wp-content\/uploads\/2024\/12\/Screen-Shot-2024-12-06-at-9.30.54-AM-98x73.png 98w\" sizes=\"auto, (max-width: 636px) 100vw, 636px\" \/><\/p>\n<p>&nbsp;<\/p>\n<p><em><strong>La falta de confianza en Trudeau prevaleci\u00f3 en todo el pa\u00eds, en \u00e1reas rurales y urbanas, en todos los grupos de edad y entre hombres y mujeres<\/strong><\/em><\/p>\n<p>&nbsp;<\/p>\n<p>&nbsp;<\/p>\n<p>Puede que Justin Trudeau haya tenido una reuni\u00f3n positiva con el presidente electo de Estados Unidos la semana pasada en Mar-a-Lago, pero la confianza de los canadienses en su capacidad para manejar a Donald Trump es baja. Una mayor\u00eda de los canadienses tambi\u00e9n estuvo de acuerdo con el presidente electo en que \u201cCanad\u00e1 deber\u00eda tomar medidas significativas para aumentar la seguridad fronteriza\u201d, seg\u00fan una nueva encuesta de L\u00e9ger.<\/p>\n<p>Solo el 29 por ciento de los encuestados cree que las preocupaciones de Trump sobre la inmigraci\u00f3n ilegal y el tr\u00e1fico de drogas de Canad\u00e1 a Estados Unidos son injustificadas,<\/p>\n<p>\u201cTienen trabajo por hacer. La cuesti\u00f3n de la frontera presenta una oportunidad para que el gobierno tome alguna acci\u00f3n deliberada real\u201d, dijo el vicepresidente de Leger, Andrew Enns.<\/p>\n<p>El mes pasado, Trump amenaz\u00f3 con imponer aranceles punitivos del 25 por ciento a las importaciones de Canad\u00e1 y M\u00e9xico cuando asuma el cargo en enero si los pa\u00edses no refuerzan sus fronteras para evitar el tr\u00e1fico de drogas y la migraci\u00f3n ilegal a Estados Unidos.<\/p>\n<p>Leger descubri\u00f3 que menos de un tercio de los canadienses encuestados (31 por ciento) dijeron que tienen\u00a0 algo de confianza en la capacidad del gobierno federal para manejar con \u00e9xito al nuevo presidente estadounidense y sus propuestas arancelarias. La falta de confianza para con Trudeau prevaleci\u00f3 en todo el pa\u00eds, en \u00e1reas rurales y urbanas, en todos los grupos de edad y tanto entre hombres como mujeres.<\/p>\n<p>Solo los votantes liberales (67 por ciento) dijeron que tienen confianza en la capacidad del gobierno federal para tener \u00e9xito. Ese n\u00famero cae dr\u00e1sticamente entre los votantes conservadores (19 por ciento).<\/p>\n<p>\u201cLos canadienses est\u00e1n profundamente insatisfechos con este gobierno. La popularidad del primer ministro y su partido est\u00e1 sufriendo cada vez m\u00e1s, y creo que\u2026 simplemente no se sienten seguros de c\u00f3mo el primer ministro se va a comparar con el presidente entrante\u201d, dijo Enns.<\/p>\n<p>Pero los votantes est\u00e1n muy preocupados por el impacto de los aranceles de Trump, seg\u00fan la encuesta. Ocho de cada diez canadienses (79 por ciento) dijeron que les preocupa que conduzcan a una mayor inflaci\u00f3n en Canad\u00e1. Un n\u00famero similar (78 por ciento) dijo que cree que los aranceles aumentar\u00e1n la probabilidad de una recesi\u00f3n.<\/p>\n<p>Desde entonces, el gobierno del primer ministro Trudeau ha tratado de tranquilizar a los canadienses para que no entren en p\u00e1nico. La semana pasada, asisti\u00f3 a una cena no anunciada con Donald Trump en su propiedad privada de Palm Beach, Mar-a-Lago. Tambi\u00e9n estuvo all\u00ed Dominic LeBlanc, el ministro a cargo de la seguridad fronteriza, y varios de los candidatos del gabinete de Trump, incluido su candidato a &#8220;zar de la frontera&#8221;, Tom Homan.<\/p>\n<p>La encuesta se realiz\u00f3 entre el 29 de noviembre y el 1 de diciembre con una muestra de 1.532 canadienses a trav\u00e9s de un panel en l\u00ednea. Si bien los m\u00e1rgenes de error no se pueden aplicar a los paneles en l\u00ednea, una muestra de probabilidad de este tama\u00f1o ser\u00eda de m\u00e1s o menos 2,50 por ciento, 19 veces de cada 20.<\/p>\n","protected":false},"excerpt":{"rendered":"<p>&nbsp; La falta de confianza en Trudeau prevaleci\u00f3 en todo el pa\u00eds, en \u00e1reas rurales y urbanas, en todos los grupos de edad y entre&hellip;<\/p>\n","protected":false},"author":99,"featured_media":525811,"comment_status":"open","ping_status":"open","sticky":false,"template":"","format":"standard","meta":{"footnotes":""},"categories":[21,11191],"tags":[],"class_list":["post-525810","post","type-post","status-publish","format-standard","has-post-thumbnail","hentry","category-canada","category-top-news"],"_links":{"self":[{"href":"https:\/\/diarioelpopular.com\/index.php\/wp-json\/wp\/v2\/posts\/525810","targetHints":{"allow":["GET"]}}],"collection":[{"href":"https:\/\/diarioelpopular.com\/index.php\/wp-json\/wp\/v2\/posts"}],"about":[{"href":"https:\/\/diarioelpopular.com\/index.php\/wp-json\/wp\/v2\/types\/post"}],"author":[{"embeddable":true,"href":"https:\/\/diarioelpopular.com\/index.php\/wp-json\/wp\/v2\/users\/99"}],"replies":[{"embeddable":true,"href":"https:\/\/diarioelpopular.com\/index.php\/wp-json\/wp\/v2\/comments?post=525810"}],"version-history":[{"count":1,"href":"https:\/\/diarioelpopular.com\/index.php\/wp-json\/wp\/v2\/posts\/525810\/revisions"}],"predecessor-version":[{"id":525812,"href":"https:\/\/diarioelpopular.com\/index.php\/wp-json\/wp\/v2\/posts\/525810\/revisions\/525812"}],"wp:featuredmedia":[{"embeddable":true,"href":"https:\/\/diarioelpopular.com\/index.php\/wp-json\/wp\/v2\/media\/525811"}],"wp:attachment":[{"href":"https:\/\/diarioelpopular.com\/index.php\/wp-json\/wp\/v2\/media?parent=525810"}],"wp:term":[{"taxonomy":"category","embeddable":true,"href":"https:\/\/diarioelpopular.com\/index.php\/wp-json\/wp\/v2\/categories?post=525810"},{"taxonomy":"post_tag","embeddable":true,"href":"https:\/\/diarioelpopular.com\/index.php\/wp-json\/wp\/v2\/tags?post=525810"}],"curies":[{"name":"wp","href":"https:\/\/api.w.org\/{rel}","templated":true}]}}