{"id":525813,"date":"2024-12-06T10:52:02","date_gmt":"2024-12-06T14:52:02","guid":{"rendered":"https:\/\/diarioelpopular.com\/?p=525813"},"modified":"2024-12-06T10:52:02","modified_gmt":"2024-12-06T14:52:02","slug":"presidente-de-mexico-critica-la-cultura-de-canada-y-los-problemas-del-fentanilo","status":"publish","type":"post","link":"https:\/\/diarioelpopular.com\/index.php\/2024\/12\/06\/presidente-de-mexico-critica-la-cultura-de-canada-y-los-problemas-del-fentanilo\/","title":{"rendered":"Presidente de M\u00e9xico critica la cultura de Canad\u00e1 y los problemas del fentanilo"},"content":{"rendered":"<p><img loading=\"lazy\" decoding=\"async\" class=\"alignnone size-custom-full-size wp-image-525814\" src=\"https:\/\/diarioelpopular.com\/wp-content\/uploads\/2024\/12\/Screen-Shot-2024-12-06-at-9.50.49-AM-636x389.png\" alt=\"\" width=\"636\" height=\"389\" srcset=\"https:\/\/diarioelpopular.com\/wp-content\/uploads\/2024\/12\/Screen-Shot-2024-12-06-at-9.50.49-AM-636x389.png 636w, https:\/\/diarioelpopular.com\/wp-content\/uploads\/2024\/12\/Screen-Shot-2024-12-06-at-9.50.49-AM-300x184.png 300w, https:\/\/diarioelpopular.com\/wp-content\/uploads\/2024\/12\/Screen-Shot-2024-12-06-at-9.50.49-AM-768x470.png 768w, https:\/\/diarioelpopular.com\/wp-content\/uploads\/2024\/12\/Screen-Shot-2024-12-06-at-9.50.49-AM-119x73.png 119w, https:\/\/diarioelpopular.com\/wp-content\/uploads\/2024\/12\/Screen-Shot-2024-12-06-at-9.50.49-AM.png 866w\" sizes=\"auto, (max-width: 636px) 100vw, 636px\" \/><\/p>\n<p>&nbsp;<\/p>\n<p>&nbsp;<\/p>\n<ul>\n<li><em><strong>Varios premiers a lo largo del pa\u00eds han pedido que se haga un acuerdo comercial con Washington independiente de M\u00e9xico, antes de la revisi\u00f3n de 2026 del Acuerdo Canad\u00e1-Estados Unidos-M\u00e9xico<\/strong><\/em><\/li>\n<\/ul>\n<p>&nbsp;<\/p>\n<p>La ministra de Asuntos Exteriores, Melanie Joly, ha ignorado una guerra de palabras con la presidente deM\u00e9xico, despu\u00e9s de que criticara la cultura de Canad\u00e1 y su enfoque de los problemas fronterizos.<\/p>\n<p>Demostrando gran altura diplom\u00e1tica la ministra dijo que \u201cCreo fundamentalmente que muchas conversaciones, cuando se trata de diplomacia, siempre son mejores cuando se mantienen privadas\u201d, expres\u00f3 Joly durante una teleconferencia desde Bruselas.<\/p>\n<p>La grieta entre los dos socios comerciales comenz\u00f3 con la declaraci\u00f3n del presidente electo de Estados Unidos, Donald Trump, de que planea imponer aranceles del 25 por ciento a todos los productos de ambos pa\u00edses a menos que detengan el flujo de migrantes y drogas ilegales hacia Estados Unidos.<\/p>\n<p>Varios funcionarios federales y provinciales en Canad\u00e1 respondieron diciendo que los problemas en la frontera canadiense totalmente diferentes a los de la frontera mexicana. El primer ministro Justin Trudeau, por ejemplo, ha expresado su preocupaci\u00f3n por el hecho de que el elevado nivel de inversi\u00f3n china en M\u00e9xico va en contra de los objetivos de seguridad econ\u00f3mica de Ottawa y Washington.<\/p>\n<p>Algunos premiers han pedido a Canad\u00e1 que negocie un acuerdo comercial con Washington independiente de M\u00e9xico, antes de la revisi\u00f3n en 2026 del Acuerdo Canad\u00e1-Estados Unidos-M\u00e9xico, que reemplaz\u00f3 al TLCAN durante el \u00faltimo mandato de Trump en la Casa Blanca.<\/p>\n<p>En una conferencia de prensa, la presidente mexicana Claudia Sheinbaum dijo que M\u00e9xico \u201cdebe ser respetado, especialmente por sus socios comerciales\u201d.<\/p>\n<p>Tambi\u00e9n se\u00f1al\u00f3 que Canad\u00e1 tiene \u201cun problema muy grave con el consumo de fentanilo\u201d, m\u00e1s que M\u00e9xico, y posiblemente como resultado de las medidas de despenalizaci\u00f3n de las drogas.<\/p>\n<p>\u201cNo vamos a caer en la provocaci\u00f3n de qu\u00e9 pa\u00eds es mejor que el nuestro\u201d, dijo la mandataria, atribuyendo algunas inapropiadas cr\u00edticas a la complacencia pol\u00edtica de Canad\u00e1.<\/p>\n<p>\u201cM\u00e9xico no deber\u00eda ser utilizado como parte de las campa\u00f1as electorales (canadienses)\u201d, dijo.<\/p>\n<p>Sin embargo, Sheinbaum tambi\u00e9n dijo que Canad\u00e1 \u201csolo podr\u00eda desear y so\u00f1ar tener las riquezas culturales que tiene M\u00e9xico\u201d, y que solamente su pa\u00eds tiene grandes civilizaciones que datan de miles de a\u00f1os.<\/p>\n<p>Cuando se le pidi\u00f3 que respondiera, Joly dijo que se est\u00e1 comunicando con los funcionarios mexicanos despu\u00e9s de hablar con los EE. UU., incluso sobre el \u201cacuerdo comercial muy importante\u201d que incluye a los tres pa\u00edses.<\/p>\n<p>\u201cS\u00e9 que ha habido muchas conversaciones en Canad\u00e1 sobre c\u00f3mo podemos trabajar juntos y c\u00f3mo podemos, al mismo tiempo, proteger nuestros intereses\u201d, dijo.<\/p>\n<p>Poniendo de lado los lamentables comentarios mexicanos, Jolly dijo que \u201cTenemos una relaci\u00f3n positiva con M\u00e9xico y necesitamos trabajar con el pa\u00eds; ese es definitivamente mi objetivo\u201d.<\/p>\n<p>Christopher Sands, director del Instituto Canad\u00e1 en el Centro Woodrow Wilson en Washington, dijo que las tensiones entre ambos pa\u00edses se manifestaron en la renegociaci\u00f3n del TLCAN, cuando hubo una comunicaci\u00f3n limitada entre Ottawa y Ciudad de M\u00e9xico.<\/p>\n<p>\u201cLa relaci\u00f3n Canad\u00e1-M\u00e9xico siempre ha sido la parte m\u00e1s d\u00e9bil del tri\u00e1ngulo de Am\u00e9rica del Norte\u201d, dijo.<\/p>\n<p>\u201cDurante las negociaciones (del T-MEC) hubo una gran sensaci\u00f3n de que M\u00e9xico estaba dispuesto a actuar solo, y que Canad\u00e1, particularmente hacia el final, estaba fuera mirando hacia adentro, y tuvo que luchar para volver a la mesa\u201d.<\/p>\n<p>Dijo que Washington preferir\u00eda tener un pacto comercial con los tres pa\u00edses para poder limitar el tiempo y la atenci\u00f3n que necesita en asuntos continentales.<\/p>\n<p>\u201cEstados Unidos es probablemente el m\u00e1s trilateral de los tres pa\u00edses\u201d, dijo, con una salvedad.<\/p>\n<p>\u201cCreo que Donald Trump ve esto de cara a 2026 y dice: \u2018Genial, divide y vencer\u00e1s\u2019\u201d.<\/p>\n<p>Sands agreg\u00f3 que Sheinbaum y su predecesor han implementado pol\u00edticas nacionalistas que han estado en desacuerdo con Washington.<\/p>\n<p>\u201cEl gobierno mexicano ha estado avanzando en una direcci\u00f3n que es antit\u00e9tica al proyecto norteamericano (al nacionalizar partes de la econom\u00eda, revertir las reformas energ\u00e9ticas, hacer tratos oscuros con los poderosos c\u00e1rteles de la droga. (Est\u00e1n) raras veces, cuando les conviene, trabajando en cooperaci\u00f3n con los estadounidenses en las fronteras, y otras veces no\u201d.<\/p>\n<p>Sheinbaum indic\u00f3 hace una semana que le escribir\u00eda una carta a Trudeau, que no se ha hecho p\u00fablica, aunque s\u00ed difundi\u00f3 una carta que le hab\u00eda enviado a Trump.<\/p>\n","protected":false},"excerpt":{"rendered":"<p>&nbsp; &nbsp; Varios premiers a lo largo del pa\u00eds han pedido que se haga un acuerdo comercial con Washington independiente de M\u00e9xico, antes de la&hellip;<\/p>\n","protected":false},"author":99,"featured_media":525814,"comment_status":"open","ping_status":"open","sticky":false,"template":"","format":"standard","meta":{"footnotes":""},"categories":[21],"tags":[],"class_list":["post-525813","post","type-post","status-publish","format-standard","has-post-thumbnail","hentry","category-canada"],"_links":{"self":[{"href":"https:\/\/diarioelpopular.com\/index.php\/wp-json\/wp\/v2\/posts\/525813","targetHints":{"allow":["GET"]}}],"collection":[{"href":"https:\/\/diarioelpopular.com\/index.php\/wp-json\/wp\/v2\/posts"}],"about":[{"href":"https:\/\/diarioelpopular.com\/index.php\/wp-json\/wp\/v2\/types\/post"}],"author":[{"embeddable":true,"href":"https:\/\/diarioelpopular.com\/index.php\/wp-json\/wp\/v2\/users\/99"}],"replies":[{"embeddable":true,"href":"https:\/\/diarioelpopular.com\/index.php\/wp-json\/wp\/v2\/comments?post=525813"}],"version-history":[{"count":1,"href":"https:\/\/diarioelpopular.com\/index.php\/wp-json\/wp\/v2\/posts\/525813\/revisions"}],"predecessor-version":[{"id":525815,"href":"https:\/\/diarioelpopular.com\/index.php\/wp-json\/wp\/v2\/posts\/525813\/revisions\/525815"}],"wp:featuredmedia":[{"embeddable":true,"href":"https:\/\/diarioelpopular.com\/index.php\/wp-json\/wp\/v2\/media\/525814"}],"wp:attachment":[{"href":"https:\/\/diarioelpopular.com\/index.php\/wp-json\/wp\/v2\/media?parent=525813"}],"wp:term":[{"taxonomy":"category","embeddable":true,"href":"https:\/\/diarioelpopular.com\/index.php\/wp-json\/wp\/v2\/categories?post=525813"},{"taxonomy":"post_tag","embeddable":true,"href":"https:\/\/diarioelpopular.com\/index.php\/wp-json\/wp\/v2\/tags?post=525813"}],"curies":[{"name":"wp","href":"https:\/\/api.w.org\/{rel}","templated":true}]}}