{"id":525829,"date":"2024-12-06T11:37:06","date_gmt":"2024-12-06T15:37:06","guid":{"rendered":"https:\/\/diarioelpopular.com\/?p=525829"},"modified":"2024-12-06T11:37:06","modified_gmt":"2024-12-06T15:37:06","slug":"de-las-inundaciones-a-una-profunda-sequia-el-cambio-climatico-se-ceba-con-el-norte-de-peru","status":"publish","type":"post","link":"https:\/\/diarioelpopular.com\/index.php\/2024\/12\/06\/de-las-inundaciones-a-una-profunda-sequia-el-cambio-climatico-se-ceba-con-el-norte-de-peru\/","title":{"rendered":"De las inundaciones a una profunda sequ\u00eda: el cambio clim\u00e1tico se ceba con el norte de Per\u00fa"},"content":{"rendered":"<div id=\"attachment_525830\" style=\"width: 1210px\" class=\"wp-caption alignnone\"><img loading=\"lazy\" decoding=\"async\" aria-describedby=\"caption-attachment-525830\" class=\"wp-image-525830 size-custom-big-size\" src=\"https:\/\/diarioelpopular.com\/wp-content\/uploads\/2024\/12\/Screen-Shot-2024-12-06-at-10.36.24-AM-1200x676.png\" alt=\"\" width=\"1200\" height=\"676\" srcset=\"https:\/\/diarioelpopular.com\/wp-content\/uploads\/2024\/12\/Screen-Shot-2024-12-06-at-10.36.24-AM-1200x676.png 1200w, https:\/\/diarioelpopular.com\/wp-content\/uploads\/2024\/12\/Screen-Shot-2024-12-06-at-10.36.24-AM-300x169.png 300w, https:\/\/diarioelpopular.com\/wp-content\/uploads\/2024\/12\/Screen-Shot-2024-12-06-at-10.36.24-AM-768x433.png 768w, https:\/\/diarioelpopular.com\/wp-content\/uploads\/2024\/12\/Screen-Shot-2024-12-06-at-10.36.24-AM-636x358.png 636w, https:\/\/diarioelpopular.com\/wp-content\/uploads\/2024\/12\/Screen-Shot-2024-12-06-at-10.36.24-AM-130x73.png 130w, https:\/\/diarioelpopular.com\/wp-content\/uploads\/2024\/12\/Screen-Shot-2024-12-06-at-10.36.24-AM.png 1024w\" sizes=\"auto, (max-width: 1200px) 100vw, 1200px\" \/><p id=\"caption-attachment-525830\" class=\"wp-caption-text\">El reservorio de Poechos alberga el agua proveniente del r\u00edo Chirade, en Piura. SEBASTIAN CASTA\u00d1EDA<\/p><\/div>\n<p>&nbsp;<\/p>\n<p>&nbsp;<\/p>\n<h4 class=\"a_st\"><em>&#8211; Piura, una regi\u00f3n antes presa del desbordamiento de agua, hoy sufre una severa sequ\u00eda que golpea a la producci\u00f3n agr\u00edcola y al consumo humano<\/em><\/h4>\n<p>&nbsp;<\/p>\n<p class=\"\">En el piso de barro cuarteado se distinguen algunos troncos secos y solitarios que dotan al lugar de un aire desolador. A lo lejos se ve una laguna y una mole de cemento, encima de la cual hay una caseta y una antena. Pero aun as\u00ed la sensaci\u00f3n de aridez domina el panorama, mientras dos cormoranes se posan sobre unas ramas marchitas. El reservorio de Poechos, inaugurado en 1976 para albergar 1.045 millones de metros c\u00fabicos de agua provenientes del r\u00edo Chira, hoy tiene apenas 26 millones en un ojo de agua. M\u00e1s all\u00e1, hay otros 61 millones en unas cuantas pozas, pero no son aprovechables porque no conectan con la compuerta de salida.<\/p>\n<p>&nbsp;<\/p>\n<figure class=\"a_m a_m-h \">\n<p><div style=\"width: 424px\" class=\"wp-caption alignnone\"><img loading=\"lazy\" decoding=\"async\" class=\"_re lazyload a_m-h\" src=\"https:\/\/imagenes.elpais.com\/resizer\/v2\/NBVJQXCYYNBUHNFODFHCQCWRQU.jpg?auth=5a5a630e38d4c3eece5c2b71be679fe6eb5e0b238a4cfed0b3bebc492db6479e&amp;width=414\" sizes=\"auto, (min-width:1199px) 1155px,(min-width:1001px) calc(100vw - 44px),(min-width:768px) 767px, 100vw\" srcset=\"https:\/\/imagenes.elpais.com\/resizer\/v2\/NBVJQXCYYNBUHNFODFHCQCWRQU.jpg?auth=5a5a630e38d4c3eece5c2b71be679fe6eb5e0b238a4cfed0b3bebc492db6479e&amp;width=414 414w,https:\/\/imagenes.elpais.com\/resizer\/v2\/NBVJQXCYYNBUHNFODFHCQCWRQU.jpg?auth=5a5a630e38d4c3eece5c2b71be679fe6eb5e0b238a4cfed0b3bebc492db6479e&amp;width=828 640w,https:\/\/imagenes.elpais.com\/resizer\/v2\/NBVJQXCYYNBUHNFODFHCQCWRQU.jpg?auth=5a5a630e38d4c3eece5c2b71be679fe6eb5e0b238a4cfed0b3bebc492db6479e&amp;width=980 1000w,https:\/\/imagenes.elpais.com\/resizer\/v2\/NBVJQXCYYNBUHNFODFHCQCWRQU.jpg?auth=5a5a630e38d4c3eece5c2b71be679fe6eb5e0b238a4cfed0b3bebc492db6479e&amp;width=1960 1960w\" alt=\"Crisis h\u00eddrica en Piura\" width=\"414\" height=\"264\" \/><p class=\"wp-caption-text\">El embalse encargado abastecer de agua para consumo humano y para la agricultura en Piura, ha reducido su capacidad de una manera alarmante.SEBASTIAN CASTA\u00d1EDA<\/p><\/div><figcaption class=\"a_m_p\"><\/figcaption><\/figure>\n<h3><\/h3>\n<h3 class=\"\">Del diluvio a la escasez<\/h3>\n<p class=\"\">\u201cEl a\u00f1o 2024 es un clar\u00edsimo ejemplo de\u00a0<a href=\"https:\/\/elpais.com\/clima-y-medio-ambiente\/2024-09-06\/el-verano-de-2024-ha-sido-el-mas-caluroso-en-el-planeta-desde-que-hay-registros.html\" data-link-track-dtm=\"\" data-mrf-link=\"https:\/\/elpais.com\/clima-y-medio-ambiente\/2024-09-06\/el-verano-de-2024-ha-sido-el-mas-caluroso-en-el-planeta-desde-que-hay-registros.html\">cambio clim\u00e1tico<\/a>\u201d, dice con \u00e9nfasis el ingeniero V\u00edctor Garrido Lecca, presidente del consejo directivo del proyecto especial Chira-Piura (Pechp), la entidad encargada de la administraci\u00f3n de Poechos. El Pechp tambi\u00e9n monitorea otros reservorios m\u00e1s peque\u00f1os, que igualmente est\u00e1n agot\u00e1ndose a un ritmo preocupante. \u201cEste a\u00f1o se esperaban tormentas \u2014 contin\u00faa Garrido Lecca \u2014, y no ocurri\u00f3. Llovi\u00f3 hasta febrero, pero en marzo ya no. Tenemos\u00a0<a href=\"https:\/\/elpais.com\/america-futura\/2024-10-11\/sudamerica-cada-vez-mas-seca-mas-caliente-y-mas-inflamable.html\" data-link-track-dtm=\"\" data-mrf-link=\"https:\/\/elpais.com\/america-futura\/2024-10-11\/sudamerica-cada-vez-mas-seca-mas-caliente-y-mas-inflamable.html\">sequ\u00eda<\/a>\u00a0desde junio. No estamos preparados ni para las lluvias ni para la sequ\u00eda\u201d.<\/p>\n<p class=\"\">La regi\u00f3n Piura \u2014 la segunda m\u00e1s poblada del pa\u00eds \u2014 vive en una suerte de ruleta clim\u00e1tica. En marzo de 2023 sufri\u00f3 el embate del\u00a0<a href=\"https:\/\/elpais.com\/internacional\/2023-03-11\/siete-fallecidos-y-miles-de-damnificados-por-yaku-el-ciclon-que-azota-la-costa-y-la-sierra-peruana.html\" data-link-track-dtm=\"\" data-mrf-link=\"https:\/\/elpais.com\/internacional\/2023-03-11\/siete-fallecidos-y-miles-de-damnificados-por-yaku-el-ciclon-que-azota-la-costa-y-la-sierra-peruana.html\">cicl\u00f3n \u2018Yaku\u2019<\/a>, que provoc\u00f3 inundaciones, impactos en los campos agr\u00edcolas e incluso fallecidos. Seis a\u00f1os antes, en marzo de 2017, el fen\u00f3meno denominado\u00a0<i>Ni\u00f1o costero<\/i>, caracterizado por un calentamiento anormal del mar cerca de las costas peruanas y ecuatorianas, provoc\u00f3 inundaciones que dejaron muertos y miles de damnificados.<\/p>\n<p class=\"\">Y este a\u00f1o ha tocado una \u00e9poca seca inusual, que est\u00e1 golpeando a los agricultores, especialmente a los de la parte baja de la regi\u00f3n, que se abastecen en gran medida de Poechos. A pocos kil\u00f3metros de Piura, la capital, hay campos de arroz amarillentos por la escasez de agua.<\/p>\n<p>&nbsp;<\/p>\n<figure class=\"a_m a_m-h \">\n<p><div style=\"width: 424px\" class=\"wp-caption alignnone\"><img loading=\"lazy\" decoding=\"async\" class=\"_re lazyload a_m-h\" src=\"https:\/\/imagenes.elpais.com\/resizer\/v2\/55GVIFQZDZB3FE4LHNL7XKVLCA.jpg?auth=bc47430870254e8c3a85f7982ee5f074d1550ab3c21dc5d4cbb380992ca8b56e&amp;width=414\" sizes=\"auto, (min-width:1199px) 1155px,(min-width:1001px) calc(100vw - 44px),(min-width:768px) 767px, 100vw\" srcset=\"https:\/\/imagenes.elpais.com\/resizer\/v2\/55GVIFQZDZB3FE4LHNL7XKVLCA.jpg?auth=bc47430870254e8c3a85f7982ee5f074d1550ab3c21dc5d4cbb380992ca8b56e&amp;width=414 414w,https:\/\/imagenes.elpais.com\/resizer\/v2\/55GVIFQZDZB3FE4LHNL7XKVLCA.jpg?auth=bc47430870254e8c3a85f7982ee5f074d1550ab3c21dc5d4cbb380992ca8b56e&amp;width=828 640w,https:\/\/imagenes.elpais.com\/resizer\/v2\/55GVIFQZDZB3FE4LHNL7XKVLCA.jpg?auth=bc47430870254e8c3a85f7982ee5f074d1550ab3c21dc5d4cbb380992ca8b56e&amp;width=980 1000w,https:\/\/imagenes.elpais.com\/resizer\/v2\/55GVIFQZDZB3FE4LHNL7XKVLCA.jpg?auth=bc47430870254e8c3a85f7982ee5f074d1550ab3c21dc5d4cbb380992ca8b56e&amp;width=1960 1960w\" alt=\"Crisis h\u00eddrica en Piura\" width=\"414\" height=\"277\" \/><p class=\"wp-caption-text\">Cultivos de arroz en Sultana perdidos por la falta de agua.SEBASTIAN CASTA\u00d1EDA<\/p><\/div><figcaption class=\"a_m_p\"><\/figcaption><\/figure>\n<p>&nbsp;<\/p>\n<p>&nbsp;<\/p>\n<p class=\"\">\u201cTenemos dos meses sin regar\u201d, se queja un propietario de dos hect\u00e1reas arroceras de apellido Ortiz que prefiere no dar su nombre completo. Seg\u00fan cuenta, sus plantas se han secado debido a que les ha ca\u00eddo agua \u201cs\u00f3lo por partes\u201d. Para \u00e9l, una de las razones de la\u00a0<a href=\"https:\/\/elpais.com\/america-futura\/2024-11-25\/lorena-aguilar-muchas-comunidades-venden-a-sus-hijas-por-diez-dolares-para-adaptarse-a-la-sequia.html\" data-link-track-dtm=\"\" data-mrf-link=\"https:\/\/elpais.com\/america-futura\/2024-11-25\/lorena-aguilar-muchas-comunidades-venden-a-sus-hijas-por-diez-dolares-para-adaptarse-a-la-sequia.html\">sequ\u00eda\u00a0<\/a>en la reserva es la mala administraci\u00f3n de la Junta de Usuarios, organismo encargado de administrar el recurso h\u00eddrico por ley, que no ha previsto la situaci\u00f3n y ha privilegiado a los grandes propietarios.<\/p>\n<p class=\"\">\u201cSe est\u00e1n llevando el agua de noche\u201d, denuncia mientras muestra una acequia que s\u00f3lo tiene un peque\u00f1o torrente. La situaci\u00f3n en el campo es tan dram\u00e1tica que los tumultos no han faltado. El pasado primero de noviembre un grupo de agricultores intent\u00f3 abrir una compuerta, en el centro poblado Chalacala, y la polic\u00eda tuvo que usar la fuerza para impedirlo.<\/p>\n<p class=\"\">En conversaci\u00f3n con Am\u00e9rica Futura, Garrido Lecca informa que pronto se coordinar\u00e1 con las fuerzas armadas para evitar estos incidentes, algo que eleva la tensi\u00f3n en medio de la sequ\u00eda. Como Ortiz, quien dice haber perdido 20.000 soles (un poco m\u00e1s de 5.200 d\u00f3lares) en sus plantaciones de arroz, Eugenio Castillo, otro agricultor, lamenta el naufragio de sus sembr\u00edos.<\/p>\n<p class=\"\">\u201cVoy a sacar muy poco, porque no ha llovido\u201d, declara frente a un mont\u00edculo verde de arroz que ha sobrevivido en medio de un campo que luce mustio. En una entrevista para el portal de noticias\u00a0<a href=\"https:\/\/nortesostenible.com\/crisis-hidrica-en-piura-amenaza-con-perdidas-de-hasta-s-1300-millones\/\" target=\"_blank\" rel=\"noopener\" data-link-track-dtm=\"\" data-mrf-link=\"https:\/\/nortesostenible.com\/crisis-hidrica-en-piura-amenaza-con-perdidas-de-hasta-s-1300-millones\/\">Norte Sostenible<\/a>, de referencia en la regi\u00f3n, el presidente de la C\u00e1mara de Comercio de Piura, Mateo G\u00f3mez, declar\u00f3 que podr\u00edan perderse 60.000 empleos por la severa crisis h\u00eddrica, \u201cmuchos de ellos formales y ocupados por mujeres, lo que supone un duro golpe para la econom\u00eda de la regi\u00f3n\u201d.<\/p>\n<p class=\"\">Adem\u00e1s del arroz, est\u00e1n siendo afectados el lim\u00f3n, el mango, el banano org\u00e1nico, y el sector tur\u00edstico, muy anclado en hermosas playas como M\u00e1ncora. Ralph Zapata, director de Norte Sostenible, informa que ya se han cancelado algunas reservas tur\u00edsticas. Si la sequ\u00eda contin\u00faa, faltar\u00e1 agua incluso para consumo humano. Garrido Lecca sostiene que, en caso de que no llueva, en Poechos \u201csolo hay agua para uso de la poblaci\u00f3n hasta enero\u201d, de modo que se racionar\u00e1 a\u00fan m\u00e1s el recurso. Cerca del embalse, en la localidad de Lancones, Lucio Escobar, uno de sus habitantes, sostiene que al mes s\u00f3lo recibe unas 12 horas de agua por las ca\u00f1er\u00edas.<\/p>\n<p>&nbsp;<\/p>\n<figure class=\"a_m a_m-h \">\n<p><div style=\"width: 424px\" class=\"wp-caption alignnone\"><img loading=\"lazy\" decoding=\"async\" class=\"_re lazyload a_m-h\" src=\"https:\/\/imagenes.elpais.com\/resizer\/v2\/6GWNRM7NYBHRFOXM33LZVCFXBY.jpg?auth=f9f3d5a428ec31837eb7274286ebb7aa940dd4d1de4421cf587c024a9a0b23a2&amp;width=414\" sizes=\"auto, (min-width:1199px) 1155px,(min-width:1001px) calc(100vw - 44px),(min-width:768px) 767px, 100vw\" srcset=\"https:\/\/imagenes.elpais.com\/resizer\/v2\/6GWNRM7NYBHRFOXM33LZVCFXBY.jpg?auth=f9f3d5a428ec31837eb7274286ebb7aa940dd4d1de4421cf587c024a9a0b23a2&amp;width=414 414w,https:\/\/imagenes.elpais.com\/resizer\/v2\/6GWNRM7NYBHRFOXM33LZVCFXBY.jpg?auth=f9f3d5a428ec31837eb7274286ebb7aa940dd4d1de4421cf587c024a9a0b23a2&amp;width=828 640w,https:\/\/imagenes.elpais.com\/resizer\/v2\/6GWNRM7NYBHRFOXM33LZVCFXBY.jpg?auth=f9f3d5a428ec31837eb7274286ebb7aa940dd4d1de4421cf587c024a9a0b23a2&amp;width=980 1000w,https:\/\/imagenes.elpais.com\/resizer\/v2\/6GWNRM7NYBHRFOXM33LZVCFXBY.jpg?auth=f9f3d5a428ec31837eb7274286ebb7aa940dd4d1de4421cf587c024a9a0b23a2&amp;width=1960 1960w\" alt=\"Crisis h\u00eddrica en Piura\" width=\"414\" height=\"276\" \/><p class=\"wp-caption-text\">Comuneros llevan agua extra\u00edda de pozos en burros.\u00a0 \u00a0 \u00a0 SEBASTIAN CASTA\u00d1EDA<\/p><\/div><figcaption class=\"a_m_p\"><\/figcaption><\/figure>\n<p>&nbsp;<\/p>\n<p class=\"\">En Sauce, otro pueblo vecino al embalse que vive de la pesca de las tilapias (<i>Oreochromis niloticus<\/i>) sembradas en Poechos, se extrae agua de un pozo para que llegue a las casas, pero no se puede consumir directamente porque tiene mucha sal. Para cocinar o beber, los pobladores tienen que comprar bidones de agua.<\/p>\n<p class=\"\">Por si no bastara, temen que el pescado se agote. \u201cPuede ser que ya no haya semilla\u201d, expresa uno de ellos refiri\u00e9ndose a la posibilidad de que, ante la reducci\u00f3n del embalse, los alevinos de tilapia se mueran. El drama corre por todos lados, incluyendo a la provincia de Sullana, donde los vecinos del centro poblado San Rolando, que no cuenta con agua potable y alcantarillado, ahora cavan huecos para sacar agua.<\/p>\n<h3 class=\"\">Las rutas a seguir<\/h3>\n<p class=\"\">Gustavo Rond\u00f3n, ge\u00f3grafo de la Pontificia Universidad Cat\u00f3lica del Per\u00fa, explica que la escasez de agua tambi\u00e9n afecta a la salud y la educaci\u00f3n. Puede \u201cgenerar problemas de higiene y aumentar el riesgo de focos infecciosos\u201d, indica. Y coincide con Garrido Lecca en que el\u00a0<a href=\"https:\/\/elpais.com\/internacional\/2023-11-30\/el-cambio-climatico-obliga-a-cambiar-el-calendario-agricola-de-las-comunidades-andinas-de-peru.html\" data-link-track-dtm=\"\" data-mrf-link=\"https:\/\/elpais.com\/internacional\/2023-11-30\/el-cambio-climatico-obliga-a-cambiar-el-calendario-agricola-de-las-comunidades-andinas-de-peru.html\">cambio clim\u00e1tico\u00a0<\/a>es uno de los detonantes de esta situaci\u00f3n. \u201cEs la nueva normalidad\u201d, apunta.<\/p>\n<p class=\"\">Rond\u00f3n a\u00f1ade que una forma de enfrentar esta crisis consistir\u00eda en construir nuevos reservorios, o micro represas, que vayan acumulando el agua mientras llueva fuertemente, como ocurri\u00f3 cuando lleg\u00f3 el cicl\u00f3n\u00a0<i>Yaku<\/i>, el\u00a0<i>Ni\u00f1o Costero\u00a0<\/i>y el Fen\u00f3meno\u00a0<i>El Ni\u00f1o<\/i>, que siempre golpea fuertemente a Piura. En ese momento el agua abunda, pero las previsiones para acumularla no son suficientes.<\/p>\n<p class=\"\">Limpiar los sedimentos de Poechos es otra ruta, de acuerdo con Garrido Lecca. El 68% del embalse est\u00e1 sedimentado y, aunque es muy costoso, tendr\u00eda que limpiarse, aunque s\u00f3lo por partes, ya que no se puede secar todo el embalse para el procedimiento. Otra alternativa, manifiesta el ingeniero, es construir canales que vayan por los costados, \u201cpresas sat\u00e9lites\u201d que seguir\u00edan alimentando el embalse con el agua del r\u00edo Chira. Tambi\u00e9n se podr\u00eda apelar al agua subterr\u00e1nea, aunque Rond\u00f3n anota que esta depende de las lluvias y, si estas son insuficientes, igualmente se agotar\u00e1. En un escenario de crisis clim\u00e1tica, todo es impredecible.<\/p>\n<p>&nbsp;<\/p>\n<figure class=\"a_m a_m-h \">\n<p><div style=\"width: 424px\" class=\"wp-caption alignnone\"><img loading=\"lazy\" decoding=\"async\" class=\"_re lazyload a_m-h\" src=\"https:\/\/imagenes.elpais.com\/resizer\/v2\/L5USGVWQX5FXDPEBYHFQIW5CGM.jpg?auth=e8ebd81d9002ddace4b846fece702f47ca6c473bf5a81415e2bdb8bd22e4f0fa&amp;width=414\" sizes=\"auto, (min-width:1199px) 1155px,(min-width:1001px) calc(100vw - 44px),(min-width:768px) 767px, 100vw\" srcset=\"https:\/\/imagenes.elpais.com\/resizer\/v2\/L5USGVWQX5FXDPEBYHFQIW5CGM.jpg?auth=e8ebd81d9002ddace4b846fece702f47ca6c473bf5a81415e2bdb8bd22e4f0fa&amp;width=414 414w,https:\/\/imagenes.elpais.com\/resizer\/v2\/L5USGVWQX5FXDPEBYHFQIW5CGM.jpg?auth=e8ebd81d9002ddace4b846fece702f47ca6c473bf5a81415e2bdb8bd22e4f0fa&amp;width=828 640w,https:\/\/imagenes.elpais.com\/resizer\/v2\/L5USGVWQX5FXDPEBYHFQIW5CGM.jpg?auth=e8ebd81d9002ddace4b846fece702f47ca6c473bf5a81415e2bdb8bd22e4f0fa&amp;width=980 1000w,https:\/\/imagenes.elpais.com\/resizer\/v2\/L5USGVWQX5FXDPEBYHFQIW5CGM.jpg?auth=e8ebd81d9002ddace4b846fece702f47ca6c473bf5a81415e2bdb8bd22e4f0fa&amp;width=1960 1960w\" alt=\"Crisis h\u00eddrica en Piura\" width=\"414\" height=\"311\" \/><p class=\"wp-caption-text\">R\u00edo Chira en Sultana sin agua.SEBASTIAN CASTA\u00d1EDA<\/p><\/div><figcaption class=\"a_m_p\"><\/figcaption><\/figure>\n<p>&nbsp;<\/p>\n<p>&nbsp;<\/p>\n<p class=\"\">\u201cB\u00e1sicamente dependemos de la naturaleza\u201d, afirma Carlos Chunga, un periodista piurano, que recuerda tambi\u00e9n que existe el\u00a0<a href=\"https:\/\/www.elperuano.pe\/noticia\/195733-presentan-plan-maestro-del-rio-de-piura-y-drenaje-pluvial\/#:~:text=Son%2012%20intervenciones%20por%20un,tanques%20de%20almacenamiento%20de%20agua.\" target=\"_blank\" rel=\"noopener\" data-link-track-dtm=\"\" data-mrf-link=\"https:\/\/www.elperuano.pe\/noticia\/195733-presentan-plan-maestro-del-rio-de-piura-y-drenaje-pluvial\/#:~:text=Son%2012%20intervenciones%20por%20un,tanques%20de%20almacenamiento%20de%20agua.\">Plan Maestro Integral del r\u00edo Piura,<\/a>\u00a0que incluye drenes, tanques de almacenamiento y estaciones de bombeo para manejar el exceso o la falta de agua. Sin embargo, el proyecto avanza lentamente.<\/p>\n<p class=\"\">La Autoridad Nacional del Agua (ANA), entidad encargada de una gesti\u00f3n sostenible de los recursos h\u00eddricos, tiene un plan\u00a0<a href=\"https:\/\/repositorio.ana.gob.pe\/handle\/20.500.12543\/743\" target=\"_blank\" rel=\"noopener\" data-link-track-dtm=\"\" data-mrf-link=\"https:\/\/repositorio.ana.gob.pe\/handle\/20.500.12543\/743\">para limpiar Poechos<\/a>\u00a0desde 2004, pero no se ha puesto en marcha. El Gobierno regional, presidido por Luis Neyron Le\u00f3n, es criticado por los agricultores y usuarios por no desplegar acciones m\u00e1s r\u00e1pidas para responder a esta crisis, como limpiar al menos parcialmente Poechos. Tambi\u00e9n por no ordenar la gesti\u00f3n h\u00eddrica, algo que se expresa, por ejemplo, en la existencia de al menos 10.000 hect\u00e1reas agr\u00edcolas informales.<\/p>\n<p class=\"\">El sol sigue rajando el fondo seco de Poechos. Los \u00faltimos pron\u00f3sticos sostienen que en diciembre llover\u00e1 unos cuantos d\u00edas en la cuenca del r\u00edo Catamayo, en Ecuador, donde nace el r\u00edo Chira y el lugar del que viene el 70% del agua de este embalse. Hoy, sin embargo, el cielo est\u00e1 despejado y un solitario \u00e1rbol clavado en una orilla parece confirmar que el cambio clim\u00e1tico ya est\u00e1 aqu\u00ed.<\/p>\n","protected":false},"excerpt":{"rendered":"<p>&nbsp; &nbsp; &#8211; Piura, una regi\u00f3n antes presa del desbordamiento de agua, hoy sufre una severa sequ\u00eda que golpea a la producci\u00f3n agr\u00edcola y al&hellip;<\/p>\n","protected":false},"author":99,"featured_media":525830,"comment_status":"open","ping_status":"open","sticky":false,"template":"","format":"standard","meta":{"footnotes":""},"categories":[23],"tags":[],"class_list":["post-525829","post","type-post","status-publish","format-standard","has-post-thumbnail","hentry","category-latinoamerica"],"_links":{"self":[{"href":"https:\/\/diarioelpopular.com\/index.php\/wp-json\/wp\/v2\/posts\/525829","targetHints":{"allow":["GET"]}}],"collection":[{"href":"https:\/\/diarioelpopular.com\/index.php\/wp-json\/wp\/v2\/posts"}],"about":[{"href":"https:\/\/diarioelpopular.com\/index.php\/wp-json\/wp\/v2\/types\/post"}],"author":[{"embeddable":true,"href":"https:\/\/diarioelpopular.com\/index.php\/wp-json\/wp\/v2\/users\/99"}],"replies":[{"embeddable":true,"href":"https:\/\/diarioelpopular.com\/index.php\/wp-json\/wp\/v2\/comments?post=525829"}],"version-history":[{"count":1,"href":"https:\/\/diarioelpopular.com\/index.php\/wp-json\/wp\/v2\/posts\/525829\/revisions"}],"predecessor-version":[{"id":525831,"href":"https:\/\/diarioelpopular.com\/index.php\/wp-json\/wp\/v2\/posts\/525829\/revisions\/525831"}],"wp:featuredmedia":[{"embeddable":true,"href":"https:\/\/diarioelpopular.com\/index.php\/wp-json\/wp\/v2\/media\/525830"}],"wp:attachment":[{"href":"https:\/\/diarioelpopular.com\/index.php\/wp-json\/wp\/v2\/media?parent=525829"}],"wp:term":[{"taxonomy":"category","embeddable":true,"href":"https:\/\/diarioelpopular.com\/index.php\/wp-json\/wp\/v2\/categories?post=525829"},{"taxonomy":"post_tag","embeddable":true,"href":"https:\/\/diarioelpopular.com\/index.php\/wp-json\/wp\/v2\/tags?post=525829"}],"curies":[{"name":"wp","href":"https:\/\/api.w.org\/{rel}","templated":true}]}}