{"id":525833,"date":"2024-12-06T11:39:32","date_gmt":"2024-12-06T15:39:32","guid":{"rendered":"https:\/\/diarioelpopular.com\/?p=525833"},"modified":"2024-12-06T11:39:32","modified_gmt":"2024-12-06T15:39:32","slug":"la-corte-constitucional-de-ecuador-confirma-que-hubo-esclavitud-moderna-en-las-haciendas-de-furukawa","status":"publish","type":"post","link":"https:\/\/diarioelpopular.com\/index.php\/2024\/12\/06\/la-corte-constitucional-de-ecuador-confirma-que-hubo-esclavitud-moderna-en-las-haciendas-de-furukawa\/","title":{"rendered":"La Corte Constitucional de Ecuador confirma que hubo esclavitud moderna en las haciendas de Furukawa"},"content":{"rendered":"<div id=\"attachment_525834\" style=\"width: 1210px\" class=\"wp-caption alignnone\"><img loading=\"lazy\" decoding=\"async\" aria-describedby=\"caption-attachment-525834\" class=\"wp-image-525834 size-custom-big-size\" src=\"https:\/\/diarioelpopular.com\/wp-content\/uploads\/2024\/12\/Screen-Shot-2024-12-06-at-10.38.41-AM-1200x803.png\" alt=\"\" width=\"1200\" height=\"803\" srcset=\"https:\/\/diarioelpopular.com\/wp-content\/uploads\/2024\/12\/Screen-Shot-2024-12-06-at-10.38.41-AM-1200x803.png 1200w, https:\/\/diarioelpopular.com\/wp-content\/uploads\/2024\/12\/Screen-Shot-2024-12-06-at-10.38.41-AM-300x201.png 300w, https:\/\/diarioelpopular.com\/wp-content\/uploads\/2024\/12\/Screen-Shot-2024-12-06-at-10.38.41-AM-768x514.png 768w, https:\/\/diarioelpopular.com\/wp-content\/uploads\/2024\/12\/Screen-Shot-2024-12-06-at-10.38.41-AM-636x425.png 636w, https:\/\/diarioelpopular.com\/wp-content\/uploads\/2024\/12\/Screen-Shot-2024-12-06-at-10.38.41-AM-80x55.png 80w, https:\/\/diarioelpopular.com\/wp-content\/uploads\/2024\/12\/Screen-Shot-2024-12-06-at-10.38.41-AM-109x73.png 109w, https:\/\/diarioelpopular.com\/wp-content\/uploads\/2024\/12\/Screen-Shot-2024-12-06-at-10.38.41-AM.png 1024w\" sizes=\"auto, (max-width: 1200px) 100vw, 1200px\" \/><p id=\"caption-attachment-525834\" class=\"wp-caption-text\">Uno de los exempleados de la empresa Furukawa, que actualmente es parte de la resistencia, camina por las plantaciones de Abaca para cosechar la fibra de esta planta, en febrero de 2023. Ana Maria Buitron<\/p><\/div>\n<p>&nbsp;<\/p>\n<p>&nbsp;<\/p>\n<h4 class=\"a_st\"><em>&#8211; El hist\u00f3rico fallo da la raz\u00f3n a las v\u00edctimas que denunciaron explotaci\u00f3n laboral por parte de la empresa japonesa durante casi 60 a\u00f1os y reconoce que fue motivado por la \u201cextrema vulnerabilidad\u201d y el \u201cracismo estructural\u201d del pa\u00eds<\/em><\/h4>\n<p>&nbsp;<\/p>\n<p class=\"\">\u201cPor m\u00e1s de cinco d\u00e9cadas,\u00a0<a href=\"https:\/\/elpais.com\/america-futura\/2023-02-22\/nos-trataron-como-a-ganado-106-ecuatorianos-contra-una-empresa-japonesa-por-esclavitud-moderna.html\" target=\"_blank\" rel=\"noopener\" data-link-track-dtm=\"\" data-mrf-link=\"https:\/\/elpais.com\/america-futura\/2023-02-22\/nos-trataron-como-a-ganado-106-ecuatorianos-contra-una-empresa-japonesa-por-esclavitud-moderna.html\">Furukawa mantuvo en sus haciendas<\/a>\u00a0una pr\u00e1ctica an\u00e1loga a la esclavitud conocida como servidumbre de la gleba. Este sistema consist\u00eda en aprovecharse de personas en condiciones de extrema vulnerabilidad para que vivan en campamentos dentro de las haciendas y cosechen abac\u00e1 en beneficio de Furukawa\u201d. Estas son las primeras l\u00edneas de una sentencia hist\u00f3rica en Ecuador que reconoce por primera vez que la millonaria firma a cargo de la producci\u00f3n de esa fibra viol\u00f3 los derechos laborales y humanos de sus trabajadores,\u00a0<a href=\"https:\/\/elpais.com\/america-futura\/2024-04-10\/el-juicio-de-los-esclavos-modernos-de-ecuador-contra-furukawa-visto-para-sentencia-necesitamos-justicia.html\" target=\"_blank\" rel=\"noopener\" data-link-track-dtm=\"\" data-mrf-link=\"https:\/\/elpais.com\/america-futura\/2024-04-10\/el-juicio-de-los-esclavos-modernos-de-ecuador-contra-furukawa-visto-para-sentencia-necesitamos-justicia.html\">tal y como llevan seis a\u00f1os denunciando<\/a>. Tambi\u00e9n se\u00f1ala a las entidades p\u00fablicas por omitir la adopci\u00f3n de medidas de prevenci\u00f3n y protecci\u00f3n, y exige reparaciones integrales que engloban disculpas p\u00fablicas del Estado y de la empresa, reparaciones econ\u00f3micas o cesiones de tierras y reformas legales para \u201cevitar la impunidad corporativa\u201d u otras pr\u00e1cticas de esclavitud.<\/p>\n<p class=\"\">El fallo, emitido este jueves, confirma adem\u00e1s que la esclavitud fue motivada por el \u201corigen afrodescendiente\u201d de los trabajadores y el \u201cracismo estructural\u201d que existe en Ecuador. \u201cLas personas que cultivaban el abac\u00e1 eran percibidas, debido a su origen afrodescendiente, como objetos de producci\u00f3n, y no como personas en igualdad de condiciones de dignidad humana\u201d, se lee. Alejandra Zambrano, abogada de la Comisi\u00f3n Ecum\u00e9nica de Derechos Humanos (Cedhu), expresa la satisfacci\u00f3n con cautela, mientras termina de escrutar las 146 p\u00e1ginas del fallo. Y celebra las palabras tan vocales de los jueces al aludir al racismo. \u201cEs sumamente importante, no hay un antecedente como este. Y para revertir este racismo estructural, el primer paso es reconocer que existe\u201d, zanja por tel\u00e9fono.<\/p>\n<p class=\"\">La servidumbre de la gleba, seg\u00fan expone la Corte, consist\u00eda en mantener a los abacaleros en campamentos dentro de las haciendas insalubres, sin acceso a servicios b\u00e1sicos como electricidad, agua potable, ni salud o educaci\u00f3n. Estos trabajadores eran obligados a cultivar abac\u00e1 para la empresa, con la imposibilidad de modificar su situaci\u00f3n generacionalmente. Si bien esta obligaci\u00f3n no fue manifestada a la fuerza, se materializaba precisamente gracias a la extrema vulnerabilidad de las v\u00edctimas, en su mayor\u00eda afrodescendientes y analfabetas.<\/p>\n<p class=\"\">La Corte ha exigido una importante bater\u00eda de reparaciones simb\u00f3licas como la creaci\u00f3n de un documental sobre la servidumbre de la gleba, con la participaci\u00f3n de los abacaleros, y la declaraci\u00f3n de un d\u00eda de conmemoraci\u00f3n de las v\u00edctimas de Furukawa. El acto de disculpa p\u00fablica se realizar\u00e1 en menos de dos meses en la Plaza Grande de Quito, un lugar emblem\u00e1tico de las luchas sociales del pa\u00eds y donde llegaron por primera vez los abacaleros a reivindicar sus derechos. El acto tendr\u00e1 que ser liderado por el presidente o, en su defecto, alguno de los ministros.<\/p>\n<p class=\"\">Si bien la firma japonesa, instalada en Ecuador a mediados de los 60, a\u00fan no ha emitido ninguna declaraci\u00f3n sobre la sentencia, s\u00ed se pronunciaron d\u00edas antes, intuyendo la contundencia del fallo. \u201cEn caso de que se disponga de una eventual reparaci\u00f3n dentro del actual proceso de selecci\u00f3n y revisi\u00f3n, la invasi\u00f3n de las haciendas de Furukawa debe ser considerada, pues aquello ha implicado que no se tenga control sobre las mismas\u201d, acusaron d\u00edas antes del fallo a la jueza ponente, Daniela Salazar Mar\u00edn. Esa invasi\u00f3n que aseguran fue \u201ca la fuerza\u201d es un asentamiento de resistencia de los abacaleros, hoy ya reconocidos por la justicia ecuatoriana como v\u00edctimas de la esclavitud moderna. \u201cLas personas que se encuentran ah\u00ed (&#8230;) han estado explotando por m\u00e1s de cinco a\u00f1os esas 117 hect\u00e1reas, lo cual les ha dejado buena plata\u201d, argumentaba Walter S\u00e1nchez, comodatario de la empresa.<\/p>\n<p class=\"\">Furukawa es propietaria de m\u00e1s de 2.000 hect\u00e1reas de tierra productiva. En estas tierras existen 26 haciendas ubicadas en las provincias de Santo Domingo de los Ts\u00e1chilas, Los R\u00edos y Esmeraldas, que se dedican a\u00fan hoy al cultivo e industrializaci\u00f3n del abac\u00e1. Zambrano ahonda en lo simb\u00f3lico del gesto \u201cen un pa\u00eds donde reina la agroindustria\u201d. \u201cEs tambi\u00e9n un aviso a otras empresas con pr\u00e1cticas similares\u201d, dice.<\/p>\n<p class=\"\">Esta es la primera vez que la Corte Constitucional emite una sentencia sobre servidumbre de gleba y racismo estructural en el pa\u00eds. Si bien en 2021 el juez constitucional de primera instancia, Carlos Vera Cede\u00f1o, reconoci\u00f3 que hab\u00eda pr\u00e1cticas an\u00e1logas con la esclavitud moderna, este fallo tiene la competencia de sentar un precedente jur\u00eddico y es de obligado cumplimiento. El siguiente paso ser\u00e1 la fase de ejecuci\u00f3n de sentencia, que iniciar\u00e1 esta misma Corte.<\/p>\n<p class=\"\">Esta sentencia puede influir en el proceso penal contra la firma y cuatro ex gerentes y administradores: Marcelo Almeida, vinculado a Furukawa por dos d\u00e9cadas, Iv\u00e1n Segarra, antiguo administrador de campo, Adri\u00e1n Herrera, gerente desde 2019,\u00a0<a href=\"https:\/\/elpais.com\/internacional\/2019\/09\/14\/america\/1568420669_403179.html\" data-link-track-dtm=\"\" data-mrf-link=\"https:\/\/elpais.com\/internacional\/2019\/09\/14\/america\/1568420669_403179.html\">Hugo Chalen, quien mantiene funciones comerciales desde 2001<\/a>\u00a0y Pa\u00fal Bola\u00f1os, jefe administrativo de 2005 a 2006 y jefe de recursos humanos desde 2018 hasta la actualidad y la propia persona jur\u00eddica. \u201cAunque no es vinculante, la Corte es un \u00f3rgano con mayor autoridad que se pronuncia por primera vez ante el \u00fanico proceso judicial de servidumbre de gleba del pa\u00eds\u201d, cuenta Zambrano. \u201cEste fallo se\u00f1ala como responsables al Estado y a la firma\u201d. Esta \u00faltima tambi\u00e9n est\u00e1 en el banquillo del proceso penal.<\/p>\n<p class=\"\">Sin embargo, este otro proceso ha estado plagado de irregularidades que ponen de manifiesto la enorme influencia de la firma. La m\u00e1s reciente es la vinculaci\u00f3n de la jueza ponente del caso, Miriam Cecilia Y\u00e1\u00f1ez Vallejo, con el abogado de Pa\u00fal Bola\u00f1os. Seg\u00fan documentos a los que ha tenido acceso EL PA\u00cdS, la jueza present\u00f3 una acci\u00f3n de protecci\u00f3n asesorada por los abogados de Bola\u00f1os contra el Consejo de la Judicatura en un proceso que arranc\u00f3 en 2023 (despu\u00e9s de presentarse la demanda contra Furukawa) y al menos hasta febrero de 2024 (cuando se dict\u00f3 sentencia de apelaci\u00f3n). As\u00ed, cuando en noviembre de 2023 la referida jueza se declar\u00f3 competente para juzgar a Bola\u00f1os como coautor del delito de trata de personas con fines de explotaci\u00f3n laboral, al mismo tiempo estaba siendo defendida y patrocinada por su mismo abogado.<\/p>\n<p class=\"\">Si bien los jueces est\u00e1n obligados a recusar los juicios en los que puedan tener conflicto de intereses, no fue el caso y acept\u00f3 el proceso con normalidad. \u201cEs una omisi\u00f3n dolosa, sin duda. Es imposible que no supiera qui\u00e9n es si lo ha saludado de beso y lo ha llamado por su nombre en los tribunales\u201d, cuentan fuentes cercanas al caso. Estas vinculaciones entre ambos han hecho que tanto la Fiscal\u00eda como la acusaci\u00f3n presentaran dos demandas de recusaci\u00f3n para que sea reemplazada \u201cinmediatamente\u201d.<\/p>\n<p class=\"\">El v\u00ednculo profesional existente, dice la demanda<b>\u00a0<\/b>Cedhu, \u201chace indudable la existencia de un inter\u00e9s econ\u00f3mico\u201d. De no haber existido cobros en dinero, se\u00f1alan, \u201cestamos ante un escenario a\u00fan m\u00e1s dudoso respecto a la imparcialidad de la juzgadora, como estar en deuda con dichos abogados (&#8230;) o por amistad \u00edntima\u201d. Esta es la \u00faltima de una larga cadena de irregularidades que obligaron a derivar el caso a otra provincia, despu\u00e9s de que todos los jueces de la Corte Provincial de Justicia de Santo Domingo de los Ts\u00e1chilas se excusaran. Los abogados del caso saben que a\u00fan queda mucho trabajo por delante, pero hoy est\u00e1n un paso m\u00e1s cerca de la reparaci\u00f3n.<\/p>\n","protected":false},"excerpt":{"rendered":"<p>&nbsp; &nbsp; &#8211; El hist\u00f3rico fallo da la raz\u00f3n a las v\u00edctimas que denunciaron explotaci\u00f3n laboral por parte de la empresa japonesa durante casi 60&hellip;<\/p>\n","protected":false},"author":99,"featured_media":525834,"comment_status":"open","ping_status":"open","sticky":false,"template":"","format":"standard","meta":{"footnotes":""},"categories":[23],"tags":[],"class_list":["post-525833","post","type-post","status-publish","format-standard","has-post-thumbnail","hentry","category-latinoamerica"],"_links":{"self":[{"href":"https:\/\/diarioelpopular.com\/index.php\/wp-json\/wp\/v2\/posts\/525833","targetHints":{"allow":["GET"]}}],"collection":[{"href":"https:\/\/diarioelpopular.com\/index.php\/wp-json\/wp\/v2\/posts"}],"about":[{"href":"https:\/\/diarioelpopular.com\/index.php\/wp-json\/wp\/v2\/types\/post"}],"author":[{"embeddable":true,"href":"https:\/\/diarioelpopular.com\/index.php\/wp-json\/wp\/v2\/users\/99"}],"replies":[{"embeddable":true,"href":"https:\/\/diarioelpopular.com\/index.php\/wp-json\/wp\/v2\/comments?post=525833"}],"version-history":[{"count":1,"href":"https:\/\/diarioelpopular.com\/index.php\/wp-json\/wp\/v2\/posts\/525833\/revisions"}],"predecessor-version":[{"id":525835,"href":"https:\/\/diarioelpopular.com\/index.php\/wp-json\/wp\/v2\/posts\/525833\/revisions\/525835"}],"wp:featuredmedia":[{"embeddable":true,"href":"https:\/\/diarioelpopular.com\/index.php\/wp-json\/wp\/v2\/media\/525834"}],"wp:attachment":[{"href":"https:\/\/diarioelpopular.com\/index.php\/wp-json\/wp\/v2\/media?parent=525833"}],"wp:term":[{"taxonomy":"category","embeddable":true,"href":"https:\/\/diarioelpopular.com\/index.php\/wp-json\/wp\/v2\/categories?post=525833"},{"taxonomy":"post_tag","embeddable":true,"href":"https:\/\/diarioelpopular.com\/index.php\/wp-json\/wp\/v2\/tags?post=525833"}],"curies":[{"name":"wp","href":"https:\/\/api.w.org\/{rel}","templated":true}]}}