{"id":525859,"date":"2024-12-07T12:24:37","date_gmt":"2024-12-07T16:24:37","guid":{"rendered":"https:\/\/diarioelpopular.com\/?p=525859"},"modified":"2024-12-07T12:24:37","modified_gmt":"2024-12-07T16:24:37","slug":"por-que-las-relaciones-diplomaticas-entre-mexico-y-canada-atraviesan-uno-de-sus-peores-momentos-tras-la-victoria-de-trump","status":"publish","type":"post","link":"https:\/\/diarioelpopular.com\/index.php\/2024\/12\/07\/por-que-las-relaciones-diplomaticas-entre-mexico-y-canada-atraviesan-uno-de-sus-peores-momentos-tras-la-victoria-de-trump\/","title":{"rendered":"Por qu\u00e9 las relaciones diplom\u00e1ticas entre M\u00e9xico y Canad\u00e1 atraviesan uno de sus peores momentos tras la victoria de Trump"},"content":{"rendered":"<div id=\"attachment_525860\" style=\"width: 646px\" class=\"wp-caption alignnone\"><img loading=\"lazy\" decoding=\"async\" aria-describedby=\"caption-attachment-525860\" class=\"wp-image-525860 size-custom-full-size\" src=\"https:\/\/diarioelpopular.com\/wp-content\/uploads\/2024\/12\/Screen-Shot-2024-12-07-at-11.23.37-AM-636x359.png\" alt=\"\" width=\"636\" height=\"359\" srcset=\"https:\/\/diarioelpopular.com\/wp-content\/uploads\/2024\/12\/Screen-Shot-2024-12-07-at-11.23.37-AM-636x359.png 636w, https:\/\/diarioelpopular.com\/wp-content\/uploads\/2024\/12\/Screen-Shot-2024-12-07-at-11.23.37-AM-300x170.png 300w, https:\/\/diarioelpopular.com\/wp-content\/uploads\/2024\/12\/Screen-Shot-2024-12-07-at-11.23.37-AM-768x434.png 768w, https:\/\/diarioelpopular.com\/wp-content\/uploads\/2024\/12\/Screen-Shot-2024-12-07-at-11.23.37-AM-129x73.png 129w, https:\/\/diarioelpopular.com\/wp-content\/uploads\/2024\/12\/Screen-Shot-2024-12-07-at-11.23.37-AM.png 1024w\" sizes=\"auto, (max-width: 636px) 100vw, 636px\" \/><p id=\"caption-attachment-525860\" class=\"wp-caption-text\">El primer ministro Justin Trudeau, y la presidente de M\u00e9xico, Claudia Sheinbaum, se dan la mano durante la cumbre del G20 en R\u00edo de Janeiro, Brasil.<\/p><\/div>\n<p>&nbsp;<\/p>\n<p>&nbsp;<\/p>\n<div class=\"bbc-19j92fr ebmt73l0\" dir=\"ltr\">\n<ul>\n<li class=\"bbc-hhl7in e17g058b0\" dir=\"ltr\"><em><b>Las tensiones diplom\u00e1ticas entre M\u00e9xico y Canad\u00e1 parecen estar en su punto m\u00e1ximo a pocas semanas de que comience el segundo mandato del presidente electo Donald Trump.<\/b><\/em><\/li>\n<\/ul>\n<\/div>\n<div class=\"bbc-19j92fr ebmt73l0\" dir=\"ltr\">\n<p dir=\"ltr\">\n<p dir=\"ltr\">\n<p class=\"bbc-hhl7in e17g058b0\" dir=\"ltr\">La semana pasada, el magnate neoyorkino amenaz\u00f3 con imponer aranceles generalizados del 25% a ambos pa\u00edses cuando asuma el cargo en enero, a menos que refuercen sus fronteras con Estados Unidos.<\/p>\n<\/div>\n<div class=\"bbc-19j92fr ebmt73l0\" dir=\"ltr\">\n<p class=\"bbc-hhl7in e17g058b0\" dir=\"ltr\">Varios funcionarios canadienses se apresuraron a distanciar los problemas fronterizos de su pa\u00eds con los de M\u00e9xico.<\/p>\n<\/div>\n<div class=\"bbc-19j92fr ebmt73l0\" dir=\"ltr\">\n<p class=\"bbc-hhl7in e17g058b0\" dir=\"ltr\">&#8220;Compararnos con M\u00e9xico es la cosa m\u00e1s insultante\u00a0que he escuchado de nuestros amigos y aliados m\u00e1s cercanos, Estados Unidos&#8221;, afirm\u00f3 el jefe de gobierno de la provincia de Ontario, Doug Ford.<\/p>\n<\/div>\n<div class=\"bbc-19j92fr ebmt73l0\" dir=\"ltr\">\n<p class=\"bbc-hhl7in e17g058b0\" dir=\"ltr\">Canad\u00e1 argumenta que el contrabando de drogas y los cruces ilegales en la frontera mexicana son mucho mayores y que M\u00e9xico funciona como una &#8220;puerta trasera&#8221; para la inversi\u00f3n china en Am\u00e9rica del Norte.<\/p>\n<\/div>\n<div class=\"bbc-19j92fr ebmt73l0\" dir=\"ltr\">\n<p class=\"bbc-hhl7in e17g058b0\" dir=\"ltr\">Es un discurso, aunque cierto y real, no ha pasado desapercibido en M\u00e9xico.<\/p>\n<\/div>\n<div class=\"bbc-19j92fr ebmt73l0\" dir=\"ltr\">\n<p class=\"bbc-hhl7in e17g058b0\" dir=\"ltr\">La presidente mexicana, Claudia Sheinbaum, se sinti\u00f3 tocada y dijo a\u00a0<i class=\"bbc-h1y5j7 eih42320\">The Associated Press<\/i>\u00a0esta semana que &#8220;M\u00e9xico debe ser respetado, especialmente por sus socios comerciales&#8221;. A lo que muchos medios dicen que no ha sido falta de respeto sino una realidad de la que pocos quieren hablar.<\/p>\n<\/div>\n<div class=\"bbc-19j92fr ebmt73l0\" dir=\"ltr\">\n<p class=\"bbc-hhl7in e17g058b0\" dir=\"ltr\">Agreg\u00f3 que\u00a0Canad\u00e1 tiene sus propios problemas sociales con el uso de fentanilo, que proviene del mismo M\u00e9xico, y agreg\u00f3 innecesariamente, que el pa\u00eds desear\u00eda &#8220;tener las riquezas culturales que tiene M\u00e9xico&#8221;.<\/p>\n<\/div>\n<div class=\"bbc-19j92fr ebmt73l0\" dir=\"ltr\">\n<p class=\"bbc-hhl7in e17g058b0\" dir=\"ltr\">Los comentarios de Sheinbaum se produjeron despu\u00e9s de que la embajadora de Canad\u00e1 en Estados Unidos, Kirsten Hillman, dijera a la agencia de noticias que durante una cena en Mar-a-Lago, la residencia de Trump en Florida, el primer ministro, Justin Trudeau, le dijo al presidente electo que la frontera norte era &#8220;muy diferente a la frontera mexicana&#8221;.<\/p>\n<p dir=\"ltr\">\n<\/div>\n<figure class=\"bbc-1qn0xuy\">\n<div class=\"bbc-18ywsw9\">\n<div style=\"width: 1034px\" class=\"wp-caption alignnone\"><img loading=\"lazy\" decoding=\"async\" class=\"bbc-139onq\" src=\"https:\/\/ichef.bbci.co.uk\/ace\/ws\/640\/cpsprodpb\/39fd\/live\/bb9a4f80-b3cb-11ef-87f9-6b7b7249ee9c.jpg.webp\" alt=\"Claudia Sheinbaum, presidenta de M\u00e9xico, durante una conferencia de prensa en el Palacio Nacional en la Ciudad de M\u00e9xico, M\u00e9xico, el jueves 5 de diciembre de 2024.\" width=\"1024\" height=\"576\" \/><p class=\"wp-caption-text\">Fuente de la imagen,Getty Images.\u00a0\u00a0&#8220;A M\u00e9xico se le respeta&#8221;, afirm\u00f3 la presidente Claudia Sheinbaum, quien adem\u00e1s dijo que no caer\u00e1 en &#8220;provocaciones&#8221;.<\/p><\/div>\n<\/div>\n<\/figure>\n<div class=\"bbc-19j92fr ebmt73l0\" dir=\"ltr\">\n<h2 tabindex=\"-1\"><\/h2>\n<h2 id=\"El-comercio-entre-M\u00e9xico-y-China-en-la-mira\" class=\"bbc-1lgzob2 eglt09e0\" tabindex=\"-1\">El comercio entre M\u00e9xico y China en la mira<\/h2>\n<\/div>\n<div class=\"bbc-19j92fr ebmt73l0\" dir=\"ltr\">\n<p class=\"bbc-hhl7in e17g058b0\" dir=\"ltr\">Los funcionarios canadienses tambi\u00e9n han tratado de posicionar a Estados Unidos y Canad\u00e1 como un frente unido contra China, cosa que no ha sucedido con el vecino del sur.<\/p>\n<\/div>\n<div class=\"bbc-19j92fr ebmt73l0\" dir=\"ltr\">\n<p class=\"bbc-hhl7in e17g058b0\" dir=\"ltr\">Han se\u00f1alado que comparten las preocupaciones de que China ha estado utilizando por mucho tiempo a M\u00e9xico como una puerta trasera\u00a0para inundar el mercado norteamericano con importaciones baratas y de mala calidad, disfrazadas como productos hechos en ese territorio sin que los gobiernos de turno hayan tomado medidas.<\/p>\n<\/div>\n<div class=\"bbc-19j92fr ebmt73l0\" dir=\"ltr\">\n<p class=\"bbc-hhl7in e17g058b0\" dir=\"ltr\">En octubre, Canad\u00e1 impuso un arancel del 100% a las importaciones de veh\u00edculos el\u00e9ctricos fabricados en China despu\u00e9s de anuncios similares en Estados Unidos y la Uni\u00f3n Europea.<\/p>\n<\/div>\n<div class=\"bbc-19j92fr ebmt73l0\" dir=\"ltr\">\n<p class=\"bbc-hhl7in e17g058b0\" dir=\"ltr\">El pa\u00eds tambi\u00e9n planea imponer aranceles del 25% al \u200b\u200bacero y al aluminio provenientes de China.<\/p>\n<\/div>\n<div class=\"bbc-19j92fr ebmt73l0\" dir=\"ltr\">\n<p class=\"bbc-hhl7in e17g058b0\" dir=\"ltr\">Convenientemente, M\u00e9xico no ha anunciado aranceles tan altos.<\/p>\n<p dir=\"ltr\">\n<\/div>\n<figure class=\"bbc-1qn0xuy\">\n<div class=\"bbc-18ywsw9\">\n<div style=\"width: 610px\" class=\"wp-caption alignnone\"><img loading=\"lazy\" decoding=\"async\" class=\"bbc-139onq\" src=\"https:\/\/ichef.bbci.co.uk\/ace\/ws\/640\/cpsprodpb\/2b4a\/live\/4e448240-b40a-11ef-a4d0-4f4ff48ca12b.jpg.webp\" alt=\"Canad\u00e1 y M\u00e9xico\" width=\"600\" height=\"338\" \/><p class=\"wp-caption-text\">Fuente de la imagen,Getty Images.\u00a0\u00a0Las relaciones entre Canad\u00e1 y M\u00e9xico no pasan por su mejor momento.<\/p><\/div>\n<p class=\"bbc-by8ykd\" role=\"text\">\n<\/div>\n<\/figure>\n<div class=\"bbc-19j92fr ebmt73l0\" dir=\"ltr\">\n<p dir=\"ltr\">\n<p class=\"bbc-hhl7in e17g058b0\" dir=\"ltr\">En este momento, los tres pa\u00edses est\u00e1n sujetos a un acuerdo comercial trilateral, el T-MEC, que se renegoci\u00f3 durante el primer mandato de Trump y que volver\u00e1 a renegociarse en 2026.<\/p>\n<\/div>\n<div class=\"bbc-19j92fr ebmt73l0\" dir=\"ltr\">\n<p class=\"bbc-hhl7in e17g058b0\" dir=\"ltr\">Pero las tensiones con China han hecho que el premier Doug Ford, pida repetidamente\u00a0acuerdos comerciales bilaterales separados\u00a0entre Canad\u00e1, Estados Unidos y M\u00e9xico.<\/p>\n<\/div>\n<div class=\"bbc-19j92fr ebmt73l0\" dir=\"ltr\">\n<p class=\"bbc-hhl7in e17g058b0\" dir=\"ltr\">La propuesta que ha sido respaldada por Danielle Smith, l\u00edder de la provincia de Alberta, rica en petr\u00f3leo.<\/p>\n<\/div>\n<div class=\"bbc-19j92fr ebmt73l0\" dir=\"ltr\">\n<p class=\"bbc-hhl7in e17g058b0\" dir=\"ltr\">&#8220;Han tenido la oportunidad de solucionar estos problemas durante a\u00f1os y simplemente no quieren hacerlo&#8221;, acus\u00f3 Ford a finales de noviembre.<\/p>\n<\/div>\n<div class=\"bbc-19j92fr ebmt73l0\" dir=\"ltr\">\n<h2 id=\"Una-relaci\u00f3n-hist\u00f3ricamente-estable\" class=\"bbc-1lgzob2 eglt09e0\" tabindex=\"-1\">Una relaci\u00f3n hist\u00f3ricamente estable<\/h2>\n<\/div>\n<div class=\"bbc-19j92fr ebmt73l0\" dir=\"ltr\">\n<p class=\"bbc-hhl7in e17g058b0\" dir=\"ltr\">Trudeau ha dicho que si bien Canad\u00e1 prefiere que M\u00e9xico siga siendo un socio comercial importante en Am\u00e9rica del Norte, &#8220;quiz\u00e1s tengamos que\u00a0considerar otras opciones&#8221; si el pa\u00eds no modifica sus relaciones comerciales con China.<\/p>\n<\/div>\n<div class=\"bbc-19j92fr ebmt73l0\" dir=\"ltr\">\n<p class=\"bbc-hhl7in e17g058b0\" dir=\"ltr\">Marta Leardi-Anderson, directora ejecutiva del Cross-Border Institute de la Universidad de Windsor, Ontario, asegur\u00f3 que los comentarios de Ford probablemente sean un reflejo de la\u00a0profunda dependencia de Ontario de su relaci\u00f3n comercial con Estados Unidos.<\/p>\n<\/div>\n<div class=\"bbc-19j92fr ebmt73l0\" dir=\"ltr\">\n<p class=\"bbc-hhl7in e17g058b0\" dir=\"ltr\">La provincia alberga gran parte de la industria automotriz de Canad\u00e1, y el comercio entre Ontario y EE.UU. totaliz\u00f3 m\u00e1s de US$350 mil millones en 2023.<\/p>\n<\/div>\n<div class=\"bbc-19j92fr ebmt73l0\" dir=\"ltr\">\n<p class=\"bbc-hhl7in e17g058b0\" dir=\"ltr\">Leardi-Anderson agreg\u00f3 que las amenazas de Trump con imponer aranceles y la seguridad fronteriza han obligado a M\u00e9xico y Canad\u00e1 -tambi\u00e9n aliados de larga data- a\u00a0analizar las deficiencias de su relaci\u00f3n\u00a0de una manera en que no lo hab\u00edan hecho antes.<\/p>\n<p dir=\"ltr\">\n<\/div>\n<figure class=\"bbc-1qn0xuy\">\n<div class=\"bbc-18ywsw9\">\n<div style=\"width: 1034px\" class=\"wp-caption alignnone\"><img loading=\"lazy\" decoding=\"async\" class=\"bbc-139onq\" src=\"https:\/\/ichef.bbci.co.uk\/ace\/ws\/640\/cpsprodpb\/c2c7\/live\/35733390-b3cb-11ef-a0ab-6b9233a98ccc.jpg.webp\" alt=\"Poblaci\u00f3n fronteriza de San Ysidro, California, el 26 de noviembre de 2024. \" width=\"1024\" height=\"576\" \/><p class=\"wp-caption-text\">Fuente de la imagen,Getty Images.\u00a0\u00a0El comercio en la frontera entre Estados Unidos y M\u00e9xico ha crecido en los \u00faltimos a\u00f1os.<\/p><\/div>\n<\/div>\n<\/figure>\n<div class=\"bbc-19j92fr ebmt73l0\" dir=\"ltr\">\n<p dir=\"ltr\">\n<p dir=\"ltr\">\n<p class=\"bbc-hhl7in e17g058b0\" dir=\"ltr\">Los mexicanos no ven con buenos ojos los comentarios de Ford y el aparente silencio de Trudeau al respecto, seg\u00fan Oliver Sant\u00edn Pe\u00f1a, profesor de la Universidad Nacional Aut\u00f3noma de M\u00e9xico.<\/p>\n<\/div>\n<div class=\"bbc-19j92fr ebmt73l0\" dir=\"ltr\">\n<p class=\"bbc-hhl7in e17g058b0\" dir=\"ltr\">&#8220;La relaci\u00f3n bilateral [entre Canad\u00e1 y M\u00e9xico] no est\u00e1 pasando por un buen momento&#8221;, dijo Pe\u00f1a, destacando que las naciones han disfrutado de una\u00a0relaci\u00f3n estable durante 85 a\u00f1os.<\/p>\n<\/div>\n<div class=\"bbc-19j92fr ebmt73l0\" dir=\"ltr\">\n<p class=\"bbc-hhl7in e17g058b0\" dir=\"ltr\">A\u00f1adi\u00f3 que la respuesta de Sheinbaum indica que la presidente pretende ahora defender a M\u00e9xico cuando sea necesario, pero probablemente no quiera abrir una guerra comercial de dos frentes con Trump y Trudeau.<\/p>\n<\/div>\n<div class=\"bbc-19j92fr ebmt73l0\" dir=\"ltr\">\n<p class=\"bbc-hhl7in e17g058b0\" dir=\"ltr\">Sheinbaum, quien asumi\u00f3 la presidencia en octubre, todav\u00eda est\u00e1 consolid\u00e1ndose en el cargo.<\/p>\n<\/div>\n<div class=\"bbc-19j92fr ebmt73l0\" dir=\"ltr\">\n<p class=\"bbc-hhl7in e17g058b0\" dir=\"ltr\">Es la primera mujer presidente del pa\u00eds y ha asumido la posici\u00f3n de que\u00a0M\u00e9xico debe ser respetado como un socio pleno e igualitario, particularmente por sus vecinos en Am\u00e9rica del Norte.<\/p>\n<\/div>\n<div class=\"bbc-19j92fr ebmt73l0\" dir=\"ltr\">\n<p class=\"bbc-hhl7in e17g058b0\" dir=\"ltr\">&#8220;Siempre defender\u00e9 a M\u00e9xico y los derechos de los mexicanos, incluidos los que viven en Estados Unidos&#8221;, dijo durante la campa\u00f1a electoral tras una pregunta sobre la posibilidad de trabajar con una segunda administraci\u00f3n de Trump.<\/p>\n<\/div>\n<div class=\"bbc-19j92fr ebmt73l0\" dir=\"ltr\">\n<p class=\"bbc-hhl7in e17g058b0\" dir=\"ltr\">Si bien tanto en la frontera norte de Estados Unidos como en la sur se han reportado cruces ilegales e incautaciones de drogas,\u00a0las cifras en la frontera de EE.UU. con Canad\u00e1 son considerablemente inferiores\u00a0a las de su frontera con M\u00e9xico, seg\u00fan m\u00faltiples datos oficiales.<\/p>\n<\/div>\n<div class=\"bbc-19j92fr ebmt73l0\" dir=\"ltr\">\n<p class=\"bbc-hhl7in e17g058b0\" dir=\"ltr\">Los agentes fronterizos de Estados Unidos han incautado 19,5 kg de fentanilo en la frontera norte entre octubre de 2023 y septiembre de este a\u00f1o, en comparaci\u00f3n con m\u00e1s de 9.000 kg en la frontera sur.<\/p>\n<\/div>\n<div class=\"bbc-19j92fr ebmt73l0\" dir=\"ltr\">\n<p class=\"bbc-hhl7in e17g058b0\" dir=\"ltr\">Durante el mismo per\u00edodo, hubo casi\u00a0200.000 encuentros con migrantes en la frontera norte y m\u00e1s de 2.000.000en la frontera sur, a lo que el gobierno ha hecho o\u00eddos sordos.<\/p>\n<\/div>\n<div class=\"bbc-19j92fr ebmt73l0\" dir=\"ltr\">\n<p class=\"bbc-hhl7in e17g058b0\" dir=\"ltr\">Canad\u00e1 por su parte, ha prometido reforzar la seguridad fronteriza desde la sorpresiva amenaza arancelaria de Trump.<\/p>\n<\/div>\n<div class=\"bbc-19j92fr ebmt73l0\" dir=\"ltr\">\n<p class=\"bbc-hhl7in e17g058b0\" dir=\"ltr\">Mientras tanto, Sheinbaum ha compartido con Trump la estrategia migratoria de su pa\u00eds y ha enfatizado su visi\u00f3n de &#8220;respetar los derechos humanos&#8221;.<\/p>\n<\/div>\n<div class=\"bbc-19j92fr ebmt73l0\" dir=\"ltr\">\n<p class=\"bbc-hhl7in e17g058b0\" dir=\"ltr\">&#8220;Reiteramos que la posici\u00f3n de M\u00e9xico no es cerrar fronteras sino\u00a0construir puentes entre gobiernos y entre pueblos&#8221;, ha dicho.<\/p>\n<\/div>\n<div class=\"bbc-19j92fr ebmt73l0\" dir=\"ltr\">\n<p class=\"bbc-hhl7in e17g058b0\" dir=\"ltr\">Los cruces en la frontera entre Estados Unidos y M\u00e9xico cayeron este verano despu\u00e9s de haber alcanzado niveles r\u00e9cord anteriormente, en parte debido a los esfuerzos de M\u00e9xico para implementar medidas como establecer nuevos puntos de control y aumentar las patrullas.<\/p>\n<\/div>\n<div class=\"bbc-19j92fr ebmt73l0\" dir=\"ltr\">\n<p class=\"bbc-hhl7in e17g058b0\" dir=\"ltr\">Desde que Trump y Sheinbaum hablaron por tel\u00e9fono tras las amenazas arancelarias, M\u00e9xico afirma que realiz\u00f3 una incautaci\u00f3n de fentanilo: unas 1.500 tabletas con un valor estimado de alrededor de US$400 millones.<\/p>\n<\/div>\n<div class=\"bbc-19j92fr ebmt73l0\" dir=\"ltr\">\n<p class=\"bbc-hhl7in e17g058b0\" dir=\"ltr\">M\u00e9xico, China y Canad\u00e1 juntos representan m\u00e1s de un tercio de los bienes y servicios importados y exportados por Estados Unidos, y sustentan decenas de millones de empleos estadounidenses.<\/p>\n<\/div>\n<div class=\"bbc-19j92fr ebmt73l0\" dir=\"ltr\">\n<p class=\"bbc-hhl7in e17g058b0\" dir=\"ltr\">Alrededor del 75% de las exportaciones de Canad\u00e1 se destinan a Estados Unidos, y las importaciones canadienses a ese pa\u00eds est\u00e1n valoradas en US$430 mil millones, seg\u00fan la base de datos Comtrade de las Naciones Unidas sobre comercio internacional.<\/p>\n<\/div>\n<div class=\"bbc-19j92fr ebmt73l0\" dir=\"ltr\">\n<p class=\"bbc-hhl7in e17g058b0\" dir=\"ltr\">M\u00e9xico es el principal socio comercial de Estados Unidos, con importaciones valoradas en US$480 mil millones de d\u00f3lares.<\/p>\n<\/div>\n","protected":false},"excerpt":{"rendered":"<p>&nbsp; &nbsp; Las tensiones diplom\u00e1ticas entre M\u00e9xico y Canad\u00e1 parecen estar en su punto m\u00e1ximo a pocas semanas de que comience el segundo mandato del&hellip;<\/p>\n","protected":false},"author":99,"featured_media":525860,"comment_status":"open","ping_status":"open","sticky":false,"template":"","format":"standard","meta":{"footnotes":""},"categories":[21],"tags":[],"class_list":["post-525859","post","type-post","status-publish","format-standard","has-post-thumbnail","hentry","category-canada"],"_links":{"self":[{"href":"https:\/\/diarioelpopular.com\/index.php\/wp-json\/wp\/v2\/posts\/525859","targetHints":{"allow":["GET"]}}],"collection":[{"href":"https:\/\/diarioelpopular.com\/index.php\/wp-json\/wp\/v2\/posts"}],"about":[{"href":"https:\/\/diarioelpopular.com\/index.php\/wp-json\/wp\/v2\/types\/post"}],"author":[{"embeddable":true,"href":"https:\/\/diarioelpopular.com\/index.php\/wp-json\/wp\/v2\/users\/99"}],"replies":[{"embeddable":true,"href":"https:\/\/diarioelpopular.com\/index.php\/wp-json\/wp\/v2\/comments?post=525859"}],"version-history":[{"count":1,"href":"https:\/\/diarioelpopular.com\/index.php\/wp-json\/wp\/v2\/posts\/525859\/revisions"}],"predecessor-version":[{"id":525861,"href":"https:\/\/diarioelpopular.com\/index.php\/wp-json\/wp\/v2\/posts\/525859\/revisions\/525861"}],"wp:featuredmedia":[{"embeddable":true,"href":"https:\/\/diarioelpopular.com\/index.php\/wp-json\/wp\/v2\/media\/525860"}],"wp:attachment":[{"href":"https:\/\/diarioelpopular.com\/index.php\/wp-json\/wp\/v2\/media?parent=525859"}],"wp:term":[{"taxonomy":"category","embeddable":true,"href":"https:\/\/diarioelpopular.com\/index.php\/wp-json\/wp\/v2\/categories?post=525859"},{"taxonomy":"post_tag","embeddable":true,"href":"https:\/\/diarioelpopular.com\/index.php\/wp-json\/wp\/v2\/tags?post=525859"}],"curies":[{"name":"wp","href":"https:\/\/api.w.org\/{rel}","templated":true}]}}