{"id":525886,"date":"2024-12-08T14:50:25","date_gmt":"2024-12-08T18:50:25","guid":{"rendered":"https:\/\/diarioelpopular.com\/?p=525886"},"modified":"2024-12-08T14:50:25","modified_gmt":"2024-12-08T18:50:25","slug":"trudeau-y-biden-son-dos-patos-cojos-lame-ducks-y-eso-es-un-problema","status":"publish","type":"post","link":"https:\/\/diarioelpopular.com\/index.php\/2024\/12\/08\/trudeau-y-biden-son-dos-patos-cojos-lame-ducks-y-eso-es-un-problema\/","title":{"rendered":"Trudeau y Biden &#8220;son dos patos cojos&#8221; (lame ducks) y eso es un problema"},"content":{"rendered":"<p><img loading=\"lazy\" decoding=\"async\" class=\"alignnone size-custom-full-size wp-image-525887\" src=\"https:\/\/diarioelpopular.com\/wp-content\/uploads\/2024\/12\/Screen-Shot-2024-12-08-at-1.49.57-PM-636x477.png\" alt=\"\" width=\"636\" height=\"477\" srcset=\"https:\/\/diarioelpopular.com\/wp-content\/uploads\/2024\/12\/Screen-Shot-2024-12-08-at-1.49.57-PM-636x477.png 636w, https:\/\/diarioelpopular.com\/wp-content\/uploads\/2024\/12\/Screen-Shot-2024-12-08-at-1.49.57-PM-300x225.png 300w, https:\/\/diarioelpopular.com\/wp-content\/uploads\/2024\/12\/Screen-Shot-2024-12-08-at-1.49.57-PM-768x576.png 768w, https:\/\/diarioelpopular.com\/wp-content\/uploads\/2024\/12\/Screen-Shot-2024-12-08-at-1.49.57-PM-97x73.png 97w, https:\/\/diarioelpopular.com\/wp-content\/uploads\/2024\/12\/Screen-Shot-2024-12-08-at-1.49.57-PM.png 896w\" sizes=\"auto, (max-width: 636px) 100vw, 636px\" \/><\/p>\n<p>&nbsp;<\/p>\n<p>&nbsp;<\/p>\n<ul>\n<li><em><strong>El hecho de que los l\u00edderes pol\u00edticos nacionales de Canad\u00e1 y Estados Unidos tengan los d\u00edas contados en el cargo tiene sus desventajas<\/strong><\/em><\/li>\n<\/ul>\n<p>&nbsp;<\/p>\n<p>Por\u00a0<span class=\"published-by__author\"><a href=\"https:\/\/torontosun.com\/author\/lgoldsteinpostmedia\/\">Lorrie Goldstein<\/a><\/span><\/p>\n<p>Los canadienses y los estadounidenses se encuentran en la inusual situaci\u00f3n de que sus dos pa\u00edses est\u00e9n dirigidos por patos cojos, expresi\u00f3n en ingl\u00e9s los defines como lame ducks.<\/p>\n<p>Eso no es bueno para ninguno de los dos pa\u00edses.<\/p>\n<p>El mandato del presidente estadounidense Joe Biden termina oficialmente el 20 de enero de 2025, cuando ser\u00e1 reemplazado por el presidente electo republicano Donald Trump.<\/p>\n<p>La fecha l\u00edmite para que el primer ministro Justin Trudeau se presente es el 20 de octubre de 2025, fecha en la que debe haber una elecci\u00f3n federal, a menos que haya una elecci\u00f3n anticipada antes de eso, y todos los indicios apuntan a que su desastroso gobierno liberal minoritario ser\u00e1 reemplazado por un gobierno conservador mayoritario encabezado por Pierre Poilievre.<\/p>\n<p>Si bien reconocen, en el caso de Trudeau, que una semana es toda una vida en pol\u00edtica y que cualquier cosa puede pasar en una elecci\u00f3n, los liberales han estado tan hundidos durante tanto tiempo en tantas encuestas, que una recuperaci\u00f3n de su suerte parece altamente improbable en este momento.<\/p>\n<p>Teniendo en cuenta eso, hay desventajas en que los l\u00edderes pol\u00edticos nacionales de Canad\u00e1 y Estados Unidos se enfrenten a la realidad de que todos saben que sus d\u00edas en el cargo est\u00e1n contados.<\/p>\n<p>Por un lado, los l\u00edderes de otros pa\u00edses lo saben cuando negocian con las administraciones de Biden y Trudeau.<\/p>\n<p>Trump sabe que es probable que tenga que tratar con un primer ministro conservador cuando se renegociara el acuerdo de libre comercio entre Canad\u00e1, Estados Unidos y M\u00e9xico en 2026, y se espera que las conversaciones comiencen en 2025.<\/p>\n<p>Ahora sabe que Trudeau es un l\u00edder que no est\u00e1 en el poder en lo que respecta a su amenaza de imponer un arancel del 25 % a todos los productos canadienses que ingresen a Estados Unidos, lo que viola el acuerdo de libre comercio que \u00e9l mismo aprob\u00f3, pero que dice que promulgar\u00e1 mediante decretos ejecutivos el primer d\u00eda de su presidencia.<\/p>\n<p>Por supuesto que debemos apoyar a nuestro gobierno en este tema (los aranceles de Trump ser\u00edan devastadores para nuestra econom\u00eda), pero tambi\u00e9n debemos reconocer la realidad.<\/p>\n<p>En el caso de Biden, su descarado indulto a su hijo, Hunter Biden, por las condenas por posesi\u00f3n ilegal de armas y fraude fiscal, por las que estaba a punto de ser sentenciado (as\u00ed como, curiosamente, por cualquier delito que pudiera haber cometido desde el 1 de enero de 2014), fue una decisi\u00f3n tomada por un presidente que sab\u00eda que se ir\u00eda el 20 de enero y, por lo tanto, no ten\u00eda que lidiar con sus consecuencias pol\u00edticas ni preocuparse por ellas.<\/p>\n<p>Si bien los padres pueden simpatizar con un padre que quiere mantener a su hijo fuera de prisi\u00f3n, fue inexcusable que Biden y sus portavoces negaran repetidamente durante meses que Biden indultar\u00eda a su hijo, antes de su revocaci\u00f3n de \u00faltimo minuto, solo despu\u00e9s de que Trump derrotara a la candidata dem\u00f3crata a la vicepresidencia, Kamala Harris, en las elecciones presidenciales del 5 de noviembre.<\/p>\n<p>Todo esto plantea la sospecha razonable de que Biden estuvo mintiendo al pueblo estadounidense durante meses sobre este tema, hasta el momento de su supuesto cambio de opini\u00f3n que dijo haber tenido despu\u00e9s de discutirlo con su familia durante el feriado de Acci\u00f3n de Gracias en Estados Unidos.<\/p>\n<p>En el caso de Trudeau y los liberales, est\u00e1n tan desesperados por ganarse el favor de los votantes ante su inminente ca\u00edda pol\u00edtica que esto ha llevado inevitablemente a una legislaci\u00f3n mala e ineficaz, como su exenci\u00f3n de dos meses del GST.<\/p>\n<p>Todo esto suena como si estuviera escrito en el dorso de una servilleta con la explicaci\u00f3n de los liberales sobre qu\u00e9 est\u00e1 incluido en la exenci\u00f3n del GST y qu\u00e9 no, tan confuso que ser\u00e1 una pesadilla para las empresas administrarlo.<\/p>\n<p>Es un truco barato que no hace nada para abordar los problemas econ\u00f3micos subyacentes reales que enfrentan los canadienses, incluido el alto costo de vida, el aumento del desempleo y la contracci\u00f3n de la econom\u00eda de Canad\u00e1 en t\u00e9rminos per c\u00e1pita.<\/p>\n<p>Sin duda, no hay nada de malo en que los canadienses aprovechen la exenci\u00f3n fiscal que les ofrecen los liberales (que a fin de cuentas es nuestro propio dinero) y luego voten en contra de ellos en las pr\u00f3ximas elecciones, lo que recuerda el consejo del difunto Jesse Unruh, presidente de la Asamblea del Estado de California, que brome\u00f3 sobre pol\u00edtica diciendo:<\/p>\n<p>\u201cSi no puedes aceptar su dinero, beber su bebida, comer su comida\u2026 y votar en contra de ellos, no perteneces aqu\u00ed\u201d.<\/p>\n<p>(Omito otro ejemplo en esta famosa cita porque este es un peri\u00f3dico familiar, pero es f\u00e1cil buscarlo en Google).<\/p>\n<p>La otra cuesti\u00f3n, en Canad\u00e1, es cu\u00e1n en serio debemos tomar las nuevas y desesperadas promesas del gobierno de Trudeau, dado que es muy poco probable que est\u00e9n aqu\u00ed para implementarlas.<\/p>\n<p>Entonces pueden encontrar la justificaci\u00f3n diciendo que estaban a punto de hacer todas estas grandes cosas para los canadienses hasta que fueron derrotados por los conservadores, lo cual es uno de los trucos pol\u00edticos m\u00e1s antiguos del libro cuando un partido gobernante sabe que se dirige a los esca\u00f1os de la oposici\u00f3n.<\/p>\n","protected":false},"excerpt":{"rendered":"<p>&nbsp; &nbsp; El hecho de que los l\u00edderes pol\u00edticos nacionales de Canad\u00e1 y Estados Unidos tengan los d\u00edas contados en el cargo tiene sus desventajas&hellip;<\/p>\n","protected":false},"author":99,"featured_media":525887,"comment_status":"open","ping_status":"open","sticky":false,"template":"","format":"standard","meta":{"footnotes":""},"categories":[21],"tags":[],"class_list":["post-525886","post","type-post","status-publish","format-standard","has-post-thumbnail","hentry","category-canada"],"_links":{"self":[{"href":"https:\/\/diarioelpopular.com\/index.php\/wp-json\/wp\/v2\/posts\/525886","targetHints":{"allow":["GET"]}}],"collection":[{"href":"https:\/\/diarioelpopular.com\/index.php\/wp-json\/wp\/v2\/posts"}],"about":[{"href":"https:\/\/diarioelpopular.com\/index.php\/wp-json\/wp\/v2\/types\/post"}],"author":[{"embeddable":true,"href":"https:\/\/diarioelpopular.com\/index.php\/wp-json\/wp\/v2\/users\/99"}],"replies":[{"embeddable":true,"href":"https:\/\/diarioelpopular.com\/index.php\/wp-json\/wp\/v2\/comments?post=525886"}],"version-history":[{"count":1,"href":"https:\/\/diarioelpopular.com\/index.php\/wp-json\/wp\/v2\/posts\/525886\/revisions"}],"predecessor-version":[{"id":525888,"href":"https:\/\/diarioelpopular.com\/index.php\/wp-json\/wp\/v2\/posts\/525886\/revisions\/525888"}],"wp:featuredmedia":[{"embeddable":true,"href":"https:\/\/diarioelpopular.com\/index.php\/wp-json\/wp\/v2\/media\/525887"}],"wp:attachment":[{"href":"https:\/\/diarioelpopular.com\/index.php\/wp-json\/wp\/v2\/media?parent=525886"}],"wp:term":[{"taxonomy":"category","embeddable":true,"href":"https:\/\/diarioelpopular.com\/index.php\/wp-json\/wp\/v2\/categories?post=525886"},{"taxonomy":"post_tag","embeddable":true,"href":"https:\/\/diarioelpopular.com\/index.php\/wp-json\/wp\/v2\/tags?post=525886"}],"curies":[{"name":"wp","href":"https:\/\/api.w.org\/{rel}","templated":true}]}}