{"id":525906,"date":"2024-12-08T18:14:59","date_gmt":"2024-12-08T22:14:59","guid":{"rendered":"https:\/\/diarioelpopular.com\/?p=525906"},"modified":"2024-12-08T18:14:59","modified_gmt":"2024-12-08T22:14:59","slug":"oficiales-fronterizos-buscan-a-3-ciudadanos-chilenos-que-se-escaparon","status":"publish","type":"post","link":"https:\/\/diarioelpopular.com\/index.php\/2024\/12\/08\/oficiales-fronterizos-buscan-a-3-ciudadanos-chilenos-que-se-escaparon\/","title":{"rendered":"Oficiales fronterizos buscan a 3 ciudadanos chilenos que se escaparon"},"content":{"rendered":"<div id=\"attachment_525907\" style=\"width: 646px\" class=\"wp-caption alignnone\"><img loading=\"lazy\" decoding=\"async\" aria-describedby=\"caption-attachment-525907\" class=\"wp-image-525907 size-custom-full-size\" src=\"https:\/\/diarioelpopular.com\/wp-content\/uploads\/2024\/12\/Screen-Shot-2024-12-08-at-5.11.25-PM-636x356.png\" alt=\"\" width=\"636\" height=\"356\" srcset=\"https:\/\/diarioelpopular.com\/wp-content\/uploads\/2024\/12\/Screen-Shot-2024-12-08-at-5.11.25-PM-636x356.png 636w, https:\/\/diarioelpopular.com\/wp-content\/uploads\/2024\/12\/Screen-Shot-2024-12-08-at-5.11.25-PM-300x168.png 300w, https:\/\/diarioelpopular.com\/wp-content\/uploads\/2024\/12\/Screen-Shot-2024-12-08-at-5.11.25-PM-768x429.png 768w, https:\/\/diarioelpopular.com\/wp-content\/uploads\/2024\/12\/Screen-Shot-2024-12-08-at-5.11.25-PM-131x73.png 131w, https:\/\/diarioelpopular.com\/wp-content\/uploads\/2024\/12\/Screen-Shot-2024-12-08-at-5.11.25-PM.png 862w\" sizes=\"auto, (max-width: 636px) 100vw, 636px\" \/><p id=\"caption-attachment-525907\" class=\"wp-caption-text\">Fotograf\u00edas de los ciudadanos chilenos Bryan Ulises Moya Rojas, Diego Nicol\u00e1s Flores Sep\u00falveda y Daniel Eliseo Gonz\u00e1lez Ihrig, quienes escaparon de un centro de inmigraci\u00f3n de Quebec, donde se encontraban detenidos. CBSA\/HO<\/p><\/div>\n<p>&nbsp;<\/p>\n<p>&nbsp;<\/p>\n<p>&nbsp;<\/p>\n<ul>\n<li><strong><em>La polic\u00eda y los funcionarios fronterizos canadienses est\u00e1n buscando a tres ciudadanos chilenos que escaparon de un centro de detenci\u00f3n de inmigrantes en Quebec.<\/em><\/strong><\/li>\n<\/ul>\n<p>&nbsp;<\/p>\n<p>&nbsp;<\/p>\n<p><em><strong>MONTREAL.-<\/strong><\/em> La Agencia de Servicios Fronterizos de Canad\u00e1 dijo que Bryan Ulises Moya Rojas, de 30 a\u00f1os, Diego Nicol\u00e1s Flores Sep\u00falveda, de 36, y Daniel Eliseo Gonz\u00e1lez, de 29, huyeron del Centro de Detenci\u00f3n de Inmigrantes de Laval el s\u00e1bado por la noche.<\/p>\n<p>La CBSA no dijo c\u00f3mo escaparon ni por qu\u00e9 estaban detenidos.<\/p>\n<p>&#8220;Se han emitido \u00f3rdenes de arresto y la Agencia de Servicios Fronterizos de Canad\u00e1 est\u00e1 trabajando con las fuerzas policiales para localizar a los tres individuos lo antes posible&#8221;, dijo la agencia en un comunicado el domingo.<\/p>\n<p>Los funcionarios encargados de hacer cumplir la ley dicen que el p\u00fablico, por su seguridad, no debe intentar detener a los individuos si los detecta. Cualquier persona que tenga informaci\u00f3n debe comunicarse con el Centro de Informaci\u00f3n Criminal de la S\u00fbret\u00e9 du Qu\u00e9bec o las autoridades locales.<\/p>\n<p>Un portavoz de la polic\u00eda provincial confirm\u00f3 que se estaba llevando a cabo una investigaci\u00f3n policial encubierta y agreg\u00f3 que los hombres no hab\u00edan sido localizados hasta el domingo por la tarde. Se presume que podr\u00edan estar camino a Toronto.<\/p>\n","protected":false},"excerpt":{"rendered":"<p>&nbsp; &nbsp; &nbsp; La polic\u00eda y los funcionarios fronterizos canadienses est\u00e1n buscando a tres ciudadanos chilenos que escaparon de un centro de detenci\u00f3n de inmigrantes&hellip;<\/p>\n","protected":false},"author":99,"featured_media":525907,"comment_status":"open","ping_status":"open","sticky":false,"template":"","format":"standard","meta":{"footnotes":""},"categories":[21],"tags":[],"class_list":["post-525906","post","type-post","status-publish","format-standard","has-post-thumbnail","hentry","category-canada"],"_links":{"self":[{"href":"https:\/\/diarioelpopular.com\/index.php\/wp-json\/wp\/v2\/posts\/525906","targetHints":{"allow":["GET"]}}],"collection":[{"href":"https:\/\/diarioelpopular.com\/index.php\/wp-json\/wp\/v2\/posts"}],"about":[{"href":"https:\/\/diarioelpopular.com\/index.php\/wp-json\/wp\/v2\/types\/post"}],"author":[{"embeddable":true,"href":"https:\/\/diarioelpopular.com\/index.php\/wp-json\/wp\/v2\/users\/99"}],"replies":[{"embeddable":true,"href":"https:\/\/diarioelpopular.com\/index.php\/wp-json\/wp\/v2\/comments?post=525906"}],"version-history":[{"count":1,"href":"https:\/\/diarioelpopular.com\/index.php\/wp-json\/wp\/v2\/posts\/525906\/revisions"}],"predecessor-version":[{"id":525908,"href":"https:\/\/diarioelpopular.com\/index.php\/wp-json\/wp\/v2\/posts\/525906\/revisions\/525908"}],"wp:featuredmedia":[{"embeddable":true,"href":"https:\/\/diarioelpopular.com\/index.php\/wp-json\/wp\/v2\/media\/525907"}],"wp:attachment":[{"href":"https:\/\/diarioelpopular.com\/index.php\/wp-json\/wp\/v2\/media?parent=525906"}],"wp:term":[{"taxonomy":"category","embeddable":true,"href":"https:\/\/diarioelpopular.com\/index.php\/wp-json\/wp\/v2\/categories?post=525906"},{"taxonomy":"post_tag","embeddable":true,"href":"https:\/\/diarioelpopular.com\/index.php\/wp-json\/wp\/v2\/tags?post=525906"}],"curies":[{"name":"wp","href":"https:\/\/api.w.org\/{rel}","templated":true}]}}