{"id":525917,"date":"2024-12-09T10:50:16","date_gmt":"2024-12-09T14:50:16","guid":{"rendered":"https:\/\/diarioelpopular.com\/?p=525917"},"modified":"2024-12-09T10:50:16","modified_gmt":"2024-12-09T14:50:16","slug":"trudeau-y-freeland-perdieron-el-control-con-su-mala-politica-fiscal-acusa-poilievre","status":"publish","type":"post","link":"https:\/\/diarioelpopular.com\/index.php\/2024\/12\/09\/trudeau-y-freeland-perdieron-el-control-con-su-mala-politica-fiscal-acusa-poilievre\/","title":{"rendered":"Trudeau y Freeland \u201cperdieron el control\u201d con su mala pol\u00edtica fiscal. Acusa Poilievre"},"content":{"rendered":"<div id=\"attachment_525918\" style=\"width: 646px\" class=\"wp-caption alignnone\"><img loading=\"lazy\" decoding=\"async\" aria-describedby=\"caption-attachment-525918\" class=\"wp-image-525918 size-custom-full-size\" src=\"https:\/\/diarioelpopular.com\/wp-content\/uploads\/2024\/12\/Screen-Shot-2024-12-09-at-9.49.00-AM-636x479.png\" alt=\"\" width=\"636\" height=\"479\" srcset=\"https:\/\/diarioelpopular.com\/wp-content\/uploads\/2024\/12\/Screen-Shot-2024-12-09-at-9.49.00-AM-636x479.png 636w, https:\/\/diarioelpopular.com\/wp-content\/uploads\/2024\/12\/Screen-Shot-2024-12-09-at-9.49.00-AM-300x226.png 300w, https:\/\/diarioelpopular.com\/wp-content\/uploads\/2024\/12\/Screen-Shot-2024-12-09-at-9.49.00-AM-768x578.png 768w, https:\/\/diarioelpopular.com\/wp-content\/uploads\/2024\/12\/Screen-Shot-2024-12-09-at-9.49.00-AM-97x73.png 97w, https:\/\/diarioelpopular.com\/wp-content\/uploads\/2024\/12\/Screen-Shot-2024-12-09-at-9.49.00-AM.png 898w\" sizes=\"auto, (max-width: 636px) 100vw, 636px\" \/><p id=\"caption-attachment-525918\" class=\"wp-caption-text\">El l\u00edder conservador Pierre Poilievre participa en una conferencia de prensa en un hotel del centro de Ottawa el domingo 8 de diciembre de 2024. Foto de Spencer Colby\/The Canadian Press<\/p><\/div>\n<p>&nbsp;<\/p>\n<p>&nbsp;<\/p>\n<p><em><strong>A falta de un informe econ\u00f3mico de oto\u00f1o, Poilievre insta al gobierno a \u201cdetener\u201d la mala pol\u00edtica fiscal<\/strong><\/em><\/p>\n<p>&nbsp;<\/p>\n<p>Paren Ya. Ese fue el mensaje del l\u00edder de la oposici\u00f3n Pierre Poilievre a los liberales de Trudeau el domingo, mientras la naci\u00f3n espera que el gobierno publique su informe econ\u00f3mico de oto\u00f1o, que se ha venido demorando durante mucho tiempo.<\/p>\n<p>\u201cDejen de aumentar el gasto inflacionario que aumenta el costo de vida y regalar el dinero de los contribuyentes para intentar mejorar su mala imagen. Dejen de aumentar el impuesto al carbono, dejen de gravar con m\u00e1s impuesos la compra de viviendas\u201d, dijo Poilievre a los periodistas en Ottawa.<\/p>\n<p>\u201cDejen de aumentar la deuda peligrosa e irresponsable que amenaza nuestros programas sociales. Todo lo que est\u00e1n haciendo, (primer ministro) Justin Trudeau, dejen de hacerlo en esta actualizaci\u00f3n de oto\u00f1o, hasta que los conservadores con sentido com\u00fan puedan comenzar a arreglar todo lo que rompieron\u201d.<\/p>\n<p>Mientras la nieve fresca cubr\u00eda la capital de la naci\u00f3n el domingo, Poilievre dijo que sus pensamientos se dirig\u00edan hacia el oto\u00f1o, o espec\u00edficamente, hacia la declaraci\u00f3n econ\u00f3mica de oto\u00f1o del gobierno, que a\u00fan no se ha publicado.<\/p>\n<p>&#8220;Espero que todos est\u00e9n disfrutando de la nieve, esos grandes y esponjosos copos de nieve est\u00e1n cayendo del cielo, y todav\u00eda no tenemos una actualizaci\u00f3n econ\u00f3mica de oto\u00f1o&#8221;, dijo Poilievre.<\/p>\n<p>&#8220;Ya casi es Navidad. (La ministra de Finanzas) Chrystia Freeland les dijo que tendr\u00eda una para fin de a\u00f1o, despu\u00e9s de que la oficina del primer ministro les dijera que llegar\u00eda a principios de la pr\u00f3xima semana&#8221;.<\/p>\n<p>Con gran parte de la actividad de la C\u00e1mara paralizada en una moci\u00f3n de privilegio apoyada por todos los partidos de la oposici\u00f3n durante los \u00faltimos dos meses, Poilievre ha ofrecido al gobierno dos horas de tiempo durante el d\u00eda de la oposici\u00f3n conservadora el lunes para presentar la declaraci\u00f3n.<\/p>\n<p>Mientras Poilievre describi\u00f3 la propuesta como un &#8220;acto sin precedentes de generosidad no partidista&#8221;, Freeland descart\u00f3 la oferta como &#8220;absurda&#8221;. Se cree que algo, los liberales se traen entre manos para continuar demorando el informe econ\u00f3mico.<\/p>\n<p>\u201cMe sorprendi\u00f3 verlos rechazarlo\u201d, dijo Poilievre. \u201cAfirman que quer\u00edan presentar una actualizaci\u00f3n de este tipo en oto\u00f1o y que eran precisamente esos conservadores malvados los que les imped\u00edan hacerlo, as\u00ed que despej\u00e9 el camino \u2013dos horas\u2013, podr\u00edan haberlo presentado, pero dijeron que no\u201d.<\/p>\n<p>Poilievre acus\u00f3 a Trudeau y Freeland de \u201cperder el control\u201d de las finanzas del pa\u00eds, insistiendo en que esa es la raz\u00f3n por la que el gobierno no tiene prisa por presentar su actualizaci\u00f3n econ\u00f3mica, ya que no les convienes que el pa\u00eds la real situaci\u00f3n en la que han conducido al pa\u00eds.<\/p>\n<p>\u201cJustin Trudeau es un primer ministro d\u00e9bil\u201d, dijo, sosteniendo que su gobierno ha perdido el control de las fronteras, la inmigraci\u00f3n, el gasto, la deuda, la inflaci\u00f3n, los costos de la vivienda, el crimen y las drogas.<\/p>\n<p>\u201cHa perdido el control de su gabinete, con su ministra de Asuntos Exteriores lanzando su campa\u00f1a de liderazgo en la portada del New York Times\u201d.<\/p>\n","protected":false},"excerpt":{"rendered":"<p>&nbsp; &nbsp; A falta de un informe econ\u00f3mico de oto\u00f1o, Poilievre insta al gobierno a \u201cdetener\u201d la mala pol\u00edtica fiscal &nbsp; Paren Ya. Ese fue&hellip;<\/p>\n","protected":false},"author":99,"featured_media":525918,"comment_status":"open","ping_status":"open","sticky":false,"template":"","format":"standard","meta":{"footnotes":""},"categories":[21,11191],"tags":[],"class_list":["post-525917","post","type-post","status-publish","format-standard","has-post-thumbnail","hentry","category-canada","category-top-news"],"_links":{"self":[{"href":"https:\/\/diarioelpopular.com\/index.php\/wp-json\/wp\/v2\/posts\/525917","targetHints":{"allow":["GET"]}}],"collection":[{"href":"https:\/\/diarioelpopular.com\/index.php\/wp-json\/wp\/v2\/posts"}],"about":[{"href":"https:\/\/diarioelpopular.com\/index.php\/wp-json\/wp\/v2\/types\/post"}],"author":[{"embeddable":true,"href":"https:\/\/diarioelpopular.com\/index.php\/wp-json\/wp\/v2\/users\/99"}],"replies":[{"embeddable":true,"href":"https:\/\/diarioelpopular.com\/index.php\/wp-json\/wp\/v2\/comments?post=525917"}],"version-history":[{"count":1,"href":"https:\/\/diarioelpopular.com\/index.php\/wp-json\/wp\/v2\/posts\/525917\/revisions"}],"predecessor-version":[{"id":525919,"href":"https:\/\/diarioelpopular.com\/index.php\/wp-json\/wp\/v2\/posts\/525917\/revisions\/525919"}],"wp:featuredmedia":[{"embeddable":true,"href":"https:\/\/diarioelpopular.com\/index.php\/wp-json\/wp\/v2\/media\/525918"}],"wp:attachment":[{"href":"https:\/\/diarioelpopular.com\/index.php\/wp-json\/wp\/v2\/media?parent=525917"}],"wp:term":[{"taxonomy":"category","embeddable":true,"href":"https:\/\/diarioelpopular.com\/index.php\/wp-json\/wp\/v2\/categories?post=525917"},{"taxonomy":"post_tag","embeddable":true,"href":"https:\/\/diarioelpopular.com\/index.php\/wp-json\/wp\/v2\/tags?post=525917"}],"curies":[{"name":"wp","href":"https:\/\/api.w.org\/{rel}","templated":true}]}}