{"id":525921,"date":"2024-12-09T11:01:21","date_gmt":"2024-12-09T15:01:21","guid":{"rendered":"https:\/\/diarioelpopular.com\/?p=525921"},"modified":"2024-12-09T11:01:45","modified_gmt":"2024-12-09T15:01:45","slug":"cancelan-evento-en-montreal-tras-dar-descuento-en-boletos-para-personas-de-color","status":"publish","type":"post","link":"https:\/\/diarioelpopular.com\/index.php\/2024\/12\/09\/cancelan-evento-en-montreal-tras-dar-descuento-en-boletos-para-personas-de-color\/","title":{"rendered":"Cancelan evento en Montreal tras dar descuento en boletos, solo para personas de color"},"content":{"rendered":"<div id=\"attachment_525922\" style=\"width: 646px\" class=\"wp-caption alignnone\"><img loading=\"lazy\" decoding=\"async\" aria-describedby=\"caption-attachment-525922\" class=\"wp-image-525922 size-custom-full-size\" src=\"https:\/\/diarioelpopular.com\/wp-content\/uploads\/2024\/12\/Screen-Shot-2024-12-09-at-9.52.37-AM-636x482.png\" alt=\"\" width=\"636\" height=\"482\" srcset=\"https:\/\/diarioelpopular.com\/wp-content\/uploads\/2024\/12\/Screen-Shot-2024-12-09-at-9.52.37-AM-636x482.png 636w, https:\/\/diarioelpopular.com\/wp-content\/uploads\/2024\/12\/Screen-Shot-2024-12-09-at-9.52.37-AM-300x227.png 300w, https:\/\/diarioelpopular.com\/wp-content\/uploads\/2024\/12\/Screen-Shot-2024-12-09-at-9.52.37-AM-768x582.png 768w, https:\/\/diarioelpopular.com\/wp-content\/uploads\/2024\/12\/Screen-Shot-2024-12-09-at-9.52.37-AM-96x73.png 96w, https:\/\/diarioelpopular.com\/wp-content\/uploads\/2024\/12\/Screen-Shot-2024-12-09-at-9.52.37-AM.png 890w\" sizes=\"auto, (max-width: 636px) 100vw, 636px\" \/><p id=\"caption-attachment-525922\" class=\"wp-caption-text\">MTL Shake plane\u00f3 un evento para la tarde del domingo 8 en Rosemont, pero fue cancelado despu\u00e9s de que La Presse descubriera que se estaban vendiendo entradas con descuento solamente para personas de raza negra. Foto de PIERRE OBENDRAUF \/MON<\/p><\/div>\n<p>&nbsp;<\/p>\n<p>&nbsp;<\/p>\n<ul>\n<li><em><strong>&#8220;Todos los quebequenses quieren, sin importar el color de su piel, un trato igualitario sin discriminaci\u00f3n.&#8221;<\/strong><\/em><\/li>\n<\/ul>\n<p>&nbsp;<\/p>\n<p><em><strong>MONTREAL.-<\/strong><\/em> MTL Shake, una fiesta de baile familiar planeada para el domingo por la tarde en Rosemont, fue cancelada el s\u00e1bado despu\u00e9s de que La Presse informara que se estaban vendiendo entradas con descuento solamente para gente de raza negra.<\/p>\n<p>El precio de la entrada para un adulto blanco se hab\u00eda fijado en 25,83 d\u00f3lares, en comparaci\u00f3n con los 15,18 d\u00f3lares para los adultos de raza negra. El abogado Julius Grey, experto en derecho de los derechos humanos, calific\u00f3 la iniciativa como un ejemplo de &#8220;discriminaci\u00f3n flagrante&#8221;, inform\u00f3 el peri\u00f3dico.<\/p>\n<p>Varios pol\u00edticos alzaron su voz y denunciaron la estructura de tarifas diferenciales, entre ellos el l\u00edder del Parti Qu\u00e9b\u00e9cois, Paul St-Pierre Plamondon. Public\u00f3 en X: &#8220;Todos los quebequenses quieren, sin importar el color de su piel, un trato igualitario sin discriminaci\u00f3n. Eso es exactamente lo contrario de lo que est\u00e1 haciendo esta organizaci\u00f3n&#8221;.<\/p>\n<p>MTL Shake, organizado por un miembro de la organizaci\u00f3n comunitaria La Cabane, anunci\u00f3 el s\u00e1bado en las redes sociales que el evento no se llevar\u00eda a cabo. \u201cRecibimos tanto odio y &#8220;malentendidos&#8221; sobre el precio de nuestras entradas para BIPOC, que por la seguridad de todos, preferimos quedarnos en el lado seguro con esto\u201d, dijo. \u201cRealmente lamentamos esta situaci\u00f3n y estamos profundamente decepcionados\u201d. Dijo que el costo de las entradas, incluidos los impuestos y las tarifas, se reembolsar\u00eda.<\/p>\n<p>La Cabane, que alquilaba su espacio al organizador de MTL Shake, dijo en las redes sociales que apoyaba a MTL Shake en su intenci\u00f3n de \u201chacer que este evento sea lo m\u00e1s accesible posible\u201d, pero despu\u00e9s de una discusi\u00f3n, el organizador del evento acord\u00f3 que, en el futuro, utilizar\u00eda una estructura de tarifas de escala m\u00f3vil basada en los ingresos, como La Cabane ha estado haciendo desde 2019. No interesa c\u00f3mo lo disfracen, es absoluta discriminaci\u00f3n basada en el color de la piel.<\/p>\n","protected":false},"excerpt":{"rendered":"<p>&nbsp; &nbsp; &#8220;Todos los quebequenses quieren, sin importar el color de su piel, un trato igualitario sin discriminaci\u00f3n.&#8221; &nbsp; MONTREAL.- MTL Shake, una fiesta de&hellip;<\/p>\n","protected":false},"author":99,"featured_media":525922,"comment_status":"open","ping_status":"open","sticky":false,"template":"","format":"standard","meta":{"footnotes":""},"categories":[21],"tags":[],"class_list":["post-525921","post","type-post","status-publish","format-standard","has-post-thumbnail","hentry","category-canada"],"_links":{"self":[{"href":"https:\/\/diarioelpopular.com\/index.php\/wp-json\/wp\/v2\/posts\/525921","targetHints":{"allow":["GET"]}}],"collection":[{"href":"https:\/\/diarioelpopular.com\/index.php\/wp-json\/wp\/v2\/posts"}],"about":[{"href":"https:\/\/diarioelpopular.com\/index.php\/wp-json\/wp\/v2\/types\/post"}],"author":[{"embeddable":true,"href":"https:\/\/diarioelpopular.com\/index.php\/wp-json\/wp\/v2\/users\/99"}],"replies":[{"embeddable":true,"href":"https:\/\/diarioelpopular.com\/index.php\/wp-json\/wp\/v2\/comments?post=525921"}],"version-history":[{"count":2,"href":"https:\/\/diarioelpopular.com\/index.php\/wp-json\/wp\/v2\/posts\/525921\/revisions"}],"predecessor-version":[{"id":525924,"href":"https:\/\/diarioelpopular.com\/index.php\/wp-json\/wp\/v2\/posts\/525921\/revisions\/525924"}],"wp:featuredmedia":[{"embeddable":true,"href":"https:\/\/diarioelpopular.com\/index.php\/wp-json\/wp\/v2\/media\/525922"}],"wp:attachment":[{"href":"https:\/\/diarioelpopular.com\/index.php\/wp-json\/wp\/v2\/media?parent=525921"}],"wp:term":[{"taxonomy":"category","embeddable":true,"href":"https:\/\/diarioelpopular.com\/index.php\/wp-json\/wp\/v2\/categories?post=525921"},{"taxonomy":"post_tag","embeddable":true,"href":"https:\/\/diarioelpopular.com\/index.php\/wp-json\/wp\/v2\/tags?post=525921"}],"curies":[{"name":"wp","href":"https:\/\/api.w.org\/{rel}","templated":true}]}}