{"id":525948,"date":"2024-12-09T13:08:07","date_gmt":"2024-12-09T17:08:07","guid":{"rendered":"https:\/\/diarioelpopular.com\/?p=525948"},"modified":"2024-12-09T13:08:07","modified_gmt":"2024-12-09T17:08:07","slug":"apuesta-por-la-armonia-social-desde-el-servicio-y-la-donacion","status":"publish","type":"post","link":"https:\/\/diarioelpopular.com\/index.php\/2024\/12\/09\/apuesta-por-la-armonia-social-desde-el-servicio-y-la-donacion\/","title":{"rendered":"APUESTA POR LA ARMON\u00cdA SOCIAL;  DESDE EL SERVICIO Y LA DONACI\u00d3N\u00a0"},"content":{"rendered":"<p class=\"p4\"><b><span class=\"Apple-converted-space\">\u00a0\u00a0<\/span><\/b><b><i>\u201cSeamos, entonces, poes\u00eda; jam\u00e1s poder\u00edo, sino subordinaci\u00f3n. Pong\u00e1monos en guardia como buenos poetas, a defender todos los derechos con sus obligaciones, en todas las ocasiones y en todos los espacios mundanos\u201d.<\/i><\/b><\/p>\n<p class=\"p6\"><b><i><span class=\"Apple-converted-space\">\u00a0<\/span><\/i><\/b><\/p>\n<p class=\"p5\"><b><i>=============================<\/i><\/b><\/p>\n<p class=\"p7\"><b><i>V\u00edctor CORCOBA HERRERO\/ Escritor<\/i><\/b><\/p>\n<p class=\"p7\"><b><i>corcoba@telefonica.net <\/i><\/b><\/p>\n<p class=\"p7\"><b>=============================<\/b><span class=\"Apple-converted-space\">\u00a0<\/span><\/p>\n<p class=\"p9\">A\u00fan no hemos aprendido a enraizarnos en comuni\u00f3n y en comunidad; y, as\u00ed, no lograremos restaurar v\u00ednculos, ni rehacernos como familia. Este es el instante preciso para el cambio, tenemos la oportunidad de modificar las percepciones denunciando el discurso del odio, corrigiendo la informaci\u00f3n err\u00f3nea y contrarrestando la desinformaci\u00f3n. Considero, pues, prioritario hacerlo: revitalizar un movimiento global por los derechos humanos. Sin embargo, tenemos tantos frentes abiertos que si no comenzamos por cuidarnos entre s\u00ed, tampoco podremos restablecer el mundo. Olvidamos, a pesar de tantos avances, que la creaci\u00f3n es un espacio arm\u00f3nico para vivirlo unidos, que es como realmente se propaga y se custodia la vida.<span class=\"Apple-converted-space\">\u00a0<\/span><\/p>\n<p class=\"p9\">El horizonte de los hogares es una necesidad. No hay mejor habitar que el donarse, desterrando los dominios de la visi\u00f3n viviente y fortaleciendo la capacidad de servicio. Nadie est\u00e1 para dominar a nadie, sino para socorrer y no quedarnos indiferentes, ante nada, ni ante nadie. Por desgracia, el aluvi\u00f3n de visiones distorsionadas de la persona es tan patente, que comienza por ignorar su dignidad y su car\u00e1cter relacional. Todav\u00eda estamos presos de esa mirada interesada, que nos trata como meros objetos de consumo, para luego abandonarnos y desecharnos, cuando m\u00e1s precisamos el apoyo de las gentes. Estoy convencido que los derechos humanos pueden empoderar a la ciudadan\u00eda y a las comunidades para forjar un ma\u00f1ana m\u00e1s habitable y sist\u00e9mico.<\/p>\n<p class=\"p9\">Abrazando y confiando en alcanzar el cumplimiento del esp\u00edritu natural, bajo una perspectiva m\u00e1s del coraz\u00f3n que de la mente corporal, ser\u00e1 el modo de avanzar hacia un orbe m\u00e1s pac\u00edfico, igualitario y sostenible. Tr\u00e1gicamente, contin\u00faan agrav\u00e1ndose las desigualdades en todo el planeta. Esto acarrea que se intensifiquen los conflictos. Por si fuera poco el desacople, hay un desprecio deliberado por el derecho internacional. Avanza el ordeno y mando, mientras se reduce el espacio c\u00edvico del estado democr\u00e1tico y social de derecho. Tratar de trepar por los caminos existenciales, como ratas en busca de pedestales, destruye la concordia y nos divide. Don dinero todo lo puede, hasta destruirnos como seres de verbo en verso.<span class=\"Apple-converted-space\">\u00a0<\/span><\/p>\n<p class=\"p10\">Seamos, entonces, poes\u00eda; jam\u00e1s poder\u00edo, sino subordinaci\u00f3n. Pong\u00e1monos en guardia como buenos poetas, a defender todos los derechos con sus obligaciones, en todas las ocasiones y en todos los espacios mundanos. No hay mejor ejercicio que sanar las divisiones y consolidar la paz. El esp\u00edritu solidario generado en lo m\u00e1s hondo de nuestro interior, nos llama a extender los brazos para sobrellevar las necesidades de los otros, que tambi\u00e9n son las nuestras, lo que nos demanda a luchar contra los flagelos de la pobreza y el hambre. Percibir al an\u00e1logo y a todo el firmamento con los sentidos de la l\u00edrica, seguramente nos lleva a repensar sobre nuestras actuaciones, contemplando al pr\u00f3jimo como un ser pr\u00f3ximo que forma parte de este eterno poema viviente enternecido.<\/p>\n<p class=\"p10\">Quiz\u00e1s necesitemos tomar la br\u00fajula creativa para un renovado rumbo com\u00fan.<span class=\"Apple-converted-space\">\u00a0 <\/span>Activemos el silencio y la parada en nuestros pasos. Que la inspiraci\u00f3n vers\u00e1til vuelva a redescubrirnos lo que somos y a devolvernos la vista, para observar qu\u00e9 significa ser miembros de la estirpe. Desde luego, esta contemplaci\u00f3n tiene que traducirse en acciones concretas, empezando por<span class=\"Apple-converted-space\">\u00a0 <\/span>defender a los defensores de los derechos humanos en el desempe\u00f1o de su labor vital y terminando por hacer realidad, el Pacto para el Futuro, aprobado recientemente, que refuerza el compromiso de esta tierra globalizada, pero a\u00fan no fraternizada, con la Declaraci\u00f3n Universal de Derechos Humanos. Por ello, trabajemos todos juntos para avanzar y no retroceder, con un abecedario de apoyo mutuo y acogida real.<\/p>\n<p class=\"p12\"><b>V\u00edctor CORCOBA HERRERO\/ Escritor<\/b><\/p>\n<p class=\"p12\"><b><span class=\"Apple-converted-space\">\u00a0<\/span>HYPERLINK &#8220;mailto:corcoba@telefonica.net&#8221; <\/b><span class=\"s4\"><b>corcoba@telefonica.net<\/b><\/span><\/p>\n<p class=\"p12\"><b>09 de diciembre de 2024.-<span class=\"Apple-converted-space\">\u00a0<\/span><\/b><\/p>\n","protected":false},"excerpt":{"rendered":"<p>\u00a0\u00a0\u201cSeamos, entonces, poes\u00eda; jam\u00e1s poder\u00edo, sino subordinaci\u00f3n. Pong\u00e1monos en guardia como buenos poetas, a defender todos los derechos con sus obligaciones, en todas las ocasiones&hellip;<\/p>\n","protected":false},"author":99,"featured_media":0,"comment_status":"open","ping_status":"open","sticky":false,"template":"","format":"standard","meta":{"footnotes":""},"categories":[11353,81],"tags":[],"class_list":["post-525948","post","type-post","status-publish","format-standard","hentry","category-algo-mas-que-palabras","category-columnistas"],"_links":{"self":[{"href":"https:\/\/diarioelpopular.com\/index.php\/wp-json\/wp\/v2\/posts\/525948","targetHints":{"allow":["GET"]}}],"collection":[{"href":"https:\/\/diarioelpopular.com\/index.php\/wp-json\/wp\/v2\/posts"}],"about":[{"href":"https:\/\/diarioelpopular.com\/index.php\/wp-json\/wp\/v2\/types\/post"}],"author":[{"embeddable":true,"href":"https:\/\/diarioelpopular.com\/index.php\/wp-json\/wp\/v2\/users\/99"}],"replies":[{"embeddable":true,"href":"https:\/\/diarioelpopular.com\/index.php\/wp-json\/wp\/v2\/comments?post=525948"}],"version-history":[{"count":1,"href":"https:\/\/diarioelpopular.com\/index.php\/wp-json\/wp\/v2\/posts\/525948\/revisions"}],"predecessor-version":[{"id":525949,"href":"https:\/\/diarioelpopular.com\/index.php\/wp-json\/wp\/v2\/posts\/525948\/revisions\/525949"}],"wp:attachment":[{"href":"https:\/\/diarioelpopular.com\/index.php\/wp-json\/wp\/v2\/media?parent=525948"}],"wp:term":[{"taxonomy":"category","embeddable":true,"href":"https:\/\/diarioelpopular.com\/index.php\/wp-json\/wp\/v2\/categories?post=525948"},{"taxonomy":"post_tag","embeddable":true,"href":"https:\/\/diarioelpopular.com\/index.php\/wp-json\/wp\/v2\/tags?post=525948"}],"curies":[{"name":"wp","href":"https:\/\/api.w.org\/{rel}","templated":true}]}}