{"id":525976,"date":"2024-12-10T11:36:50","date_gmt":"2024-12-10T15:36:50","guid":{"rendered":"https:\/\/diarioelpopular.com\/?p=525976"},"modified":"2024-12-10T11:36:50","modified_gmt":"2024-12-10T15:36:50","slug":"que-grupos-y-potencias-internacionales-tienen-intereses-en-siria-y-como-se-veran-afectados-por-la-caida-de-al-assad","status":"publish","type":"post","link":"https:\/\/diarioelpopular.com\/index.php\/2024\/12\/10\/que-grupos-y-potencias-internacionales-tienen-intereses-en-siria-y-como-se-veran-afectados-por-la-caida-de-al-assad\/","title":{"rendered":"Qu\u00e9 grupos y potencias internacionales tienen intereses en Siria y c\u00f3mo se ver\u00e1n afectados por la ca\u00edda de Al Assad"},"content":{"rendered":"<div id=\"attachment_525977\" style=\"width: 646px\" class=\"wp-caption alignnone\"><img loading=\"lazy\" decoding=\"async\" aria-describedby=\"caption-attachment-525977\" class=\"wp-image-525977 size-custom-full-size\" src=\"https:\/\/diarioelpopular.com\/wp-content\/uploads\/2024\/12\/Screen-Shot-2024-12-10-at-10.27.48-AM-636x356.png\" alt=\"\" width=\"636\" height=\"356\" srcset=\"https:\/\/diarioelpopular.com\/wp-content\/uploads\/2024\/12\/Screen-Shot-2024-12-10-at-10.27.48-AM-636x356.png 636w, https:\/\/diarioelpopular.com\/wp-content\/uploads\/2024\/12\/Screen-Shot-2024-12-10-at-10.27.48-AM-300x168.png 300w, https:\/\/diarioelpopular.com\/wp-content\/uploads\/2024\/12\/Screen-Shot-2024-12-10-at-10.27.48-AM-768x429.png 768w, https:\/\/diarioelpopular.com\/wp-content\/uploads\/2024\/12\/Screen-Shot-2024-12-10-at-10.27.48-AM-131x73.png 131w, https:\/\/diarioelpopular.com\/wp-content\/uploads\/2024\/12\/Screen-Shot-2024-12-10-at-10.27.48-AM.png 1024w\" sizes=\"auto, (max-width: 636px) 100vw, 636px\" \/><p id=\"caption-attachment-525977\" class=\"wp-caption-text\">Un retrato roto y en el suelo de Bashar al Assad.<\/p><\/div>\n<p>&nbsp;<\/p>\n<p>&nbsp;<\/p>\n<div class=\"bbc-19j92fr ebmt73l0\" dir=\"ltr\">\n<ul>\n<li class=\"bbc-hhl7in e17g058b0\" dir=\"ltr\"><em><b>Despu\u00e9s medio siglo en el que la familia Al Assad gobern\u00f3 Siria con mano de hierro, una ofensiva rel\u00e1mpago de las fuerzas rebeldes cambi\u00f3 la realidad del pa\u00eds de la noche a la ma\u00f1ana.<\/b><\/em><\/li>\n<\/ul>\n<\/div>\n<div class=\"bbc-19j92fr ebmt73l0\" dir=\"ltr\">\n<p dir=\"ltr\">\n<p class=\"bbc-hhl7in e17g058b0\" dir=\"ltr\">En solo 12 d\u00edas el poderoso grupo islamista Hayat Tahrir al Shams (HTS) y sus facciones aliadas precipitaron la ca\u00edda del presidente Bashar al Assad, tras 13 a\u00f1os de guerra civil.<\/p>\n<\/div>\n<div class=\"bbc-19j92fr ebmt73l0\" dir=\"ltr\">\n<p class=\"bbc-hhl7in e17g058b0\" dir=\"ltr\">Esta guerra, que comenz\u00f3 en 2011 con un levantamiento pac\u00edfico contra Al Assad, se convirti\u00f3 en un conflicto sangriento y multifac\u00e9tico en el que participaron grupos de oposici\u00f3n, facciones extremistas y potencias internacionales como Estados Unidos, Ir\u00e1n y Rusia.<\/p>\n<\/div>\n<div class=\"bbc-19j92fr ebmt73l0\" dir=\"ltr\">\n<p class=\"bbc-hhl7in e17g058b0\" dir=\"ltr\">El fin de semana, el l\u00edder de HTS, Abu Mohammed al Jolani, dijo triunfante que la ca\u00edda de Al Assad era &#8220;una victoria de todos los sirios&#8221;.<\/p>\n<\/div>\n<div class=\"bbc-19j92fr ebmt73l0\" dir=\"ltr\">\n<p class=\"bbc-hhl7in e17g058b0\" dir=\"ltr\">Ahora muchos se preguntan c\u00f3mo ser\u00e1 la nueva realidad pol\u00edtica del pa\u00eds tras una derrocamiento encabezado por una organizaci\u00f3n descrita como &#8220;terrorista&#8221; por los gobiernos occidentales.<\/p>\n<p dir=\"ltr\">\n<\/div>\n<figure class=\"bbc-1qn0xuy\">\n<div class=\"bbc-18ywsw9\">\n<div style=\"width: 810px\" class=\"wp-caption alignnone\"><img loading=\"lazy\" decoding=\"async\" class=\"bbc-139onq\" src=\"https:\/\/ichef.bbci.co.uk\/ace\/ws\/640\/cpsprodpb\/68aa\/live\/fab46220-b671-11ef-aff0-072ce821b6ab.jpg.webp\" alt=\"El l\u00edder de HTS, Abu Mohammed al Jolani.\" width=\"800\" height=\"449\" \/><p class=\"wp-caption-text\">Fuente de la imagen,Getty Images.\u00a0\u00a0El l\u00edder de HTS, Abu Mohammed al Jolani.<\/p><\/div>\n<\/div>\n<\/figure>\n<div class=\"bbc-19j92fr ebmt73l0\" dir=\"ltr\">\n<p dir=\"ltr\">\n<p dir=\"ltr\">\n<p class=\"bbc-hhl7in e17g058b0\" dir=\"ltr\">Pero Al Jolani\u00a0no es el \u00fanico que desempe\u00f1ar\u00e1 un papel decisivo en la configuraci\u00f3n del nuevo orden en Siria.<\/p>\n<\/div>\n<div class=\"bbc-19j92fr ebmt73l0\" dir=\"ltr\">\n<p class=\"bbc-hhl7in e17g058b0\" dir=\"ltr\">Dentro del pa\u00eds hay una variedad de comunidades minoritarias y diversas sectas y religiones.<\/p>\n<\/div>\n<div class=\"bbc-19j92fr ebmt73l0\" dir=\"ltr\">\n<p class=\"bbc-hhl7in e17g058b0\" dir=\"ltr\">Y fuera de Siria tambi\u00e9n hay varias naciones y grupos cuyos intereses tendr\u00e1n implicaciones importantes para la regi\u00f3n y la seguridad global.<\/p>\n<\/div>\n<div class=\"bbc-19j92fr ebmt73l0\" dir=\"ltr\">\n<h2 id=\"Un-importante-actor-estrat\u00e9gico\" class=\"bbc-1lgzob2 eglt09e0\" tabindex=\"-1\">Un &#8220;importante actor estrat\u00e9gico&#8221;<\/h2>\n<\/div>\n<div class=\"bbc-19j92fr ebmt73l0\" dir=\"ltr\">\n<p class=\"bbc-hhl7in e17g058b0\" dir=\"ltr\">&#8220;Siria es importante para Medio Oriente pero tambi\u00e9n es importante para el mundo porque\u00a0en los \u00faltimos 10 a\u00f1os el pa\u00eds se ha convertido en una zona de competici\u00f3n entre distintos poderes geopol\u00edticos&#8221;, dice Ali Bilgic, profesor de relaciones internacionales y pol\u00edtica de Medio Oriente de la Universidad de Loughborough, en Inglaterra.<\/p>\n<\/div>\n<div class=\"bbc-19j92fr ebmt73l0\" dir=\"ltr\">\n<p class=\"bbc-hhl7in e17g058b0\" dir=\"ltr\">&#8220;Con el colapso del r\u00e9gimen de Assad se rompi\u00f3 el principal punto de conexi\u00f3n entre Ir\u00e1n y Hezbol\u00e1 en el sur de L\u00edbano y lo que se conoce como la &#8216;Media Luna chiita&#8217;. Esta regi\u00f3n (donde la mayor\u00eda de la poblaci\u00f3n es chiita) que comienza en Ir\u00e1n, pasa por el sur de Irak, por Siria con el r\u00e9gimen de Assad y Hezbol\u00e1 en L\u00edbano, ahora est\u00e1 tambi\u00e9n fracturada&#8221;.<\/p>\n<p dir=\"ltr\">\n<\/div>\n<figure class=\"bbc-1qn0xuy\">\n<div class=\"bbc-18ywsw9\">\n<div style=\"width: 1034px\" class=\"wp-caption alignnone\"><img loading=\"lazy\" decoding=\"async\" class=\"bbc-139onq\" src=\"https:\/\/ichef.bbci.co.uk\/ace\/ws\/640\/cpsprodpb\/c751\/live\/270990c0-b672-11ef-a0f2-fd81ae5962f4.jpg.webp\" alt=\"El exl\u00edder de Hezbol\u00e1, Hassan Nasrallah (izq.), junto a Bashar al Assad el 15 de junio de 2000.\" width=\"1024\" height=\"755\" \/><p class=\"wp-caption-text\">Fuente de la imagen,Getty Images.\u00a0\u00a0El fallecido l\u00edder de Hezbol\u00e1, Hassan Nasrallah (izq.), visit\u00f3 a Bashar al Assad en junio de 2000 para ofrecer sus condolencias por la muerte de su padre, Hafez al Assad.<\/p><\/div>\n<\/div>\n<\/figure>\n<div class=\"bbc-19j92fr ebmt73l0\" dir=\"ltr\">\n<p dir=\"ltr\">\n<p dir=\"ltr\">\n<p class=\"bbc-hhl7in e17g058b0\" dir=\"ltr\">Y una de las consecuencias m\u00e1s importante de lo que ocurri\u00f3 este fin de semana, se\u00f1ala el experto, es que Rusia e Ir\u00e1n han llegado al l\u00edmite de su influencia en la regi\u00f3n, y esto tendr\u00e1 importantes implicaciones en la pol\u00edtica global.<\/p>\n<\/div>\n<div class=\"bbc-19j92fr ebmt73l0\" dir=\"ltr\">\n<p class=\"bbc-hhl7in e17g058b0\" dir=\"ltr\">Los gobiernos de Mosc\u00fa y Teher\u00e1n han sido descritos como los &#8220;principales perdedores&#8221; tras la ca\u00edda de Assad.<\/p>\n<\/div>\n<div class=\"bbc-19j92fr ebmt73l0\" dir=\"ltr\">\n<p class=\"bbc-hhl7in e17g058b0\" dir=\"ltr\">A continuaci\u00f3n presentamos a\u00a0algunos de los actores que se ver\u00e1n afectados por la configuraci\u00f3n de un nuevo orden en Siria.<\/p>\n<\/div>\n<div class=\"bbc-19j92fr ebmt73l0\" dir=\"ltr\">\n<h2 id=\"Turqu\u00eda\" class=\"bbc-1lgzob2 eglt09e0\" tabindex=\"-1\">Turqu\u00eda<\/h2>\n<\/div>\n<div class=\"bbc-19j92fr ebmt73l0\" dir=\"ltr\">\n<p class=\"bbc-hhl7in e17g058b0\" dir=\"ltr\">Turqu\u00eda, que ha lanzado numerosas operaciones militares en Siria, principalmente contra las fuerzas lideradas por los kurdos sirios, ahora efectivamente controla una zona a lo largo de la frontera norte del pa\u00eds.<\/p>\n<\/div>\n<div class=\"bbc-19j92fr ebmt73l0\" dir=\"ltr\">\n<p class=\"bbc-hhl7in e17g058b0\" dir=\"ltr\">Tambi\u00e9n apoya a facciones que pelearon contra Al Assad, como el Ej\u00e9rcito Nacional Sirio y el Ej\u00e9rcito Libre Sirio.<\/p>\n<\/div>\n<div class=\"bbc-19j92fr ebmt73l0\" dir=\"ltr\">\n<p class=\"bbc-hhl7in e17g058b0\" dir=\"ltr\">Pero\u00a0el principal enemigo de Turqu\u00eda no era Bashar al Assad, sino las fuerzas kurdassirias, a las que acusa de respaldar a grupos separatistas armados en Turqu\u00eda.<\/p>\n<p dir=\"ltr\">\n<\/div>\n<figure class=\"bbc-1qn0xuy\">\n<div class=\"bbc-18ywsw9\">\n<div style=\"width: 1034px\" class=\"wp-caption alignnone\"><img loading=\"lazy\" decoding=\"async\" class=\"bbc-139onq\" src=\"https:\/\/ichef.bbci.co.uk\/ace\/ws\/640\/cpsprodpb\/ff6b\/live\/8d73d3c0-b672-11ef-a0f2-fd81ae5962f4.jpg.webp\" alt=\"Abdel Hameed Alyousef (derecha), que perdi\u00f3 a su esposa y beb\u00e9s mellizos de 9 meses y otros 13 miembros de su familia en un presunto ataque qu\u00edmico del gobierno sirio en Idlib, besa al presidente turco Recep Tayyip Erdogan (centro) el 7 de abril de 2017.\" width=\"1024\" height=\"765\" \/><p class=\"wp-caption-text\">Fuente de la imagen,Getty Images.\u00a0\u00a0El presidente de Turqu\u00eda, Recep Tayyip Erdogan, auxili\u00f3 a sirios que fueron v\u00edctimas de presuntos ataques del gobierno de Bashar al Assad con armas qu\u00edmicas en 2017.<\/p><\/div>\n<p class=\"bbc-by8ykd\" role=\"text\">\n<\/div>\n<\/figure>\n<div class=\"bbc-19j92fr ebmt73l0\" dir=\"ltr\">\n<p dir=\"ltr\">\n<p dir=\"ltr\">\n<p class=\"bbc-hhl7in e17g058b0\" dir=\"ltr\">Varios analistas indicaron que Turqu\u00eda probablemente dio su aprobaci\u00f3n t\u00e1cita a la ofensiva de HTS, con el presidente Recep Tayyip Erdogan expresando su apoyo al avance rebelde.<\/p>\n<\/div>\n<div class=\"bbc-19j92fr ebmt73l0\" dir=\"ltr\">\n<p class=\"bbc-hhl7in e17g058b0\" dir=\"ltr\">&#8220;Sin duda podemos decir que Turqu\u00eda es el principal ganador con la ca\u00edda del r\u00e9gimen de Assad&#8221;,\u00a0se\u00f1ala Ali Bilgic.<\/p>\n<\/div>\n<div class=\"bbc-19j92fr ebmt73l0\" dir=\"ltr\">\n<p class=\"bbc-hhl7in e17g058b0\" dir=\"ltr\">&#8220;El HTS no est\u00e1 apoyado directamente por Turqu\u00eda. De hecho, Ankara tambi\u00e9n considera a HTS una organizaci\u00f3n terrorista, igual que EE.UU. y Reino Unido. Pero aunque no sabemos c\u00f3mo ha ayudado a HTS en su ofensiva, lo que s\u00ed sabemos es que Turqu\u00eda le ha ayudado a deshacerse de sus credenciales islamistas y a convertirse en una organizaci\u00f3n m\u00e1s pol\u00edtica y m\u00e1s moderada&#8221;.<\/p>\n<\/div>\n<div class=\"bbc-19j92fr ebmt73l0\" dir=\"ltr\">\n<p class=\"bbc-hhl7in e17g058b0\" dir=\"ltr\">El inter\u00e9s de Turqu\u00eda en Siria ahora, afirman los expertos, es ver de cerca qui\u00e9n ocupar\u00e1 el poder en el pa\u00eds y prevenir cualquier expansi\u00f3n de la influencia de los grupos kurdos.<\/p>\n<\/div>\n<div class=\"bbc-19j92fr ebmt73l0\" dir=\"ltr\">\n<p class=\"bbc-hhl7in e17g058b0\" dir=\"ltr\">&#8220;Lo que Turqu\u00eda no quiere en Siria es una federaci\u00f3n, o incluso una confederaci\u00f3n, un tipo de regi\u00f3n aut\u00f3noma kurda en Siria&#8221;, explica Bilgic.<\/p>\n<\/div>\n<div class=\"bbc-19j92fr ebmt73l0\" dir=\"ltr\">\n<p class=\"bbc-hhl7in e17g058b0\" dir=\"ltr\">&#8220;Lo que quiere Ankara\u00a0es un gobierno centralizado y ahora va a estar ejerciendo presi\u00f3n para crearlo&#8221;.<\/p>\n<p dir=\"ltr\">\n<\/div>\n<figure class=\"bbc-1qn0xuy\">\n<div class=\"bbc-18ywsw9\">\n<div style=\"width: 1034px\" class=\"wp-caption alignnone\"><img loading=\"lazy\" decoding=\"async\" class=\"bbc-139onq\" src=\"https:\/\/ichef.bbci.co.uk\/ace\/ws\/640\/cpsprodpb\/86fe\/live\/14c74fd0-b675-11ef-aff0-072ce821b6ab.jpg.webp\" alt=\"Refugiados sirios caminan hacia el cruce fronterizo de Masnaa, entre L\u00edbano y Siria, para regresar a casa el 8 de diciembre de 2024, tras la ca\u00edda del r\u00e9gimen de Bashar al Assad.\" width=\"1024\" height=\"683\" \/><p class=\"wp-caption-text\">Fuente de la imagen,Getty Images.\u00a0\u00a0Refugiados sirios caminan hacia el cruce fronterizo de Masnaa, entre L\u00edbano y Siria, para regresar a casa el 8 de diciembre de 2024, tras la ca\u00edda del r\u00e9gimen de Bashar al Assad.<\/p><\/div>\n<p class=\"bbc-by8ykd\" role=\"text\">\n<\/div>\n<\/figure>\n<div class=\"bbc-19j92fr ebmt73l0\" dir=\"ltr\">\n<h2 id=\"Qatar-y-Arabia-Saudita\" class=\"bbc-1lgzob2 eglt09e0\" tabindex=\"-1\">Qatar y Arabia Saudita<\/h2>\n<\/div>\n<div class=\"bbc-19j92fr ebmt73l0\" dir=\"ltr\">\n<p class=\"bbc-hhl7in e17g058b0\" dir=\"ltr\">Ha habido informes en los \u00faltimos d\u00edas de que Qatar\u00a0-quien se dice que durante mucho tiempo ha apoyado a HTS- parece estar liderando el esfuerzo de las naciones \u00e1rabes para crear un gobierno de transici\u00f3n en Siria.<\/p>\n<\/div>\n<div class=\"bbc-19j92fr ebmt73l0\" dir=\"ltr\">\n<p class=\"bbc-hhl7in e17g058b0\" dir=\"ltr\">El domingo, una declaraci\u00f3n qatar\u00ed subray\u00f3 &#8220;la necesidad de preservar las instituciones nacionales y la unidad del Estado para evitar que (Siria) caiga en el caos&#8221;.<\/p>\n<\/div>\n<div class=\"bbc-19j92fr ebmt73l0\" dir=\"ltr\">\n<p class=\"bbc-hhl7in e17g058b0\" dir=\"ltr\">Como explica Ali Bilgic, Turqu\u00eda y Qatar, que tienen intereses pol\u00edticos similares en Siria, han estado cooperando en ese pa\u00eds durante mucho tiempo.<\/p>\n<p dir=\"ltr\">\n<\/div>\n<figure class=\"bbc-1qn0xuy\">\n<div class=\"bbc-18ywsw9\">\n<div style=\"width: 1034px\" class=\"wp-caption alignnone\"><img loading=\"lazy\" decoding=\"async\" class=\"bbc-139onq\" src=\"https:\/\/ichef.bbci.co.uk\/ace\/ws\/640\/cpsprodpb\/89d6\/live\/f89c6cb0-b673-11ef-a2ca-e99d0c9a24e3.jpg.webp\" alt=\"Faisal bin Farhan Al Saud, ministro de Asuntos Exteriores de Arabia Saudita, reunido con Bashar al Assad el 18 de abril de 2023 en Damasco, Siria.\" width=\"1024\" height=\"902\" \/><p class=\"wp-caption-text\">Fuente de la imagen,Getty Images.\u00a0\u00a0Faisal bin Farhan Al Saud, ministro de Asuntos Exteriores de Arabia Saudita, reunido con Bashar al Assad el 18 de abril de 2023 en Damasco, Siria.<\/p><\/div>\n<\/div>\n<\/figure>\n<div class=\"bbc-19j92fr ebmt73l0\" dir=\"ltr\">\n<p dir=\"ltr\">\n<p dir=\"ltr\">\n<p class=\"bbc-hhl7in e17g058b0\" dir=\"ltr\">&#8220;El principal inter\u00e9s de Qatar en Siria ser\u00e1 la prevenci\u00f3n de la formaci\u00f3n de un r\u00e9gimen &#8216;sat\u00e9lite&#8217; que sea apoyado por Arabia Saudita,\u00a0que es su principal competidor en la regi\u00f3n&#8221;.<\/p>\n<\/div>\n<div class=\"bbc-19j92fr ebmt73l0\" dir=\"ltr\">\n<p class=\"bbc-hhl7in e17g058b0\" dir=\"ltr\">&#8220;Qatar, adem\u00e1s, ha jugado un papel importante como mediador en la guerra de Israel en Gaza y eso ha ayudado a incrementar su perfil internacional, as\u00ed que es f\u00e1cil pensar que ser\u00e1 un actor influyente en la forma como se configure la pol\u00edtica en la nueva Siria&#8221;.<\/p>\n<\/div>\n<div class=\"bbc-19j92fr ebmt73l0\" dir=\"ltr\">\n<p class=\"bbc-hhl7in e17g058b0\" dir=\"ltr\">Los qatar\u00edes est\u00e1n instando a aplicar resoluciones del Consejo de Seguridad de la ONU que desde hace a\u00f1os han pedido formar un nuevo gobierno sirio que incluya a miembros del r\u00e9gimen y de la oposici\u00f3n.<\/p>\n<\/div>\n<div class=\"bbc-19j92fr ebmt73l0\" dir=\"ltr\">\n<h2 id=\"Las-fuerzas-kurdas\" class=\"bbc-1lgzob2 eglt09e0\" tabindex=\"-1\">Las fuerzas kurdas<\/h2>\n<\/div>\n<div class=\"bbc-19j92fr ebmt73l0\" dir=\"ltr\">\n<p class=\"bbc-hhl7in e17g058b0\" dir=\"ltr\">Otro de los grupos que miran con inter\u00e9s la formaci\u00f3n de un nuevo gobierno en Siria son las Fuerzas Democr\u00e1ticas Sirias, principalmente formadas por kurdos y apoyadas por Estados Unidos y la Uni\u00f3n Europea.<\/p>\n<\/div>\n<div class=\"bbc-19j92fr ebmt73l0\" dir=\"ltr\">\n<p class=\"bbc-hhl7in e17g058b0\" dir=\"ltr\">Las fuerzas kurdas\u00a0han consolidado su control en varios poblados y ciudades en el noreste del pa\u00eds, formando una regi\u00f3n aut\u00f3noma en la zona.<\/p>\n<\/div>\n<div class=\"bbc-19j92fr ebmt73l0\" dir=\"ltr\">\n<p class=\"bbc-hhl7in e17g058b0\" dir=\"ltr\">Pero su principal lucha es contra su antiguo enemigo, Turqu\u00eda, que los considera &#8220;una amenaza para su seguridad nacional&#8221;, debido a sus conexiones con el movimiento separatista turco PKK.<\/p>\n<p dir=\"ltr\">\n<\/div>\n<figure class=\"bbc-1qn0xuy\">\n<div class=\"bbc-18ywsw9\">\n<div style=\"width: 1034px\" class=\"wp-caption alignnone\"><img loading=\"lazy\" decoding=\"async\" class=\"bbc-139onq\" src=\"https:\/\/ichef.bbci.co.uk\/ace\/ws\/640\/cpsprodpb\/9469\/live\/167eaeb0-b673-11ef-a0f2-fd81ae5962f4.jpg.webp\" alt=\"Hombres armados kurdos sirios controlan el \u00e1rea alrededor del aeropuerto de Qamishli en el noreste de Siria el 8 de diciembre de 2024.\" width=\"1024\" height=\"683\" \/><p class=\"wp-caption-text\">Fuente de la imagen,Getty Images.\u00a0\u00a0Grupos kurdos han obtenido el control de ciertas \u00e1reas de Siria tras la ca\u00edda del r\u00e9gimen de Al Assad.<\/p><\/div>\n<p class=\"bbc-by8ykd\" role=\"text\">\n<\/div>\n<\/figure>\n<div class=\"bbc-19j92fr ebmt73l0\" dir=\"ltr\">\n<p dir=\"ltr\">\n<p dir=\"ltr\">\n<p class=\"bbc-hhl7in e17g058b0\" dir=\"ltr\">Pero como explica Ali Bilgic, &#8220;estos grupos han sido muy influyentes no s\u00f3lo derrotando a las fuerzas de Assad en la guerra civil, sino tambi\u00e9n derrotado al Estado Isl\u00e1mico&#8221;.<\/p>\n<\/div>\n<div class=\"bbc-19j92fr ebmt73l0\" dir=\"ltr\">\n<p class=\"bbc-hhl7in e17g058b0\" dir=\"ltr\">&#8220;Creo que en esta zona en el norte de Siria podr\u00eda haber inestabilidad en el futuro si Turqu\u00eda decide lanzar un ataque en los pr\u00f3ximos d\u00edas o semanas&#8221;.<\/p>\n<\/div>\n<div class=\"bbc-19j92fr ebmt73l0\" dir=\"ltr\">\n<p class=\"bbc-hhl7in e17g058b0\" dir=\"ltr\">Por ahora,\u00a0los kurdos estar\u00e1n decididos a mantener sus territorios y esperan alguna participaci\u00f3n en cualquier nuevo gobierno sirio.<\/p>\n<\/div>\n<div class=\"bbc-19j92fr ebmt73l0\" dir=\"ltr\">\n<h2 id=\"Estados-Unidos-y-Rusia\" class=\"bbc-1lgzob2 eglt09e0\" tabindex=\"-1\">Estados Unidos y Rusia<\/h2>\n<\/div>\n<div class=\"bbc-19j92fr ebmt73l0\" dir=\"ltr\">\n<p class=\"bbc-hhl7in e17g058b0\" dir=\"ltr\">Seg\u00fan Ali Bilgic, la forma en la que act\u00faen los principales actores en Siria depender\u00e1 en gran parte\u00a0del papel que Estados Unidos decida desempe\u00f1ar en ese pa\u00eds.<\/p>\n<\/div>\n<div class=\"bbc-19j92fr ebmt73l0\" dir=\"ltr\">\n<p class=\"bbc-hhl7in e17g058b0\" dir=\"ltr\">Para Washington, la ca\u00edda del r\u00e9gimen de Assad, que estaba respaldado por Mosc\u00fa y Teher\u00e1n, es una se\u00f1al positiva despu\u00e9s de haber estado buscando reemplazar al gobierno sirio con medios directos e indirectos desde 2011.<\/p>\n<\/div>\n<div class=\"bbc-19j92fr ebmt73l0\" dir=\"ltr\">\n<p class=\"bbc-hhl7in e17g058b0\" dir=\"ltr\">El presidente Joe Biden declar\u00f3 el domingo que la situaci\u00f3n en Siria es &#8220;un momento de riesgo e incertidumbre&#8221; para la regi\u00f3n.<\/p>\n<\/div>\n<div class=\"bbc-19j92fr ebmt73l0\" dir=\"ltr\">\n<p class=\"bbc-hhl7in e17g058b0\" dir=\"ltr\">Pero Biden s\u00f3lo permanecer\u00e1 en su cargo durante las pr\u00f3ximas semanas. Y el presidente electo, Donald Trump, refiri\u00e9ndose a Siria el s\u00e1bado en sus redes sociales, escribi\u00f3: &#8220;ESTA NO ES NUESTRA LUCHA\u2026 NO SE INVOLUCREN!&#8221;.<\/p>\n<\/div>\n<div class=\"bbc-19j92fr ebmt73l0\" dir=\"ltr\">\n<p class=\"bbc-hhl7in e17g058b0\" dir=\"ltr\">Como explica el experto de la Universidad de Loughborough, &#8220;si realmente Estados Unidos decide no involucrarse en Siria el vac\u00edo de poder, una vez m\u00e1s, ser\u00e1 llenado\u00a0por otros actores y uno de esos actores podr\u00eda ser Rusia&#8221;.<\/p>\n<\/div>\n<div class=\"bbc-19j92fr ebmt73l0\" dir=\"ltr\">\n<p class=\"bbc-hhl7in e17g058b0\" dir=\"ltr\">&#8220;Si ocurriera eso, Rusia sin duda luchar\u00e1 para mantener sus bases en Siria, en particular su base naval que es el centro de sus operaciones para el \u00c1frica subsahariana&#8221;.<\/p>\n<p dir=\"ltr\">\n<\/div>\n<figure class=\"bbc-1qn0xuy\">\n<div class=\"bbc-18ywsw9\">\n<div style=\"width: 1034px\" class=\"wp-caption alignnone\"><img loading=\"lazy\" decoding=\"async\" class=\"bbc-139onq\" src=\"https:\/\/ichef.bbci.co.uk\/ace\/ws\/640\/cpsprodpb\/7469\/live\/7b12e740-b675-11ef-a2ca-e99d0c9a24e3.jpg.webp\" alt=\"Bashar al Assad y Vladimir Putin en el Kremlin en 2021.\" width=\"1024\" height=\"683\" \/><p class=\"wp-caption-text\">Fuente de la imagen,Getty Images.\u00a0\u00a0Bashar al Assad y Vladimir Putin en el Kremlin en 2021.<\/p><\/div>\n<\/div>\n<\/figure>\n<div class=\"bbc-19j92fr ebmt73l0\" dir=\"ltr\">\n<p dir=\"ltr\">\n<p dir=\"ltr\">\n<p class=\"bbc-hhl7in e17g058b0\" dir=\"ltr\">Por ahora, a pocas semanas del cambio de presidente en Washington, no est\u00e1 claro qu\u00e9 papel jugar\u00e1 Estados Unidos en el nuevo orden sirio.<\/p>\n<\/div>\n<div class=\"bbc-19j92fr ebmt73l0\" dir=\"ltr\">\n<p class=\"bbc-hhl7in e17g058b0\" dir=\"ltr\">Pero como explica Ali Bilgic,\u00a0<b>&#8220;<\/b>es dif\u00edcil pensar que cualquier presidente estadounidense simplemente diga: &#8216;No estamos interesados en Siria'&#8221;.<\/p>\n<\/div>\n<div class=\"bbc-19j92fr ebmt73l0\" dir=\"ltr\">\n<p class=\"bbc-hhl7in e17g058b0\" dir=\"ltr\">&#8220;Hay mucho en juego para Estados Unidos y no creo que Donald Trump simplemente deje que otros poderes ocupen el vac\u00edo en Siria&#8221;.<\/p>\n<\/div>\n<div class=\"bbc-19j92fr ebmt73l0\" dir=\"ltr\">\n<p class=\"bbc-hhl7in e17g058b0\" dir=\"ltr\">Washington, adem\u00e1s, mantiene una fuerza de unos 900 soldados en las zonas de extracci\u00f3n de petr\u00f3leo controladas por los kurdos en el noreste de Siria y una guarnici\u00f3n en el sureste.<\/p>\n<\/div>\n<div class=\"bbc-19j92fr ebmt73l0\" dir=\"ltr\">\n<p class=\"bbc-hhl7in e17g058b0\" dir=\"ltr\">El papel de Estados Unidos en la guerra civil siria cambi\u00f3 varias veces. Pero incluso Donald Trump en su primera presidencia entendi\u00f3 que salir del pa\u00eds por completo no era una &#8220;alternativa viable&#8221; para proteger los intereses de su pa\u00eds, explica Bilgic.<\/p>\n<\/div>\n<div class=\"bbc-19j92fr ebmt73l0\" dir=\"ltr\">\n<p class=\"bbc-hhl7in e17g058b0\" dir=\"ltr\">&#8220;No era viable, en parte porque los grupos kurdos necesitaban apoyo de las fuerzas estadounidenses porque esos grupos controlan y mantienen algunos de los campos de internamiento de los excombatientes de Estado Isl\u00e1mico y sus familias&#8221;.<\/p>\n<\/div>\n<div class=\"bbc-19j92fr ebmt73l0\" dir=\"ltr\">\n<p class=\"bbc-hhl7in e17g058b0\" dir=\"ltr\">&#8220;Pero tampoco es viable porque\u00a0los recursos naturales de Siria, principalmente petr\u00f3leo y gas natural, est\u00e1n ahora bajo control de los kurdos en el norte del pa\u00eds, y all\u00ed es donde est\u00e1n desplegados los soldados estadounidenses&#8221;, agrega el experto.<\/p>\n<p dir=\"ltr\">\n<\/div>\n<figure class=\"bbc-1qn0xuy\">\n<div class=\"bbc-18ywsw9\">\n<div style=\"width: 1034px\" class=\"wp-caption alignnone\"><img loading=\"lazy\" decoding=\"async\" class=\"bbc-139onq\" src=\"https:\/\/ichef.bbci.co.uk\/ace\/ws\/640\/cpsprodpb\/10b2\/live\/b7ca92f0-b675-11ef-a0f2-fd81ae5962f4.jpg.webp\" alt=\"Un cami\u00f3n arrastra la cabeza de la estatua derribada del difunto presidente sirio H\u00e1fez al Assad por las calles de la ciudad de Hama, en el centrooeste del pa\u00eds, el 6 de diciembre de 2024.\" width=\"1024\" height=\"683\" \/><p class=\"wp-caption-text\">Fuente de la imagen,Getty Images.\u00a0\u00a0En muy pocos d\u00edas, los rebeldes sirios tomaron el control del pa\u00eds.<\/p><\/div>\n<\/div>\n<\/figure>\n<div class=\"bbc-19j92fr ebmt73l0\" dir=\"ltr\">\n<p dir=\"ltr\">\n<p dir=\"ltr\">\n<p class=\"bbc-hhl7in e17g058b0\" dir=\"ltr\">As\u00ed, en los pr\u00f3ximos meses, mientras se lleva a cabo la transici\u00f3n de poder y se discute el futuro pol\u00edtico de Siria, una de las principales preguntas ser\u00e1 qui\u00e9n tendr\u00e1 el control de los recursos naturales del pa\u00eds.<\/p>\n<\/div>\n<div class=\"bbc-19j92fr ebmt73l0\" dir=\"ltr\">\n<p class=\"bbc-hhl7in e17g058b0\" dir=\"ltr\">&#8220;Por ahora no se est\u00e1 hablando de eso, pero creo que cualquier gobierno central en Damasco no permitir\u00e1 que los kurdos tengan control total del petr\u00f3leo y del gas natural del norte de Siria&#8221;.<\/p>\n<\/div>\n<div class=\"bbc-19j92fr ebmt73l0\" dir=\"ltr\">\n<p class=\"bbc-hhl7in e17g058b0\" dir=\"ltr\">&#8220;Y si es as\u00ed, las fuerzas de Estados Unidos estar\u00e1n en el \u00e1rea para proteger los intereses del pa\u00eds,\u00a0as\u00ed que no se cree que Washington salga de Siria. Dudando que Donald Trump tenga una visi\u00f3n tan limitada&#8221;.<\/p>\n<p dir=\"ltr\">\n<\/div>\n<figure class=\"bbc-1qn0xuy\">\n<div class=\"bbc-18ywsw9\">\n<div style=\"width: 1034px\" class=\"wp-caption alignnone\"><img loading=\"lazy\" decoding=\"async\" class=\"bbc-139onq\" src=\"https:\/\/ichef.bbci.co.uk\/ace\/ws\/640\/cpsprodpb\/6f88\/live\/e9292b70-b690-11ef-a0f2-fd81ae5962f4.jpg.webp\" alt=\"La ca\u00edda de Assad es un duro golpe para Ir\u00e1n.\" width=\"1024\" height=\"683\" \/><p class=\"wp-caption-text\">Fuente de la imagen,Getty Images.\u00a0\u00a0La ca\u00edda de Assad es un duro golpe para Ir\u00e1n.<\/p><\/div>\n<\/div>\n<\/figure>\n<div class=\"bbc-19j92fr ebmt73l0\" dir=\"ltr\">\n<h2 tabindex=\"-1\"><\/h2>\n<h2 id=\"Ir\u00e1n-y-Hezbol\u00e1\" class=\"bbc-1lgzob2 eglt09e0\" tabindex=\"-1\">Ir\u00e1n y Hezbol\u00e1<\/h2>\n<\/div>\n<div class=\"bbc-19j92fr ebmt73l0\" dir=\"ltr\">\n<p class=\"bbc-hhl7in e17g058b0\" dir=\"ltr\">Ir\u00e1n, que era uno de los principales respaldos del r\u00e9gimen de Assad, ha dicho que espera que contin\u00faen las relaciones &#8220;amistosas&#8221; con Siria.<\/p>\n<\/div>\n<div class=\"bbc-19j92fr ebmt73l0\" dir=\"ltr\">\n<p class=\"bbc-hhl7in e17g058b0\" dir=\"ltr\">Teher\u00e1n brind\u00f3 un importante apoyo militar a las fuerzas de Assad y entren\u00f3 a una de las principales fuerzas paramilitares que lucharon contra los grupos armados de oposici\u00f3n en el punto \u00e1lgido de la guerra siria.<\/p>\n<\/div>\n<div class=\"bbc-19j92fr ebmt73l0\" dir=\"ltr\">\n<p class=\"bbc-hhl7in e17g058b0\" dir=\"ltr\">Sin embargo, corresponsales en Medio Oriente, afirman que la\u00a0influencia de Ir\u00e1n ahora ha sufrido un duro golpe.<\/p>\n<\/div>\n<div class=\"bbc-19j92fr ebmt73l0\" dir=\"ltr\">\n<p class=\"bbc-hhl7in e17g058b0\" dir=\"ltr\">&#8220;Siria bajo Al Assad fue parte de la conexi\u00f3n entre los iran\u00edes y la milicia libanesa de Hezbol\u00e1. Fue clave para la transferencia de armas y municiones al grupo liban\u00e9s.<\/p>\n<\/div>\n<div class=\"bbc-19j92fr ebmt73l0\" dir=\"ltr\">\n<p class=\"bbc-hhl7in e17g058b0\" dir=\"ltr\">&#8220;El propio Hezbol\u00e1 ha quedado gravemente debilitado en L\u00edbano despu\u00e9s de su guerra con Israel. En la fase m\u00e1s violenta de la guerra civil en Siria, Ir\u00e1n envi\u00f3 asesores al pa\u00eds y Hezbol\u00e1 despleg\u00f3 a sus combatientes para ayudar a Assad a aplastar a la oposici\u00f3n&#8221;, se\u00f1ala Bachega.<\/p>\n<\/div>\n<div class=\"bbc-19j92fr ebmt73l0\" dir=\"ltr\">\n<p class=\"bbc-hhl7in e17g058b0\" dir=\"ltr\">&#8220;Ir\u00e1n tambi\u00e9n ha visto a los hut\u00edes en Yemen siendo blanco de ataques a\u00e9reos. Todas estas facciones, m\u00e1s las milicias en Irak y Ham\u00e1s en Gaza, forman lo que Teher\u00e1n describe como el Eje de Resistencia, que ahora ha resultado gravemente da\u00f1ado.<\/p>\n<\/div>\n<div class=\"bbc-19j92fr ebmt73l0\" dir=\"ltr\">\n<p class=\"bbc-hhl7in e17g058b0\" dir=\"ltr\">Algunos analistas ven la ca\u00edda del gobierno de Assad como un golpe casi definitivo para Hezbol\u00e1.<\/p>\n<\/div>\n<div class=\"bbc-19j92fr ebmt73l0\" dir=\"ltr\">\n<p class=\"bbc-hhl7in e17g058b0\" dir=\"ltr\">&#8220;Siria, que ha sido la columna vertebral y la principal ruta de suministro de Hezbol\u00e1, ahora ha quedado aislada&#8221;, dice la periodista del servicio \u00e1rabe Carine Torbey.<\/p>\n<\/div>\n<div class=\"bbc-19j92fr ebmt73l0\" dir=\"ltr\">\n<p class=\"bbc-hhl7in e17g058b0\" dir=\"ltr\">Por su parte, Hugo Bache se\u00f1ala que &#8220;esta nueva realidad ser\u00e1 celebrada en Israel&#8221;.<\/p>\n<p dir=\"ltr\">\n<\/div>\n<figure class=\"bbc-1qn0xuy\">\n<div class=\"bbc-18ywsw9\">\n<div style=\"width: 1034px\" class=\"wp-caption alignnone\"><img loading=\"lazy\" decoding=\"async\" class=\"bbc-139onq\" src=\"https:\/\/ichef.bbci.co.uk\/ace\/ws\/640\/cpsprodpb\/cb40\/live\/fe54f390-b694-11ef-aff0-072ce821b6ab.jpg.webp\" alt=\"Este domingo, Benjamin Netanyahu insisti\u00f3 en que su pa\u00eds &quot;enviar\u00e1 una mano de paz&quot; a los sirios que quer\u00edan vivir en paz con Israel.\" width=\"1024\" height=\"683\" \/><p class=\"wp-caption-text\">Fuente de la imagen,Getty Images.\u00a0\u00a0Este domingo, Benjamin Netanyahu insisti\u00f3 en que su pa\u00eds &#8220;enviar\u00e1 una mano de paz&#8221; a los sirios que quer\u00edan vivir en paz con Israel.<\/p><\/div>\n<\/div>\n<\/figure>\n<div class=\"bbc-19j92fr ebmt73l0\" dir=\"ltr\">\n<h2 tabindex=\"-1\"><\/h2>\n<h2 id=\"Israel\" class=\"bbc-1lgzob2 eglt09e0\" tabindex=\"-1\">Israel<\/h2>\n<\/div>\n<div class=\"bbc-19j92fr ebmt73l0\" dir=\"ltr\">\n<p class=\"bbc-hhl7in e17g058b0\" dir=\"ltr\">Despu\u00e9s de m\u00e1s de un a\u00f1o de guerra en Gaza y L\u00edbano, el ej\u00e9rcito de Israel est\u00e1 muy ocupado, aunque eso no ha evitado que peri\u00f3dicamente bombardeara objetivos militares en Siria.<\/p>\n<\/div>\n<div class=\"bbc-19j92fr ebmt73l0\" dir=\"ltr\">\n<p class=\"bbc-hhl7in e17g058b0\" dir=\"ltr\">Ahora el ritmo de los acontecimientos en su vecino del norte, es motivo de verdadera preocupaci\u00f3n.<\/p>\n<\/div>\n<div class=\"bbc-19j92fr ebmt73l0\" dir=\"ltr\">\n<p class=\"bbc-hhl7in e17g058b0\" dir=\"ltr\">A los israel\u00edes les preocupa especialmente\u00a0qui\u00e9n podr\u00eda hacerse con el supuesto arsenal de armas qu\u00edmicas de Bashar al Assad.<\/p>\n<\/div>\n<div class=\"bbc-19j92fr ebmt73l0\" dir=\"ltr\">\n<p class=\"bbc-hhl7in e17g058b0\" dir=\"ltr\">Desde la ca\u00edda de Al Assad el fin de semana, aviones de combate israel\u00edes han llevado a cabo docenas de ataques en todo Siria contra objetivos militares.<\/p>\n<\/div>\n<div class=\"bbc-19j92fr ebmt73l0\" dir=\"ltr\">\n<p class=\"bbc-hhl7in e17g058b0\" dir=\"ltr\">Seg\u00fan medios locales, entre los lugares atacados se encuentra un centro de investigaci\u00f3n con presuntos v\u00ednculos con la producci\u00f3n de armas qu\u00edmicas.<\/p>\n<\/div>\n<div class=\"bbc-19j92fr ebmt73l0\" dir=\"ltr\">\n<p class=\"bbc-hhl7in e17g058b0\" dir=\"ltr\">Adem\u00e1s, este domingo el gobierno israel\u00ed anunci\u00f3 que su ej\u00e9rcito se apoder\u00f3 temporalmente del control de la zona desmilitarizada en los Altos del Gol\u00e1n, afirmando que el acuerdo de retirada firmado con Siria en 1974 hab\u00eda &#8220;colapsado&#8221; porque las tropas sirias hab\u00edan abandonado sus puestos.<\/p>\n<\/div>\n<div class=\"bbc-19j92fr ebmt73l0\" dir=\"ltr\">\n<p class=\"bbc-hhl7in e17g058b0\" dir=\"ltr\">Israel se apoder\u00f3 de los Altos del Gol\u00e1n en las \u00faltimas etapas de la Guerra de los Seis D\u00edas de 1967 y en diciembre de 1981, con Menachem Begin como primer ministro,\u00a0se anex\u00f3 esa regi\u00f3n.<\/p>\n<\/div>\n<div class=\"bbc-19j92fr ebmt73l0\" dir=\"ltr\">\n<p class=\"bbc-hhl7in e17g058b0\" dir=\"ltr\">Se calcula que hay\u00a0m\u00e1s de 30 asentamientos jud\u00edos en esta zona, en los que viven unas 20.000 personas. Estos conviven junto a otros 20.000 sirios, la mayor\u00eda de ellos \u00e1rabes drusos, que no huyeron cuando los Altos del Gol\u00e1n fueron anexionados.<\/p>\n<\/div>\n<div class=\"bbc-19j92fr ebmt73l0\" dir=\"ltr\">\n<p class=\"bbc-hhl7in e17g058b0\" dir=\"ltr\">Los asentamientos se consideran ilegales seg\u00fan el derecho internacional, aunque Israel lo niega. Siria siempre ha insistido en que no aceptar\u00e1 un acuerdo de paz con Israel a menos que se retire de todo el Gol\u00e1n.<\/p>\n<\/div>\n<div class=\"bbc-19j92fr ebmt73l0\" dir=\"ltr\">\n<p class=\"bbc-hhl7in e17g058b0\" dir=\"ltr\">Durante el levantamiento sirio de 2011, Israel hizo el c\u00e1lculo de que Assad, a pesar de ser aliado tanto de Ir\u00e1n como de Hezbol\u00e1, era preferible a lo que pod\u00eda surgir si ca\u00eda su r\u00e9gimen.<\/p>\n<\/div>\n<div class=\"bbc-19j92fr ebmt73l0\" dir=\"ltr\">\n<p class=\"bbc-hhl7in e17g058b0\" dir=\"ltr\">Este domingo, el primer ministro israel\u00ed, Benjamin Netanyahu insisti\u00f3 en que su pa\u00eds &#8220;enviar\u00e1 una mano de paz&#8221; a los sirios que quer\u00edan vivir en paz con Israel.<\/p>\n<\/div>\n","protected":false},"excerpt":{"rendered":"<p>&nbsp; &nbsp; Despu\u00e9s medio siglo en el que la familia Al Assad gobern\u00f3 Siria con mano de hierro, una ofensiva rel\u00e1mpago de las fuerzas rebeldes&hellip;<\/p>\n","protected":false},"author":99,"featured_media":525977,"comment_status":"open","ping_status":"open","sticky":false,"template":"","format":"standard","meta":{"footnotes":""},"categories":[24],"tags":[],"class_list":["post-525976","post","type-post","status-publish","format-standard","has-post-thumbnail","hentry","category-mundo"],"_links":{"self":[{"href":"https:\/\/diarioelpopular.com\/index.php\/wp-json\/wp\/v2\/posts\/525976","targetHints":{"allow":["GET"]}}],"collection":[{"href":"https:\/\/diarioelpopular.com\/index.php\/wp-json\/wp\/v2\/posts"}],"about":[{"href":"https:\/\/diarioelpopular.com\/index.php\/wp-json\/wp\/v2\/types\/post"}],"author":[{"embeddable":true,"href":"https:\/\/diarioelpopular.com\/index.php\/wp-json\/wp\/v2\/users\/99"}],"replies":[{"embeddable":true,"href":"https:\/\/diarioelpopular.com\/index.php\/wp-json\/wp\/v2\/comments?post=525976"}],"version-history":[{"count":1,"href":"https:\/\/diarioelpopular.com\/index.php\/wp-json\/wp\/v2\/posts\/525976\/revisions"}],"predecessor-version":[{"id":525978,"href":"https:\/\/diarioelpopular.com\/index.php\/wp-json\/wp\/v2\/posts\/525976\/revisions\/525978"}],"wp:featuredmedia":[{"embeddable":true,"href":"https:\/\/diarioelpopular.com\/index.php\/wp-json\/wp\/v2\/media\/525977"}],"wp:attachment":[{"href":"https:\/\/diarioelpopular.com\/index.php\/wp-json\/wp\/v2\/media?parent=525976"}],"wp:term":[{"taxonomy":"category","embeddable":true,"href":"https:\/\/diarioelpopular.com\/index.php\/wp-json\/wp\/v2\/categories?post=525976"},{"taxonomy":"post_tag","embeddable":true,"href":"https:\/\/diarioelpopular.com\/index.php\/wp-json\/wp\/v2\/tags?post=525976"}],"curies":[{"name":"wp","href":"https:\/\/api.w.org\/{rel}","templated":true}]}}