{"id":526019,"date":"2024-12-11T10:34:49","date_gmt":"2024-12-11T14:34:49","guid":{"rendered":"https:\/\/diarioelpopular.com\/?p=526019"},"modified":"2024-12-11T10:34:49","modified_gmt":"2024-12-11T14:34:49","slug":"residente-de-toronto-en-la-picota-por-18-000-dolares-por-danos-a-vehiculo-rentado-tras-tormenta-de-granizo","status":"publish","type":"post","link":"https:\/\/diarioelpopular.com\/index.php\/2024\/12\/11\/residente-de-toronto-en-la-picota-por-18-000-dolares-por-danos-a-vehiculo-rentado-tras-tormenta-de-granizo\/","title":{"rendered":"Residente de Toronto en la picota por 18.000 d\u00f3lares por da\u00f1os a veh\u00edculo rentado, tras tormenta de granizo"},"content":{"rendered":"<p><img loading=\"lazy\" decoding=\"async\" class=\"alignnone size-custom-full-size wp-image-526020\" src=\"https:\/\/diarioelpopular.com\/wp-content\/uploads\/2024\/12\/Screen-Shot-2024-12-11-at-9.33.37-AM-636x319.png\" alt=\"\" width=\"636\" height=\"319\" srcset=\"https:\/\/diarioelpopular.com\/wp-content\/uploads\/2024\/12\/Screen-Shot-2024-12-11-at-9.33.37-AM-636x319.png 636w, https:\/\/diarioelpopular.com\/wp-content\/uploads\/2024\/12\/Screen-Shot-2024-12-11-at-9.33.37-AM-300x150.png 300w, https:\/\/diarioelpopular.com\/wp-content\/uploads\/2024\/12\/Screen-Shot-2024-12-11-at-9.33.37-AM-768x385.png 768w, https:\/\/diarioelpopular.com\/wp-content\/uploads\/2024\/12\/Screen-Shot-2024-12-11-at-9.33.37-AM-1200x601.png 1200w, https:\/\/diarioelpopular.com\/wp-content\/uploads\/2024\/12\/Screen-Shot-2024-12-11-at-9.33.37-AM-146x73.png 146w, https:\/\/diarioelpopular.com\/wp-content\/uploads\/2024\/12\/Screen-Shot-2024-12-11-at-9.33.37-AM.png 1024w\" sizes=\"auto, (max-width: 636px) 100vw, 636px\" \/><\/p>\n<p>Captura de v\u00eddeo muestra parte de los extensos da\u00f1os causados por la tormenta de granizo<\/p>\n<p>&nbsp;<\/p>\n<p>&nbsp;<\/p>\n<ul>\n<li><em><strong>Un hombre de Toronto tendr\u00e1 que pagar unos 18.000 d\u00f3lares despu\u00e9s de que un veh\u00edculo que hab\u00eda alquilado durante el verano fuera alcanzado por granizo del tama\u00f1o de una pelota de b\u00e9isbol.<\/strong><\/em><\/li>\n<\/ul>\n<p>&nbsp;<\/p>\n<p>&nbsp;<\/p>\n<p>Vishwa Patel, residente de Scarborough, dijo que alquil\u00f3 un auto en Saskatchewan en agosto para hacer un viaje por carretera a Banff, Alta, con sus amigos.<\/p>\n<p>Tuvieron el veh\u00edculo durante seis d\u00edas, pero el quinto d\u00eda, seg\u00fan dijo Patel, se vieron atrapados en una enorme tormenta de granizo.<\/p>\n<p>&#8220;Nos encontramos con una tormenta de granizo y, como nuestro auto estaba aparcado en el exterior, el parabrisas delantero y trasero se da\u00f1aron&#8221;, dijo Patel a CTV News Toronto.<\/p>\n<p>El granizo que cay\u00f3 sobre la zona de Calgary caus\u00f3 da\u00f1os generalizados a casas y autos, y se convirti\u00f3 en el segundo desastre natural m\u00e1s costoso de la historia de Canad\u00e1 despu\u00e9s de que se presentaran reclamaciones por casi 2.800 millones de d\u00f3lares.<\/p>\n<p>&#8220;La tormenta de granizo dur\u00f3 unos 10 minutos y era del tama\u00f1o de una pelota de b\u00e9isbol&#8221;, dijo Patel.<\/p>\n<p>Le dijeron a Patel que llevara el coche a la empresa de alquiler Alamo, donde le dieron otro veh\u00edculo. Despu\u00e9s de que el personal examinara los da\u00f1os, le dijeron a Patel que ten\u00eda que pagar un deducible de 500 d\u00f3lares y que luego saldar\u00edan cuentas con su compa\u00f1\u00eda de seguros.<\/p>\n<p>Aproximadamente un mes y medio despu\u00e9s, Patel dijo que recibi\u00f3 una factura en la que se indicaba que las reparaciones de los da\u00f1os costar\u00edan unos 18.000 d\u00f3lares y que \u00e9l era responsable de pagarlas.<\/p>\n<p>Patel no ten\u00eda seguro de alquiler de autos con su compa\u00f1\u00eda de seguros ni con su tarjeta de cr\u00e9dito, y dijo que no compr\u00f3 cobertura adicional con Alamo.<\/p>\n<p>&#8220;No est\u00e1bamos asegurados para eso y no obtuvimos protecci\u00f3n para eso&#8221;, admiti\u00f3 Patel.<\/p>\n<p>Anne Marie Thomas, de la Oficina de Seguros de Canad\u00e1, dijo que es posible que haya cobertura de alquiler a trav\u00e9s de su p\u00f3liza de seguro o tarjeta de cr\u00e9dito, o que deba optar por una cobertura adicional de la empresa de alquiler.<\/p>\n<p>Thomas se\u00f1al\u00f3 que puede haber algunas limitaciones en las p\u00f3lizas de seguro en funci\u00f3n del tama\u00f1o y el valor del veh\u00edculo que puede alquilar, por lo que debe alquilar un autom\u00f3vil como el que tiene asegurado actualmente y asegurarse de tener cobertura para el autom\u00f3vil de alquiler.<\/p>\n<p>&#8220;Su cobertura de seguro de autom\u00f3vil lo cubrir\u00e1 por da\u00f1os a un veh\u00edculo de alquiler si compra la cobertura. Pero, antes de comprometerse con la p\u00f3liza de alquiler, averig\u00fce exactamente cu\u00e1l es la cobertura porque puede no ser la misma de una empresa de alquiler a otra&#8221;, dijo Thomas.<\/p>\n<p>Un portavoz de Enterprise Mobility, propietaria de Alamo Car Rental, reconoci\u00f3 que Patel se vio atrapado en una tormenta de granizo, &#8220;que rompi\u00f3 las ventanas delanteras y traseras y caus\u00f3 da\u00f1os importantes a la carrocer\u00eda del veh\u00edculo&#8221;.<\/p>\n<p>&#8220;El informe del accidente indic\u00f3 que el cliente estaba al tanto del da\u00f1o, que se le hizo un cargo de $500 para el deducible o el costo de las reparaciones y que el cliente planeaba presentar un reclamo ante su compa\u00f1\u00eda de seguros&#8221;, dijo Enterprise Mobility.<\/p>\n<p>&#8220;Los clientes son econ\u00f3micamente responsables de los da\u00f1os o robos que se produzcan durante una transacci\u00f3n de alquiler, independientemente de la culpa o negligencia, como si fueran los due\u00f1os del veh\u00edculo de alquiler. Esto se establece en nuestro contrato de alquiler. Aunque el veh\u00edculo estaba valorado en casi 27.000 d\u00f3lares, debido a los grandes da\u00f1os, decidimos no repararlo y venderlo &#8220;tal como est\u00e1&#8221;. Seg\u00fan nuestro contrato de alquiler, le facturamos al cliente lo que nos habr\u00eda costado reparar el veh\u00edculo, que es de 17.982,01 d\u00f3lares despu\u00e9s de aplicar el deducible. El presupuesto (algo exagerado) de reparaci\u00f3n lo proporcion\u00f3 un taller de reparaci\u00f3n de veh\u00edculos de Calgary&#8221;.<\/p>\n<p>Patel dijo que una agencia de cobros ahora lo est\u00e1 persiguiendo para que pague los 18.000 d\u00f3lares, dinero que no tiene.<\/p>\n<p>&#8220;No puedo pagar tanto dinero. Es demasiado para una persona como yo que est\u00e1 pasando por una situaci\u00f3n muy dif\u00edcil&#8221;, dijo Patel.<\/p>\n","protected":false},"excerpt":{"rendered":"<p>Captura de v\u00eddeo muestra parte de los extensos da\u00f1os causados por la tormenta de granizo &nbsp; &nbsp; Un hombre de Toronto tendr\u00e1 que pagar unos&hellip;<\/p>\n","protected":false},"author":99,"featured_media":526020,"comment_status":"open","ping_status":"open","sticky":false,"template":"","format":"standard","meta":{"footnotes":""},"categories":[21],"tags":[],"class_list":["post-526019","post","type-post","status-publish","format-standard","has-post-thumbnail","hentry","category-canada"],"_links":{"self":[{"href":"https:\/\/diarioelpopular.com\/index.php\/wp-json\/wp\/v2\/posts\/526019","targetHints":{"allow":["GET"]}}],"collection":[{"href":"https:\/\/diarioelpopular.com\/index.php\/wp-json\/wp\/v2\/posts"}],"about":[{"href":"https:\/\/diarioelpopular.com\/index.php\/wp-json\/wp\/v2\/types\/post"}],"author":[{"embeddable":true,"href":"https:\/\/diarioelpopular.com\/index.php\/wp-json\/wp\/v2\/users\/99"}],"replies":[{"embeddable":true,"href":"https:\/\/diarioelpopular.com\/index.php\/wp-json\/wp\/v2\/comments?post=526019"}],"version-history":[{"count":1,"href":"https:\/\/diarioelpopular.com\/index.php\/wp-json\/wp\/v2\/posts\/526019\/revisions"}],"predecessor-version":[{"id":526021,"href":"https:\/\/diarioelpopular.com\/index.php\/wp-json\/wp\/v2\/posts\/526019\/revisions\/526021"}],"wp:featuredmedia":[{"embeddable":true,"href":"https:\/\/diarioelpopular.com\/index.php\/wp-json\/wp\/v2\/media\/526020"}],"wp:attachment":[{"href":"https:\/\/diarioelpopular.com\/index.php\/wp-json\/wp\/v2\/media?parent=526019"}],"wp:term":[{"taxonomy":"category","embeddable":true,"href":"https:\/\/diarioelpopular.com\/index.php\/wp-json\/wp\/v2\/categories?post=526019"},{"taxonomy":"post_tag","embeddable":true,"href":"https:\/\/diarioelpopular.com\/index.php\/wp-json\/wp\/v2\/tags?post=526019"}],"curies":[{"name":"wp","href":"https:\/\/api.w.org\/{rel}","templated":true}]}}