{"id":526028,"date":"2024-12-11T11:21:26","date_gmt":"2024-12-11T15:21:26","guid":{"rendered":"https:\/\/diarioelpopular.com\/?p=526028"},"modified":"2024-12-11T11:21:26","modified_gmt":"2024-12-11T15:21:26","slug":"finaliza-la-busqueda-de-presos-en-la-temida-carcel-de-saydnaya-considerada-el-matadero-humano-del-regimen-de-al-assad-en-siria","status":"publish","type":"post","link":"https:\/\/diarioelpopular.com\/index.php\/2024\/12\/11\/finaliza-la-busqueda-de-presos-en-la-temida-carcel-de-saydnaya-considerada-el-matadero-humano-del-regimen-de-al-assad-en-siria\/","title":{"rendered":"Finaliza la b\u00fasqueda de presos en la temida c\u00e1rcel de Saydnaya, considerada el &#8220;matadero humano&#8221; del r\u00e9gimen de Al Assad en Siria"},"content":{"rendered":"<p><img loading=\"lazy\" decoding=\"async\" class=\"alignnone size-custom-big-size wp-image-526029\" src=\"https:\/\/diarioelpopular.com\/wp-content\/uploads\/2024\/12\/Screen-Shot-2024-12-11-at-10.20.14-AM-1200x874.png\" alt=\"\" width=\"1200\" height=\"874\" srcset=\"https:\/\/diarioelpopular.com\/wp-content\/uploads\/2024\/12\/Screen-Shot-2024-12-11-at-10.20.14-AM-1200x874.png 1200w, https:\/\/diarioelpopular.com\/wp-content\/uploads\/2024\/12\/Screen-Shot-2024-12-11-at-10.20.14-AM-300x218.png 300w, https:\/\/diarioelpopular.com\/wp-content\/uploads\/2024\/12\/Screen-Shot-2024-12-11-at-10.20.14-AM-768x559.png 768w, https:\/\/diarioelpopular.com\/wp-content\/uploads\/2024\/12\/Screen-Shot-2024-12-11-at-10.20.14-AM-636x463.png 636w, https:\/\/diarioelpopular.com\/wp-content\/uploads\/2024\/12\/Screen-Shot-2024-12-11-at-10.20.14-AM-100x73.png 100w, https:\/\/diarioelpopular.com\/wp-content\/uploads\/2024\/12\/Screen-Shot-2024-12-11-at-10.20.14-AM.png 1024w\" sizes=\"auto, (max-width: 1200px) 100vw, 1200px\" \/><\/p>\n<div class=\"bbc-19j92fr ebmt73l0\" dir=\"ltr\">\n<p dir=\"ltr\">\n<ul>\n<li class=\"bbc-hhl7in e17g058b0\" dir=\"ltr\"><em><b>La ca\u00edda del r\u00e9gimen de Bashar al Assad en Siria este fin de semana, tras casi 50 a\u00f1os de gobierno totalitario, trajo como consecuencia la liberaci\u00f3n de varios lugares que eran considerados inaccesibles durante las \u00faltimas d\u00e9cadas.<\/b><\/em><\/li>\n<\/ul>\n<\/div>\n<div class=\"bbc-19j92fr ebmt73l0\" dir=\"ltr\">\n<p dir=\"ltr\">\n<p class=\"bbc-hhl7in e17g058b0\" dir=\"ltr\">Uno de esos sitios es la famosa y tenebrosa prisi\u00f3n de Saydnaya, a la que muchos se han referido como &#8220;la prisi\u00f3n roja&#8221; o &#8220;el matadero humano&#8221; por cuenta de los cientos de ejecuciones que ten\u00edan lugar all\u00ed cada semana.<\/p>\n<\/div>\n<div class=\"bbc-19j92fr ebmt73l0\" dir=\"ltr\">\n<p class=\"bbc-hhl7in e17g058b0\" dir=\"ltr\">Y uno de los principales objetivos del grupo islamista Hayat Tahrir al Shams (HTS), que logr\u00f3 la ca\u00edda del gobierno de Al Assad en menos de 13 d\u00edas, fue la liberaci\u00f3n de los presos recluidos en ese centro penitenciario en espera de su eventual muerte.<\/p>\n<\/div>\n<div class=\"bbc-19j92fr ebmt73l0\" dir=\"ltr\">\n<p class=\"bbc-hhl7in e17g058b0\" dir=\"ltr\">El martes el grupo de defensa civil sirio, conocido como los Cascos Blancos, anunci\u00f3 el fin de las operaciones de b\u00fasqueda en la prisi\u00f3n, despu\u00e9s de investigar los informes de los supervivientes sobre personas que siguen detenidas en celdas subterr\u00e1neas.<\/p>\n<\/div>\n<div class=\"bbc-19j92fr ebmt73l0\" dir=\"ltr\">\n<p class=\"bbc-hhl7in e17g058b0\" dir=\"ltr\">El grupo, que hab\u00eda desplegado anteriormente &#8220;equipos de emergencia especializados&#8221; en la c\u00e1rcel,\u00a0dice que la b\u00fasqueda &#8220;no descubri\u00f3 ninguna zona oculta o sin abrir dentro de las instalaciones&#8221;.<\/p>\n<\/div>\n<div class=\"bbc-19j92fr ebmt73l0\" dir=\"ltr\">\n<p class=\"bbc-hhl7in e17g058b0\" dir=\"ltr\">Se estima que m\u00e1s de 30.000 detenidos en la prisi\u00f3n de Saydnaya fueron ejecutados o murieron debido a la tortura, la falta de atenci\u00f3n m\u00e9dica o el hambre entre 2011 y 2018.<\/p>\n<\/div>\n<div class=\"bbc-19j92fr ebmt73l0\" dir=\"ltr\">\n<p class=\"bbc-hhl7in e17g058b0\" dir=\"ltr\">Pero los que desde el fin de semana lograron salir, lo est\u00e1n celebrando.<\/p>\n<\/div>\n<div class=\"bbc-19j92fr ebmt73l0\" dir=\"ltr\">\n<p class=\"bbc-hhl7in e17g058b0\" dir=\"ltr\">Un grupo de hombres festejaba el domingo en el centro de Damasco, la capital siria, la ca\u00edda de Al Assad porque el cambio de r\u00e9gimen los hab\u00eda salvado de ser ejecutados en Saydnaya.<\/p>\n<\/div>\n<div class=\"bbc-19j92fr ebmt73l0\" dir=\"ltr\">\n<p class=\"bbc-hhl7in e17g058b0\" dir=\"ltr\">&#8220;Ahora estamos en medio de Damasco. Juro por Dios que nuestra ejecuci\u00f3n, junto con las de otras 54 personas, estaba prevista para hoy hace media hora. Gracias a Dios&#8221;, expres\u00f3 con gran j\u00fabilo uno de los hombres, quien no se identific\u00f3.<\/p>\n<p dir=\"ltr\">\n<\/div>\n<figure class=\"bbc-1qn0xuy\">\n<div class=\"bbc-18ywsw9\">\n<div style=\"width: 4010px\" class=\"wp-caption alignnone\"><img loading=\"lazy\" decoding=\"async\" class=\"bbc-139onq\" src=\"https:\/\/ichef.bbci.co.uk\/ace\/ws\/640\/cpsprodpb\/89f2\/live\/629742c0-b66f-11ef-8df6-690844e40243.jpg.webp\" alt=\"Vista a\u00e9rea de la prisi\u00f3n de Saydnaya\" width=\"4000\" height=\"2250\" \/><p class=\"wp-caption-text\">Fuente de la imagen,EPA.\u00a0Vista a\u00e9rea de la prisi\u00f3n de Saydnaya, a 30 km de Damasco.<\/p><\/div>\n<\/div>\n<\/figure>\n<div class=\"bbc-19j92fr ebmt73l0\" dir=\"ltr\">\n<p dir=\"ltr\">\n<p dir=\"ltr\">\n<p class=\"bbc-hhl7in e17g058b0\" dir=\"ltr\">Poco a poco se han comenzado a revelar algunos secretos de esta prisi\u00f3n, que fue construida en 1987 cerca de la localidad de Saydnaya -unos 30 kil\u00f3metros al noroeste de Damasco- y cubre un \u00e1rea de 1,4 kil\u00f3metros cuadrados.<\/p>\n<\/div>\n<div class=\"bbc-19j92fr ebmt73l0\" dir=\"ltr\">\n<p class=\"bbc-hhl7in e17g058b0\" dir=\"ltr\">Gobiernos internacionales y organizaciones de derechos humanos se\u00f1alaron en reiteradas ocasiones que all\u00ed se comet\u00edan\u00a0cr\u00edmenes atroces como torturas y ejecuciones extrajudiciales de opositores\u00a0al r\u00e9gimen de Al Assad, especialmente dentro del marco de la feroz guerra civil que vivi\u00f3 el pa\u00eds desde 2011.<\/p>\n<\/div>\n<div class=\"bbc-19j92fr ebmt73l0\" dir=\"ltr\">\n<p class=\"bbc-hhl7in e17g058b0\" dir=\"ltr\">Seg\u00fan la Asociaci\u00f3n de Detenidos y Desaparecidos de la prisi\u00f3n de Saydnaya (Admsp, por sus siglas en ingl\u00e9s), que tiene su sede en Turqu\u00eda, el ca\u00eddo r\u00e9gimen llevaba a cabo ejecuciones directas de docenas de presos al menos dos veces por semana.<\/p>\n<\/div>\n<div class=\"bbc-19j92fr ebmt73l0\" dir=\"ltr\">\n<p class=\"bbc-hhl7in e17g058b0\" dir=\"ltr\">Los detenidos eran trasladados desde su celda por la tarde, para ser ejecutados esa misma noche o al d\u00eda siguiente.<\/p>\n<\/div>\n<div class=\"bbc-19j92fr ebmt73l0\" dir=\"ltr\">\n<p class=\"bbc-hhl7in e17g058b0\" dir=\"ltr\">Las ejecuciones directas se llevaban a cabo mediante ahorcamiento en algunas salas salas designadas para este fin y otras al aire libre, adem\u00e1s de muchas muertes registradas como consecuencia de la tortura.<\/p>\n<\/div>\n<div class=\"bbc-19j92fr ebmt73l0\" dir=\"ltr\">\n<p class=\"bbc-hhl7in e17g058b0\" dir=\"ltr\">Pero no solo se trata de tortura y ejecuciones, sino de las condiciones generales en que viv\u00edan los reclusos, como por ejemplo las extremas condiciones de aislamiento que se impon\u00edan como castigo.<\/p>\n<\/div>\n<div class=\"bbc-19j92fr ebmt73l0\" dir=\"ltr\">\n<h2 id=\"El-matadero-humano\" class=\"bbc-1lgzob2 eglt09e0\" tabindex=\"-1\">&#8220;El matadero humano&#8221;<\/h2>\n<\/div>\n<div class=\"bbc-19j92fr ebmt73l0\" dir=\"ltr\">\n<p class=\"bbc-hhl7in e17g058b0\" dir=\"ltr\">Pero el nombre de Saydnaya no atrajo la atenci\u00f3n solo por la ca\u00edda del r\u00e9gimen.<\/p>\n<\/div>\n<div class=\"bbc-19j92fr ebmt73l0\" dir=\"ltr\">\n<p class=\"bbc-hhl7in e17g058b0\" dir=\"ltr\">Desde hace varios a\u00f1os m\u00faltiples organizaciones de derechos humanos han denunciado los hechos de horror que ocurr\u00edan all\u00ed.<\/p>\n<\/div>\n<div class=\"bbc-19j92fr ebmt73l0\" dir=\"ltr\">\n<p class=\"bbc-hhl7in e17g058b0\" dir=\"ltr\">Es el caso de Amnist\u00eda Internacional, que calific\u00f3 esta prisi\u00f3n como\u00a0&#8220;un matadero humano&#8221;\u00a0y una prisi\u00f3n donde &#8220;el estado sirio est\u00e1 masacrando silenciosamente a su gente&#8221;.<\/p>\n<\/div>\n<div class=\"bbc-19j92fr ebmt73l0\" dir=\"ltr\">\n<p class=\"bbc-hhl7in e17g058b0\" dir=\"ltr\">El centro carcelario consta de dos edificios: el antiguo, llamado el edificio rojo, que fue designado para los detenidos pol\u00edticos y de seguridad que se opon\u00edan al r\u00e9gimen gobernante, y el nuevo, conocido como el edificio blanco, para personas que dentro del gobierno cometen cr\u00edmenes como corrupci\u00f3n u otros similares.<\/p>\n<\/div>\n<div class=\"bbc-19j92fr ebmt73l0\" dir=\"ltr\">\n<p class=\"bbc-hhl7in e17g058b0\" dir=\"ltr\">La misma Admsp se\u00f1ala que se trata de uno de los lugares &#8220;m\u00e1s secretos del mundo&#8221;, donde muchas personas han desaparecido sin dejar rastro.<\/p>\n<\/div>\n<div class=\"bbc-19j92fr ebmt73l0\" dir=\"ltr\">\n<p class=\"bbc-hhl7in e17g058b0\" dir=\"ltr\">En un informe de 2022, la Admsp dijo que Saydnaya &#8220;se hab\u00eda convertido efectivamente en un campo de exterminio&#8221; despu\u00e9s del inicio de la guerra civil.<\/p>\n<p dir=\"ltr\">\n<\/div>\n<figure class=\"bbc-1qn0xuy\">\n<div class=\"bbc-18ywsw9\">\n<div style=\"width: 1034px\" class=\"wp-caption alignnone\"><img loading=\"lazy\" decoding=\"async\" class=\"bbc-139onq\" src=\"https:\/\/ichef.bbci.co.uk\/ace\/ws\/640\/cpsprodpb\/357c\/live\/11098db0-b637-11ef-a2ca-e99d0c9a24e3.jpg.webp\" alt=\"Prisi\u00f3n de Saydnaya en Siria. \" width=\"1024\" height=\"683\" \/><p class=\"wp-caption-text\">Fuente de la imagen,Getty Images.\u00a0\u00a0La prisi\u00f3n fue construida en 1987. Se estima que decenas de miles de personas murieron bajo tortura en este lugar.<\/p><\/div>\n<p class=\"bbc-by8ykd\" role=\"text\">\n<\/div>\n<\/figure>\n<div class=\"bbc-19j92fr ebmt73l0\" dir=\"ltr\">\n<p dir=\"ltr\">\n<p class=\"bbc-hhl7in e17g058b0\" dir=\"ltr\">Citando relatos de los pocos reclusos liberados, la organizaci\u00f3n ha se\u00f1alado que al menos unos 500 detenidos fueron ejecutados entre 2018 y 2021.<\/p>\n<\/div>\n<div class=\"bbc-19j92fr ebmt73l0\" dir=\"ltr\">\n<p class=\"bbc-hhl7in e17g058b0\" dir=\"ltr\">El gobierno sirio siempre neg\u00f3 estas acusaciones y se\u00f1al\u00f3 que todas las ejecuciones hab\u00edan sido hechas en el marco de la ley siria.<\/p>\n<\/div>\n<div class=\"bbc-19j92fr ebmt73l0\" dir=\"ltr\">\n<p class=\"bbc-hhl7in e17g058b0\" dir=\"ltr\">Y lo que ha hecho Hayat Tahrir al Shams, una vez depuesto Al Assad, es avanzar en la liberaci\u00f3n de los presos de las c\u00e1rceles bajo el control del r\u00e9gimen.<\/p>\n<\/div>\n<div class=\"bbc-19j92fr ebmt73l0\" dir=\"ltr\">\n<p class=\"bbc-hhl7in e17g058b0\" dir=\"ltr\">De hecho, fue lo primero que anunciaron: una vez se hizo p\u00fablica la ca\u00edda del gobernante, HTS inform\u00f3 sobre el\u00a0&#8220;fin de la era de la tiran\u00eda en la prisi\u00f3n de Saydnaya&#8221;.<\/p>\n<\/div>\n<div class=\"bbc-19j92fr ebmt73l0\" dir=\"ltr\">\n<h2 id=\"Prisioneros-de-tres-a\u00f1os\" class=\"bbc-1lgzob2 eglt09e0\" tabindex=\"-1\">Prisioneros de tres a\u00f1os<\/h2>\n<\/div>\n<div class=\"bbc-19j92fr ebmt73l0\" dir=\"ltr\">\n<p class=\"bbc-hhl7in e17g058b0\" dir=\"ltr\">De acuerdo al Servicio \u00c1rabe de noticias, decenas de videos que se han publicado en internet han dejado entrever parte del horror que se viv\u00eda en esta prisi\u00f3n.<\/p>\n<\/div>\n<div class=\"bbc-19j92fr ebmt73l0\" dir=\"ltr\">\n<p class=\"bbc-hhl7in e17g058b0\" dir=\"ltr\">Uno de los casos m\u00e1s llamativos ha sido el de un ni\u00f1o de apenas 3 a\u00f1os, a quien se lo ve salir de uno de los espacios en Saydnaya para ser abrazado por su madre.<\/p>\n<\/div>\n<div class=\"bbc-19j92fr ebmt73l0\" dir=\"ltr\">\n<p class=\"bbc-hhl7in e17g058b0\" dir=\"ltr\">En la im\u00e1genes, publicadas en la red X, se escucha a los rebeldes se\u00f1alar que se trata del &#8220;detenido m\u00e1s joven de la historia, algo que solo puede ocurrir en una prisi\u00f3n como la de Saydnaya&#8221;.<\/p>\n<p dir=\"ltr\">\n<\/div>\n<figure class=\"bbc-1qn0xuy\">\n<div class=\"bbc-18ywsw9\">\n<div style=\"width: 1034px\" class=\"wp-caption alignnone\"><img loading=\"lazy\" decoding=\"async\" class=\"bbc-139onq\" src=\"https:\/\/ichef.bbci.co.uk\/ace\/ws\/640\/cpsprodpb\/a2a0\/live\/60a30e50-b637-11ef-a0f2-fd81ae5962f4.jpg.webp\" alt=\"Personas en una vivienda. \" width=\"1024\" height=\"709\" \/><p class=\"wp-caption-text\">Fuente de la imagen,Getty Images.\u00a0\u00a0Familiares de los prisioneros se agolparon cerca de la prisi\u00f3n para saber sobre la suerte de sus seres queridos.<\/p><\/div>\n<\/div>\n<\/figure>\n<div class=\"bbc-19j92fr ebmt73l0\" dir=\"ltr\">\n<p dir=\"ltr\">\n<p dir=\"ltr\">\n<p class=\"bbc-hhl7in e17g058b0\" dir=\"ltr\">Pero eso es solo una muestra de la compleja realidad de esta prisi\u00f3n y de todo lo que se puede llegar a saber en los pr\u00f3ximos meses, cuando se difundan m\u00e1s detalles de lo que realmente ocurr\u00eda tras las rejas.<\/p>\n<\/div>\n<div class=\"bbc-19j92fr ebmt73l0\" dir=\"ltr\">\n<p class=\"bbc-hhl7in e17g058b0\" dir=\"ltr\">Uno de esos aspectos es la condici\u00f3n de aislamiento extremo a la que se somet\u00eda a algunos reclusos, una de las graves denuncias hechas por organismos de derechos humanos en contra del r\u00e9gimen de Al Assad.<\/p>\n<\/div>\n<div class=\"bbc-19j92fr ebmt73l0\" dir=\"ltr\">\n<p class=\"bbc-hhl7in e17g058b0\" dir=\"ltr\">Un ejemplo qued\u00f3 registrado en un v\u00eddeo cuando uno de los prisioneros, a quien se le notaban los rigores del encierro en su cuerpo, recorr\u00eda las calles de Damasco despu\u00e9s de ser liberado y le pregunt\u00f3 a un grupo de personas que estaba filmando: &#8220;\u00bfQu\u00e9 fue lo que pas\u00f3?&#8221;.<\/p>\n<\/div>\n<div class=\"bbc-19j92fr ebmt73l0\" dir=\"ltr\">\n<p class=\"bbc-hhl7in e17g058b0\" dir=\"ltr\">Le respondieron: &#8220;Bashar ha ca\u00eddo&#8221;. El prisionero comenz\u00f3 a correr y a cantar, &#8220;Dios es grande&#8221;.<\/p>\n<\/div>\n","protected":false},"excerpt":{"rendered":"<p>La ca\u00edda del r\u00e9gimen de Bashar al Assad en Siria este fin de semana, tras casi 50 a\u00f1os de gobierno totalitario, trajo como consecuencia la&hellip;<\/p>\n","protected":false},"author":99,"featured_media":526029,"comment_status":"open","ping_status":"open","sticky":false,"template":"","format":"standard","meta":{"footnotes":""},"categories":[24],"tags":[],"class_list":["post-526028","post","type-post","status-publish","format-standard","has-post-thumbnail","hentry","category-mundo"],"_links":{"self":[{"href":"https:\/\/diarioelpopular.com\/index.php\/wp-json\/wp\/v2\/posts\/526028","targetHints":{"allow":["GET"]}}],"collection":[{"href":"https:\/\/diarioelpopular.com\/index.php\/wp-json\/wp\/v2\/posts"}],"about":[{"href":"https:\/\/diarioelpopular.com\/index.php\/wp-json\/wp\/v2\/types\/post"}],"author":[{"embeddable":true,"href":"https:\/\/diarioelpopular.com\/index.php\/wp-json\/wp\/v2\/users\/99"}],"replies":[{"embeddable":true,"href":"https:\/\/diarioelpopular.com\/index.php\/wp-json\/wp\/v2\/comments?post=526028"}],"version-history":[{"count":1,"href":"https:\/\/diarioelpopular.com\/index.php\/wp-json\/wp\/v2\/posts\/526028\/revisions"}],"predecessor-version":[{"id":526030,"href":"https:\/\/diarioelpopular.com\/index.php\/wp-json\/wp\/v2\/posts\/526028\/revisions\/526030"}],"wp:featuredmedia":[{"embeddable":true,"href":"https:\/\/diarioelpopular.com\/index.php\/wp-json\/wp\/v2\/media\/526029"}],"wp:attachment":[{"href":"https:\/\/diarioelpopular.com\/index.php\/wp-json\/wp\/v2\/media?parent=526028"}],"wp:term":[{"taxonomy":"category","embeddable":true,"href":"https:\/\/diarioelpopular.com\/index.php\/wp-json\/wp\/v2\/categories?post=526028"},{"taxonomy":"post_tag","embeddable":true,"href":"https:\/\/diarioelpopular.com\/index.php\/wp-json\/wp\/v2\/tags?post=526028"}],"curies":[{"name":"wp","href":"https:\/\/api.w.org\/{rel}","templated":true}]}}