{"id":526032,"date":"2024-12-11T11:32:10","date_gmt":"2024-12-11T15:32:10","guid":{"rendered":"https:\/\/diarioelpopular.com\/?p=526032"},"modified":"2024-12-11T11:32:10","modified_gmt":"2024-12-11T15:32:10","slug":"javier-milei-ya-conocieron-la-motosierra-ahora-se-viene-la-motosierra-profunda","status":"publish","type":"post","link":"https:\/\/diarioelpopular.com\/index.php\/2024\/12\/11\/javier-milei-ya-conocieron-la-motosierra-ahora-se-viene-la-motosierra-profunda\/","title":{"rendered":"Javier Milei: \u201cYa conocieron la motosierra, ahora se viene la motosierra profunda\u201d"},"content":{"rendered":"<div id=\"attachment_526033\" style=\"width: 1210px\" class=\"wp-caption alignnone\"><img loading=\"lazy\" decoding=\"async\" aria-describedby=\"caption-attachment-526033\" class=\"wp-image-526033 size-custom-big-size\" src=\"https:\/\/diarioelpopular.com\/wp-content\/uploads\/2024\/12\/Screen-Shot-2024-12-11-at-10.31.21-AM-1200x554.png\" alt=\"\" width=\"1200\" height=\"554\" srcset=\"https:\/\/diarioelpopular.com\/wp-content\/uploads\/2024\/12\/Screen-Shot-2024-12-11-at-10.31.21-AM-1200x554.png 1200w, https:\/\/diarioelpopular.com\/wp-content\/uploads\/2024\/12\/Screen-Shot-2024-12-11-at-10.31.21-AM-300x138.png 300w, https:\/\/diarioelpopular.com\/wp-content\/uploads\/2024\/12\/Screen-Shot-2024-12-11-at-10.31.21-AM-768x354.png 768w, https:\/\/diarioelpopular.com\/wp-content\/uploads\/2024\/12\/Screen-Shot-2024-12-11-at-10.31.21-AM-636x293.png 636w, https:\/\/diarioelpopular.com\/wp-content\/uploads\/2024\/12\/Screen-Shot-2024-12-11-at-10.31.21-AM-146x67.png 146w, https:\/\/diarioelpopular.com\/wp-content\/uploads\/2024\/12\/Screen-Shot-2024-12-11-at-10.31.21-AM.png 1024w\" sizes=\"auto, (max-width: 1200px) 100vw, 1200px\" \/><p id=\"caption-attachment-526033\" class=\"wp-caption-text\">Javier Milei, acompa\u00f1ado por los integrantes de su gabinete, en Buenos Aires, Argentina.\u00a0 \u00a0 \u00a0 \u00a0 \u00a0 \u00a0 \u00a0 \u00a0 \u00a0 \u00a0 \u00a0 \u00a0 \u00a0 \u00a0 \u00a0 \u00a0 \u00a0 \u00a0 \u00a0 \u00a0 \u00a0 \u00a0 \u00a0 \u00a0 \u00a0 \u00a0 \u00a0 \u00a0 \u00a0 \u00a0 \u00a0 \u00a0 \u00a0 Foto: Presidencia de Argentina (EFE) | EPV<\/p><\/div>\n<p>&nbsp;<\/p>\n<p>&nbsp;<\/p>\n<h4 class=\"a_st\"><em>&#8211; El presidente argentino celebra su primer a\u00f1o de Gobierno con un discurso grabado de transmisi\u00f3n obligatoria en radio y televisi\u00f3n<\/em><\/h4>\n<p>&nbsp;<\/p>\n<p class=\"\">Javier Milei ha prometido este martes a los argentinos m\u00e1s motosierra. \u201cSe viene la motosierra profunda\u201d, advirti\u00f3\u00a0<a href=\"https:\/\/elpais.com\/argentina\/2024-12-10\/milei-un-ano-de-guerra-contra-el-estado.html\" data-link-track-dtm=\"\" data-mrf-link=\"https:\/\/elpais.com\/argentina\/2024-12-10\/milei-un-ano-de-guerra-contra-el-estado.html\">a modo de celebraci\u00f3n de su primer a\u00f1o de mandato.\u00a0<\/a>Se trata, dijo, de \u201cdesarmar capas geol\u00f3gicas de estatismo\u201d con la eliminaci\u00f3n de organismos p\u00fablicos, secretarias y subsecretarias\u201d. \u201cCuanto m\u00e1s chico es el Estado, hay m\u00e1s libertad\u201d, insisti\u00f3 Milei en un discurso le\u00eddo desde la Casa Rosada y de difusi\u00f3n obligatoria en radio y televisi\u00f3n.<\/p>\n<p class=\"\">Flanqueado por todos sus ministros, pero sin\u00a0<a href=\"https:\/\/elpais.com\/argentina\/2024-11-21\/javier-milei-hace-publica-la-ruptura-con-su-vicepresidenta-victoria-villarruel.html\" data-link-track-dtm=\"\" data-mrf-link=\"https:\/\/elpais.com\/argentina\/2024-11-21\/javier-milei-hace-publica-la-ruptura-con-su-vicepresidenta-victoria-villarruel.html\">su vicepresidente, Victoria Villarruel, con quien no se habla,<\/a>\u00a0el ultraderechista decret\u00f3 \u201cel fin de la recesi\u00f3n\u201d y prometi\u00f3 que el a\u00f1o pr\u00f3ximo eliminar\u00e1 \u201cel 90% de todos los impuestos\u201d. Archivada definitivamente su idea de dolarizar la econom\u00eda, en 2025 habr\u00e1, dijo, \u201cun esquema de competencia de monedas\u201d que permitir\u00e1 \u201ca cada argentino comprar y vender en d\u00f3lares o en la divisa que quieran\u201d.<\/p>\n<p class=\"\">El presidente argentino arranc\u00f3 el d\u00eda con<a href=\"https:\/\/elpais.com\/argentina\/2024-07-28\/el-campo-argentino-abraza-a-milei-que-le-pide-paciencia.html\" data-link-track-dtm=\"\" data-mrf-link=\"https:\/\/elpais.com\/argentina\/2024-07-28\/el-campo-argentino-abraza-a-milei-que-le-pide-paciencia.html\">\u00a0una visita a la Sociedad Rural<\/a>. Quiso conmemorar sus 12 meses de mandato con los grandes productores rurales, a los que prometi\u00f3 una bajada de las retenciones a las exportaciones, un viejo reclamo del sector.<\/p>\n<p class=\"\">Por la tarde, se recluy\u00f3 en la Casa Rosada para grabar su discurso. Se sent\u00f3 en el Sal\u00f3n Blanco, destinado a los grandes actos protocolares, y ley\u00f3 casi sin mirar a c\u00e1mara. Enumer\u00f3 los logros econ\u00f3micos de su Gobierno, como la bajada de la inflaci\u00f3n y el super\u00e1vit fiscal, el despido de 35.000 empleados p\u00fablicos, muchos de cuales cobraban sin ir a trabajar, el cierre de ministerios plenos de burocracia y corrupci\u00f3n, la bajada del riesgo crediticio argentino y \u201cla emisi\u00f3n monetaria cero\u201d. Pidi\u00f3 luego concentrarse en el futuro donde, dijo, esperan a los argentinos \u201ctiempos mas felices\u201d. \u201cPuedo decirles que hemos superado la prueba de fuego, la recesi\u00f3n termin\u00f3 y el pa\u00eds ha comenzado a crecer. Hemos salido del desierto. Esto quiere decir que podemos terminar el a\u00f1o con alivio y que hemos dejado atr\u00e1s lo peor. Es condici\u00f3n de que custodiemos lo logrado\u201d, ha dicho, con la atenci\u00f3n puesta en las elecciones legislativas de octubre.<\/p>\n<p class=\"\">La agenda electoral mereci\u00f3 una menci\u00f3n especial de Milei. Dijo que \u201cpor primera vez en la historia\u201d no habr\u00e1 durante la campa\u00f1a \u201cuna pol\u00edtica monetaria y fiscal expansiva\u201d, estrategia cl\u00e1sica de los Gobiernos que quieren ganar elecciones. \u201cNo vamos a caer en esta tentaci\u00f3n que seduc\u00eda a la casta, vamos a continuar en nuestro plan de ajuste, con una reforma impositiva, laboral, penal y pol\u00edtica. Ser\u00e1 una elecci\u00f3n entre los pol\u00edticos rancios del pasado y una agenda del futuro\u201d, dijo. Y, sin decirlo, pidi\u00f3 el voto para los candidatos de La Libertad Avanza, su partido en formaci\u00f3n. \u201cSi pudimos hacer tanto con todo el mundo y los corruptos en contra, imaginen lo que podemos hacer con viento a favor. Podr\u00edamos ir el doble de lejos y el doble de r\u00e1pido\u201d, advirti\u00f3.<\/p>\n<p class=\"\">Milei se cuid\u00f3 esta vez de los insultos. Habl\u00f3 de \u201cdegenerados fiscales\u201d, pero evit\u00f3 el listado de groser\u00edas que suele lanzar contra aquellos sinverg\u00fcenzas que considera sus enemigos. Si bien se refiri\u00f3 \u201clas fuerzas del cielo\u201d que, asegura, impulsan su gesta contra la izquierda, no cerr\u00f3 su discurso con su tradicional \u201cviva la libertad, carajo\u201d, el grito de guerra de la ultraderecha argentina. \u201cLleg\u00f3 la hora del hombre com\u00fan, por eso le pasamos la motosierra al gasto p\u00fablico\u201d, dijo.<\/p>\n<p class=\"\">El viernes pasado,\u00a0<a href=\"https:\/\/elpais.com\/america\/2024-12-06\/milei-y-lula-chocan-por-el-modelo-de-mercosur-en-la-cumbre-de-presidentes.html\" data-link-track-dtm=\"\" data-mrf-link=\"https:\/\/elpais.com\/america\/2024-12-06\/milei-y-lula-chocan-por-el-modelo-de-mercosur-en-la-cumbre-de-presidentes.html\">Milei particip\u00f3 en Montevideo de la cumbre de presidente de Mercosur,<\/a>\u00a0el bloque comercial que Argentina integra junto a Brasil, Uruguay, Paraguay y, desde este a\u00f1o, Bolivia. Este martes, repiti\u00f3 lo que dijo delante de sus pares: su Gobierno trabajar\u00e1 por \u201caumentar la autonom\u00eda de los integrantes para que comercien con quien quieran\u201d sin tener que pedir permiso a sus socios. El objetivo final, adelant\u00f3, es \u201cimpulsar un tratado de libre comercio con Estados Unidos, un tratado que deber\u00eda haber sido hace 19 a\u00f1os\u201d, en referencia a la malograda alianza continental, el ALCA, que impulsaba el presidente George W. Bush. \u201cEl crecimiento nos fue arrebatado con la firma de un grupo de bur\u00f3cratas negado al libre comercio\u201d, dispar\u00f3 el argentino, recordando aquella Cumbre de las Am\u00e9ricas de noviembre de 2005 que cerr\u00f3 el venezolano Hugo Ch\u00e1vez al grito de \u201cAl carajo\u201d.<\/p>\n<p class=\"\">Para terminar, Milei se acord\u00f3 de \u201cla casta\u201d. \u201cHemos tra\u00eddo resultados y no hay nada que puedan hacer para evitarlo. Pueden subirse al tren del progreso o ser arrollados por \u00e9l\u201d, les dijo a sus opositores. A sus seguidores, les pidi\u00f3 que \u201cplanifiquen en grande para el a\u00f1o que viene\u201d porque all\u00ed estar\u00e1n \u201clas fuerzas del cielo\u201d para defenderlos \u201ca capa y espada\u201d.<\/p>\n","protected":false},"excerpt":{"rendered":"<p>&nbsp; &nbsp; &#8211; El presidente argentino celebra su primer a\u00f1o de Gobierno con un discurso grabado de transmisi\u00f3n obligatoria en radio y televisi\u00f3n &nbsp; Javier&hellip;<\/p>\n","protected":false},"author":99,"featured_media":526033,"comment_status":"open","ping_status":"open","sticky":false,"template":"","format":"standard","meta":{"footnotes":""},"categories":[23],"tags":[],"class_list":["post-526032","post","type-post","status-publish","format-standard","has-post-thumbnail","hentry","category-latinoamerica"],"_links":{"self":[{"href":"https:\/\/diarioelpopular.com\/index.php\/wp-json\/wp\/v2\/posts\/526032","targetHints":{"allow":["GET"]}}],"collection":[{"href":"https:\/\/diarioelpopular.com\/index.php\/wp-json\/wp\/v2\/posts"}],"about":[{"href":"https:\/\/diarioelpopular.com\/index.php\/wp-json\/wp\/v2\/types\/post"}],"author":[{"embeddable":true,"href":"https:\/\/diarioelpopular.com\/index.php\/wp-json\/wp\/v2\/users\/99"}],"replies":[{"embeddable":true,"href":"https:\/\/diarioelpopular.com\/index.php\/wp-json\/wp\/v2\/comments?post=526032"}],"version-history":[{"count":1,"href":"https:\/\/diarioelpopular.com\/index.php\/wp-json\/wp\/v2\/posts\/526032\/revisions"}],"predecessor-version":[{"id":526034,"href":"https:\/\/diarioelpopular.com\/index.php\/wp-json\/wp\/v2\/posts\/526032\/revisions\/526034"}],"wp:featuredmedia":[{"embeddable":true,"href":"https:\/\/diarioelpopular.com\/index.php\/wp-json\/wp\/v2\/media\/526033"}],"wp:attachment":[{"href":"https:\/\/diarioelpopular.com\/index.php\/wp-json\/wp\/v2\/media?parent=526032"}],"wp:term":[{"taxonomy":"category","embeddable":true,"href":"https:\/\/diarioelpopular.com\/index.php\/wp-json\/wp\/v2\/categories?post=526032"},{"taxonomy":"post_tag","embeddable":true,"href":"https:\/\/diarioelpopular.com\/index.php\/wp-json\/wp\/v2\/tags?post=526032"}],"curies":[{"name":"wp","href":"https:\/\/api.w.org\/{rel}","templated":true}]}}