{"id":526042,"date":"2024-12-12T09:56:12","date_gmt":"2024-12-12T13:56:12","guid":{"rendered":"https:\/\/diarioelpopular.com\/?p=526042"},"modified":"2024-12-12T09:56:12","modified_gmt":"2024-12-12T13:56:12","slug":"la-lucha-se-acerca-ford-amenaza-con-cortar-la-energia-a-los-estados-de-ee-uu-en-respuesta-a-los-aranceles","status":"publish","type":"post","link":"https:\/\/diarioelpopular.com\/index.php\/2024\/12\/12\/la-lucha-se-acerca-ford-amenaza-con-cortar-la-energia-a-los-estados-de-ee-uu-en-respuesta-a-los-aranceles\/","title":{"rendered":"\u201cLa lucha se acerca\u201d: Ford amenaza con cortar la energ\u00eda a los estados de EE. UU. en respuesta a los aranceles"},"content":{"rendered":"<p><img loading=\"lazy\" decoding=\"async\" class=\"alignnone size-custom-full-size wp-image-526043\" src=\"https:\/\/diarioelpopular.com\/wp-content\/uploads\/2024\/12\/Screen-Shot-2024-12-12-at-8.55.36-AM-636x457.png\" alt=\"\" width=\"636\" height=\"457\" srcset=\"https:\/\/diarioelpopular.com\/wp-content\/uploads\/2024\/12\/Screen-Shot-2024-12-12-at-8.55.36-AM-636x457.png 636w, https:\/\/diarioelpopular.com\/wp-content\/uploads\/2024\/12\/Screen-Shot-2024-12-12-at-8.55.36-AM-300x216.png 300w, https:\/\/diarioelpopular.com\/wp-content\/uploads\/2024\/12\/Screen-Shot-2024-12-12-at-8.55.36-AM-768x552.png 768w, https:\/\/diarioelpopular.com\/wp-content\/uploads\/2024\/12\/Screen-Shot-2024-12-12-at-8.55.36-AM-102x73.png 102w, https:\/\/diarioelpopular.com\/wp-content\/uploads\/2024\/12\/Screen-Shot-2024-12-12-at-8.55.36-AM.png 824w\" sizes=\"auto, (max-width: 636px) 100vw, 636px\" \/><\/p>\n<p>&nbsp;<\/p>\n<p>&nbsp;<\/p>\n<ul>\n<li><em><strong>Contrario a la posici\u00f3n de Trudeau y con los pantalones en su puesto, el premier Doug Ford ha amenazado con cortar la energ\u00eda a los estados de EE. UU. en represalia a los aranceles del 25 por ciento que el presidente electo Donald Trump dijo que impondr\u00e1 si Canad\u00e1 no refuerza sus fronteras.<\/strong><\/em><\/li>\n<\/ul>\n<p>&nbsp;<\/p>\n<p>&nbsp;<\/p>\n<p>Los comentarios de Ford se produjeron despu\u00e9s de una reuni\u00f3n virtual entre los premiers y el primer ministro Justin Trudeau para discutir un plan para abordar la amenaza de Trump de imponer los aranceles a las importaciones canadienses.<\/p>\n<p>El premier de Ontario dijo que el pa\u00eds debe estar listo para la lucha que comienza cuando Trump tome posesi\u00f3n el 20 de enero cuando se le pregunt\u00f3 sobre posibles aranceles de represalia en EE. UU.<\/p>\n<p>\u201cIremos hasta el final, dependiendo de hasta d\u00f3nde llegue esto. Llegaremos al extremo de cortarles la energ\u00eda, bajando a Michigan, bajando al estado de Nueva York y pasando por Wisconsin\u201d, dijo Ford.<\/p>\n<p>\u201cUsaremos todas las herramientas de nuestra caja de herramientas\u2026 Esto se acerca. \u201cNo se trata de si esto va a ocurrir, sino de que va a ocurrir. Y ocurrir\u00e1 el 20 y 21 de enero y tenemos que estar preparados. Tenemos que mantenernos firmes como pa\u00eds\u201d, dijo Ford.<\/p>\n<p>Agrega que estos aranceles no solo afectar\u00e1n a los canadienses. \u201cAl final, el consumidor sale perjudicado, los canadienses salen perjudicados. Pero puedo asegurarles una cosa: los estadounidenses tambi\u00e9n van a sentir dolor\u201d.<\/p>\n<p>Ford agreg\u00f3 que Ontario es el principal exportador a 17 estados y el segundo a otros 11 estados.<\/p>\n<p>En Ottawa, la ministra de Finanzas, Chrystia Freeland, dijo a los periodistas que \u201cvarios premiers se manifestaron firmemente a favor de una respuesta canadiense contundente a los aranceles injustificados\u201d durante la reuni\u00f3n virtual a \u00faltima hora de la tarde del mi\u00e9rcoles.<\/p>\n<p>\u201cAlgunos identificaron de manera proactiva los productos que sus provincias producen y exportan a los Estados Unidos y de los que Estados Unidos depende, y que deber\u00edan considerarse como parte de la respuesta canadiense. Esto inclu\u00eda algunos minerales y metales cr\u00edticos\u201d.<\/p>\n<p>El ministro de Seguridad P\u00fablica, Dominic LeBlanc, dijo que el gobierno comparti\u00f3 detalles de su plan fronterizo con los premiers, quienes ofrecieron contribuir con recursos provinciales al esfuerzo.<\/p>\n<p>Canad\u00e1 se ha comprometido a reforzar la seguridad fronteriza ante las amenazas de Trump, a pesar de la falta de evidencia de sus afirmaciones sobre el fentanilo il\u00edcito que se vierte a los EE. UU. desde Canad\u00e1, nada en comparaci\u00f3n con el que entra por la frontera sur.<\/p>\n<p>Si bien Ford dijo que la frontera es un problema federal, dijo que los apoyar\u00e1n en la frontera. &#8220;Siempre estaremos all\u00ed para apoyar, con nuestra OPP lista&#8230; Tambi\u00e9n conozco las otras regiones del pa\u00eds&#8221;.<\/p>\n<p>La primera reuni\u00f3n de ministros se produce solo un d\u00eda despu\u00e9s de que Trump lanzara m\u00e1s burlas a Trudeau en las redes sociales al llamarlo gobernador del &#8220;gran estado de Canad\u00e1&#8221;, un gui\u00f1o a su broma de que podr\u00eda hacer que Canad\u00e1 se una a los EE. UU. como su estado n\u00famero 51.<\/p>\n<p>La reuni\u00f3n de alto nivel del mi\u00e9rcoles tambi\u00e9n se produce d\u00edas antes de que Ford sea el anfitri\u00f3n de la reuni\u00f3n de premiers de oto\u00f1o en Mississauga, que dura de domingo a lunes.<\/p>\n<p>Ford adem\u00e1s anot\u00f3 que: \u201cEsto dejar\u00eda sin luz a m\u00e1s de un mill\u00f3n y medio de estadounidenses y si vienen a por nosotros, tenemos que defender a los canadienses, tenemos que defender a los habitantes de Ontario\u201d.<\/p>\n<p>Varias fuentes describieron cuatro posibles medidas que Ford implementar\u00eda:<\/p>\n<p>Restringir las exportaciones de electricidad a Michigan, el estado de Nueva York y Wisconsin<br \/>\nRestringir las exportaciones de minerales cr\u00edticos canadienses necesarios para las bater\u00edas de los veh\u00edculos el\u00e9ctricos y la cadena de suministro<br \/>\nRestringir a las empresas con sede en Estados Unidos el acceso al proceso de adquisiciones del Gobierno de Ontario<br \/>\nRestringir a LCBO, el mayor comprador de alcohol del mundo, la posibilidad de seguir comprando alcohol fabricado en Estados Unidos<br \/>\nFuentes del gobierno de Ford describen las medidas como \u201cmaniobras de escalada\u201d que todav\u00eda se est\u00e1n concretando.<\/p>\n<p>Otra fuente a\u00f1adi\u00f3 que el gobierno se toma \u201cmuy en serio\u201d el enfoque.<\/p>\n","protected":false},"excerpt":{"rendered":"<p>&nbsp; &nbsp; Contrario a la posici\u00f3n de Trudeau y con los pantalones en su puesto, el premier Doug Ford ha amenazado con cortar la energ\u00eda&hellip;<\/p>\n","protected":false},"author":99,"featured_media":526043,"comment_status":"open","ping_status":"open","sticky":false,"template":"","format":"standard","meta":{"footnotes":""},"categories":[21,11191],"tags":[],"class_list":["post-526042","post","type-post","status-publish","format-standard","has-post-thumbnail","hentry","category-canada","category-top-news"],"_links":{"self":[{"href":"https:\/\/diarioelpopular.com\/index.php\/wp-json\/wp\/v2\/posts\/526042","targetHints":{"allow":["GET"]}}],"collection":[{"href":"https:\/\/diarioelpopular.com\/index.php\/wp-json\/wp\/v2\/posts"}],"about":[{"href":"https:\/\/diarioelpopular.com\/index.php\/wp-json\/wp\/v2\/types\/post"}],"author":[{"embeddable":true,"href":"https:\/\/diarioelpopular.com\/index.php\/wp-json\/wp\/v2\/users\/99"}],"replies":[{"embeddable":true,"href":"https:\/\/diarioelpopular.com\/index.php\/wp-json\/wp\/v2\/comments?post=526042"}],"version-history":[{"count":1,"href":"https:\/\/diarioelpopular.com\/index.php\/wp-json\/wp\/v2\/posts\/526042\/revisions"}],"predecessor-version":[{"id":526044,"href":"https:\/\/diarioelpopular.com\/index.php\/wp-json\/wp\/v2\/posts\/526042\/revisions\/526044"}],"wp:featuredmedia":[{"embeddable":true,"href":"https:\/\/diarioelpopular.com\/index.php\/wp-json\/wp\/v2\/media\/526043"}],"wp:attachment":[{"href":"https:\/\/diarioelpopular.com\/index.php\/wp-json\/wp\/v2\/media?parent=526042"}],"wp:term":[{"taxonomy":"category","embeddable":true,"href":"https:\/\/diarioelpopular.com\/index.php\/wp-json\/wp\/v2\/categories?post=526042"},{"taxonomy":"post_tag","embeddable":true,"href":"https:\/\/diarioelpopular.com\/index.php\/wp-json\/wp\/v2\/tags?post=526042"}],"curies":[{"name":"wp","href":"https:\/\/api.w.org\/{rel}","templated":true}]}}