{"id":526067,"date":"2024-12-12T11:50:44","date_gmt":"2024-12-12T15:50:44","guid":{"rendered":"https:\/\/diarioelpopular.com\/?p=526067"},"modified":"2024-12-12T11:50:44","modified_gmt":"2024-12-12T15:50:44","slug":"madres-mohawk-las-mujeres-que-luchan-para-destapar-que-paso-con-un-cruel-experimento-de-la-cia","status":"publish","type":"post","link":"https:\/\/diarioelpopular.com\/index.php\/2024\/12\/12\/madres-mohawk-las-mujeres-que-luchan-para-destapar-que-paso-con-un-cruel-experimento-de-la-cia\/","title":{"rendered":"Madres Mohawk, las mujeres que luchan para destapar qu\u00e9 pas\u00f3 con un cruel experimento de la CIA"},"content":{"rendered":"<div id=\"attachment_526068\" style=\"width: 646px\" class=\"wp-caption alignnone\"><img loading=\"lazy\" decoding=\"async\" aria-describedby=\"caption-attachment-526068\" class=\"wp-image-526068 size-custom-full-size\" src=\"https:\/\/diarioelpopular.com\/wp-content\/uploads\/2024\/12\/Screen-Shot-2024-12-12-at-10.49.17-AM-636x359.png\" alt=\"\" width=\"636\" height=\"359\" srcset=\"https:\/\/diarioelpopular.com\/wp-content\/uploads\/2024\/12\/Screen-Shot-2024-12-12-at-10.49.17-AM-636x359.png 636w, https:\/\/diarioelpopular.com\/wp-content\/uploads\/2024\/12\/Screen-Shot-2024-12-12-at-10.49.17-AM-300x169.png 300w, https:\/\/diarioelpopular.com\/wp-content\/uploads\/2024\/12\/Screen-Shot-2024-12-12-at-10.49.17-AM-768x433.png 768w, https:\/\/diarioelpopular.com\/wp-content\/uploads\/2024\/12\/Screen-Shot-2024-12-12-at-10.49.17-AM-129x73.png 129w, https:\/\/diarioelpopular.com\/wp-content\/uploads\/2024\/12\/Screen-Shot-2024-12-12-at-10.49.17-AM.png 1024w\" sizes=\"auto, (max-width: 636px) 100vw, 636px\" \/><p id=\"caption-attachment-526068\" class=\"wp-caption-text\">Kahentinetha (en el centro) y Kwetiio (a la derecha) llevan m\u00e1s de dos a\u00f1os en los tribunales, asistidas por el antrop\u00f3logo Philippe Blouin.<\/p><\/div>\n<p>&nbsp;<\/p>\n<p>&nbsp;<\/p>\n<div class=\"bbc-19j92fr ebmt73l0\" dir=\"ltr\">\n<ul>\n<li class=\"bbc-hhl7in e17g058b0\" dir=\"ltr\"><em><b>\u201cSe llevaron a nuestros ni\u00f1os y les hicieron de todo; experimentaron con ellos, y no los volvimos a ver\u201d, dice Kahentinetha.<\/b><\/em><\/li>\n<\/ul>\n<\/div>\n<div class=\"bbc-19j92fr ebmt73l0\" dir=\"ltr\">\n<p dir=\"ltr\">\n<p dir=\"ltr\">\n<p class=\"bbc-hhl7in e17g058b0\" dir=\"ltr\">MONTREAL.- \u201cAs\u00ed que nuestro caso es muy simple: queremos saber qu\u00e9 les pas\u00f3 exactamente, qui\u00e9n es el responsable y qui\u00e9n va a pagar por ello\u201d, explica esta mujer de 85 a\u00f1os oriunda de Kahnawake, una comunidad mohawk situada al suroeste de esta ciudad.<\/p>\n<\/div>\n<div class=\"bbc-19j92fr ebmt73l0\" dir=\"ltr\">\n<p class=\"bbc-hhl7in e17g058b0\" dir=\"ltr\">\u201cLo que buscamos es desenterrar la verdad\u201d, complementa Kwetiio, de 52 a\u00f1os, su compa\u00f1era de lucha al frente de\u00a0<i class=\"bbc-h1y5j7 eih42320\">Kanien&#8217;keh\u00e1:ka kahnistensera<\/i>, que se traduce de la lengua iroquesa como las Madres Mohawk.<\/p>\n<\/div>\n<div class=\"bbc-19j92fr ebmt73l0\" dir=\"ltr\">\n<p class=\"bbc-hhl7in e17g058b0\" dir=\"ltr\">Y es que estas l\u00edderes ind\u00edgenas est\u00e1n convencidas de que la pista sobre la suerte que corrieron aquellos ni\u00f1os desaparecidos podr\u00eda estar bajo tierra; concretamente, en los terrenos sobre los que la Universidad McGill, con el respaldo del gobierno provincial de Quebec, tiene proyectada una nueva construcci\u00f3n.<\/p>\n<\/div>\n<div class=\"bbc-19j92fr ebmt73l0\" dir=\"ltr\">\n<p class=\"bbc-hhl7in e17g058b0\" dir=\"ltr\">Se basan para ello en archivos y testimonios que sugieren que en el lugar yacen\u00a0tumbas sin marcar\u00a0de menores que estuvieron internados en el Royal Victoria Hospital de Montreal y el Allan Memorial Institute, un instituto psiqui\u00e1trico vecino.<\/p>\n<p dir=\"ltr\">\n<\/div>\n<figure class=\"bbc-1qn0xuy\">\n<div class=\"bbc-18ywsw9\">\n<div style=\"width: 1034px\" class=\"wp-caption alignnone\"><img loading=\"lazy\" decoding=\"async\" class=\"bbc-139onq\" src=\"https:\/\/ichef.bbci.co.uk\/ace\/ws\/640\/cpsprodpb\/2fd3\/live\/a3932d30-a2fa-11ef-a4fe-a3e9a6c5d640.jpg.webp\" alt=\"La Madre Mohawk Kwetiio mira a trav\u00e9s de una valla en el sitio de construcci\u00f3n del Hospital Royal Victoria el 17 de julio de 2024, en Montreal, Canad\u00e1. (Photo by Alexis Aubin \/ AFP) (Photo by ALEXIS AUBIN\/AFP via Getty Images)\" width=\"1024\" height=\"683\" \/><p class=\"wp-caption-text\">Fuente de la imagen,Getty Images.\u00a0\u00a0Las Madres Mohawk creen, bas\u00e1ndose en testimonios y archivos, que bajo el terreno sobre el que se quiere edificar yacen tumbas sin marcar de menores.<\/p><\/div>\n<\/div>\n<\/figure>\n<div class=\"bbc-19j92fr ebmt73l0\" dir=\"ltr\">\n<p dir=\"ltr\">\n<p dir=\"ltr\">\n<p class=\"bbc-hhl7in e17g058b0\" dir=\"ltr\">Tras los muros de esa instituci\u00f3n, en las d\u00e9cadas de 1950 y 1960, la Agencia Central de Inteligencia (CIA) de Estados Unidos financi\u00f3 un siniestro y ultrasecreto programa de experimentos humanos llamado\u00a0MK-Ultra.<\/p>\n<\/div>\n<div class=\"bbc-19j92fr ebmt73l0\" dir=\"ltr\">\n<p class=\"bbc-hhl7in e17g058b0\" dir=\"ltr\">En plena Guerra Fr\u00eda, este consist\u00eda en someter a los pacientes \u2014incluidos ni\u00f1os ind\u00edgenas\u2014 a descargas el\u00e9ctricas, privaci\u00f3n sensorial y proporcionarles drogas alucin\u00f3genas con el\u00a0objetivo de desarrollar procedimientos y f\u00e1rmacos eficaces para el lavado de cerebro.<\/p>\n<\/div>\n<div class=\"bbc-19j92fr ebmt73l0\" dir=\"ltr\">\n<p class=\"bbc-hhl7in e17g058b0\" dir=\"ltr\">Con eso en mente y armadas con la responsabilidad de proteger a los ni\u00f1os inherente de las mujeres de su naci\u00f3n, las Madres Mohawk llevan\u00a0m\u00e1s de dos a\u00f1os sumidas en una batalla legal para tratar de retrasar las obras.<\/p>\n<\/div>\n<div class=\"bbc-19j92fr ebmt73l0\" dir=\"ltr\">\n<p class=\"bbc-hhl7in e17g058b0\" dir=\"ltr\">\u201cPorque si no lo hacemos ahora, si los trabajos contin\u00faan, para las generaciones venideras la verdad ser\u00e1 mucho m\u00e1s dif\u00edcil de recuperar\u201d, dice Kwetiio.<\/p>\n<\/div>\n<div class=\"bbc-19j92fr ebmt73l0\" dir=\"ltr\">\n<h2 id=\"El-programa-m\u00e1s-secreto-de-la-CIA\" class=\"bbc-1lgzob2 eglt09e0\" tabindex=\"-1\">El programa \u201cm\u00e1s secreto\u201d de la CIA<\/h2>\n<\/div>\n<div class=\"bbc-19j92fr ebmt73l0\" dir=\"ltr\">\n<p class=\"bbc-hhl7in e17g058b0\" dir=\"ltr\">Conocido como \u201cel Allan\u201d, el instituto estuvo bajo la direcci\u00f3n del escoc\u00e9s-estadounidense\u00a0Donald Ewen Cameron, quien era considerado uno de los psiquiatras m\u00e1s eminentes del mundo, y fue el epicentro de algunas de las pr\u00e1cticas m\u00e1s extremas del MK-Ultra.<\/p>\n<\/div>\n<div class=\"bbc-19j92fr ebmt73l0\" dir=\"ltr\">\n<p class=\"bbc-hhl7in e17g058b0\" dir=\"ltr\">El programa sali\u00f3 a la luz hace m\u00e1s de 45 a\u00f1os, cuando la\u00a0CIA\u00a0fue forzada a publicar documentos que confirmaron lo que algunos ya sospechaban: que la agencia hab\u00eda\u00a0financiado experimentos de control mental, a menudo sin el consentimiento ni el conocimiento de las v\u00edctimas.<\/p>\n<p dir=\"ltr\">\n<\/div>\n<figure class=\"bbc-1qn0xuy\">\n<div class=\"bbc-18ywsw9\">\n<div style=\"width: 1034px\" class=\"wp-caption alignnone\"><img loading=\"lazy\" decoding=\"async\" class=\"bbc-139onq\" src=\"https:\/\/ichef.bbci.co.uk\/ace\/ws\/640\/cpsprodpb\/c92f\/live\/ec6333b0-a2fb-11ef-a4fe-a3e9a6c5d640.jpg.webp\" alt=\"El bajorrelieve &quot;Los ni\u00f1os del cerebro&quot; en el Hospital-Instituto Neurol\u00f3gico de Montreal el 17 de julio de 2024, en Montreal, Canad\u00e1. (Photo by Alexis Aubin \/ AFP) (Photo by ALEXIS AUBIN\/AFP via Getty Images)\" width=\"1024\" height=\"683\" \/><p class=\"wp-caption-text\">Fuente de la imagen,Getty Images.\u00a0\u00a0El bajorrelieve &#8220;Los ni\u00f1os del cerebro&#8221; en el Hospital-Instituto Neurol\u00f3gico de Montreal el 17 de julio de 2024, en Montreal, Canad\u00e1.<\/p><\/div>\n<\/div>\n<\/figure>\n<div class=\"bbc-19j92fr ebmt73l0\" dir=\"ltr\">\n<p dir=\"ltr\">\n<p dir=\"ltr\">\n<p class=\"bbc-hhl7in e17g058b0\" dir=\"ltr\">Todo comenz\u00f3 a principios de la d\u00e9cada de 1950, con la Guerra Fr\u00eda en pleno apogeo.<\/p>\n<\/div>\n<div class=\"bbc-19j92fr ebmt73l0\" dir=\"ltr\">\n<p class=\"bbc-hhl7in e17g058b0\" dir=\"ltr\">Cuando algunos prisioneros de guerra liberados en Corea regresaron a casa defendiendo la causa comunista, los servicios de inteligencia de EE.UU. se alarmaron.<\/p>\n<\/div>\n<div class=\"bbc-19j92fr ebmt73l0\" dir=\"ltr\">\n<p class=\"bbc-hhl7in e17g058b0\" dir=\"ltr\">Temiendo que los sovi\u00e9ticos y los chinos hubieran desarrollado t\u00e9cnicas de control mental, y de que sus agentes o los prisioneros de guerra pudieran revelar informaci\u00f3n, la reci\u00e9n formada CIA asign\u00f3\u00a0US$25 millones para experimentos psiqui\u00e1tricos en seres humanos.<\/p>\n<\/div>\n<div class=\"bbc-19j92fr ebmt73l0\" dir=\"ltr\">\n<p class=\"bbc-hhl7in e17g058b0\" dir=\"ltr\">&#8220;La idea era tratar de descubrir c\u00f3mo interrogar a las personas y debilitarlas, y tambi\u00e9n c\u00f3mo proteger a su personal de esas t\u00e9cnicas&#8221;, explic\u00f3 hace un tiempo al programa Witness el psiquiatra Harvey M. Weinstein, autor de &#8220;Padre, hijo y la CIA&#8221;.<\/p>\n<\/div>\n<div class=\"bbc-19j92fr ebmt73l0\" dir=\"ltr\">\n<p class=\"bbc-hhl7in e17g058b0\" dir=\"ltr\">La agencia utiliz\u00f3 organizaciones como fachada para acercarse a m\u00e1s de 80 instituciones y cient\u00edficos en EE.UU., Reino Unido y Canad\u00e1.<\/p>\n<\/div>\n<div class=\"bbc-19j92fr ebmt73l0\" dir=\"ltr\">\n<p class=\"bbc-hhl7in e17g058b0\" dir=\"ltr\">&#8220;Fue el programa m\u00e1s secreto jam\u00e1s conducido por la CIA&#8221;, dijo el historiador Tom O&#8217;neill.<\/p>\n<\/div>\n<div class=\"bbc-19j92fr ebmt73l0\" dir=\"ltr\">\n<p class=\"bbc-hhl7in e17g058b0\" dir=\"ltr\">A\u00fan hoy sigue habiendo muchas preguntas sin respuesta con respecto al programa.<\/p>\n<\/div>\n<div class=\"bbc-19j92fr ebmt73l0\" dir=\"ltr\">\n<p class=\"bbc-hhl7in e17g058b0\" dir=\"ltr\">\u201cHay mucho\u00a0secretismo\u00a0en torno a los experimentos m\u00e9dicos, ya que mucha de la documentaci\u00f3n fue destruida\u201d, le cuenta a BBC Mundo Philippe Blouin, un antrop\u00f3logo que asiste a las Madres Mohawk en su b\u00fasqueda.<\/p>\n<\/div>\n<div class=\"bbc-19j92fr ebmt73l0\" dir=\"ltr\">\n<p class=\"bbc-hhl7in e17g058b0\" dir=\"ltr\">\u201cY los \u00fanicos lugares en los que quedan\u00a0pruebas\u00a0(de que existi\u00f3) son en los\u00a0recuerdos de la gente, los sobrevivientes y la comunidad, y bajo tierra\u201d, recalca.<\/p>\n<\/div>\n<div class=\"bbc-19j92fr ebmt73l0\" dir=\"ltr\">\n<p class=\"bbc-hhl7in e17g058b0\" dir=\"ltr\">Mientras, la Universidad McGill y la Sociedad Quebequense de Infraestructuras (SQI) \u2014una agencia del gobierno provincial, que gestiona el sitio\u2014 sostienen que ni las Madres Mohawk ni el interlocutor especial nombrado para el caso legal han identificado a pacientes que desaparecieron tras ser tratados en el Royal Victoria Hospital o en el Allan Memorial Institute.<\/p>\n<\/div>\n<div class=\"bbc-19j92fr ebmt73l0\" dir=\"ltr\">\n<h2 id=\"La-batalla-en-los-tribunales\" class=\"bbc-1lgzob2 eglt09e0\" tabindex=\"-1\">La batalla en los tribunales<\/h2>\n<\/div>\n<div class=\"bbc-19j92fr ebmt73l0\" dir=\"ltr\">\n<p class=\"bbc-hhl7in e17g058b0\" dir=\"ltr\">En octubre de 2022 las mujeres lograron que se dictara una\u00a0orden judicial para suspender temporalmente las obras\u00a0del millonario proyecto, que incluye la renovaci\u00f3n de los antiguos edificios existentes y la construcci\u00f3n de un nuevo campus universitario y un centro de investigaci\u00f3n.<\/p>\n<\/div>\n<div class=\"bbc-19j92fr ebmt73l0\" dir=\"ltr\">\n<p class=\"bbc-hhl7in e17g058b0\" dir=\"ltr\">Lo hicieron sin abogados, represent\u00e1ndose a ellas mismas. \u201cUsamos nuestras maneras, porque nadie puede hablar por nosotras\u201d, aclara Kwetiio.<\/p>\n<\/div>\n<div class=\"bbc-19j92fr ebmt73l0\" dir=\"ltr\">\n<p class=\"bbc-hhl7in e17g058b0\" dir=\"ltr\">A aquello le sigui\u00f3 un\u00a0acuerdo de conciliaci\u00f3n en abril de 2023, que, adem\u00e1s de garantizar a las Madres Mohawk el acceso a los archivos de la Universidad McGill, inclu\u00eda un\u00a0plan arqueol\u00f3gico para el sitio guiado por un panel de expertos\u00a0seleccionado entre las partes, que recomendar\u00eda las t\u00e9cnicas y procedimientos a seguir.<\/p>\n<\/div>\n<div class=\"bbc-19j92fr ebmt73l0\" dir=\"ltr\">\n<p class=\"bbc-hhl7in e17g058b0\" dir=\"ltr\">As\u00ed, a mediados del a\u00f1o pasado, usando\u00a0perros rastreadores y sondas especializadas\u00a0se peinaron los amplios y ruinosos edificios de la propiedad. Lograron identificar tres \u00e1reas de inter\u00e9s para las excavaciones.<\/p>\n<\/div>\n<div class=\"bbc-19j92fr ebmt73l0\" dir=\"ltr\">\n<p class=\"bbc-hhl7in e17g058b0\" dir=\"ltr\">Sin embargo, tanto McGill como SQI \u2014tambi\u00e9n parte firmante del acuerdo\u2014 sostienen que\u00a0\u201chasta la fecha no se han descubierto restos humanos\u201d.<\/p>\n<\/div>\n<div class=\"bbc-19j92fr ebmt73l0\" dir=\"ltr\">\n<p class=\"bbc-hhl7in e17g058b0\" dir=\"ltr\">Adem\u00e1s, despu\u00e9s de que el panel rindiera su \u00faltimo informe el 17 de julio de 2023, el trabajo de este finaliz\u00f3, tal como se hab\u00eda establecido en el acuerdo.<\/p>\n<\/div>\n<div class=\"bbc-19j92fr ebmt73l0\" dir=\"ltr\">\n<p class=\"bbc-hhl7in e17g058b0\" dir=\"ltr\">\u201cNo obstante, el acuerdo de conciliaci\u00f3n indica que,\u00a0si se produce un descubrimiento inesperado, McGill, SQI y Kahnistensera buscar\u00e1n el consejo del panel\u201d, le confirm\u00f3 a BBC Mundo la universidad. Y reiter\u00f3: \u201cA d\u00eda de hoy no se ha hecho ning\u00fan descubrimiento inesperado\u201d.<\/p>\n<\/div>\n<div class=\"bbc-19j92fr ebmt73l0\" dir=\"ltr\">\n<p class=\"bbc-hhl7in e17g058b0\" dir=\"ltr\">Haci\u00e9ndose eco de esa declaraci\u00f3n, SQI subray\u00f3 que siempre tuvo la intenci\u00f3n de \u201carrojar luz, en un esp\u00edritu de colaboraci\u00f3n, sobre las alegaciones en torno a la presencia de enterramientos\u201d, pero que hoy por hoy no se encontr\u00f3 ninguno.<\/p>\n<\/div>\n<div class=\"bbc-19j92fr ebmt73l0\" dir=\"ltr\">\n<p class=\"bbc-hhl7in e17g058b0\" dir=\"ltr\">Y en entrevista con CityNews, a\u00f1adieron que siguen \u201crespetando el acuerdo de conciliaci\u00f3n\u201d y que se adhirieron a \u201ctodas las recomendaciones del panel\u201d.<\/p>\n<p dir=\"ltr\">\n<\/div>\n<figure class=\"bbc-1qn0xuy\">\n<div class=\"bbc-18ywsw9\">\n<div style=\"width: 1034px\" class=\"wp-caption alignnone\"><img loading=\"lazy\" decoding=\"async\" class=\"bbc-139onq\" src=\"https:\/\/ichef.bbci.co.uk\/ace\/ws\/640\/cpsprodpb\/bd89\/live\/2b7edc80-a2fb-11ef-8ab9-9192db313061.jpg.webp\" alt=\"La Madre Mohawk Kwetiio pasa frente a la placa de dedicaci\u00f3n del ala McConnell del Instituto-Hospital Neurol\u00f3gico de Montreal el 17 de julio de 2024, en Montreal, Canad\u00e1.(Photo by Alexis Aubin \/ AFP) (Photo by ALEXIS AUBIN\/AFP via Getty Images)\" width=\"1024\" height=\"683\" \/><p class=\"wp-caption-text\">Fuente de la imagen,Getty Images.\u00a0\u00a0Kwetiio pasa frente a la placa de dedicaci\u00f3n del ala McConnell del Instituto-Hospital Neurol\u00f3gico de Montreal el 17 de julio de 2024.<\/p><\/div>\n<\/div>\n<\/figure>\n<div class=\"bbc-19j92fr ebmt73l0\" dir=\"ltr\">\n<p dir=\"ltr\">\n<p dir=\"ltr\">\n<p class=\"bbc-hhl7in e17g058b0\" dir=\"ltr\">Sin embargo, las Madres Mohawk acusan a ambos organismos de incumplir \u201cel esp\u00edritu y la letra\u201d del acuerdo, y, por ello, acudieron de nuevo a los tribunales.<\/p>\n<\/div>\n<div class=\"bbc-19j92fr ebmt73l0\" dir=\"ltr\">\n<p class=\"bbc-hhl7in e17g058b0\" dir=\"ltr\">\u201cSe otorgaron a ellos mismos el poder de dirigir la investigaci\u00f3n de unos potenciales cr\u00edmenes cometidos por sus propios empleados en el pasado\u201d, explica Philippe Blouin, un antrop\u00f3logo que presta asistencia en la b\u00fasqueda impulsada por las l\u00edderes ind\u00edgenas. \u201cHay por lo menos un\u00a0conflicto de intereses\u201d.<\/p>\n<\/div>\n<div class=\"bbc-19j92fr ebmt73l0\" dir=\"ltr\">\n<p class=\"bbc-hhl7in e17g058b0\" dir=\"ltr\">Las l\u00edderes ind\u00edgenas tambi\u00e9n se\u00f1alan que McGill y SQI seleccionaron solamente \u201caquellas recomendaciones del panel que les conven\u00edan, mientras rechazaban otras\u201d, y aseguran que hay evidencias que se perdieron por ello.<\/p>\n<\/div>\n<div class=\"bbc-19j92fr ebmt73l0\" dir=\"ltr\">\n<p class=\"bbc-hhl7in e17g058b0\" dir=\"ltr\">Tras un rev\u00e9s en una corte de apelaciones, este octubre decidieron llevar el caso ante la\u00a0Corte Suprema de Canad\u00e1, la m\u00e1s alta instancia judicial del pa\u00eds.<\/p>\n<\/div>\n<div class=\"bbc-19j92fr ebmt73l0\" dir=\"ltr\">\n<p class=\"bbc-hhl7in e17g058b0\" dir=\"ltr\">&#8220;Nuestros hijos son parte de nosotras. Nacimos con eso, cada una de nosotras, como mujeres, nacimos con esa responsabilidad&#8221;, explica Kwetiio.<\/p>\n<\/div>\n<div class=\"bbc-19j92fr ebmt73l0\" dir=\"ltr\">\n<p class=\"bbc-hhl7in e17g058b0\" dir=\"ltr\">&#8220;Eso hay que decirlo tambi\u00e9n en la Corte Suprema, porque existe ese informe de la Comisi\u00f3n de la Verdad y la Reconciliaci\u00f3n que dice que necesitamos ser escuchados y que la verdad debe salir a la luz, para que haya reconciliaci\u00f3n&#8221;.<\/p>\n<\/div>\n<div class=\"bbc-19j92fr ebmt73l0\" dir=\"ltr\">\n<h2 id=\"Un-pasado-de-atrocidades\" class=\"bbc-1lgzob2 eglt09e0\" tabindex=\"-1\">Un pasado de atrocidades<\/h2>\n<\/div>\n<div class=\"bbc-19j92fr ebmt73l0\" dir=\"ltr\">\n<p class=\"bbc-hhl7in e17g058b0\" dir=\"ltr\">No fue hasta hace unos pocos a\u00f1os que en Canad\u00e1 empezaron a salir a la luz las atrocidades cometidas durante d\u00e9cadas contra las naciones originarias.<\/p>\n<\/div>\n<div class=\"bbc-19j92fr ebmt73l0\" dir=\"ltr\">\n<p class=\"bbc-hhl7in e17g058b0\" dir=\"ltr\">Generaciones de ni\u00f1os ind\u00edgenas fueron enviados a internados en los que fueron despojados de su lengua, religi\u00f3n e identidad en lo que la Comisi\u00f3n de la Verdad y la Reconciliaci\u00f3n en su informe de 2015 calific\u00f3 de\u00a0\u201cgenocidio cultural\u201d.<\/p>\n<\/div>\n<div class=\"bbc-19j92fr ebmt73l0\" dir=\"ltr\">\n<p class=\"bbc-hhl7in e17g058b0\" dir=\"ltr\">Entre 1831 y 1996, unos\u00a0150.000 menores fueron sacados de sus hogares e internados\u00a0en 139 de esos centros. Miles de ellos nunca regresaron a sus comunidades de origen.<\/p>\n<\/div>\n<div class=\"bbc-19j92fr ebmt73l0\" dir=\"ltr\">\n<p class=\"bbc-hhl7in e17g058b0\" dir=\"ltr\">\u201cSe los llevaban y no los volv\u00edamos a ver, o regresaban despu\u00e9s de haber sido sometidos a procedimientos, lobotomizados, y se pasaban los siguientes a\u00f1os sentados en el porche, al cuidado de sus familiares\u201d, dice Kahentinetha. \u201cTodos tenemos esos recuerdos imborrables\u201d.<\/p>\n<p dir=\"ltr\">\n<\/div>\n<figure class=\"bbc-1qn0xuy\">\n<div class=\"bbc-18ywsw9\">\n<div style=\"width: 1034px\" class=\"wp-caption alignnone\"><img loading=\"lazy\" decoding=\"async\" class=\"bbc-139onq\" src=\"https:\/\/ichef.bbci.co.uk\/ace\/ws\/640\/cpsprodpb\/46c2\/live\/673df760-a2fb-11ef-a4fe-a3e9a6c5d640.jpg.webp\" alt=\"Un cartel que dice &quot;El colonialismo est\u00e1 prohibido&quot; y trozos de tela de color naranja cuelgan en el sitio del antiguo Hospital Royal Victoria antes de la manifestaci\u00f3n y marcha &quot;Every Child Matters&quot; el 30 de septiembre de 2023 en Montreal, Canad\u00e1. La marcha ten\u00eda como objetivo llamar la atenci\u00f3n sobre las atrocidades que ocurrieron durante la \u00e9poca del sistema de escuelas residenciales. (Photo by ANDREJ IVANOV\/AFP via Getty Images)\" width=\"1024\" height=\"681\" \/><p class=\"wp-caption-text\">Fuente de la imagen,Getty Images.\u00a0\u00a0&#8220;Colonialismo prohibido&#8221;, se lee en una cartel pegado en la valla frente al antiguo Royal Victoria Hospital de Montreal durante una protesta para recordar las atrocidades cometidas durante d\u00e9cadas en Canad\u00e1 contra las naciones originarias.<\/p><\/div>\n<\/div>\n<\/figure>\n<div class=\"bbc-19j92fr ebmt73l0\" dir=\"ltr\">\n<p dir=\"ltr\">\n<p dir=\"ltr\">\n<p class=\"bbc-hhl7in e17g058b0\" dir=\"ltr\">En mayo de 2021, el descubrimiento de\u00a0tumbas an\u00f3nimas de 215 ni\u00f1os en la Escuela Residencial Ind\u00edgena de Kamloops, en British Columbia, dio paso a una reflexi\u00f3n de car\u00e1cter nacional sobre este oscuro cap\u00edtulo de la historia canadiense.<\/p>\n<\/div>\n<div class=\"bbc-19j92fr ebmt73l0\" dir=\"ltr\">\n<p class=\"bbc-hhl7in e17g058b0\" dir=\"ltr\">Y tambi\u00e9n llev\u00f3 a la b\u00fasqueda de m\u00e1s enterramientos de esas caracter\u00edsticas en todo el pa\u00eds.<\/p>\n<\/div>\n<div class=\"bbc-19j92fr ebmt73l0\" dir=\"ltr\">\n<p class=\"bbc-hhl7in e17g058b0\" dir=\"ltr\">\u201cNo se trat\u00f3 solo de internados, sino tambi\u00e9n de\u00a0hospitales, sanatorios, iglesias y orfanatos\u201d, denuncia Kwetiio.<\/p>\n<\/div>\n<div class=\"bbc-19j92fr ebmt73l0\" dir=\"ltr\">\n<p class=\"bbc-hhl7in e17g058b0\" dir=\"ltr\">&#8220;Quisieron exterminarnos&#8221;, a\u00f1ade Kahentinetha. &#8220;Pero seguimos aqu\u00ed, y la verdad tiene que salir a la luz para que no se vuelva a repetir&#8221;.<\/p>\n<\/div>\n","protected":false},"excerpt":{"rendered":"<p>&nbsp; &nbsp; \u201cSe llevaron a nuestros ni\u00f1os y les hicieron de todo; experimentaron con ellos, y no los volvimos a ver\u201d, dice Kahentinetha. MONTREAL.- \u201cAs\u00ed&hellip;<\/p>\n","protected":false},"author":99,"featured_media":526068,"comment_status":"open","ping_status":"open","sticky":false,"template":"","format":"standard","meta":{"footnotes":""},"categories":[21],"tags":[],"class_list":["post-526067","post","type-post","status-publish","format-standard","has-post-thumbnail","hentry","category-canada"],"_links":{"self":[{"href":"https:\/\/diarioelpopular.com\/index.php\/wp-json\/wp\/v2\/posts\/526067","targetHints":{"allow":["GET"]}}],"collection":[{"href":"https:\/\/diarioelpopular.com\/index.php\/wp-json\/wp\/v2\/posts"}],"about":[{"href":"https:\/\/diarioelpopular.com\/index.php\/wp-json\/wp\/v2\/types\/post"}],"author":[{"embeddable":true,"href":"https:\/\/diarioelpopular.com\/index.php\/wp-json\/wp\/v2\/users\/99"}],"replies":[{"embeddable":true,"href":"https:\/\/diarioelpopular.com\/index.php\/wp-json\/wp\/v2\/comments?post=526067"}],"version-history":[{"count":1,"href":"https:\/\/diarioelpopular.com\/index.php\/wp-json\/wp\/v2\/posts\/526067\/revisions"}],"predecessor-version":[{"id":526069,"href":"https:\/\/diarioelpopular.com\/index.php\/wp-json\/wp\/v2\/posts\/526067\/revisions\/526069"}],"wp:featuredmedia":[{"embeddable":true,"href":"https:\/\/diarioelpopular.com\/index.php\/wp-json\/wp\/v2\/media\/526068"}],"wp:attachment":[{"href":"https:\/\/diarioelpopular.com\/index.php\/wp-json\/wp\/v2\/media?parent=526067"}],"wp:term":[{"taxonomy":"category","embeddable":true,"href":"https:\/\/diarioelpopular.com\/index.php\/wp-json\/wp\/v2\/categories?post=526067"},{"taxonomy":"post_tag","embeddable":true,"href":"https:\/\/diarioelpopular.com\/index.php\/wp-json\/wp\/v2\/tags?post=526067"}],"curies":[{"name":"wp","href":"https:\/\/api.w.org\/{rel}","templated":true}]}}